{"id":3298,"date":"2023-03-30T05:46:47","date_gmt":"2023-03-30T04:46:47","guid":{"rendered":"https:\/\/universnews224.com\/?p=3298"},"modified":"2023-03-30T05:46:47","modified_gmt":"2023-03-30T04:46:47","slug":"nzerekore-le-premier-ministre-lance-les-travaux-de-laerodrome-moderne","status":"publish","type":"post","link":"https:\/\/universnews224.com\/index.php\/nzerekore-le-premier-ministre-lance-les-travaux-de-laerodrome-moderne\/","title":{"rendered":"N&rsquo;z\u00e9r\u00e9kor\u00e9, le Premier ministre lance les travaux de l\u2019a\u00e9rodrome moderne"},"content":{"rendered":"<div>\n<p><strong>N&rsquo;z\u00e9r\u00e9kor\u00e9 29 mars 2023- <\/strong>Le Premier Ministre Dr Bernard Goumou a proc\u00e9d\u00e9 ce mercredi dans le district de Konia Aviation \u00e0 15 km de la pr\u00e9fecture de N&rsquo;z\u00e9r\u00e9kor\u00e9, \u00e0 la pose de la premi\u00e8re pri\u00e8re des travaux de reconstruction et de modernisation de l&rsquo;a\u00e9rodrome r\u00e9gional.<\/p>\n<p>En pr\u00e9sence du Chef du Gouvernement et de sa suite, le Gouverneur de la r\u00e9gion au nom des populations s\u2019est exprim\u00e9 en ces termes : <em><b>\u00ab la reconstruction de l\u2019a\u00e9rodrome va faciliter le transport des personnes et de leurs biens \u00bb.<\/b>\u00a0<\/em><\/p>\n<p>Le d\u00e9lai d\u2019ex\u00e9cution est fix\u00e9 \u00e0 12 mois. L\u2019entreprise en charge des travaux rassure par la voix de son Directeur G\u00e9n\u00e9ral qu\u2019elle ne m\u00e9nagera aucun effort pour le respect du d\u00e9lai contractuel avec une garantie de la qualit\u00e9 des travaux.<\/p>\n<p>Pour sa part, le Ministre des Transports F\u00e9lix Lamah rappelle que son d\u00e9partement mettra tout en \u0153uvre pour la viabilisation de ce projet de reconstruction et de modernisation de\u00a0l&rsquo;a\u00e9rodrome de Nz\u00e9r\u00e9kor\u00e9.<\/p>\n<p>Prenant la parole, le Premier Ministre Chef du Gouvernement dira que c&rsquo;est la premi\u00e8re fois que la capitale de la Guin\u00e9e foresti\u00e8re b\u00e9n\u00e9ficie d&rsquo;un a\u00e9rodrome qui r\u00e9pond aux standards internationaux.<\/p>\n<p>Dr Bernard Goumou rench\u00e9rit plus loin : <em><b>\u00ab le pr\u00e9sent projet de reconstruction et de modernisation de l&rsquo;a\u00e9rodrome, va donner\u00a0une nouvelle impulsion au processus de progr\u00e8s \u00e9conomique et social \u00bb.<\/b><\/em><\/p>\n<\/div>\n<p>&nbsp;<\/p>\n<p>&#8212;<br \/>\nPorte-Parolat \/La Cellule de Communication du Gouvernement<\/p>\n","protected":false},"excerpt":{"rendered":"<p>N&rsquo;z\u00e9r\u00e9kor\u00e9 29 mars 2023- Le Premier Ministre Dr Bernard Goumou a proc\u00e9d\u00e9 ce mercredi dans<\/p>\n","protected":false},"author":2,"featured_media":3299,"comment_status":"closed","ping_status":"open","sticky":false,"template":"","format":"standard","meta":[],"categories":[3,4],"tags":[229],"yoast_head":"<!-- This site is optimized with the Yoast SEO plugin v19.13 - https:\/\/yoast.com\/wordpress\/plugins\/seo\/ -->\n<title>N&#039;z\u00e9r\u00e9kor\u00e9, le Premier ministre lance les travaux de l\u2019a\u00e9rodrome moderne - UNIVERSNEWS224<\/title>\n<meta name=\"robots\" content=\"index, follow, max-snippet:-1, max-image-preview:large, max-video-preview:-1\" \/>\n<link rel=\"canonical\" href=\"https:\/\/universnews224.com\/index.php\/nzerekore-le-premier-ministre-lance-les-travaux-de-laerodrome-moderne\/\" \/>\n<meta property=\"og:locale\" content=\"fr_FR\" \/>\n<meta property=\"og:type\" content=\"article\" \/>\n<meta property=\"og:title\" content=\"N&#039;z\u00e9r\u00e9kor\u00e9, le Premier ministre lance les travaux de l\u2019a\u00e9rodrome moderne - UNIVERSNEWS224\" \/>\n<meta property=\"og:description\" content=\"N&rsquo;z\u00e9r\u00e9kor\u00e9 29 mars 2023- Le Premier Ministre Dr Bernard Goumou a proc\u00e9d\u00e9 ce mercredi dans\" \/>\n<meta property=\"og:url\" content=\"https:\/\/universnews224.com\/index.php\/nzerekore-le-premier-ministre-lance-les-travaux-de-laerodrome-moderne\/\" \/>\n<meta property=\"og:site_name\" content=\"UNIVERSNEWS224\" \/>\n<meta property=\"article:published_time\" content=\"2023-03-30T04:46:47+00:00\" \/>\n<meta property=\"og:image\" content=\"https:\/\/universnews224.com\/wp-content\/uploads\/2023\/03\/5F1F7877-32BD-4E76-BABE-72D657085FF4.jpeg\" \/>\n\t<meta property=\"og:image:width\" content=\"1600\" \/>\n\t<meta property=\"og:image:height\" content=\"1066\" \/>\n\t<meta property=\"og:image:type\" content=\"image\/jpeg\" \/>\n<meta name=\"author\" content=\"La R\u00e9daction\" \/>\n<meta name=\"twitter:label1\" content=\"\u00c9crit par\" \/>\n\t<meta name=\"twitter:data1\" content=\"La R\u00e9daction\" \/>\n\t<meta name=\"twitter:label2\" content=\"Dur\u00e9e de lecture estim\u00e9e\" \/>\n\t<meta name=\"twitter:data2\" content=\"2 minutes\" \/>\n<script type=\"application\/ld+json\" class=\"yoast-schema-graph\">{\"@context\":\"https:\/\/schema.org\",\"@graph\":[{\"@type\":\"Article\",\"@id\":\"https:\/\/universnews224.com\/index.php\/nzerekore-le-premier-ministre-lance-les-travaux-de-laerodrome-moderne\/#article\",\"isPartOf\":{\"@id\":\"https:\/\/universnews224.com\/index.php\/nzerekore-le-premier-ministre-lance-les-travaux-de-laerodrome-moderne\/\"},\"author\":{\"name\":\"La R\u00e9daction\",\"@id\":\"https:\/\/universnews224.com\/#\/schema\/person\/a4b7d4f94a4716df60456a491260485e\"},\"headline\":\"N&rsquo;z\u00e9r\u00e9kor\u00e9, le Premier ministre lance les travaux de l\u2019a\u00e9rodrome moderne\",\"datePublished\":\"2023-03-30T04:46:47+00:00\",\"dateModified\":\"2023-03-30T04:46:47+00:00\",\"mainEntityOfPage\":{\"@id\":\"https:\/\/universnews224.com\/index.php\/nzerekore-le-premier-ministre-lance-les-travaux-de-laerodrome-moderne\/\"},\"wordCount\":270,\"publisher\":{\"@id\":\"https:\/\/universnews224.com\/#organization\"},\"keywords\":[\"La une\"],\"articleSection\":[\"ACTU\",\"POLITIQUE\"],\"inLanguage\":\"fr-FR\"},{\"@type\":\"WebPage\",\"@id\":\"https:\/\/universnews224.com\/index.php\/nzerekore-le-premier-ministre-lance-les-travaux-de-laerodrome-moderne\/\",\"url\":\"https:\/\/universnews224.com\/index.php\/nzerekore-le-premier-ministre-lance-les-travaux-de-laerodrome-moderne\/\",\"name\":\"N'z\u00e9r\u00e9kor\u00e9, le Premier ministre lance les travaux de l\u2019a\u00e9rodrome moderne - UNIVERSNEWS224\",\"isPartOf\":{\"@id\":\"https:\/\/universnews224.com\/#website\"},\"datePublished\":\"2023-03-30T04:46:47+00:00\",\"dateModified\":\"2023-03-30T04:46:47+00:00\",\"inLanguage\":\"fr-FR\",\"potentialAction\":[{\"@type\":\"ReadAction\",\"target\":[\"https:\/\/universnews224.com\/index.php\/nzerekore-le-premier-ministre-lance-les-travaux-de-laerodrome-moderne\/\"]}]},{\"@type\":\"WebSite\",\"@id\":\"https:\/\/universnews224.com\/#website\",\"url\":\"https:\/\/universnews224.com\/\",\"name\":\"UNIVERSNEWS224\",\"description\":\"\",\"publisher\":{\"@id\":\"https:\/\/universnews224.com\/#organization\"},\"potentialAction\":[{\"@type\":\"SearchAction\",\"target\":{\"@type\":\"EntryPoint\",\"urlTemplate\":\"https:\/\/universnews224.com\/?s={search_term_string}\"},\"query-input\":\"required name=search_term_string\"}],\"inLanguage\":\"fr-FR\"},{\"@type\":\"Organization\",\"@id\":\"https:\/\/universnews224.com\/#organization\",\"name\":\"UNIVERSNEWS224\",\"url\":\"https:\/\/universnews224.com\/\",\"logo\":{\"@type\":\"ImageObject\",\"inLanguage\":\"fr-FR\",\"@id\":\"https:\/\/universnews224.com\/#\/schema\/logo\/image\/\",\"url\":\"https:\/\/universnews224.com\/wp-content\/uploads\/2022\/08\/cropped-cropped-logoban.jpg\",\"contentUrl\":\"https:\/\/universnews224.com\/wp-content\/uploads\/2022\/08\/cropped-cropped-logoban.jpg\",\"width\":1080,\"height\":138,\"caption\":\"UNIVERSNEWS224\"},\"image\":{\"@id\":\"https:\/\/universnews224.com\/#\/schema\/logo\/image\/\"}},{\"@type\":\"Person\",\"@id\":\"https:\/\/universnews224.com\/#\/schema\/person\/a4b7d4f94a4716df60456a491260485e\",\"name\":\"La R\u00e9daction\",\"image\":{\"@type\":\"ImageObject\",\"inLanguage\":\"fr-FR\",\"@id\":\"https:\/\/universnews224.com\/#\/schema\/person\/image\/\",\"url\":\"https:\/\/secure.gravatar.com\/avatar\/edb90acc7752b23e1b3307ad36c14f0d?s=96&d=mm&r=g\",\"contentUrl\":\"https:\/\/secure.gravatar.com\/avatar\/edb90acc7752b23e1b3307ad36c14f0d?s=96&d=mm&r=g\",\"caption\":\"La R\u00e9daction\"},\"sameAs\":[\"https:\/\/universnews224.com\"],\"url\":\"https:\/\/universnews224.com\/index.php\/author\/m-camara\/\"}]}<\/script>\n<!-- \/ Yoast SEO plugin. -->","yoast_head_json":{"title":"N'z\u00e9r\u00e9kor\u00e9, le Premier ministre lance les travaux de l\u2019a\u00e9rodrome moderne - UNIVERSNEWS224","robots":{"index":"index","follow":"follow","max-snippet":"max-snippet:-1","max-image-preview":"max-image-preview:large","max-video-preview":"max-video-preview:-1"},"canonical":"https:\/\/universnews224.com\/index.php\/nzerekore-le-premier-ministre-lance-les-travaux-de-laerodrome-moderne\/","og_locale":"fr_FR","og_type":"article","og_title":"N'z\u00e9r\u00e9kor\u00e9, le Premier ministre lance les travaux de l\u2019a\u00e9rodrome moderne - UNIVERSNEWS224","og_description":"N&rsquo;z\u00e9r\u00e9kor\u00e9 29 mars 2023- Le Premier Ministre Dr Bernard Goumou a proc\u00e9d\u00e9 ce mercredi dans","og_url":"https:\/\/universnews224.com\/index.php\/nzerekore-le-premier-ministre-lance-les-travaux-de-laerodrome-moderne\/","og_site_name":"UNIVERSNEWS224","article_published_time":"2023-03-30T04:46:47+00:00","og_image":[{"width":1600,"height":1066,"url":"https:\/\/universnews224.com\/wp-content\/uploads\/2023\/03\/5F1F7877-32BD-4E76-BABE-72D657085FF4.jpeg","type":"image\/jpeg"}],"author":"La R\u00e9daction","twitter_misc":{"\u00c9crit par":"La R\u00e9daction","Dur\u00e9e de lecture estim\u00e9e":"2 minutes"},"schema":{"@context":"https:\/\/schema.org","@graph":[{"@type":"Article","@id":"https:\/\/universnews224.com\/index.php\/nzerekore-le-premier-ministre-lance-les-travaux-de-laerodrome-moderne\/#article","isPartOf":{"@id":"https:\/\/universnews224.com\/index.php\/nzerekore-le-premier-ministre-lance-les-travaux-de-laerodrome-moderne\/"},"author":{"name":"La R\u00e9daction","@id":"https:\/\/universnews224.com\/#\/schema\/person\/a4b7d4f94a4716df60456a491260485e"},"headline":"N&rsquo;z\u00e9r\u00e9kor\u00e9, le Premier ministre lance les travaux de l\u2019a\u00e9rodrome moderne","datePublished":"2023-03-30T04:46:47+00:00","dateModified":"2023-03-30T04:46:47+00:00","mainEntityOfPage":{"@id":"https:\/\/universnews224.com\/index.php\/nzerekore-le-premier-ministre-lance-les-travaux-de-laerodrome-moderne\/"},"wordCount":270,"publisher":{"@id":"https:\/\/universnews224.com\/#organization"},"keywords":["La une"],"articleSection":["ACTU","POLITIQUE"],"inLanguage":"fr-FR"},{"@type":"WebPage","@id":"https:\/\/universnews224.com\/index.php\/nzerekore-le-premier-ministre-lance-les-travaux-de-laerodrome-moderne\/","url":"https:\/\/universnews224.com\/index.php\/nzerekore-le-premier-ministre-lance-les-travaux-de-laerodrome-moderne\/","name":"N'z\u00e9r\u00e9kor\u00e9, le Premier ministre lance les travaux de l\u2019a\u00e9rodrome moderne - UNIVERSNEWS224","isPartOf":{"@id":"https:\/\/universnews224.com\/#website"},"datePublished":"2023-03-30T04:46:47+00:00","dateModified":"2023-03-30T04:46:47+00:00","inLanguage":"fr-FR","potentialAction":[{"@type":"ReadAction","target":["https:\/\/universnews224.com\/index.php\/nzerekore-le-premier-ministre-lance-les-travaux-de-laerodrome-moderne\/"]}]},{"@type":"WebSite","@id":"https:\/\/universnews224.com\/#website","url":"https:\/\/universnews224.com\/","name":"UNIVERSNEWS224","description":"","publisher":{"@id":"https:\/\/universnews224.com\/#organization"},"potentialAction":[{"@type":"SearchAction","target":{"@type":"EntryPoint","urlTemplate":"https:\/\/universnews224.com\/?s={search_term_string}"},"query-input":"required name=search_term_string"}],"inLanguage":"fr-FR"},{"@type":"Organization","@id":"https:\/\/universnews224.com\/#organization","name":"UNIVERSNEWS224","url":"https:\/\/universnews224.com\/","logo":{"@type":"ImageObject","inLanguage":"fr-FR","@id":"https:\/\/universnews224.com\/#\/schema\/logo\/image\/","url":"https:\/\/universnews224.com\/wp-content\/uploads\/2022\/08\/cropped-cropped-logoban.jpg","contentUrl":"https:\/\/universnews224.com\/wp-content\/uploads\/2022\/08\/cropped-cropped-logoban.jpg","width":1080,"height":138,"caption":"UNIVERSNEWS224"},"image":{"@id":"https:\/\/universnews224.com\/#\/schema\/logo\/image\/"}},{"@type":"Person","@id":"https:\/\/universnews224.com\/#\/schema\/person\/a4b7d4f94a4716df60456a491260485e","name":"La R\u00e9daction","image":{"@type":"ImageObject","inLanguage":"fr-FR","@id":"https:\/\/universnews224.com\/#\/schema\/person\/image\/","url":"https:\/\/secure.gravatar.com\/avatar\/edb90acc7752b23e1b3307ad36c14f0d?s=96&d=mm&r=g","contentUrl":"https:\/\/secure.gravatar.com\/avatar\/edb90acc7752b23e1b3307ad36c14f0d?s=96&d=mm&r=g","caption":"La R\u00e9daction"},"sameAs":["https:\/\/universnews224.com"],"url":"https:\/\/universnews224.com\/index.php\/author\/m-camara\/"}]}},"_links":{"self":[{"href":"https:\/\/universnews224.com\/index.php\/wp-json\/wp\/v2\/posts\/3298"}],"collection":[{"href":"https:\/\/universnews224.com\/index.php\/wp-json\/wp\/v2\/posts"}],"about":[{"href":"https:\/\/universnews224.com\/index.php\/wp-json\/wp\/v2\/types\/post"}],"author":[{"embeddable":true,"href":"https:\/\/universnews224.com\/index.php\/wp-json\/wp\/v2\/users\/2"}],"replies":[{"embeddable":true,"href":"https:\/\/universnews224.com\/index.php\/wp-json\/wp\/v2\/comments?post=3298"}],"version-history":[{"count":1,"href":"https:\/\/universnews224.com\/index.php\/wp-json\/wp\/v2\/posts\/3298\/revisions"}],"predecessor-version":[{"id":3300,"href":"https:\/\/universnews224.com\/index.php\/wp-json\/wp\/v2\/posts\/3298\/revisions\/3300"}],"wp:featuredmedia":[{"embeddable":true,"href":"https:\/\/universnews224.com\/index.php\/wp-json\/wp\/v2\/media\/3299"}],"wp:attachment":[{"href":"https:\/\/universnews224.com\/index.php\/wp-json\/wp\/v2\/media?parent=3298"}],"wp:term":[{"taxonomy":"category","embeddable":true,"href":"https:\/\/universnews224.com\/index.php\/wp-json\/wp\/v2\/categories?post=3298"},{"taxonomy":"post_tag","embeddable":true,"href":"https:\/\/universnews224.com\/index.php\/wp-json\/wp\/v2\/tags?post=3298"}],"curies":[{"name":"wp","href":"https:\/\/api.w.org\/{rel}","templated":true}]}}