{"id":3310,"date":"2023-04-01T12:33:45","date_gmt":"2023-04-01T11:33:45","guid":{"rendered":"https:\/\/universnews224.com\/?p=3310"},"modified":"2023-04-01T12:33:45","modified_gmt":"2023-04-01T11:33:45","slug":"aboubacar-camara-dg-seg-la-seg-na-pas-de-subventions","status":"publish","type":"post","link":"https:\/\/universnews224.com\/index.php\/aboubacar-camara-dg-seg-la-seg-na-pas-de-subventions\/","title":{"rendered":"Aboubacar Camara, DG SEG: \u00abLa SEG n\u2019a pas de subventions\u00bb"},"content":{"rendered":"<p class=\"p1\"><span class=\"s1\">Dans le but de rendre compte de leurs gestions aux citoyens guin\u00e9ens, les Directeurs des \u00c9tablissements Publics continuent de d\u00e9filer sur le plateau de la RTG pour non seulement, pr\u00e9senter leurs bilans, mais aussi, parler des perspectives de leurs directions. <\/span><\/p>\n<p class=\"p1\"><span class=\"s1\">C\u2019est dans cette optique que le Directeur g\u00e9n\u00e9ral de la Soci\u00e9t\u00e9 des Eaux de Guin\u00e9e (SEG), Aboubacar Camara a \u00e9t\u00e9 re\u00e7u dans l\u2019\u00e9mission \u201cOn fait le point\u00bb, vendredi, 31 mars 2023 sur les ondes de la RTG. <\/span><\/p>\n<p class=\"p1\"><span class=\"s1\">Au cours de cet entretien, le Directeur g\u00e9n\u00e9ral des Eaux de Guin\u00e9e (SEG) est pass\u00e9 en revue les diff\u00e9rents probl\u00e8mes auxquels le secteur des eaux confront\u00e9 en R\u00e9publique Guin\u00e9e. <\/span><\/p>\n<p class=\"p1\"><span class=\"s1\">Selon lui, depuis pr\u00e8s de trois (3) d\u00e9cennies, la SEG n\u2019a pas connu de v\u00e9ritables investissements. <\/span><\/p>\n<p class=\"p1\"><span class=\"s1\">\u00abAu niveau de la SEG, il n y a pas eu d\u2019investissement dans le secteur de l\u2019eau pendant ces 30 derni\u00e8res ann\u00e9es. Il y a un d\u00e9calage \u00e9norme entre le co\u00fbt d\u2019exploitation et le chiffre d\u2019affaires. Chaque mois, pour donner de l\u2019eau \u00e0 la population guin\u00e9enne, la SEG d\u00e9bourse 16 millards de francs guin\u00e9ens. Et chaque deux mois parce la facture est dimensionnelle, chaque deux mois si tous les guin\u00e9ens payent l\u2019eau, la SEG encaisse 4 millards 500 millions. Soit un d\u00e9ficit de 12 millards de francs guin\u00e9ens chaque mois(\u2026) Quand je venais \u00e0 la SEG, on a trouv\u00e9 la soci\u00e9t\u00e9 avec une datte de 272 millards de francs guin\u00e9ens. On a essay\u00e9 de discuter avec nos fournisseurs pour voir dans quelle mesure, on peut r\u00e9duire les dettes. En une ann\u00e9e, on a pu rembourser 98 millards de francs guin\u00e9ens. \u00c0 la SEG, nous fonctionnons sur la base des dettes. La balance commerciale n\u2019est pas \u00e9quilibr\u00e9e, elle d\u00e9ficitaire chaque mois\u00bb, a t-il d\u00e9plor\u00e9 ajoutant que la SEG est l\u2019une des rares soci\u00e9t\u00e9s de service public qui n\u2019a pas de subventions. <\/span><\/p>\n<p class=\"p1\"><span class=\"s1\">\u00abLa SEG n\u2019a pas de subventions. c\u2019est l\u2019une des rares SA (soci\u00e9t\u00e9 anonyme), un secteur aussi n\u00e9vralgique du pays qui n\u2019est pas subventionn\u00e9. Ce que l\u2019\u00c9tat paye, c\u2019est la consommation de l\u2019administration. La SEG \u00e9volue et vit au d\u00e9pend des factures d\u2019eau. Et l\u2019\u00c9tat en 2012 a eu un accord avec la SEG. Il y a eu des probl\u00e8mes \u00e0 Donka o\u00f9 le pr\u00e9sident, le feu G\u00e9n\u00e9ral Lansana Cont\u00e9 a d\u00e9cid\u00e9 qu\u2019il ait un accord entre la SEG et l\u2019\u00c9tat qui faisait que toute l\u2019administration consommait et qu\u2019\u00e0 la fin du mois, il y avait un montant forfaitaire que l\u2019\u00c9tat devrait \u00e0 la SEG. C\u2019\u00e9tait 10 millards de francs guin\u00e9ens qu\u2019ils ont revu \u00e0 la hauteur de 7 millards 500 millions de francs guin\u00e9ens. Cet accord a \u00e9t\u00e9 sign\u00e9 depuis 2012, et nous sommes en 2023, presque 11 ans, le montant est rest\u00e9 intact. Et nous avons toutes les difficult\u00e9s du monde avant de percevoir ses montants. Donc, la SEG n\u2019a pas de subventions, nous roulons avec les recettes de vente d\u2019eau\u00bb, a t-il regrett\u00e9. <\/span><\/p>\n<p class=\"p1\"><span class=\"s1\">Ce qui concerne, son bilan depuis sa nomination \u00e0 la t\u00eate de la Soci\u00e9t\u00e9 des Eaux de Guin\u00e9e, Aboubacar Camara a laiss\u00e9 entendre que d\u00e8s mon arriv\u00e9e, il a fait un \u00e9tat des lieux. <\/span><\/p>\n<p class=\"p1\"><span class=\"s1\">\u00abQuand on a fait l\u2019\u00e9tat des lieux, c\u2019\u00e9tait \u00e0 la occasion d\u2019une journ\u00e9e porte ouverte. On a fait le point. Pourquoi, il n y a pas de l\u2019eau et le peu qu\u2019on a, pourquoi c\u2019est mal g\u00e9r\u00e9? Donc, l\u2019ensemble des travailleurs se sont exprim\u00e9s et par la suite,<span class=\"Apple-converted-space\">\u00a0 <\/span>cela a abouti \u00e0 la mise en place d\u2019un plan de transformation de la soci\u00e9t\u00e9. Il y a une vision qui a \u00e9t\u00e9 d\u00e9clin\u00e9e par la direction g\u00e9n\u00e9rale. On a rencontr\u00e9 des partenaires notamment, l\u2019AFD ( l\u2019agence fran\u00e7aise de d\u00e9veloppement) qui a promis de nous accompagner dans la mise en \u0153uvre du plan de transformation qui s\u2019articulait sur 5 axes strat\u00e9giques. Il y a d\u2019abord ce qu\u2019on appelle l\u2019augmentation de la production de la capacit\u00e9. Il fallait augmenter les vannes d\u2019eau, il fallait g\u00e9rer les risques et il fallait normaliser aussi le r\u00e9seau. Et ces 5 axes ont \u00e9t\u00e9 adopt\u00e9 unanimement par l\u2019ensemble des travailleurs de la SEG\u00bb, a t-il indiqu\u00e9 avant de poursuivre: <\/span><\/p>\n<p class=\"p1\"><span class=\"s1\">\u00abDepuis l\u2019adoption de ces 5 axes strat\u00e9giques, nous avons r\u00e9ussi \u00e0 augmenter la capacit\u00e9 de production. Nous avons finalis\u00e9 les travaux de construction des nouvelles stations dans deux villes depuis l\u2019ind\u00e9pendance n\u2019ont jamais connu de stations d\u2019eau \u00e0 savoir, Yomou et Lola. Et ensuite, nous avons augment\u00e9 la capacit\u00e9 de production de la station de Kankan avec 30 milles m\u00e8tres cube d\u2019eau suppl\u00e9mentaire. Siguiri, c\u2019\u00e9tait une ville qui avait des difficult\u00e9s \u00e0 notre arriv\u00e9e. Un an durant il n y avait pas d\u2019eau, nous avons r\u00e9habilit\u00e9 la station de Suguiri. Kouroussa \u00e9galement avec l\u2019exploitation de l\u2019or et une d\u00e9mographie galopante, nous avons encore construit trois forages industriels qui ont augment\u00e9 la capacit\u00e9 de production. Il y a la ville de L\u00e9louma qui a connu de nouvelles stations d\u2019eau. La ville de Tougu\u00e9 qui n\u2019a jamais connu d\u2019eau, on a construit une nouvelle station d\u2019eau. Pratiquement, il y a eu cinq nouvelles villes qui ont connu des nouvelles infrastructures. Et au niveau de Kankan, de Kouroussa et de Siguiri, nous avons augment\u00e9 la capacit\u00e9 de production. <\/span><\/p>\n<p class=\"p1\"><span class=\"s1\">\u00c0 Conakry, on produit 150 milles m\u00e8tre de cube d\u2019eau, malheureusement, nous perdons les 40% de production. Et nous sommes attaqu\u00e9s \u00e0 la normalisation du r\u00e9seau, c\u2019est-\u00e0-dire on s\u2019est dit qu\u2019on a pas suffisamment d\u2019eau. Il y avait des quartiers qui avaient de l\u2019eau, qui l\u2019ont perdu il y a de cela 10 ans. Nous nous sommes dit qu\u2019en r\u00e9cup\u00e9rant les 30% perdu, cela va augmenter la pression et l\u2019eau ira dans ces m\u00e9nages. Donc, \u00e0 Conakry sur 34% d\u2019eau perdue, on a pu r\u00e9cup\u00e9rer au moins les 21%. Ce qui fait qu\u2019il y a certains quartiers qui n\u2019avaient de l\u2019eau, mais qui commencent \u00e0 en avoir aujourd\u2019hui. Donc, voil\u00e0 de fa\u00e7on globale ce que nous avons fait pour augmenter la d\u00e9serte en eau potable tant \u00e0 Conakry qu\u2019\u00e0 int\u00e9rieur du pays\u00bb, a t-il martel\u00e9. <\/span><\/p>\n<p class=\"p1\"><span class=\"s1\">Camara Mamadouba <\/span><\/p>\n<p class=\"p1\"><span class=\"s1\">611 46 04 10 <\/span><\/p>\n","protected":false},"excerpt":{"rendered":"<p>Dans le but de rendre compte de leurs gestions aux citoyens guin\u00e9ens, les Directeurs des<\/p>\n","protected":false},"author":2,"featured_media":3262,"comment_status":"closed","ping_status":"open","sticky":false,"template":"","format":"standard","meta":[],"categories":[3,5],"tags":[229],"yoast_head":"<!-- This site is optimized with the Yoast SEO plugin v19.13 - https:\/\/yoast.com\/wordpress\/plugins\/seo\/ -->\n<title>Aboubacar Camara, DG SEG: \u00abLa SEG n\u2019a pas de subventions\u00bb - UNIVERSNEWS224<\/title>\n<meta name=\"robots\" content=\"index, follow, max-snippet:-1, max-image-preview:large, max-video-preview:-1\" \/>\n<link rel=\"canonical\" href=\"https:\/\/universnews224.com\/index.php\/aboubacar-camara-dg-seg-la-seg-na-pas-de-subventions\/\" \/>\n<meta property=\"og:locale\" content=\"fr_FR\" \/>\n<meta property=\"og:type\" content=\"article\" \/>\n<meta property=\"og:title\" content=\"Aboubacar Camara, DG SEG: \u00abLa SEG n\u2019a pas de subventions\u00bb - UNIVERSNEWS224\" \/>\n<meta property=\"og:description\" content=\"Dans le but de rendre compte de leurs gestions aux citoyens guin\u00e9ens, les Directeurs des\" \/>\n<meta property=\"og:url\" content=\"https:\/\/universnews224.com\/index.php\/aboubacar-camara-dg-seg-la-seg-na-pas-de-subventions\/\" \/>\n<meta property=\"og:site_name\" content=\"UNIVERSNEWS224\" \/>\n<meta property=\"article:published_time\" content=\"2023-04-01T11:33:45+00:00\" \/>\n<meta property=\"og:image\" content=\"https:\/\/universnews224.com\/wp-content\/uploads\/2023\/03\/F9A6961B-3DAA-4A07-B0C8-D401A1020AB8.jpeg\" \/>\n\t<meta property=\"og:image:width\" content=\"1024\" \/>\n\t<meta property=\"og:image:height\" content=\"576\" \/>\n\t<meta property=\"og:image:type\" content=\"image\/jpeg\" \/>\n<meta name=\"author\" content=\"La R\u00e9daction\" \/>\n<meta name=\"twitter:label1\" content=\"\u00c9crit par\" \/>\n\t<meta name=\"twitter:data1\" content=\"La R\u00e9daction\" \/>\n\t<meta name=\"twitter:label2\" content=\"Dur\u00e9e de lecture estim\u00e9e\" \/>\n\t<meta name=\"twitter:data2\" content=\"6 minutes\" \/>\n<script type=\"application\/ld+json\" class=\"yoast-schema-graph\">{\"@context\":\"https:\/\/schema.org\",\"@graph\":[{\"@type\":\"Article\",\"@id\":\"https:\/\/universnews224.com\/index.php\/aboubacar-camara-dg-seg-la-seg-na-pas-de-subventions\/#article\",\"isPartOf\":{\"@id\":\"https:\/\/universnews224.com\/index.php\/aboubacar-camara-dg-seg-la-seg-na-pas-de-subventions\/\"},\"author\":{\"name\":\"La R\u00e9daction\",\"@id\":\"https:\/\/universnews224.com\/#\/schema\/person\/a4b7d4f94a4716df60456a491260485e\"},\"headline\":\"Aboubacar Camara, DG SEG: \u00abLa SEG n\u2019a pas de subventions\u00bb\",\"datePublished\":\"2023-04-01T11:33:45+00:00\",\"dateModified\":\"2023-04-01T11:33:45+00:00\",\"mainEntityOfPage\":{\"@id\":\"https:\/\/universnews224.com\/index.php\/aboubacar-camara-dg-seg-la-seg-na-pas-de-subventions\/\"},\"wordCount\":1112,\"publisher\":{\"@id\":\"https:\/\/universnews224.com\/#organization\"},\"keywords\":[\"La une\"],\"articleSection\":[\"ACTU\",\"SOCI\u00c9T\u00c9\"],\"inLanguage\":\"fr-FR\"},{\"@type\":\"WebPage\",\"@id\":\"https:\/\/universnews224.com\/index.php\/aboubacar-camara-dg-seg-la-seg-na-pas-de-subventions\/\",\"url\":\"https:\/\/universnews224.com\/index.php\/aboubacar-camara-dg-seg-la-seg-na-pas-de-subventions\/\",\"name\":\"Aboubacar Camara, DG SEG: \u00abLa SEG n\u2019a pas de subventions\u00bb - UNIVERSNEWS224\",\"isPartOf\":{\"@id\":\"https:\/\/universnews224.com\/#website\"},\"datePublished\":\"2023-04-01T11:33:45+00:00\",\"dateModified\":\"2023-04-01T11:33:45+00:00\",\"inLanguage\":\"fr-FR\",\"potentialAction\":[{\"@type\":\"ReadAction\",\"target\":[\"https:\/\/universnews224.com\/index.php\/aboubacar-camara-dg-seg-la-seg-na-pas-de-subventions\/\"]}]},{\"@type\":\"WebSite\",\"@id\":\"https:\/\/universnews224.com\/#website\",\"url\":\"https:\/\/universnews224.com\/\",\"name\":\"UNIVERSNEWS224\",\"description\":\"\",\"publisher\":{\"@id\":\"https:\/\/universnews224.com\/#organization\"},\"potentialAction\":[{\"@type\":\"SearchAction\",\"target\":{\"@type\":\"EntryPoint\",\"urlTemplate\":\"https:\/\/universnews224.com\/?s={search_term_string}\"},\"query-input\":\"required name=search_term_string\"}],\"inLanguage\":\"fr-FR\"},{\"@type\":\"Organization\",\"@id\":\"https:\/\/universnews224.com\/#organization\",\"name\":\"UNIVERSNEWS224\",\"url\":\"https:\/\/universnews224.com\/\",\"logo\":{\"@type\":\"ImageObject\",\"inLanguage\":\"fr-FR\",\"@id\":\"https:\/\/universnews224.com\/#\/schema\/logo\/image\/\",\"url\":\"https:\/\/universnews224.com\/wp-content\/uploads\/2022\/08\/cropped-cropped-logoban.jpg\",\"contentUrl\":\"https:\/\/universnews224.com\/wp-content\/uploads\/2022\/08\/cropped-cropped-logoban.jpg\",\"width\":1080,\"height\":138,\"caption\":\"UNIVERSNEWS224\"},\"image\":{\"@id\":\"https:\/\/universnews224.com\/#\/schema\/logo\/image\/\"}},{\"@type\":\"Person\",\"@id\":\"https:\/\/universnews224.com\/#\/schema\/person\/a4b7d4f94a4716df60456a491260485e\",\"name\":\"La R\u00e9daction\",\"image\":{\"@type\":\"ImageObject\",\"inLanguage\":\"fr-FR\",\"@id\":\"https:\/\/universnews224.com\/#\/schema\/person\/image\/\",\"url\":\"https:\/\/secure.gravatar.com\/avatar\/edb90acc7752b23e1b3307ad36c14f0d?s=96&d=mm&r=g\",\"contentUrl\":\"https:\/\/secure.gravatar.com\/avatar\/edb90acc7752b23e1b3307ad36c14f0d?s=96&d=mm&r=g\",\"caption\":\"La R\u00e9daction\"},\"sameAs\":[\"https:\/\/universnews224.com\"],\"url\":\"https:\/\/universnews224.com\/index.php\/author\/m-camara\/\"}]}<\/script>\n<!-- \/ Yoast SEO plugin. -->","yoast_head_json":{"title":"Aboubacar Camara, DG SEG: \u00abLa SEG n\u2019a pas de subventions\u00bb - UNIVERSNEWS224","robots":{"index":"index","follow":"follow","max-snippet":"max-snippet:-1","max-image-preview":"max-image-preview:large","max-video-preview":"max-video-preview:-1"},"canonical":"https:\/\/universnews224.com\/index.php\/aboubacar-camara-dg-seg-la-seg-na-pas-de-subventions\/","og_locale":"fr_FR","og_type":"article","og_title":"Aboubacar Camara, DG SEG: \u00abLa SEG n\u2019a pas de subventions\u00bb - UNIVERSNEWS224","og_description":"Dans le but de rendre compte de leurs gestions aux citoyens guin\u00e9ens, les Directeurs des","og_url":"https:\/\/universnews224.com\/index.php\/aboubacar-camara-dg-seg-la-seg-na-pas-de-subventions\/","og_site_name":"UNIVERSNEWS224","article_published_time":"2023-04-01T11:33:45+00:00","og_image":[{"width":1024,"height":576,"url":"https:\/\/universnews224.com\/wp-content\/uploads\/2023\/03\/F9A6961B-3DAA-4A07-B0C8-D401A1020AB8.jpeg","type":"image\/jpeg"}],"author":"La R\u00e9daction","twitter_misc":{"\u00c9crit par":"La R\u00e9daction","Dur\u00e9e de lecture estim\u00e9e":"6 minutes"},"schema":{"@context":"https:\/\/schema.org","@graph":[{"@type":"Article","@id":"https:\/\/universnews224.com\/index.php\/aboubacar-camara-dg-seg-la-seg-na-pas-de-subventions\/#article","isPartOf":{"@id":"https:\/\/universnews224.com\/index.php\/aboubacar-camara-dg-seg-la-seg-na-pas-de-subventions\/"},"author":{"name":"La R\u00e9daction","@id":"https:\/\/universnews224.com\/#\/schema\/person\/a4b7d4f94a4716df60456a491260485e"},"headline":"Aboubacar Camara, DG SEG: \u00abLa SEG n\u2019a pas de subventions\u00bb","datePublished":"2023-04-01T11:33:45+00:00","dateModified":"2023-04-01T11:33:45+00:00","mainEntityOfPage":{"@id":"https:\/\/universnews224.com\/index.php\/aboubacar-camara-dg-seg-la-seg-na-pas-de-subventions\/"},"wordCount":1112,"publisher":{"@id":"https:\/\/universnews224.com\/#organization"},"keywords":["La une"],"articleSection":["ACTU","SOCI\u00c9T\u00c9"],"inLanguage":"fr-FR"},{"@type":"WebPage","@id":"https:\/\/universnews224.com\/index.php\/aboubacar-camara-dg-seg-la-seg-na-pas-de-subventions\/","url":"https:\/\/universnews224.com\/index.php\/aboubacar-camara-dg-seg-la-seg-na-pas-de-subventions\/","name":"Aboubacar Camara, DG SEG: \u00abLa SEG n\u2019a pas de subventions\u00bb - UNIVERSNEWS224","isPartOf":{"@id":"https:\/\/universnews224.com\/#website"},"datePublished":"2023-04-01T11:33:45+00:00","dateModified":"2023-04-01T11:33:45+00:00","inLanguage":"fr-FR","potentialAction":[{"@type":"ReadAction","target":["https:\/\/universnews224.com\/index.php\/aboubacar-camara-dg-seg-la-seg-na-pas-de-subventions\/"]}]},{"@type":"WebSite","@id":"https:\/\/universnews224.com\/#website","url":"https:\/\/universnews224.com\/","name":"UNIVERSNEWS224","description":"","publisher":{"@id":"https:\/\/universnews224.com\/#organization"},"potentialAction":[{"@type":"SearchAction","target":{"@type":"EntryPoint","urlTemplate":"https:\/\/universnews224.com\/?s={search_term_string}"},"query-input":"required name=search_term_string"}],"inLanguage":"fr-FR"},{"@type":"Organization","@id":"https:\/\/universnews224.com\/#organization","name":"UNIVERSNEWS224","url":"https:\/\/universnews224.com\/","logo":{"@type":"ImageObject","inLanguage":"fr-FR","@id":"https:\/\/universnews224.com\/#\/schema\/logo\/image\/","url":"https:\/\/universnews224.com\/wp-content\/uploads\/2022\/08\/cropped-cropped-logoban.jpg","contentUrl":"https:\/\/universnews224.com\/wp-content\/uploads\/2022\/08\/cropped-cropped-logoban.jpg","width":1080,"height":138,"caption":"UNIVERSNEWS224"},"image":{"@id":"https:\/\/universnews224.com\/#\/schema\/logo\/image\/"}},{"@type":"Person","@id":"https:\/\/universnews224.com\/#\/schema\/person\/a4b7d4f94a4716df60456a491260485e","name":"La R\u00e9daction","image":{"@type":"ImageObject","inLanguage":"fr-FR","@id":"https:\/\/universnews224.com\/#\/schema\/person\/image\/","url":"https:\/\/secure.gravatar.com\/avatar\/edb90acc7752b23e1b3307ad36c14f0d?s=96&d=mm&r=g","contentUrl":"https:\/\/secure.gravatar.com\/avatar\/edb90acc7752b23e1b3307ad36c14f0d?s=96&d=mm&r=g","caption":"La R\u00e9daction"},"sameAs":["https:\/\/universnews224.com"],"url":"https:\/\/universnews224.com\/index.php\/author\/m-camara\/"}]}},"_links":{"self":[{"href":"https:\/\/universnews224.com\/index.php\/wp-json\/wp\/v2\/posts\/3310"}],"collection":[{"href":"https:\/\/universnews224.com\/index.php\/wp-json\/wp\/v2\/posts"}],"about":[{"href":"https:\/\/universnews224.com\/index.php\/wp-json\/wp\/v2\/types\/post"}],"author":[{"embeddable":true,"href":"https:\/\/universnews224.com\/index.php\/wp-json\/wp\/v2\/users\/2"}],"replies":[{"embeddable":true,"href":"https:\/\/universnews224.com\/index.php\/wp-json\/wp\/v2\/comments?post=3310"}],"version-history":[{"count":1,"href":"https:\/\/universnews224.com\/index.php\/wp-json\/wp\/v2\/posts\/3310\/revisions"}],"predecessor-version":[{"id":3311,"href":"https:\/\/universnews224.com\/index.php\/wp-json\/wp\/v2\/posts\/3310\/revisions\/3311"}],"wp:featuredmedia":[{"embeddable":true,"href":"https:\/\/universnews224.com\/index.php\/wp-json\/wp\/v2\/media\/3262"}],"wp:attachment":[{"href":"https:\/\/universnews224.com\/index.php\/wp-json\/wp\/v2\/media?parent=3310"}],"wp:term":[{"taxonomy":"category","embeddable":true,"href":"https:\/\/universnews224.com\/index.php\/wp-json\/wp\/v2\/categories?post=3310"},{"taxonomy":"post_tag","embeddable":true,"href":"https:\/\/universnews224.com\/index.php\/wp-json\/wp\/v2\/tags?post=3310"}],"curies":[{"name":"wp","href":"https:\/\/api.w.org\/{rel}","templated":true}]}}