{"id":3321,"date":"2023-04-06T10:28:04","date_gmt":"2023-04-06T09:28:04","guid":{"rendered":"https:\/\/universnews224.com\/?p=3321"},"modified":"2023-04-06T10:28:04","modified_gmt":"2023-04-06T09:28:04","slug":"sport-vers-organisation-dun-dernier-combat-de-boxe-a-conakry-pour-le-jeune-mamoudou-axel-keita","status":"publish","type":"post","link":"https:\/\/universnews224.com\/index.php\/sport-vers-organisation-dun-dernier-combat-de-boxe-a-conakry-pour-le-jeune-mamoudou-axel-keita\/","title":{"rendered":"Sport : vers organisation d&rsquo;un dernier combat de boxe \u00e0 Conakry pour le jeune Mamoudou Axel Ke\u00efta"},"content":{"rendered":"<p>Apr\u00e8s avoir entr\u00e9 au bercail, le jeune boxeur champion du monde champion d&rsquo;Europe Mamoudou Axel Ke\u00efta en collaboration avec la structure kadiak communication a organis\u00e9 ce mercredi 05 avril 2023, \u00e0 Conakry une conf\u00e9rence de presse pour pr\u00e9senter les diff\u00e9rentes troph\u00e9es et annonc\u00e9 l&rsquo;organisation d&rsquo;une derni\u00e8re comp\u00e9tition de combat pour le boxeur guin\u00e9en Mamoudou Axel Ke\u00efta pr\u00e9vu le 21 octobre 2023 au stade du 28 septembre enfin de mettre fin \u00e0 sa carri\u00e8re sportif.<\/p>\n<p>C&rsquo;est dans une ambiance conviviale et de joie pour le champion du monde tha\u00eflandais , double champion international ISKA K1, a fait savoir au m\u00e9dias aujourd&rsquo;hui qu&rsquo;il est bel et bien rentr\u00e9 dans son pays natal, la R\u00e9publique de Guin\u00e9e.<\/p>\n<p>Une mani\u00e8re pour lui, d&rsquo;exprimer sa reconnaissance \u00e0 l&rsquo;endroit de son pays qui lui a vu na\u00eetre et grandir.<br \/>\nAccompagner de son manager, et aussi la structure organisatrice kadiak communication, le sportif Axel Keita a sollicit\u00e9 le soutien ind\u00e9fectible de tous les guin\u00e9ens afin de lui permettre de r\u00e9aliser ses r\u00eaves. C&rsquo;est \u00e0 dire, mettre un termes \u00e0 sa carri\u00e8re de boxeur en Guin\u00e9e avant d&rsquo;entamer d&rsquo;autres projets en faveur des jeunes \u00e9voluant dans mieux de boxe, une mani\u00e8re de tendre la main au jeune pour le progr\u00e8s de la discipline dans notre pays.<\/p>\n<p>Voici donc sa biographie sommaire et son palmar\u00e8s dans le sport de boxe :<br \/>\nMamoudou Axel Keita, double Champion du Monde en Boxe Tha\u00ef,<br \/>\ndouble Champion Intercontinental ISKA KI, double champion d&rsquo;Europe, est n\u00e9 le 26 f\u00e9vrier 1984 \u00e0 Conakry, R\u00e9publique de Guin\u00e9e.<br \/>\nIl a pass\u00e9 une partie de son enfance dans la commune de Ratoma. A la<br \/>\nfin des ann\u00e9es 1990, il migre vers l&rsquo;Europe. D&rsquo;abord en France, puis au<br \/>\nPays-Bas o\u00f9 il a pass\u00e9 d&rsquo;agr\u00e9ables moments avant de s&rsquo;installer finalement en Belgique. C&rsquo;est au Pays-Bas qu&rsquo;il a d\u00e9couvert cette discipline qu&rsquo;il pratiqua avec beaucoup de plaisir et d&rsquo;assiduit\u00e9 avant de devenir boxeur professionnel \u00e0 partir de 2007.<br \/>\nNombre de combat: 108;<br \/>\nVictoire:72 ;<br \/>\nD\u00e9faite :31;<br \/>\nVictoire par Ko: 44;<br \/>\nMatchs nuls:5;<br \/>\nPalmar\u00e8s<br \/>\n2022 : Champion intercontinental ISKA;<br \/>\n2021: Champion intercontinental ISKA;<br \/>\n2020 : Champion du monde ISKA poids lourd; 2018 : Champion du monde ISKA mi-lourd; 2015: Vice-Champion du monde YPENBURG; 2010 : Champion d&rsquo;Europe WFCA; 2009: Champion d&rsquo;Europe WFCA; 2008 : Champion de Benelux; 2007: Champion de la Hollande.<br \/>\nA noter que Mamoudou Axel Ke\u00efta est sp\u00e9cialiste en boxe tha\u00eflandaise.<\/p>\n<p>Sana Sylla.<\/p>\n","protected":false},"excerpt":{"rendered":"<p>Apr\u00e8s avoir entr\u00e9 au bercail, le jeune boxeur champion du monde champion d&rsquo;Europe Mamoudou Axel<\/p>\n","protected":false},"author":2,"featured_media":3322,"comment_status":"closed","ping_status":"open","sticky":false,"template":"","format":"standard","meta":[],"categories":[3,9],"tags":[229],"yoast_head":"<!-- This site is optimized with the Yoast SEO plugin v19.13 - https:\/\/yoast.com\/wordpress\/plugins\/seo\/ -->\n<title>Sport : vers organisation d&#039;un dernier combat de boxe \u00e0 Conakry pour le jeune Mamoudou Axel Ke\u00efta - UNIVERSNEWS224<\/title>\n<meta name=\"robots\" content=\"index, follow, max-snippet:-1, max-image-preview:large, max-video-preview:-1\" \/>\n<link rel=\"canonical\" href=\"https:\/\/universnews224.com\/index.php\/sport-vers-organisation-dun-dernier-combat-de-boxe-a-conakry-pour-le-jeune-mamoudou-axel-keita\/\" \/>\n<meta property=\"og:locale\" content=\"fr_FR\" \/>\n<meta property=\"og:type\" content=\"article\" \/>\n<meta property=\"og:title\" content=\"Sport : vers organisation d&#039;un dernier combat de boxe \u00e0 Conakry pour le jeune Mamoudou Axel Ke\u00efta - UNIVERSNEWS224\" \/>\n<meta property=\"og:description\" content=\"Apr\u00e8s avoir entr\u00e9 au bercail, le jeune boxeur champion du monde champion d&rsquo;Europe Mamoudou Axel\" \/>\n<meta property=\"og:url\" content=\"https:\/\/universnews224.com\/index.php\/sport-vers-organisation-dun-dernier-combat-de-boxe-a-conakry-pour-le-jeune-mamoudou-axel-keita\/\" \/>\n<meta property=\"og:site_name\" content=\"UNIVERSNEWS224\" \/>\n<meta property=\"article:published_time\" content=\"2023-04-06T09:28:04+00:00\" \/>\n<meta property=\"og:image\" content=\"https:\/\/universnews224.com\/wp-content\/uploads\/2023\/04\/8A3E9B06-6A04-4FE8-9FC1-92965C7C9B9C.jpeg\" \/>\n\t<meta property=\"og:image:width\" content=\"1080\" \/>\n\t<meta property=\"og:image:height\" content=\"613\" \/>\n\t<meta property=\"og:image:type\" content=\"image\/jpeg\" \/>\n<meta name=\"author\" content=\"La R\u00e9daction\" \/>\n<meta name=\"twitter:label1\" content=\"\u00c9crit par\" \/>\n\t<meta name=\"twitter:data1\" content=\"La R\u00e9daction\" \/>\n\t<meta name=\"twitter:label2\" content=\"Dur\u00e9e de lecture estim\u00e9e\" \/>\n\t<meta name=\"twitter:data2\" content=\"2 minutes\" \/>\n<script type=\"application\/ld+json\" class=\"yoast-schema-graph\">{\"@context\":\"https:\/\/schema.org\",\"@graph\":[{\"@type\":\"Article\",\"@id\":\"https:\/\/universnews224.com\/index.php\/sport-vers-organisation-dun-dernier-combat-de-boxe-a-conakry-pour-le-jeune-mamoudou-axel-keita\/#article\",\"isPartOf\":{\"@id\":\"https:\/\/universnews224.com\/index.php\/sport-vers-organisation-dun-dernier-combat-de-boxe-a-conakry-pour-le-jeune-mamoudou-axel-keita\/\"},\"author\":{\"name\":\"La R\u00e9daction\",\"@id\":\"https:\/\/universnews224.com\/#\/schema\/person\/a4b7d4f94a4716df60456a491260485e\"},\"headline\":\"Sport : vers organisation d&rsquo;un dernier combat de boxe \u00e0 Conakry pour le jeune Mamoudou Axel Ke\u00efta\",\"datePublished\":\"2023-04-06T09:28:04+00:00\",\"dateModified\":\"2023-04-06T09:28:04+00:00\",\"mainEntityOfPage\":{\"@id\":\"https:\/\/universnews224.com\/index.php\/sport-vers-organisation-dun-dernier-combat-de-boxe-a-conakry-pour-le-jeune-mamoudou-axel-keita\/\"},\"wordCount\":411,\"publisher\":{\"@id\":\"https:\/\/universnews224.com\/#organization\"},\"keywords\":[\"La une\"],\"articleSection\":[\"ACTU\",\"SPORT\"],\"inLanguage\":\"fr-FR\"},{\"@type\":\"WebPage\",\"@id\":\"https:\/\/universnews224.com\/index.php\/sport-vers-organisation-dun-dernier-combat-de-boxe-a-conakry-pour-le-jeune-mamoudou-axel-keita\/\",\"url\":\"https:\/\/universnews224.com\/index.php\/sport-vers-organisation-dun-dernier-combat-de-boxe-a-conakry-pour-le-jeune-mamoudou-axel-keita\/\",\"name\":\"Sport : vers organisation d'un dernier combat de boxe \u00e0 Conakry pour le jeune Mamoudou Axel Ke\u00efta - UNIVERSNEWS224\",\"isPartOf\":{\"@id\":\"https:\/\/universnews224.com\/#website\"},\"datePublished\":\"2023-04-06T09:28:04+00:00\",\"dateModified\":\"2023-04-06T09:28:04+00:00\",\"inLanguage\":\"fr-FR\",\"potentialAction\":[{\"@type\":\"ReadAction\",\"target\":[\"https:\/\/universnews224.com\/index.php\/sport-vers-organisation-dun-dernier-combat-de-boxe-a-conakry-pour-le-jeune-mamoudou-axel-keita\/\"]}]},{\"@type\":\"WebSite\",\"@id\":\"https:\/\/universnews224.com\/#website\",\"url\":\"https:\/\/universnews224.com\/\",\"name\":\"UNIVERSNEWS224\",\"description\":\"\",\"publisher\":{\"@id\":\"https:\/\/universnews224.com\/#organization\"},\"potentialAction\":[{\"@type\":\"SearchAction\",\"target\":{\"@type\":\"EntryPoint\",\"urlTemplate\":\"https:\/\/universnews224.com\/?s={search_term_string}\"},\"query-input\":\"required name=search_term_string\"}],\"inLanguage\":\"fr-FR\"},{\"@type\":\"Organization\",\"@id\":\"https:\/\/universnews224.com\/#organization\",\"name\":\"UNIVERSNEWS224\",\"url\":\"https:\/\/universnews224.com\/\",\"logo\":{\"@type\":\"ImageObject\",\"inLanguage\":\"fr-FR\",\"@id\":\"https:\/\/universnews224.com\/#\/schema\/logo\/image\/\",\"url\":\"https:\/\/universnews224.com\/wp-content\/uploads\/2022\/08\/cropped-cropped-logoban.jpg\",\"contentUrl\":\"https:\/\/universnews224.com\/wp-content\/uploads\/2022\/08\/cropped-cropped-logoban.jpg\",\"width\":1080,\"height\":138,\"caption\":\"UNIVERSNEWS224\"},\"image\":{\"@id\":\"https:\/\/universnews224.com\/#\/schema\/logo\/image\/\"}},{\"@type\":\"Person\",\"@id\":\"https:\/\/universnews224.com\/#\/schema\/person\/a4b7d4f94a4716df60456a491260485e\",\"name\":\"La R\u00e9daction\",\"image\":{\"@type\":\"ImageObject\",\"inLanguage\":\"fr-FR\",\"@id\":\"https:\/\/universnews224.com\/#\/schema\/person\/image\/\",\"url\":\"https:\/\/secure.gravatar.com\/avatar\/edb90acc7752b23e1b3307ad36c14f0d?s=96&d=mm&r=g\",\"contentUrl\":\"https:\/\/secure.gravatar.com\/avatar\/edb90acc7752b23e1b3307ad36c14f0d?s=96&d=mm&r=g\",\"caption\":\"La R\u00e9daction\"},\"sameAs\":[\"https:\/\/universnews224.com\"],\"url\":\"https:\/\/universnews224.com\/index.php\/author\/m-camara\/\"}]}<\/script>\n<!-- \/ Yoast SEO plugin. -->","yoast_head_json":{"title":"Sport : vers organisation d'un dernier combat de boxe \u00e0 Conakry pour le jeune Mamoudou Axel Ke\u00efta - UNIVERSNEWS224","robots":{"index":"index","follow":"follow","max-snippet":"max-snippet:-1","max-image-preview":"max-image-preview:large","max-video-preview":"max-video-preview:-1"},"canonical":"https:\/\/universnews224.com\/index.php\/sport-vers-organisation-dun-dernier-combat-de-boxe-a-conakry-pour-le-jeune-mamoudou-axel-keita\/","og_locale":"fr_FR","og_type":"article","og_title":"Sport : vers organisation d'un dernier combat de boxe \u00e0 Conakry pour le jeune Mamoudou Axel Ke\u00efta - UNIVERSNEWS224","og_description":"Apr\u00e8s avoir entr\u00e9 au bercail, le jeune boxeur champion du monde champion d&rsquo;Europe Mamoudou Axel","og_url":"https:\/\/universnews224.com\/index.php\/sport-vers-organisation-dun-dernier-combat-de-boxe-a-conakry-pour-le-jeune-mamoudou-axel-keita\/","og_site_name":"UNIVERSNEWS224","article_published_time":"2023-04-06T09:28:04+00:00","og_image":[{"width":1080,"height":613,"url":"https:\/\/universnews224.com\/wp-content\/uploads\/2023\/04\/8A3E9B06-6A04-4FE8-9FC1-92965C7C9B9C.jpeg","type":"image\/jpeg"}],"author":"La R\u00e9daction","twitter_misc":{"\u00c9crit par":"La R\u00e9daction","Dur\u00e9e de lecture estim\u00e9e":"2 minutes"},"schema":{"@context":"https:\/\/schema.org","@graph":[{"@type":"Article","@id":"https:\/\/universnews224.com\/index.php\/sport-vers-organisation-dun-dernier-combat-de-boxe-a-conakry-pour-le-jeune-mamoudou-axel-keita\/#article","isPartOf":{"@id":"https:\/\/universnews224.com\/index.php\/sport-vers-organisation-dun-dernier-combat-de-boxe-a-conakry-pour-le-jeune-mamoudou-axel-keita\/"},"author":{"name":"La R\u00e9daction","@id":"https:\/\/universnews224.com\/#\/schema\/person\/a4b7d4f94a4716df60456a491260485e"},"headline":"Sport : vers organisation d&rsquo;un dernier combat de boxe \u00e0 Conakry pour le jeune Mamoudou Axel Ke\u00efta","datePublished":"2023-04-06T09:28:04+00:00","dateModified":"2023-04-06T09:28:04+00:00","mainEntityOfPage":{"@id":"https:\/\/universnews224.com\/index.php\/sport-vers-organisation-dun-dernier-combat-de-boxe-a-conakry-pour-le-jeune-mamoudou-axel-keita\/"},"wordCount":411,"publisher":{"@id":"https:\/\/universnews224.com\/#organization"},"keywords":["La une"],"articleSection":["ACTU","SPORT"],"inLanguage":"fr-FR"},{"@type":"WebPage","@id":"https:\/\/universnews224.com\/index.php\/sport-vers-organisation-dun-dernier-combat-de-boxe-a-conakry-pour-le-jeune-mamoudou-axel-keita\/","url":"https:\/\/universnews224.com\/index.php\/sport-vers-organisation-dun-dernier-combat-de-boxe-a-conakry-pour-le-jeune-mamoudou-axel-keita\/","name":"Sport : vers organisation d'un dernier combat de boxe \u00e0 Conakry pour le jeune Mamoudou Axel Ke\u00efta - UNIVERSNEWS224","isPartOf":{"@id":"https:\/\/universnews224.com\/#website"},"datePublished":"2023-04-06T09:28:04+00:00","dateModified":"2023-04-06T09:28:04+00:00","inLanguage":"fr-FR","potentialAction":[{"@type":"ReadAction","target":["https:\/\/universnews224.com\/index.php\/sport-vers-organisation-dun-dernier-combat-de-boxe-a-conakry-pour-le-jeune-mamoudou-axel-keita\/"]}]},{"@type":"WebSite","@id":"https:\/\/universnews224.com\/#website","url":"https:\/\/universnews224.com\/","name":"UNIVERSNEWS224","description":"","publisher":{"@id":"https:\/\/universnews224.com\/#organization"},"potentialAction":[{"@type":"SearchAction","target":{"@type":"EntryPoint","urlTemplate":"https:\/\/universnews224.com\/?s={search_term_string}"},"query-input":"required name=search_term_string"}],"inLanguage":"fr-FR"},{"@type":"Organization","@id":"https:\/\/universnews224.com\/#organization","name":"UNIVERSNEWS224","url":"https:\/\/universnews224.com\/","logo":{"@type":"ImageObject","inLanguage":"fr-FR","@id":"https:\/\/universnews224.com\/#\/schema\/logo\/image\/","url":"https:\/\/universnews224.com\/wp-content\/uploads\/2022\/08\/cropped-cropped-logoban.jpg","contentUrl":"https:\/\/universnews224.com\/wp-content\/uploads\/2022\/08\/cropped-cropped-logoban.jpg","width":1080,"height":138,"caption":"UNIVERSNEWS224"},"image":{"@id":"https:\/\/universnews224.com\/#\/schema\/logo\/image\/"}},{"@type":"Person","@id":"https:\/\/universnews224.com\/#\/schema\/person\/a4b7d4f94a4716df60456a491260485e","name":"La R\u00e9daction","image":{"@type":"ImageObject","inLanguage":"fr-FR","@id":"https:\/\/universnews224.com\/#\/schema\/person\/image\/","url":"https:\/\/secure.gravatar.com\/avatar\/edb90acc7752b23e1b3307ad36c14f0d?s=96&d=mm&r=g","contentUrl":"https:\/\/secure.gravatar.com\/avatar\/edb90acc7752b23e1b3307ad36c14f0d?s=96&d=mm&r=g","caption":"La R\u00e9daction"},"sameAs":["https:\/\/universnews224.com"],"url":"https:\/\/universnews224.com\/index.php\/author\/m-camara\/"}]}},"_links":{"self":[{"href":"https:\/\/universnews224.com\/index.php\/wp-json\/wp\/v2\/posts\/3321"}],"collection":[{"href":"https:\/\/universnews224.com\/index.php\/wp-json\/wp\/v2\/posts"}],"about":[{"href":"https:\/\/universnews224.com\/index.php\/wp-json\/wp\/v2\/types\/post"}],"author":[{"embeddable":true,"href":"https:\/\/universnews224.com\/index.php\/wp-json\/wp\/v2\/users\/2"}],"replies":[{"embeddable":true,"href":"https:\/\/universnews224.com\/index.php\/wp-json\/wp\/v2\/comments?post=3321"}],"version-history":[{"count":1,"href":"https:\/\/universnews224.com\/index.php\/wp-json\/wp\/v2\/posts\/3321\/revisions"}],"predecessor-version":[{"id":3323,"href":"https:\/\/universnews224.com\/index.php\/wp-json\/wp\/v2\/posts\/3321\/revisions\/3323"}],"wp:featuredmedia":[{"embeddable":true,"href":"https:\/\/universnews224.com\/index.php\/wp-json\/wp\/v2\/media\/3322"}],"wp:attachment":[{"href":"https:\/\/universnews224.com\/index.php\/wp-json\/wp\/v2\/media?parent=3321"}],"wp:term":[{"taxonomy":"category","embeddable":true,"href":"https:\/\/universnews224.com\/index.php\/wp-json\/wp\/v2\/categories?post=3321"},{"taxonomy":"post_tag","embeddable":true,"href":"https:\/\/universnews224.com\/index.php\/wp-json\/wp\/v2\/tags?post=3321"}],"curies":[{"name":"wp","href":"https:\/\/api.w.org\/{rel}","templated":true}]}}