{"id":3324,"date":"2023-04-06T13:56:22","date_gmt":"2023-04-06T12:56:22","guid":{"rendered":"https:\/\/universnews224.com\/?p=3324"},"modified":"2023-04-06T13:56:22","modified_gmt":"2023-04-06T12:56:22","slug":"drame-a-kaloum-le-proprietaire-de-limmeuble-donne-sa-version-des-faits","status":"publish","type":"post","link":"https:\/\/universnews224.com\/index.php\/drame-a-kaloum-le-proprietaire-de-limmeuble-donne-sa-version-des-faits\/","title":{"rendered":"Drame \u00e0 Kaloum: le propri\u00e9taire de l\u2019immeuble donne sa version des faits."},"content":{"rendered":"<p class=\"p1\"><span class=\"s1\">Le quartier Sandervallia dans la commune de Kaloum \u00e9tait en \u00e9bullition depuis le d\u00e9c\u00e8s d\u2019un jeune d\u2019une trentaine d\u2019ann\u00e9es qui aurait \u00e9t\u00e9 d\u00e9fenestr\u00e9 du cinqui\u00e8me \u00e9tage d\u2019un immeuble R+7, appartenant \u00e0 un libanais. <\/span><\/p>\n<p class=\"p1\"><span class=\"s1\">Un drame a provoqu\u00e9 la col\u00e8re des jeunes du quartier qui se sont pris \u00e0 l\u2019immeuble o\u00f9 l\u2019incident s\u2019est produit. <\/span><\/p>\n<p class=\"p1\"><span class=\"s1\">Dans un extrait publi\u00e9 par confr\u00e8res de la radio Espace Fm dans l\u2019\u00e9mission, les \u201cGG\u00a0\u00bb, de jeudi, 7 avril 2023, le propri\u00e9taire de l\u2019immeuble brise le silence. <\/span><\/p>\n<p class=\"p1\"><span class=\"s1\">\u00abCe matin, mon neveu qui loge au 5\u00e8me \u00e9tage de mon immeuble \u00e0 Sandervallia a surpris son employ\u00e9 entrain de voler dans la caisse.<\/span><\/p>\n<p class=\"p1\"><span class=\"s1\">Mon neveu commence \u00e0 appeler la police, l\u2019employ\u00e9 panique et essaye de sortir par la fen\u00eatre gr\u00e2ce aux climatiseurs qui sont sous les fen\u00eatres. Un des climatiseurs sur lequel il est mont\u00e9 a l\u00e2ch\u00e9 parce que son support \u00e9tait pourri et il est tomb\u00e9 avec le climatiseur et il a trouv\u00e9 la mort.Suite \u00e0 son d\u00e9c\u00e8s, dans le quartier, les jeunes se sont soulev\u00e9s et ont vandalis\u00e9 l\u2019immeuble. Et essay\u00e9 d\u2019agresser physiquement mon fr\u00e8re et ma famille qui se trouvent \u00e0 Sandervallia. Apr\u00e8s ils se sont \u00e9galement attaqu\u00e9s \u00e0 mon immeuble et mon si\u00e8ge de la SOCAGUI sur la Corniche Dixinn. <\/span><\/p>\n<p class=\"p1\"><span class=\"s1\">Depuis ce matin nous vivons sous cette menace. La gendarmerie et la police luttent contre ces jeunes qui menacent de mettre\u00a0 le feu apr\u00e8s la rupture du ramadan.<\/span><\/p>\n<p class=\"p1\"><span class=\"s1\">Je tiens donc \u00e0 vous dire que c\u2019est un vol qui a tourn\u00e9 au drame parce que le gars voulait s\u2019\u00e9chapper par la fen\u00eatre et en passant sur les climatiseurs alors que c\u2019est impossible. Il y a beaucoup de versions mais toutes tendent \u00e0 faire du mal aucune ne cherche \u00e0 ressortir la v\u00e9rit\u00e9 et la qui\u00e9tude\u00bb, a t-il expliqu\u00e9. <\/span><\/p>\n<p class=\"p1\"><span class=\"s1\">Camara Mamadouba <\/span><\/p>\n<p class=\"p1\"><span class=\"s1\">611 46 04 10 <\/span><\/p>\n","protected":false},"excerpt":{"rendered":"<p>Le quartier Sandervallia dans la commune de Kaloum \u00e9tait en \u00e9bullition depuis le d\u00e9c\u00e8s d\u2019un<\/p>\n","protected":false},"author":2,"featured_media":3325,"comment_status":"closed","ping_status":"open","sticky":false,"template":"","format":"standard","meta":[],"categories":[3,5],"tags":[229],"yoast_head":"<!-- This site is optimized with the Yoast SEO plugin v19.13 - https:\/\/yoast.com\/wordpress\/plugins\/seo\/ -->\n<title>Drame \u00e0 Kaloum: le propri\u00e9taire de l\u2019immeuble donne sa version des faits. - UNIVERSNEWS224<\/title>\n<meta name=\"robots\" content=\"index, follow, max-snippet:-1, max-image-preview:large, max-video-preview:-1\" \/>\n<link rel=\"canonical\" href=\"https:\/\/universnews224.com\/index.php\/drame-a-kaloum-le-proprietaire-de-limmeuble-donne-sa-version-des-faits\/\" \/>\n<meta property=\"og:locale\" content=\"fr_FR\" \/>\n<meta property=\"og:type\" content=\"article\" \/>\n<meta property=\"og:title\" content=\"Drame \u00e0 Kaloum: le propri\u00e9taire de l\u2019immeuble donne sa version des faits. - UNIVERSNEWS224\" \/>\n<meta property=\"og:description\" content=\"Le quartier Sandervallia dans la commune de Kaloum \u00e9tait en \u00e9bullition depuis le d\u00e9c\u00e8s d\u2019un\" \/>\n<meta property=\"og:url\" content=\"https:\/\/universnews224.com\/index.php\/drame-a-kaloum-le-proprietaire-de-limmeuble-donne-sa-version-des-faits\/\" \/>\n<meta property=\"og:site_name\" content=\"UNIVERSNEWS224\" \/>\n<meta property=\"article:published_time\" content=\"2023-04-06T12:56:22+00:00\" \/>\n<meta property=\"og:image\" content=\"https:\/\/universnews224.com\/wp-content\/uploads\/2023\/04\/AF8F0018-B4F7-4A65-9725-CBEE8BAE92AE.png\" \/>\n\t<meta property=\"og:image:width\" content=\"384\" \/>\n\t<meta property=\"og:image:height\" content=\"168\" \/>\n\t<meta property=\"og:image:type\" content=\"image\/png\" \/>\n<meta name=\"author\" content=\"La R\u00e9daction\" \/>\n<meta name=\"twitter:label1\" content=\"\u00c9crit par\" \/>\n\t<meta name=\"twitter:data1\" content=\"La R\u00e9daction\" \/>\n\t<meta name=\"twitter:label2\" content=\"Dur\u00e9e de lecture estim\u00e9e\" \/>\n\t<meta name=\"twitter:data2\" content=\"2 minutes\" \/>\n<script type=\"application\/ld+json\" class=\"yoast-schema-graph\">{\"@context\":\"https:\/\/schema.org\",\"@graph\":[{\"@type\":\"Article\",\"@id\":\"https:\/\/universnews224.com\/index.php\/drame-a-kaloum-le-proprietaire-de-limmeuble-donne-sa-version-des-faits\/#article\",\"isPartOf\":{\"@id\":\"https:\/\/universnews224.com\/index.php\/drame-a-kaloum-le-proprietaire-de-limmeuble-donne-sa-version-des-faits\/\"},\"author\":{\"name\":\"La R\u00e9daction\",\"@id\":\"https:\/\/universnews224.com\/#\/schema\/person\/a4b7d4f94a4716df60456a491260485e\"},\"headline\":\"Drame \u00e0 Kaloum: le propri\u00e9taire de l\u2019immeuble donne sa version des faits.\",\"datePublished\":\"2023-04-06T12:56:22+00:00\",\"dateModified\":\"2023-04-06T12:56:22+00:00\",\"mainEntityOfPage\":{\"@id\":\"https:\/\/universnews224.com\/index.php\/drame-a-kaloum-le-proprietaire-de-limmeuble-donne-sa-version-des-faits\/\"},\"wordCount\":335,\"publisher\":{\"@id\":\"https:\/\/universnews224.com\/#organization\"},\"keywords\":[\"La une\"],\"articleSection\":[\"ACTU\",\"SOCI\u00c9T\u00c9\"],\"inLanguage\":\"fr-FR\"},{\"@type\":\"WebPage\",\"@id\":\"https:\/\/universnews224.com\/index.php\/drame-a-kaloum-le-proprietaire-de-limmeuble-donne-sa-version-des-faits\/\",\"url\":\"https:\/\/universnews224.com\/index.php\/drame-a-kaloum-le-proprietaire-de-limmeuble-donne-sa-version-des-faits\/\",\"name\":\"Drame \u00e0 Kaloum: le propri\u00e9taire de l\u2019immeuble donne sa version des faits. - UNIVERSNEWS224\",\"isPartOf\":{\"@id\":\"https:\/\/universnews224.com\/#website\"},\"datePublished\":\"2023-04-06T12:56:22+00:00\",\"dateModified\":\"2023-04-06T12:56:22+00:00\",\"inLanguage\":\"fr-FR\",\"potentialAction\":[{\"@type\":\"ReadAction\",\"target\":[\"https:\/\/universnews224.com\/index.php\/drame-a-kaloum-le-proprietaire-de-limmeuble-donne-sa-version-des-faits\/\"]}]},{\"@type\":\"WebSite\",\"@id\":\"https:\/\/universnews224.com\/#website\",\"url\":\"https:\/\/universnews224.com\/\",\"name\":\"UNIVERSNEWS224\",\"description\":\"\",\"publisher\":{\"@id\":\"https:\/\/universnews224.com\/#organization\"},\"potentialAction\":[{\"@type\":\"SearchAction\",\"target\":{\"@type\":\"EntryPoint\",\"urlTemplate\":\"https:\/\/universnews224.com\/?s={search_term_string}\"},\"query-input\":\"required name=search_term_string\"}],\"inLanguage\":\"fr-FR\"},{\"@type\":\"Organization\",\"@id\":\"https:\/\/universnews224.com\/#organization\",\"name\":\"UNIVERSNEWS224\",\"url\":\"https:\/\/universnews224.com\/\",\"logo\":{\"@type\":\"ImageObject\",\"inLanguage\":\"fr-FR\",\"@id\":\"https:\/\/universnews224.com\/#\/schema\/logo\/image\/\",\"url\":\"https:\/\/universnews224.com\/wp-content\/uploads\/2022\/08\/cropped-cropped-logoban.jpg\",\"contentUrl\":\"https:\/\/universnews224.com\/wp-content\/uploads\/2022\/08\/cropped-cropped-logoban.jpg\",\"width\":1080,\"height\":138,\"caption\":\"UNIVERSNEWS224\"},\"image\":{\"@id\":\"https:\/\/universnews224.com\/#\/schema\/logo\/image\/\"}},{\"@type\":\"Person\",\"@id\":\"https:\/\/universnews224.com\/#\/schema\/person\/a4b7d4f94a4716df60456a491260485e\",\"name\":\"La R\u00e9daction\",\"image\":{\"@type\":\"ImageObject\",\"inLanguage\":\"fr-FR\",\"@id\":\"https:\/\/universnews224.com\/#\/schema\/person\/image\/\",\"url\":\"https:\/\/secure.gravatar.com\/avatar\/edb90acc7752b23e1b3307ad36c14f0d?s=96&d=mm&r=g\",\"contentUrl\":\"https:\/\/secure.gravatar.com\/avatar\/edb90acc7752b23e1b3307ad36c14f0d?s=96&d=mm&r=g\",\"caption\":\"La R\u00e9daction\"},\"sameAs\":[\"https:\/\/universnews224.com\"],\"url\":\"https:\/\/universnews224.com\/index.php\/author\/m-camara\/\"}]}<\/script>\n<!-- \/ Yoast SEO plugin. -->","yoast_head_json":{"title":"Drame \u00e0 Kaloum: le propri\u00e9taire de l\u2019immeuble donne sa version des faits. - UNIVERSNEWS224","robots":{"index":"index","follow":"follow","max-snippet":"max-snippet:-1","max-image-preview":"max-image-preview:large","max-video-preview":"max-video-preview:-1"},"canonical":"https:\/\/universnews224.com\/index.php\/drame-a-kaloum-le-proprietaire-de-limmeuble-donne-sa-version-des-faits\/","og_locale":"fr_FR","og_type":"article","og_title":"Drame \u00e0 Kaloum: le propri\u00e9taire de l\u2019immeuble donne sa version des faits. - UNIVERSNEWS224","og_description":"Le quartier Sandervallia dans la commune de Kaloum \u00e9tait en \u00e9bullition depuis le d\u00e9c\u00e8s d\u2019un","og_url":"https:\/\/universnews224.com\/index.php\/drame-a-kaloum-le-proprietaire-de-limmeuble-donne-sa-version-des-faits\/","og_site_name":"UNIVERSNEWS224","article_published_time":"2023-04-06T12:56:22+00:00","og_image":[{"width":384,"height":168,"url":"https:\/\/universnews224.com\/wp-content\/uploads\/2023\/04\/AF8F0018-B4F7-4A65-9725-CBEE8BAE92AE.png","type":"image\/png"}],"author":"La R\u00e9daction","twitter_misc":{"\u00c9crit par":"La R\u00e9daction","Dur\u00e9e de lecture estim\u00e9e":"2 minutes"},"schema":{"@context":"https:\/\/schema.org","@graph":[{"@type":"Article","@id":"https:\/\/universnews224.com\/index.php\/drame-a-kaloum-le-proprietaire-de-limmeuble-donne-sa-version-des-faits\/#article","isPartOf":{"@id":"https:\/\/universnews224.com\/index.php\/drame-a-kaloum-le-proprietaire-de-limmeuble-donne-sa-version-des-faits\/"},"author":{"name":"La R\u00e9daction","@id":"https:\/\/universnews224.com\/#\/schema\/person\/a4b7d4f94a4716df60456a491260485e"},"headline":"Drame \u00e0 Kaloum: le propri\u00e9taire de l\u2019immeuble donne sa version des faits.","datePublished":"2023-04-06T12:56:22+00:00","dateModified":"2023-04-06T12:56:22+00:00","mainEntityOfPage":{"@id":"https:\/\/universnews224.com\/index.php\/drame-a-kaloum-le-proprietaire-de-limmeuble-donne-sa-version-des-faits\/"},"wordCount":335,"publisher":{"@id":"https:\/\/universnews224.com\/#organization"},"keywords":["La une"],"articleSection":["ACTU","SOCI\u00c9T\u00c9"],"inLanguage":"fr-FR"},{"@type":"WebPage","@id":"https:\/\/universnews224.com\/index.php\/drame-a-kaloum-le-proprietaire-de-limmeuble-donne-sa-version-des-faits\/","url":"https:\/\/universnews224.com\/index.php\/drame-a-kaloum-le-proprietaire-de-limmeuble-donne-sa-version-des-faits\/","name":"Drame \u00e0 Kaloum: le propri\u00e9taire de l\u2019immeuble donne sa version des faits. - UNIVERSNEWS224","isPartOf":{"@id":"https:\/\/universnews224.com\/#website"},"datePublished":"2023-04-06T12:56:22+00:00","dateModified":"2023-04-06T12:56:22+00:00","inLanguage":"fr-FR","potentialAction":[{"@type":"ReadAction","target":["https:\/\/universnews224.com\/index.php\/drame-a-kaloum-le-proprietaire-de-limmeuble-donne-sa-version-des-faits\/"]}]},{"@type":"WebSite","@id":"https:\/\/universnews224.com\/#website","url":"https:\/\/universnews224.com\/","name":"UNIVERSNEWS224","description":"","publisher":{"@id":"https:\/\/universnews224.com\/#organization"},"potentialAction":[{"@type":"SearchAction","target":{"@type":"EntryPoint","urlTemplate":"https:\/\/universnews224.com\/?s={search_term_string}"},"query-input":"required name=search_term_string"}],"inLanguage":"fr-FR"},{"@type":"Organization","@id":"https:\/\/universnews224.com\/#organization","name":"UNIVERSNEWS224","url":"https:\/\/universnews224.com\/","logo":{"@type":"ImageObject","inLanguage":"fr-FR","@id":"https:\/\/universnews224.com\/#\/schema\/logo\/image\/","url":"https:\/\/universnews224.com\/wp-content\/uploads\/2022\/08\/cropped-cropped-logoban.jpg","contentUrl":"https:\/\/universnews224.com\/wp-content\/uploads\/2022\/08\/cropped-cropped-logoban.jpg","width":1080,"height":138,"caption":"UNIVERSNEWS224"},"image":{"@id":"https:\/\/universnews224.com\/#\/schema\/logo\/image\/"}},{"@type":"Person","@id":"https:\/\/universnews224.com\/#\/schema\/person\/a4b7d4f94a4716df60456a491260485e","name":"La R\u00e9daction","image":{"@type":"ImageObject","inLanguage":"fr-FR","@id":"https:\/\/universnews224.com\/#\/schema\/person\/image\/","url":"https:\/\/secure.gravatar.com\/avatar\/edb90acc7752b23e1b3307ad36c14f0d?s=96&d=mm&r=g","contentUrl":"https:\/\/secure.gravatar.com\/avatar\/edb90acc7752b23e1b3307ad36c14f0d?s=96&d=mm&r=g","caption":"La R\u00e9daction"},"sameAs":["https:\/\/universnews224.com"],"url":"https:\/\/universnews224.com\/index.php\/author\/m-camara\/"}]}},"_links":{"self":[{"href":"https:\/\/universnews224.com\/index.php\/wp-json\/wp\/v2\/posts\/3324"}],"collection":[{"href":"https:\/\/universnews224.com\/index.php\/wp-json\/wp\/v2\/posts"}],"about":[{"href":"https:\/\/universnews224.com\/index.php\/wp-json\/wp\/v2\/types\/post"}],"author":[{"embeddable":true,"href":"https:\/\/universnews224.com\/index.php\/wp-json\/wp\/v2\/users\/2"}],"replies":[{"embeddable":true,"href":"https:\/\/universnews224.com\/index.php\/wp-json\/wp\/v2\/comments?post=3324"}],"version-history":[{"count":1,"href":"https:\/\/universnews224.com\/index.php\/wp-json\/wp\/v2\/posts\/3324\/revisions"}],"predecessor-version":[{"id":3326,"href":"https:\/\/universnews224.com\/index.php\/wp-json\/wp\/v2\/posts\/3324\/revisions\/3326"}],"wp:featuredmedia":[{"embeddable":true,"href":"https:\/\/universnews224.com\/index.php\/wp-json\/wp\/v2\/media\/3325"}],"wp:attachment":[{"href":"https:\/\/universnews224.com\/index.php\/wp-json\/wp\/v2\/media?parent=3324"}],"wp:term":[{"taxonomy":"category","embeddable":true,"href":"https:\/\/universnews224.com\/index.php\/wp-json\/wp\/v2\/categories?post=3324"},{"taxonomy":"post_tag","embeddable":true,"href":"https:\/\/universnews224.com\/index.php\/wp-json\/wp\/v2\/tags?post=3324"}],"curies":[{"name":"wp","href":"https:\/\/api.w.org\/{rel}","templated":true}]}}