{"id":3387,"date":"2023-04-18T13:19:57","date_gmt":"2023-04-18T12:19:57","guid":{"rendered":"https:\/\/universnews224.com\/?p=3387"},"modified":"2023-04-18T13:19:57","modified_gmt":"2023-04-18T12:19:57","slug":"info-le-colonel-mamadou-alpha-barry-ancien-porte-parole-du-haut-commandement-radie-des-effectifs-de-la-gendarmerie-nationale-source","status":"publish","type":"post","link":"https:\/\/universnews224.com\/index.php\/info-le-colonel-mamadou-alpha-barry-ancien-porte-parole-du-haut-commandement-radie-des-effectifs-de-la-gendarmerie-nationale-source\/","title":{"rendered":"Info: Le Colonel Mamadou Alpha Barry, ancien porte-parole du Haut Commandement, radi\u00e9 des effectifs de la Gendarmerie nationale (source)"},"content":{"rendered":"<p>L\u2019information a \u00e9t\u00e9 confirm\u00e9e par plusieurs de nos sources contact\u00e9es. La radiation du Colonel Mamadou Alpha Barry a \u00e9t\u00e9 rendue publique ce lundi 17 avril 2023. L\u2019information a \u00e9t\u00e9 lue, selon notre source, au cours du rassemblement de ce matin au Haut Commandement de la Gendarmerie Nationale.<\/p>\n<p>Depuis quelques jours, une folle rumeur de radiation de tous les corps habill\u00e9s frapp\u00e9s par une condamnation. Avec cet acte, l\u2019on pourrait dire qu\u2019elle s\u2019av\u00e8re.<\/p>\n<p>Au-del\u00e0, aucune raison n\u2019est \u00e9voqu\u00e9e pour justifier cette mesure jug\u00e9e extr\u00eame et en violation du statut militaire en R\u00e9publique de Guin\u00e9e, rapporte une source.<\/p>\n<p>source: Lerevelateur<\/p>\n","protected":false},"excerpt":{"rendered":"<p>L\u2019information a \u00e9t\u00e9 confirm\u00e9e par plusieurs de nos sources contact\u00e9es. La radiation du Colonel Mamadou<\/p>\n","protected":false},"author":2,"featured_media":3389,"comment_status":"closed","ping_status":"open","sticky":false,"template":"","format":"standard","meta":[],"categories":[3,4],"tags":[229],"yoast_head":"<!-- This site is optimized with the Yoast SEO plugin v19.13 - https:\/\/yoast.com\/wordpress\/plugins\/seo\/ -->\n<title>Info: Le Colonel Mamadou Alpha Barry, ancien porte-parole du Haut Commandement, radi\u00e9 des effectifs de la Gendarmerie nationale (source) - UNIVERSNEWS224<\/title>\n<meta name=\"robots\" content=\"index, follow, max-snippet:-1, max-image-preview:large, max-video-preview:-1\" \/>\n<link rel=\"canonical\" href=\"https:\/\/universnews224.com\/index.php\/info-le-colonel-mamadou-alpha-barry-ancien-porte-parole-du-haut-commandement-radie-des-effectifs-de-la-gendarmerie-nationale-source\/\" \/>\n<meta property=\"og:locale\" content=\"fr_FR\" \/>\n<meta property=\"og:type\" content=\"article\" \/>\n<meta property=\"og:title\" content=\"Info: Le Colonel Mamadou Alpha Barry, ancien porte-parole du Haut Commandement, radi\u00e9 des effectifs de la Gendarmerie nationale (source) - UNIVERSNEWS224\" \/>\n<meta property=\"og:description\" content=\"L\u2019information a \u00e9t\u00e9 confirm\u00e9e par plusieurs de nos sources contact\u00e9es. La radiation du Colonel Mamadou\" \/>\n<meta property=\"og:url\" content=\"https:\/\/universnews224.com\/index.php\/info-le-colonel-mamadou-alpha-barry-ancien-porte-parole-du-haut-commandement-radie-des-effectifs-de-la-gendarmerie-nationale-source\/\" \/>\n<meta property=\"og:site_name\" content=\"UNIVERSNEWS224\" \/>\n<meta property=\"article:published_time\" content=\"2023-04-18T12:19:57+00:00\" \/>\n<meta property=\"og:image\" content=\"https:\/\/universnews224.com\/wp-content\/uploads\/2023\/04\/175148AF-E69A-4CB7-ABB7-74CFFD6FC5E0.jpeg\" \/>\n\t<meta property=\"og:image:width\" content=\"720\" \/>\n\t<meta property=\"og:image:height\" content=\"405\" \/>\n\t<meta property=\"og:image:type\" content=\"image\/jpeg\" \/>\n<meta name=\"author\" content=\"La R\u00e9daction\" \/>\n<meta name=\"twitter:label1\" content=\"\u00c9crit par\" \/>\n\t<meta name=\"twitter:data1\" content=\"La R\u00e9daction\" \/>\n\t<meta name=\"twitter:label2\" content=\"Dur\u00e9e de lecture estim\u00e9e\" \/>\n\t<meta name=\"twitter:data2\" content=\"1 minute\" \/>\n<script type=\"application\/ld+json\" class=\"yoast-schema-graph\">{\"@context\":\"https:\/\/schema.org\",\"@graph\":[{\"@type\":\"Article\",\"@id\":\"https:\/\/universnews224.com\/index.php\/info-le-colonel-mamadou-alpha-barry-ancien-porte-parole-du-haut-commandement-radie-des-effectifs-de-la-gendarmerie-nationale-source\/#article\",\"isPartOf\":{\"@id\":\"https:\/\/universnews224.com\/index.php\/info-le-colonel-mamadou-alpha-barry-ancien-porte-parole-du-haut-commandement-radie-des-effectifs-de-la-gendarmerie-nationale-source\/\"},\"author\":{\"name\":\"La R\u00e9daction\",\"@id\":\"https:\/\/universnews224.com\/#\/schema\/person\/a4b7d4f94a4716df60456a491260485e\"},\"headline\":\"Info: Le Colonel Mamadou Alpha Barry, ancien porte-parole du Haut Commandement, radi\u00e9 des effectifs de la Gendarmerie nationale (source)\",\"datePublished\":\"2023-04-18T12:19:57+00:00\",\"dateModified\":\"2023-04-18T12:19:57+00:00\",\"mainEntityOfPage\":{\"@id\":\"https:\/\/universnews224.com\/index.php\/info-le-colonel-mamadou-alpha-barry-ancien-porte-parole-du-haut-commandement-radie-des-effectifs-de-la-gendarmerie-nationale-source\/\"},\"wordCount\":131,\"publisher\":{\"@id\":\"https:\/\/universnews224.com\/#organization\"},\"keywords\":[\"La une\"],\"articleSection\":[\"ACTU\",\"POLITIQUE\"],\"inLanguage\":\"fr-FR\"},{\"@type\":\"WebPage\",\"@id\":\"https:\/\/universnews224.com\/index.php\/info-le-colonel-mamadou-alpha-barry-ancien-porte-parole-du-haut-commandement-radie-des-effectifs-de-la-gendarmerie-nationale-source\/\",\"url\":\"https:\/\/universnews224.com\/index.php\/info-le-colonel-mamadou-alpha-barry-ancien-porte-parole-du-haut-commandement-radie-des-effectifs-de-la-gendarmerie-nationale-source\/\",\"name\":\"Info: Le Colonel Mamadou Alpha Barry, ancien porte-parole du Haut Commandement, radi\u00e9 des effectifs de la Gendarmerie nationale (source) - UNIVERSNEWS224\",\"isPartOf\":{\"@id\":\"https:\/\/universnews224.com\/#website\"},\"datePublished\":\"2023-04-18T12:19:57+00:00\",\"dateModified\":\"2023-04-18T12:19:57+00:00\",\"inLanguage\":\"fr-FR\",\"potentialAction\":[{\"@type\":\"ReadAction\",\"target\":[\"https:\/\/universnews224.com\/index.php\/info-le-colonel-mamadou-alpha-barry-ancien-porte-parole-du-haut-commandement-radie-des-effectifs-de-la-gendarmerie-nationale-source\/\"]}]},{\"@type\":\"WebSite\",\"@id\":\"https:\/\/universnews224.com\/#website\",\"url\":\"https:\/\/universnews224.com\/\",\"name\":\"UNIVERSNEWS224\",\"description\":\"\",\"publisher\":{\"@id\":\"https:\/\/universnews224.com\/#organization\"},\"potentialAction\":[{\"@type\":\"SearchAction\",\"target\":{\"@type\":\"EntryPoint\",\"urlTemplate\":\"https:\/\/universnews224.com\/?s={search_term_string}\"},\"query-input\":\"required name=search_term_string\"}],\"inLanguage\":\"fr-FR\"},{\"@type\":\"Organization\",\"@id\":\"https:\/\/universnews224.com\/#organization\",\"name\":\"UNIVERSNEWS224\",\"url\":\"https:\/\/universnews224.com\/\",\"logo\":{\"@type\":\"ImageObject\",\"inLanguage\":\"fr-FR\",\"@id\":\"https:\/\/universnews224.com\/#\/schema\/logo\/image\/\",\"url\":\"https:\/\/universnews224.com\/wp-content\/uploads\/2022\/08\/cropped-cropped-logoban.jpg\",\"contentUrl\":\"https:\/\/universnews224.com\/wp-content\/uploads\/2022\/08\/cropped-cropped-logoban.jpg\",\"width\":1080,\"height\":138,\"caption\":\"UNIVERSNEWS224\"},\"image\":{\"@id\":\"https:\/\/universnews224.com\/#\/schema\/logo\/image\/\"}},{\"@type\":\"Person\",\"@id\":\"https:\/\/universnews224.com\/#\/schema\/person\/a4b7d4f94a4716df60456a491260485e\",\"name\":\"La R\u00e9daction\",\"image\":{\"@type\":\"ImageObject\",\"inLanguage\":\"fr-FR\",\"@id\":\"https:\/\/universnews224.com\/#\/schema\/person\/image\/\",\"url\":\"https:\/\/secure.gravatar.com\/avatar\/edb90acc7752b23e1b3307ad36c14f0d?s=96&d=mm&r=g\",\"contentUrl\":\"https:\/\/secure.gravatar.com\/avatar\/edb90acc7752b23e1b3307ad36c14f0d?s=96&d=mm&r=g\",\"caption\":\"La R\u00e9daction\"},\"sameAs\":[\"https:\/\/universnews224.com\"],\"url\":\"https:\/\/universnews224.com\/index.php\/author\/m-camara\/\"}]}<\/script>\n<!-- \/ Yoast SEO plugin. -->","yoast_head_json":{"title":"Info: Le Colonel Mamadou Alpha Barry, ancien porte-parole du Haut Commandement, radi\u00e9 des effectifs de la Gendarmerie nationale (source) - UNIVERSNEWS224","robots":{"index":"index","follow":"follow","max-snippet":"max-snippet:-1","max-image-preview":"max-image-preview:large","max-video-preview":"max-video-preview:-1"},"canonical":"https:\/\/universnews224.com\/index.php\/info-le-colonel-mamadou-alpha-barry-ancien-porte-parole-du-haut-commandement-radie-des-effectifs-de-la-gendarmerie-nationale-source\/","og_locale":"fr_FR","og_type":"article","og_title":"Info: Le Colonel Mamadou Alpha Barry, ancien porte-parole du Haut Commandement, radi\u00e9 des effectifs de la Gendarmerie nationale (source) - UNIVERSNEWS224","og_description":"L\u2019information a \u00e9t\u00e9 confirm\u00e9e par plusieurs de nos sources contact\u00e9es. La radiation du Colonel Mamadou","og_url":"https:\/\/universnews224.com\/index.php\/info-le-colonel-mamadou-alpha-barry-ancien-porte-parole-du-haut-commandement-radie-des-effectifs-de-la-gendarmerie-nationale-source\/","og_site_name":"UNIVERSNEWS224","article_published_time":"2023-04-18T12:19:57+00:00","og_image":[{"width":720,"height":405,"url":"https:\/\/universnews224.com\/wp-content\/uploads\/2023\/04\/175148AF-E69A-4CB7-ABB7-74CFFD6FC5E0.jpeg","type":"image\/jpeg"}],"author":"La R\u00e9daction","twitter_misc":{"\u00c9crit par":"La R\u00e9daction","Dur\u00e9e de lecture estim\u00e9e":"1 minute"},"schema":{"@context":"https:\/\/schema.org","@graph":[{"@type":"Article","@id":"https:\/\/universnews224.com\/index.php\/info-le-colonel-mamadou-alpha-barry-ancien-porte-parole-du-haut-commandement-radie-des-effectifs-de-la-gendarmerie-nationale-source\/#article","isPartOf":{"@id":"https:\/\/universnews224.com\/index.php\/info-le-colonel-mamadou-alpha-barry-ancien-porte-parole-du-haut-commandement-radie-des-effectifs-de-la-gendarmerie-nationale-source\/"},"author":{"name":"La R\u00e9daction","@id":"https:\/\/universnews224.com\/#\/schema\/person\/a4b7d4f94a4716df60456a491260485e"},"headline":"Info: Le Colonel Mamadou Alpha Barry, ancien porte-parole du Haut Commandement, radi\u00e9 des effectifs de la Gendarmerie nationale (source)","datePublished":"2023-04-18T12:19:57+00:00","dateModified":"2023-04-18T12:19:57+00:00","mainEntityOfPage":{"@id":"https:\/\/universnews224.com\/index.php\/info-le-colonel-mamadou-alpha-barry-ancien-porte-parole-du-haut-commandement-radie-des-effectifs-de-la-gendarmerie-nationale-source\/"},"wordCount":131,"publisher":{"@id":"https:\/\/universnews224.com\/#organization"},"keywords":["La une"],"articleSection":["ACTU","POLITIQUE"],"inLanguage":"fr-FR"},{"@type":"WebPage","@id":"https:\/\/universnews224.com\/index.php\/info-le-colonel-mamadou-alpha-barry-ancien-porte-parole-du-haut-commandement-radie-des-effectifs-de-la-gendarmerie-nationale-source\/","url":"https:\/\/universnews224.com\/index.php\/info-le-colonel-mamadou-alpha-barry-ancien-porte-parole-du-haut-commandement-radie-des-effectifs-de-la-gendarmerie-nationale-source\/","name":"Info: Le Colonel Mamadou Alpha Barry, ancien porte-parole du Haut Commandement, radi\u00e9 des effectifs de la Gendarmerie nationale (source) - UNIVERSNEWS224","isPartOf":{"@id":"https:\/\/universnews224.com\/#website"},"datePublished":"2023-04-18T12:19:57+00:00","dateModified":"2023-04-18T12:19:57+00:00","inLanguage":"fr-FR","potentialAction":[{"@type":"ReadAction","target":["https:\/\/universnews224.com\/index.php\/info-le-colonel-mamadou-alpha-barry-ancien-porte-parole-du-haut-commandement-radie-des-effectifs-de-la-gendarmerie-nationale-source\/"]}]},{"@type":"WebSite","@id":"https:\/\/universnews224.com\/#website","url":"https:\/\/universnews224.com\/","name":"UNIVERSNEWS224","description":"","publisher":{"@id":"https:\/\/universnews224.com\/#organization"},"potentialAction":[{"@type":"SearchAction","target":{"@type":"EntryPoint","urlTemplate":"https:\/\/universnews224.com\/?s={search_term_string}"},"query-input":"required name=search_term_string"}],"inLanguage":"fr-FR"},{"@type":"Organization","@id":"https:\/\/universnews224.com\/#organization","name":"UNIVERSNEWS224","url":"https:\/\/universnews224.com\/","logo":{"@type":"ImageObject","inLanguage":"fr-FR","@id":"https:\/\/universnews224.com\/#\/schema\/logo\/image\/","url":"https:\/\/universnews224.com\/wp-content\/uploads\/2022\/08\/cropped-cropped-logoban.jpg","contentUrl":"https:\/\/universnews224.com\/wp-content\/uploads\/2022\/08\/cropped-cropped-logoban.jpg","width":1080,"height":138,"caption":"UNIVERSNEWS224"},"image":{"@id":"https:\/\/universnews224.com\/#\/schema\/logo\/image\/"}},{"@type":"Person","@id":"https:\/\/universnews224.com\/#\/schema\/person\/a4b7d4f94a4716df60456a491260485e","name":"La R\u00e9daction","image":{"@type":"ImageObject","inLanguage":"fr-FR","@id":"https:\/\/universnews224.com\/#\/schema\/person\/image\/","url":"https:\/\/secure.gravatar.com\/avatar\/edb90acc7752b23e1b3307ad36c14f0d?s=96&d=mm&r=g","contentUrl":"https:\/\/secure.gravatar.com\/avatar\/edb90acc7752b23e1b3307ad36c14f0d?s=96&d=mm&r=g","caption":"La R\u00e9daction"},"sameAs":["https:\/\/universnews224.com"],"url":"https:\/\/universnews224.com\/index.php\/author\/m-camara\/"}]}},"_links":{"self":[{"href":"https:\/\/universnews224.com\/index.php\/wp-json\/wp\/v2\/posts\/3387"}],"collection":[{"href":"https:\/\/universnews224.com\/index.php\/wp-json\/wp\/v2\/posts"}],"about":[{"href":"https:\/\/universnews224.com\/index.php\/wp-json\/wp\/v2\/types\/post"}],"author":[{"embeddable":true,"href":"https:\/\/universnews224.com\/index.php\/wp-json\/wp\/v2\/users\/2"}],"replies":[{"embeddable":true,"href":"https:\/\/universnews224.com\/index.php\/wp-json\/wp\/v2\/comments?post=3387"}],"version-history":[{"count":1,"href":"https:\/\/universnews224.com\/index.php\/wp-json\/wp\/v2\/posts\/3387\/revisions"}],"predecessor-version":[{"id":3390,"href":"https:\/\/universnews224.com\/index.php\/wp-json\/wp\/v2\/posts\/3387\/revisions\/3390"}],"wp:featuredmedia":[{"embeddable":true,"href":"https:\/\/universnews224.com\/index.php\/wp-json\/wp\/v2\/media\/3389"}],"wp:attachment":[{"href":"https:\/\/universnews224.com\/index.php\/wp-json\/wp\/v2\/media?parent=3387"}],"wp:term":[{"taxonomy":"category","embeddable":true,"href":"https:\/\/universnews224.com\/index.php\/wp-json\/wp\/v2\/categories?post=3387"},{"taxonomy":"post_tag","embeddable":true,"href":"https:\/\/universnews224.com\/index.php\/wp-json\/wp\/v2\/tags?post=3387"}],"curies":[{"name":"wp","href":"https:\/\/api.w.org\/{rel}","templated":true}]}}