{"id":3391,"date":"2023-04-19T12:05:52","date_gmt":"2023-04-19T11:05:52","guid":{"rendered":"https:\/\/universnews224.com\/?p=3391"},"modified":"2023-04-19T12:05:52","modified_gmt":"2023-04-19T11:05:52","slug":"pont-paul-kagame-de-kagbelen-si-jetais-a-la-place-du-colonel-mamadi-doumbouya-jaurais-donne-le-nom-de-ce-pont-a-alpha-conde-alhousseiny-makanera-kake","status":"publish","type":"post","link":"https:\/\/universnews224.com\/index.php\/pont-paul-kagame-de-kagbelen-si-jetais-a-la-place-du-colonel-mamadi-doumbouya-jaurais-donne-le-nom-de-ce-pont-a-alpha-conde-alhousseiny-makanera-kake\/","title":{"rendered":"Pont Paul Kagam\u00e9 de Kagb\u00e9len : Si j\u2019\u00e9tais \u00e0 la place du colonel Mamadi Doumbouya, j\u2019aurais donn\u00e9 le nom de ce pont \u00e0 Alpha Cond\u00e9\u00bb, Alhousseiny Makan\u00e9ra Kak\u00e9."},"content":{"rendered":"<p class=\"p1\">Le pr\u00e9sident de la transition, Colonel Mamadi Doumbouya en compagnie de son homologue du Rwanda, Paul Kagam\u00e9 a proc\u00e9d\u00e9 ce mardi, 18 avril 2023 en grande pompe \u00e0 l\u2019inauguration de l\u2019\u00e9changeur de Kagb\u00e9len qui porte d\u00e9sormais le nom de son h\u00f4te\u201cPaul Kagam\u00e9\u00a0\u00bb<\/p>\n<p class=\"p1\"><span class=\"s1\">Depuis cette annonce, chacun y va de son commentaire.Si certains saluent une initiative des autorit\u00e9s de la transition, au contraire d\u2019autres estiment que la Guin\u00e9e a suffisamment de personnalit\u00e9s qui pourraient le nom de cet \u00e9changeur. C\u2019est le cas du pr\u00e9sident du parti FND. <\/span><\/p>\n<p class=\"p1\"><span class=\"s1\">Selon Alhousseiny Makan\u00e9ra Kak\u00e9, \u00e0 la place du Colonel Doumbouya, il aura baptis\u00e9 cet \u00e9changeur\u00ab Pro. Alpha Cond\u00e9\u00bb <\/span><\/p>\n<p class=\"p1\"><span class=\"s1\">\u00abSi j\u2019\u00e9tais \u00e0 la place du colonel Mamadi Doumbouya, j\u2019aurais donn\u00e9 le nom de ce pont \u00e0 Alpha Cond\u00e9 parce qu\u2019il le m\u00e9rite. Quoiqu\u2019on dise aujourd\u2019hui ce projet \u00e9tait \u00e9tudi\u00e9, le financier obtenu, les travaux lanc\u00e9s \u00e0 son temps. Donner le nom de ce pont au Pro Alpha, \u00e7a allait un peu lutter contre le ressentiment des gens. Les gens allaient comprendre que la politique, ce n\u2019est pas la haine. Bien qu\u2019aujourd\u2019hui, c\u2019est lui qui a succ\u00e9d\u00e9 \u00e0 Alpha Cond\u00e9, mais il l\u2019honore. Demain c\u2019est un autre aussi qui va l\u2019honorer de son vivant. Quand on fait du bien, on ne fait pas pour quelqu\u2019un, on fait pour soi. Quand on fait du mal, on ne fait pas contre quelqu\u2019un, on fait pour soi. Parce que l\u00e0 o\u00f9 il est aujourd\u2019hui, c\u2019est l\u00e0-bas o\u00f9 Alpha \u00e9tait hier. Demain un autre sera l\u00e0-bas, il sera l\u00e0 o\u00f9 Alpha est l\u00e0 aujourd\u2019hui\u00bb, a t-il d\u00e9clar\u00e9 sur les ondes de Djoma m\u00e9dia dans l\u2019\u00e9mission On refait le monde.<\/span><\/p>\n<p class=\"p1\"><span class=\"s1\">Camara Mamadouba <\/span><\/p>\n","protected":false},"excerpt":{"rendered":"<p>Le pr\u00e9sident de la transition, Colonel Mamadi Doumbouya en compagnie de son homologue du Rwanda,<\/p>\n","protected":false},"author":2,"featured_media":3392,"comment_status":"closed","ping_status":"open","sticky":false,"template":"","format":"standard","meta":[],"categories":[3,4],"tags":[229],"yoast_head":"<!-- This site is optimized with the Yoast SEO plugin v19.13 - https:\/\/yoast.com\/wordpress\/plugins\/seo\/ -->\n<title>Pont Paul Kagam\u00e9 de Kagb\u00e9len : Si j\u2019\u00e9tais \u00e0 la place du colonel Mamadi Doumbouya, j\u2019aurais donn\u00e9 le nom de ce pont \u00e0 Alpha Cond\u00e9\u00bb, Alhousseiny Makan\u00e9ra Kak\u00e9. - UNIVERSNEWS224<\/title>\n<meta name=\"robots\" content=\"index, follow, max-snippet:-1, max-image-preview:large, max-video-preview:-1\" \/>\n<link rel=\"canonical\" href=\"https:\/\/universnews224.com\/index.php\/pont-paul-kagame-de-kagbelen-si-jetais-a-la-place-du-colonel-mamadi-doumbouya-jaurais-donne-le-nom-de-ce-pont-a-alpha-conde-alhousseiny-makanera-kake\/\" \/>\n<meta property=\"og:locale\" content=\"fr_FR\" \/>\n<meta property=\"og:type\" content=\"article\" \/>\n<meta property=\"og:title\" content=\"Pont Paul Kagam\u00e9 de Kagb\u00e9len : Si j\u2019\u00e9tais \u00e0 la place du colonel Mamadi Doumbouya, j\u2019aurais donn\u00e9 le nom de ce pont \u00e0 Alpha Cond\u00e9\u00bb, Alhousseiny Makan\u00e9ra Kak\u00e9. - UNIVERSNEWS224\" \/>\n<meta property=\"og:description\" content=\"Le pr\u00e9sident de la transition, Colonel Mamadi Doumbouya en compagnie de son homologue du Rwanda,\" \/>\n<meta property=\"og:url\" content=\"https:\/\/universnews224.com\/index.php\/pont-paul-kagame-de-kagbelen-si-jetais-a-la-place-du-colonel-mamadi-doumbouya-jaurais-donne-le-nom-de-ce-pont-a-alpha-conde-alhousseiny-makanera-kake\/\" \/>\n<meta property=\"og:site_name\" content=\"UNIVERSNEWS224\" \/>\n<meta property=\"article:published_time\" content=\"2023-04-19T11:05:52+00:00\" \/>\n<meta property=\"og:image\" content=\"https:\/\/universnews224.com\/wp-content\/uploads\/2023\/04\/88C922E8-7854-4D22-A5CF-9CA27DE64891.jpeg\" \/>\n\t<meta property=\"og:image:width\" content=\"1440\" \/>\n\t<meta property=\"og:image:height\" content=\"691\" \/>\n\t<meta property=\"og:image:type\" content=\"image\/jpeg\" \/>\n<meta name=\"author\" content=\"La R\u00e9daction\" \/>\n<meta name=\"twitter:label1\" content=\"\u00c9crit par\" \/>\n\t<meta name=\"twitter:data1\" content=\"La R\u00e9daction\" \/>\n\t<meta name=\"twitter:label2\" content=\"Dur\u00e9e de lecture estim\u00e9e\" \/>\n\t<meta name=\"twitter:data2\" content=\"2 minutes\" \/>\n<script type=\"application\/ld+json\" class=\"yoast-schema-graph\">{\"@context\":\"https:\/\/schema.org\",\"@graph\":[{\"@type\":\"Article\",\"@id\":\"https:\/\/universnews224.com\/index.php\/pont-paul-kagame-de-kagbelen-si-jetais-a-la-place-du-colonel-mamadi-doumbouya-jaurais-donne-le-nom-de-ce-pont-a-alpha-conde-alhousseiny-makanera-kake\/#article\",\"isPartOf\":{\"@id\":\"https:\/\/universnews224.com\/index.php\/pont-paul-kagame-de-kagbelen-si-jetais-a-la-place-du-colonel-mamadi-doumbouya-jaurais-donne-le-nom-de-ce-pont-a-alpha-conde-alhousseiny-makanera-kake\/\"},\"author\":{\"name\":\"La R\u00e9daction\",\"@id\":\"https:\/\/universnews224.com\/#\/schema\/person\/a4b7d4f94a4716df60456a491260485e\"},\"headline\":\"Pont Paul Kagam\u00e9 de Kagb\u00e9len : Si j\u2019\u00e9tais \u00e0 la place du colonel Mamadi Doumbouya, j\u2019aurais donn\u00e9 le nom de ce pont \u00e0 Alpha Cond\u00e9\u00bb, Alhousseiny Makan\u00e9ra Kak\u00e9.\",\"datePublished\":\"2023-04-19T11:05:52+00:00\",\"dateModified\":\"2023-04-19T11:05:52+00:00\",\"mainEntityOfPage\":{\"@id\":\"https:\/\/universnews224.com\/index.php\/pont-paul-kagame-de-kagbelen-si-jetais-a-la-place-du-colonel-mamadi-doumbouya-jaurais-donne-le-nom-de-ce-pont-a-alpha-conde-alhousseiny-makanera-kake\/\"},\"wordCount\":333,\"publisher\":{\"@id\":\"https:\/\/universnews224.com\/#organization\"},\"keywords\":[\"La une\"],\"articleSection\":[\"ACTU\",\"POLITIQUE\"],\"inLanguage\":\"fr-FR\"},{\"@type\":\"WebPage\",\"@id\":\"https:\/\/universnews224.com\/index.php\/pont-paul-kagame-de-kagbelen-si-jetais-a-la-place-du-colonel-mamadi-doumbouya-jaurais-donne-le-nom-de-ce-pont-a-alpha-conde-alhousseiny-makanera-kake\/\",\"url\":\"https:\/\/universnews224.com\/index.php\/pont-paul-kagame-de-kagbelen-si-jetais-a-la-place-du-colonel-mamadi-doumbouya-jaurais-donne-le-nom-de-ce-pont-a-alpha-conde-alhousseiny-makanera-kake\/\",\"name\":\"Pont Paul Kagam\u00e9 de Kagb\u00e9len : Si j\u2019\u00e9tais \u00e0 la place du colonel Mamadi Doumbouya, j\u2019aurais donn\u00e9 le nom de ce pont \u00e0 Alpha Cond\u00e9\u00bb, Alhousseiny Makan\u00e9ra Kak\u00e9. - UNIVERSNEWS224\",\"isPartOf\":{\"@id\":\"https:\/\/universnews224.com\/#website\"},\"datePublished\":\"2023-04-19T11:05:52+00:00\",\"dateModified\":\"2023-04-19T11:05:52+00:00\",\"inLanguage\":\"fr-FR\",\"potentialAction\":[{\"@type\":\"ReadAction\",\"target\":[\"https:\/\/universnews224.com\/index.php\/pont-paul-kagame-de-kagbelen-si-jetais-a-la-place-du-colonel-mamadi-doumbouya-jaurais-donne-le-nom-de-ce-pont-a-alpha-conde-alhousseiny-makanera-kake\/\"]}]},{\"@type\":\"WebSite\",\"@id\":\"https:\/\/universnews224.com\/#website\",\"url\":\"https:\/\/universnews224.com\/\",\"name\":\"UNIVERSNEWS224\",\"description\":\"\",\"publisher\":{\"@id\":\"https:\/\/universnews224.com\/#organization\"},\"potentialAction\":[{\"@type\":\"SearchAction\",\"target\":{\"@type\":\"EntryPoint\",\"urlTemplate\":\"https:\/\/universnews224.com\/?s={search_term_string}\"},\"query-input\":\"required name=search_term_string\"}],\"inLanguage\":\"fr-FR\"},{\"@type\":\"Organization\",\"@id\":\"https:\/\/universnews224.com\/#organization\",\"name\":\"UNIVERSNEWS224\",\"url\":\"https:\/\/universnews224.com\/\",\"logo\":{\"@type\":\"ImageObject\",\"inLanguage\":\"fr-FR\",\"@id\":\"https:\/\/universnews224.com\/#\/schema\/logo\/image\/\",\"url\":\"https:\/\/universnews224.com\/wp-content\/uploads\/2022\/08\/cropped-cropped-logoban.jpg\",\"contentUrl\":\"https:\/\/universnews224.com\/wp-content\/uploads\/2022\/08\/cropped-cropped-logoban.jpg\",\"width\":1080,\"height\":138,\"caption\":\"UNIVERSNEWS224\"},\"image\":{\"@id\":\"https:\/\/universnews224.com\/#\/schema\/logo\/image\/\"}},{\"@type\":\"Person\",\"@id\":\"https:\/\/universnews224.com\/#\/schema\/person\/a4b7d4f94a4716df60456a491260485e\",\"name\":\"La R\u00e9daction\",\"image\":{\"@type\":\"ImageObject\",\"inLanguage\":\"fr-FR\",\"@id\":\"https:\/\/universnews224.com\/#\/schema\/person\/image\/\",\"url\":\"https:\/\/secure.gravatar.com\/avatar\/edb90acc7752b23e1b3307ad36c14f0d?s=96&d=mm&r=g\",\"contentUrl\":\"https:\/\/secure.gravatar.com\/avatar\/edb90acc7752b23e1b3307ad36c14f0d?s=96&d=mm&r=g\",\"caption\":\"La R\u00e9daction\"},\"sameAs\":[\"https:\/\/universnews224.com\"],\"url\":\"https:\/\/universnews224.com\/index.php\/author\/m-camara\/\"}]}<\/script>\n<!-- \/ Yoast SEO plugin. -->","yoast_head_json":{"title":"Pont Paul Kagam\u00e9 de Kagb\u00e9len : Si j\u2019\u00e9tais \u00e0 la place du colonel Mamadi Doumbouya, j\u2019aurais donn\u00e9 le nom de ce pont \u00e0 Alpha Cond\u00e9\u00bb, Alhousseiny Makan\u00e9ra Kak\u00e9. - UNIVERSNEWS224","robots":{"index":"index","follow":"follow","max-snippet":"max-snippet:-1","max-image-preview":"max-image-preview:large","max-video-preview":"max-video-preview:-1"},"canonical":"https:\/\/universnews224.com\/index.php\/pont-paul-kagame-de-kagbelen-si-jetais-a-la-place-du-colonel-mamadi-doumbouya-jaurais-donne-le-nom-de-ce-pont-a-alpha-conde-alhousseiny-makanera-kake\/","og_locale":"fr_FR","og_type":"article","og_title":"Pont Paul Kagam\u00e9 de Kagb\u00e9len : Si j\u2019\u00e9tais \u00e0 la place du colonel Mamadi Doumbouya, j\u2019aurais donn\u00e9 le nom de ce pont \u00e0 Alpha Cond\u00e9\u00bb, Alhousseiny Makan\u00e9ra Kak\u00e9. - UNIVERSNEWS224","og_description":"Le pr\u00e9sident de la transition, Colonel Mamadi Doumbouya en compagnie de son homologue du Rwanda,","og_url":"https:\/\/universnews224.com\/index.php\/pont-paul-kagame-de-kagbelen-si-jetais-a-la-place-du-colonel-mamadi-doumbouya-jaurais-donne-le-nom-de-ce-pont-a-alpha-conde-alhousseiny-makanera-kake\/","og_site_name":"UNIVERSNEWS224","article_published_time":"2023-04-19T11:05:52+00:00","og_image":[{"width":1440,"height":691,"url":"https:\/\/universnews224.com\/wp-content\/uploads\/2023\/04\/88C922E8-7854-4D22-A5CF-9CA27DE64891.jpeg","type":"image\/jpeg"}],"author":"La R\u00e9daction","twitter_misc":{"\u00c9crit par":"La R\u00e9daction","Dur\u00e9e de lecture estim\u00e9e":"2 minutes"},"schema":{"@context":"https:\/\/schema.org","@graph":[{"@type":"Article","@id":"https:\/\/universnews224.com\/index.php\/pont-paul-kagame-de-kagbelen-si-jetais-a-la-place-du-colonel-mamadi-doumbouya-jaurais-donne-le-nom-de-ce-pont-a-alpha-conde-alhousseiny-makanera-kake\/#article","isPartOf":{"@id":"https:\/\/universnews224.com\/index.php\/pont-paul-kagame-de-kagbelen-si-jetais-a-la-place-du-colonel-mamadi-doumbouya-jaurais-donne-le-nom-de-ce-pont-a-alpha-conde-alhousseiny-makanera-kake\/"},"author":{"name":"La R\u00e9daction","@id":"https:\/\/universnews224.com\/#\/schema\/person\/a4b7d4f94a4716df60456a491260485e"},"headline":"Pont Paul Kagam\u00e9 de Kagb\u00e9len : Si j\u2019\u00e9tais \u00e0 la place du colonel Mamadi Doumbouya, j\u2019aurais donn\u00e9 le nom de ce pont \u00e0 Alpha Cond\u00e9\u00bb, Alhousseiny Makan\u00e9ra Kak\u00e9.","datePublished":"2023-04-19T11:05:52+00:00","dateModified":"2023-04-19T11:05:52+00:00","mainEntityOfPage":{"@id":"https:\/\/universnews224.com\/index.php\/pont-paul-kagame-de-kagbelen-si-jetais-a-la-place-du-colonel-mamadi-doumbouya-jaurais-donne-le-nom-de-ce-pont-a-alpha-conde-alhousseiny-makanera-kake\/"},"wordCount":333,"publisher":{"@id":"https:\/\/universnews224.com\/#organization"},"keywords":["La une"],"articleSection":["ACTU","POLITIQUE"],"inLanguage":"fr-FR"},{"@type":"WebPage","@id":"https:\/\/universnews224.com\/index.php\/pont-paul-kagame-de-kagbelen-si-jetais-a-la-place-du-colonel-mamadi-doumbouya-jaurais-donne-le-nom-de-ce-pont-a-alpha-conde-alhousseiny-makanera-kake\/","url":"https:\/\/universnews224.com\/index.php\/pont-paul-kagame-de-kagbelen-si-jetais-a-la-place-du-colonel-mamadi-doumbouya-jaurais-donne-le-nom-de-ce-pont-a-alpha-conde-alhousseiny-makanera-kake\/","name":"Pont Paul Kagam\u00e9 de Kagb\u00e9len : Si j\u2019\u00e9tais \u00e0 la place du colonel Mamadi Doumbouya, j\u2019aurais donn\u00e9 le nom de ce pont \u00e0 Alpha Cond\u00e9\u00bb, Alhousseiny Makan\u00e9ra Kak\u00e9. - UNIVERSNEWS224","isPartOf":{"@id":"https:\/\/universnews224.com\/#website"},"datePublished":"2023-04-19T11:05:52+00:00","dateModified":"2023-04-19T11:05:52+00:00","inLanguage":"fr-FR","potentialAction":[{"@type":"ReadAction","target":["https:\/\/universnews224.com\/index.php\/pont-paul-kagame-de-kagbelen-si-jetais-a-la-place-du-colonel-mamadi-doumbouya-jaurais-donne-le-nom-de-ce-pont-a-alpha-conde-alhousseiny-makanera-kake\/"]}]},{"@type":"WebSite","@id":"https:\/\/universnews224.com\/#website","url":"https:\/\/universnews224.com\/","name":"UNIVERSNEWS224","description":"","publisher":{"@id":"https:\/\/universnews224.com\/#organization"},"potentialAction":[{"@type":"SearchAction","target":{"@type":"EntryPoint","urlTemplate":"https:\/\/universnews224.com\/?s={search_term_string}"},"query-input":"required name=search_term_string"}],"inLanguage":"fr-FR"},{"@type":"Organization","@id":"https:\/\/universnews224.com\/#organization","name":"UNIVERSNEWS224","url":"https:\/\/universnews224.com\/","logo":{"@type":"ImageObject","inLanguage":"fr-FR","@id":"https:\/\/universnews224.com\/#\/schema\/logo\/image\/","url":"https:\/\/universnews224.com\/wp-content\/uploads\/2022\/08\/cropped-cropped-logoban.jpg","contentUrl":"https:\/\/universnews224.com\/wp-content\/uploads\/2022\/08\/cropped-cropped-logoban.jpg","width":1080,"height":138,"caption":"UNIVERSNEWS224"},"image":{"@id":"https:\/\/universnews224.com\/#\/schema\/logo\/image\/"}},{"@type":"Person","@id":"https:\/\/universnews224.com\/#\/schema\/person\/a4b7d4f94a4716df60456a491260485e","name":"La R\u00e9daction","image":{"@type":"ImageObject","inLanguage":"fr-FR","@id":"https:\/\/universnews224.com\/#\/schema\/person\/image\/","url":"https:\/\/secure.gravatar.com\/avatar\/edb90acc7752b23e1b3307ad36c14f0d?s=96&d=mm&r=g","contentUrl":"https:\/\/secure.gravatar.com\/avatar\/edb90acc7752b23e1b3307ad36c14f0d?s=96&d=mm&r=g","caption":"La R\u00e9daction"},"sameAs":["https:\/\/universnews224.com"],"url":"https:\/\/universnews224.com\/index.php\/author\/m-camara\/"}]}},"_links":{"self":[{"href":"https:\/\/universnews224.com\/index.php\/wp-json\/wp\/v2\/posts\/3391"}],"collection":[{"href":"https:\/\/universnews224.com\/index.php\/wp-json\/wp\/v2\/posts"}],"about":[{"href":"https:\/\/universnews224.com\/index.php\/wp-json\/wp\/v2\/types\/post"}],"author":[{"embeddable":true,"href":"https:\/\/universnews224.com\/index.php\/wp-json\/wp\/v2\/users\/2"}],"replies":[{"embeddable":true,"href":"https:\/\/universnews224.com\/index.php\/wp-json\/wp\/v2\/comments?post=3391"}],"version-history":[{"count":1,"href":"https:\/\/universnews224.com\/index.php\/wp-json\/wp\/v2\/posts\/3391\/revisions"}],"predecessor-version":[{"id":3393,"href":"https:\/\/universnews224.com\/index.php\/wp-json\/wp\/v2\/posts\/3391\/revisions\/3393"}],"wp:featuredmedia":[{"embeddable":true,"href":"https:\/\/universnews224.com\/index.php\/wp-json\/wp\/v2\/media\/3392"}],"wp:attachment":[{"href":"https:\/\/universnews224.com\/index.php\/wp-json\/wp\/v2\/media?parent=3391"}],"wp:term":[{"taxonomy":"category","embeddable":true,"href":"https:\/\/universnews224.com\/index.php\/wp-json\/wp\/v2\/categories?post=3391"},{"taxonomy":"post_tag","embeddable":true,"href":"https:\/\/universnews224.com\/index.php\/wp-json\/wp\/v2\/tags?post=3391"}],"curies":[{"name":"wp","href":"https:\/\/api.w.org\/{rel}","templated":true}]}}