{"id":3394,"date":"2023-04-19T12:07:54","date_gmt":"2023-04-19T11:07:54","guid":{"rendered":"https:\/\/universnews224.com\/?p=3394"},"modified":"2023-04-19T12:07:54","modified_gmt":"2023-04-19T11:07:54","slug":"bisbille-entre-le-pm-et-charles-pour-le-respect-au-gouvernement-et-au-peuple-le-ministre-devrait-etre-sanctionne-alhousseiny-makanera-kake","status":"publish","type":"post","link":"https:\/\/universnews224.com\/index.php\/bisbille-entre-le-pm-et-charles-pour-le-respect-au-gouvernement-et-au-peuple-le-ministre-devrait-etre-sanctionne-alhousseiny-makanera-kake\/","title":{"rendered":"Bisbille entre le PM et Charles: \u00abPour le respect au gouvernement et au peuple, le ministre devrait \u00eatre sanctionn\u00e9\u00bb, Alhousseiny Makan\u00e9ra Kak\u00e9."},"content":{"rendered":"<p class=\"p1\">La sortie du ministre de la justice, garde des sceaux, mettant en garde le premier ministre contre une ing\u00e9rence de l\u2019ex\u00e9cutif dans les proc\u00e9dures judiciaires continue de polariser des d\u00e9bats au sein de la classe politique guin\u00e9enne.<\/p>\n<p class=\"p1\"><span class=\"s1\">Intervenant sur cette actualit\u00e9 chez nos confr\u00e8res de Djoma m\u00e9dia ce mardi, 18 avril 2023, le leader du parti FDN, Alhousseiny Makan\u00e9ra estime que cette sortie du ministre de la justice rappelant le PM \u00e0 l\u2019ordre m\u00e9rite une sanction. <\/span><\/p>\n<p class=\"p1\"><span class=\"s1\">\u00abHonn\u00eatement parlant ce que j\u2019ai vu, vous ne verrez nulle part au monde. J\u2019ai 60 ans, je me suis toujours int\u00e9ress\u00e9 \u00e0 la gestion de la chose publique, mais je n\u2019ai jamais entendu un premier ministre rappel\u00e9 \u00e0 l\u2019ordre par un ministre et par voie de presse. \u00c7a veut dire qu\u2019il y a un dysfonctionnement total niveau de l\u2019\u00c9tat. Pour le respect au gouvernement et au peuple, le ministre devrait \u00eatre sanctionn\u00e9 directement.<span class=\"Apple-converted-space\">\u00a0 <\/span>L\u2019administration est impersonnelle, j\u2019ai entendu des gens qui ont parl\u00e9, mais ils ne connaissent pas comment l\u2019administration fonctionne. Le ministre ne peut m\u00eame pas parler tant qu\u2019il n\u2019a pas re\u00e7u l\u2019ordre de sup\u00e9rieur de parler. Parce qu\u2019il ne parle pas \u00e0 son nom, il parle au nom du gouvernement et quand il doit \u00e9crire le courrier. On conna\u00eet le circuit du courrier officiel, ce n\u2019est pas par voie de presse. C\u2019est quand le gouvernement d\u00e9cide qu\u2019on mette une information dans la presse qu\u2019on le fait. Un<span class=\"Apple-converted-space\">\u00a0 <\/span>ministre ne d\u00e9cide pas\u00bb, a t-il indiqu\u00e9. <\/span><\/p>\n<p class=\"p1\"><span class=\"s1\">Poursuivant, l\u2019ancien ministre de la communication a indiqu\u00e9 qu\u2019il n\u2019est pas \u00e9crit nulle part que le premier ministre ne doit rencontrer les magistrats. <\/span><\/p>\n<p class=\"p1\"><span class=\"s1\">\u00abS\u2019il y a quelqu\u2019un qui a viol\u00e9 l\u2019ind\u00e9pendance de la justice, c\u2019est bien le ministre de la justice, la sortie de Fod\u00e9 Oussou. Ce n\u2019est pas lui qui est venu annoncer \u00e0 la radio? C\u2019est les magistrats de chaise qui devraient l\u2019annoncer. Rencontrer les magistrats , il y a quel mal dans \u00e7a, les magistrats rel\u00e8vent de qui? C\u2019est l\u2019ex\u00e9cutif.Quand vous prenez la charte de la transition, le premier ministre est charg\u00e9 de veiller \u00e0 l\u2019application des lois de ce pays. Ce n\u2019est<span class=\"Apple-converted-space\">\u00a0 <\/span>interdit nulle part que le premier ministre ne doit pas rencontrer le premier ministre. Ce qui est interdit, c\u2019est lorsque vous lui demandez de faire ce qui ne doit pas faire. C\u2019est ce qui est interdit, mais rencontrer un premier ministre, c\u2019est n\u2019est interdit nulle part. Et quand on parle de l\u2019ind\u00e9pendance de la justice, la proc\u00e9dure judiciaire l\u2019ex\u00e9cutif intervient. C\u2019est prendre la d\u00e9cision maintenant pour condamner ou pas, c\u2019est l\u00e0-bas l\u2019ex\u00e9cutif n\u2019intervient pas\u00bb, a t-il rappel\u00e9.<\/span><\/p>\n<p class=\"p1\"><span class=\"s1\">Camara Mamadouba <\/span><\/p>\n<p class=\"p1\"><span class=\"s1\">611 46 04 10 <\/span><\/p>\n","protected":false},"excerpt":{"rendered":"<p>La sortie du ministre de la justice, garde des sceaux, mettant en garde le premier<\/p>\n","protected":false},"author":2,"featured_media":3395,"comment_status":"closed","ping_status":"open","sticky":false,"template":"","format":"standard","meta":[],"categories":[3,4],"tags":[229],"yoast_head":"<!-- This site is optimized with the Yoast SEO plugin v19.13 - https:\/\/yoast.com\/wordpress\/plugins\/seo\/ -->\n<title>Bisbille entre le PM et Charles: \u00abPour le respect au gouvernement et au peuple, le ministre devrait \u00eatre sanctionn\u00e9\u00bb, Alhousseiny Makan\u00e9ra Kak\u00e9. - UNIVERSNEWS224<\/title>\n<meta name=\"robots\" content=\"index, follow, max-snippet:-1, max-image-preview:large, max-video-preview:-1\" \/>\n<link rel=\"canonical\" href=\"https:\/\/universnews224.com\/index.php\/bisbille-entre-le-pm-et-charles-pour-le-respect-au-gouvernement-et-au-peuple-le-ministre-devrait-etre-sanctionne-alhousseiny-makanera-kake\/\" \/>\n<meta property=\"og:locale\" content=\"fr_FR\" \/>\n<meta property=\"og:type\" content=\"article\" \/>\n<meta property=\"og:title\" content=\"Bisbille entre le PM et Charles: \u00abPour le respect au gouvernement et au peuple, le ministre devrait \u00eatre sanctionn\u00e9\u00bb, Alhousseiny Makan\u00e9ra Kak\u00e9. - UNIVERSNEWS224\" \/>\n<meta property=\"og:description\" content=\"La sortie du ministre de la justice, garde des sceaux, mettant en garde le premier\" \/>\n<meta property=\"og:url\" content=\"https:\/\/universnews224.com\/index.php\/bisbille-entre-le-pm-et-charles-pour-le-respect-au-gouvernement-et-au-peuple-le-ministre-devrait-etre-sanctionne-alhousseiny-makanera-kake\/\" \/>\n<meta property=\"og:site_name\" content=\"UNIVERSNEWS224\" \/>\n<meta property=\"article:published_time\" content=\"2023-04-19T11:07:54+00:00\" \/>\n<meta property=\"og:image\" content=\"https:\/\/universnews224.com\/wp-content\/uploads\/2023\/04\/8CEBCF9D-FD2A-4FFB-A07D-84634445CF1D.jpeg\" \/>\n\t<meta property=\"og:image:width\" content=\"960\" \/>\n\t<meta property=\"og:image:height\" content=\"640\" \/>\n\t<meta property=\"og:image:type\" content=\"image\/jpeg\" \/>\n<meta name=\"author\" content=\"La R\u00e9daction\" \/>\n<meta name=\"twitter:label1\" content=\"\u00c9crit par\" \/>\n\t<meta name=\"twitter:data1\" content=\"La R\u00e9daction\" \/>\n\t<meta name=\"twitter:label2\" content=\"Dur\u00e9e de lecture estim\u00e9e\" \/>\n\t<meta name=\"twitter:data2\" content=\"3 minutes\" \/>\n<script type=\"application\/ld+json\" class=\"yoast-schema-graph\">{\"@context\":\"https:\/\/schema.org\",\"@graph\":[{\"@type\":\"Article\",\"@id\":\"https:\/\/universnews224.com\/index.php\/bisbille-entre-le-pm-et-charles-pour-le-respect-au-gouvernement-et-au-peuple-le-ministre-devrait-etre-sanctionne-alhousseiny-makanera-kake\/#article\",\"isPartOf\":{\"@id\":\"https:\/\/universnews224.com\/index.php\/bisbille-entre-le-pm-et-charles-pour-le-respect-au-gouvernement-et-au-peuple-le-ministre-devrait-etre-sanctionne-alhousseiny-makanera-kake\/\"},\"author\":{\"name\":\"La R\u00e9daction\",\"@id\":\"https:\/\/universnews224.com\/#\/schema\/person\/a4b7d4f94a4716df60456a491260485e\"},\"headline\":\"Bisbille entre le PM et Charles: \u00abPour le respect au gouvernement et au peuple, le ministre devrait \u00eatre sanctionn\u00e9\u00bb, Alhousseiny Makan\u00e9ra Kak\u00e9.\",\"datePublished\":\"2023-04-19T11:07:54+00:00\",\"dateModified\":\"2023-04-19T11:07:54+00:00\",\"mainEntityOfPage\":{\"@id\":\"https:\/\/universnews224.com\/index.php\/bisbille-entre-le-pm-et-charles-pour-le-respect-au-gouvernement-et-au-peuple-le-ministre-devrait-etre-sanctionne-alhousseiny-makanera-kake\/\"},\"wordCount\":510,\"publisher\":{\"@id\":\"https:\/\/universnews224.com\/#organization\"},\"keywords\":[\"La une\"],\"articleSection\":[\"ACTU\",\"POLITIQUE\"],\"inLanguage\":\"fr-FR\"},{\"@type\":\"WebPage\",\"@id\":\"https:\/\/universnews224.com\/index.php\/bisbille-entre-le-pm-et-charles-pour-le-respect-au-gouvernement-et-au-peuple-le-ministre-devrait-etre-sanctionne-alhousseiny-makanera-kake\/\",\"url\":\"https:\/\/universnews224.com\/index.php\/bisbille-entre-le-pm-et-charles-pour-le-respect-au-gouvernement-et-au-peuple-le-ministre-devrait-etre-sanctionne-alhousseiny-makanera-kake\/\",\"name\":\"Bisbille entre le PM et Charles: \u00abPour le respect au gouvernement et au peuple, le ministre devrait \u00eatre sanctionn\u00e9\u00bb, Alhousseiny Makan\u00e9ra Kak\u00e9. - UNIVERSNEWS224\",\"isPartOf\":{\"@id\":\"https:\/\/universnews224.com\/#website\"},\"datePublished\":\"2023-04-19T11:07:54+00:00\",\"dateModified\":\"2023-04-19T11:07:54+00:00\",\"inLanguage\":\"fr-FR\",\"potentialAction\":[{\"@type\":\"ReadAction\",\"target\":[\"https:\/\/universnews224.com\/index.php\/bisbille-entre-le-pm-et-charles-pour-le-respect-au-gouvernement-et-au-peuple-le-ministre-devrait-etre-sanctionne-alhousseiny-makanera-kake\/\"]}]},{\"@type\":\"WebSite\",\"@id\":\"https:\/\/universnews224.com\/#website\",\"url\":\"https:\/\/universnews224.com\/\",\"name\":\"UNIVERSNEWS224\",\"description\":\"\",\"publisher\":{\"@id\":\"https:\/\/universnews224.com\/#organization\"},\"potentialAction\":[{\"@type\":\"SearchAction\",\"target\":{\"@type\":\"EntryPoint\",\"urlTemplate\":\"https:\/\/universnews224.com\/?s={search_term_string}\"},\"query-input\":\"required name=search_term_string\"}],\"inLanguage\":\"fr-FR\"},{\"@type\":\"Organization\",\"@id\":\"https:\/\/universnews224.com\/#organization\",\"name\":\"UNIVERSNEWS224\",\"url\":\"https:\/\/universnews224.com\/\",\"logo\":{\"@type\":\"ImageObject\",\"inLanguage\":\"fr-FR\",\"@id\":\"https:\/\/universnews224.com\/#\/schema\/logo\/image\/\",\"url\":\"https:\/\/universnews224.com\/wp-content\/uploads\/2022\/08\/cropped-cropped-logoban.jpg\",\"contentUrl\":\"https:\/\/universnews224.com\/wp-content\/uploads\/2022\/08\/cropped-cropped-logoban.jpg\",\"width\":1080,\"height\":138,\"caption\":\"UNIVERSNEWS224\"},\"image\":{\"@id\":\"https:\/\/universnews224.com\/#\/schema\/logo\/image\/\"}},{\"@type\":\"Person\",\"@id\":\"https:\/\/universnews224.com\/#\/schema\/person\/a4b7d4f94a4716df60456a491260485e\",\"name\":\"La R\u00e9daction\",\"image\":{\"@type\":\"ImageObject\",\"inLanguage\":\"fr-FR\",\"@id\":\"https:\/\/universnews224.com\/#\/schema\/person\/image\/\",\"url\":\"https:\/\/secure.gravatar.com\/avatar\/edb90acc7752b23e1b3307ad36c14f0d?s=96&d=mm&r=g\",\"contentUrl\":\"https:\/\/secure.gravatar.com\/avatar\/edb90acc7752b23e1b3307ad36c14f0d?s=96&d=mm&r=g\",\"caption\":\"La R\u00e9daction\"},\"sameAs\":[\"https:\/\/universnews224.com\"],\"url\":\"https:\/\/universnews224.com\/index.php\/author\/m-camara\/\"}]}<\/script>\n<!-- \/ Yoast SEO plugin. -->","yoast_head_json":{"title":"Bisbille entre le PM et Charles: \u00abPour le respect au gouvernement et au peuple, le ministre devrait \u00eatre sanctionn\u00e9\u00bb, Alhousseiny Makan\u00e9ra Kak\u00e9. - UNIVERSNEWS224","robots":{"index":"index","follow":"follow","max-snippet":"max-snippet:-1","max-image-preview":"max-image-preview:large","max-video-preview":"max-video-preview:-1"},"canonical":"https:\/\/universnews224.com\/index.php\/bisbille-entre-le-pm-et-charles-pour-le-respect-au-gouvernement-et-au-peuple-le-ministre-devrait-etre-sanctionne-alhousseiny-makanera-kake\/","og_locale":"fr_FR","og_type":"article","og_title":"Bisbille entre le PM et Charles: \u00abPour le respect au gouvernement et au peuple, le ministre devrait \u00eatre sanctionn\u00e9\u00bb, Alhousseiny Makan\u00e9ra Kak\u00e9. - UNIVERSNEWS224","og_description":"La sortie du ministre de la justice, garde des sceaux, mettant en garde le premier","og_url":"https:\/\/universnews224.com\/index.php\/bisbille-entre-le-pm-et-charles-pour-le-respect-au-gouvernement-et-au-peuple-le-ministre-devrait-etre-sanctionne-alhousseiny-makanera-kake\/","og_site_name":"UNIVERSNEWS224","article_published_time":"2023-04-19T11:07:54+00:00","og_image":[{"width":960,"height":640,"url":"https:\/\/universnews224.com\/wp-content\/uploads\/2023\/04\/8CEBCF9D-FD2A-4FFB-A07D-84634445CF1D.jpeg","type":"image\/jpeg"}],"author":"La R\u00e9daction","twitter_misc":{"\u00c9crit par":"La R\u00e9daction","Dur\u00e9e de lecture estim\u00e9e":"3 minutes"},"schema":{"@context":"https:\/\/schema.org","@graph":[{"@type":"Article","@id":"https:\/\/universnews224.com\/index.php\/bisbille-entre-le-pm-et-charles-pour-le-respect-au-gouvernement-et-au-peuple-le-ministre-devrait-etre-sanctionne-alhousseiny-makanera-kake\/#article","isPartOf":{"@id":"https:\/\/universnews224.com\/index.php\/bisbille-entre-le-pm-et-charles-pour-le-respect-au-gouvernement-et-au-peuple-le-ministre-devrait-etre-sanctionne-alhousseiny-makanera-kake\/"},"author":{"name":"La R\u00e9daction","@id":"https:\/\/universnews224.com\/#\/schema\/person\/a4b7d4f94a4716df60456a491260485e"},"headline":"Bisbille entre le PM et Charles: \u00abPour le respect au gouvernement et au peuple, le ministre devrait \u00eatre sanctionn\u00e9\u00bb, Alhousseiny Makan\u00e9ra Kak\u00e9.","datePublished":"2023-04-19T11:07:54+00:00","dateModified":"2023-04-19T11:07:54+00:00","mainEntityOfPage":{"@id":"https:\/\/universnews224.com\/index.php\/bisbille-entre-le-pm-et-charles-pour-le-respect-au-gouvernement-et-au-peuple-le-ministre-devrait-etre-sanctionne-alhousseiny-makanera-kake\/"},"wordCount":510,"publisher":{"@id":"https:\/\/universnews224.com\/#organization"},"keywords":["La une"],"articleSection":["ACTU","POLITIQUE"],"inLanguage":"fr-FR"},{"@type":"WebPage","@id":"https:\/\/universnews224.com\/index.php\/bisbille-entre-le-pm-et-charles-pour-le-respect-au-gouvernement-et-au-peuple-le-ministre-devrait-etre-sanctionne-alhousseiny-makanera-kake\/","url":"https:\/\/universnews224.com\/index.php\/bisbille-entre-le-pm-et-charles-pour-le-respect-au-gouvernement-et-au-peuple-le-ministre-devrait-etre-sanctionne-alhousseiny-makanera-kake\/","name":"Bisbille entre le PM et Charles: \u00abPour le respect au gouvernement et au peuple, le ministre devrait \u00eatre sanctionn\u00e9\u00bb, Alhousseiny Makan\u00e9ra Kak\u00e9. - UNIVERSNEWS224","isPartOf":{"@id":"https:\/\/universnews224.com\/#website"},"datePublished":"2023-04-19T11:07:54+00:00","dateModified":"2023-04-19T11:07:54+00:00","inLanguage":"fr-FR","potentialAction":[{"@type":"ReadAction","target":["https:\/\/universnews224.com\/index.php\/bisbille-entre-le-pm-et-charles-pour-le-respect-au-gouvernement-et-au-peuple-le-ministre-devrait-etre-sanctionne-alhousseiny-makanera-kake\/"]}]},{"@type":"WebSite","@id":"https:\/\/universnews224.com\/#website","url":"https:\/\/universnews224.com\/","name":"UNIVERSNEWS224","description":"","publisher":{"@id":"https:\/\/universnews224.com\/#organization"},"potentialAction":[{"@type":"SearchAction","target":{"@type":"EntryPoint","urlTemplate":"https:\/\/universnews224.com\/?s={search_term_string}"},"query-input":"required name=search_term_string"}],"inLanguage":"fr-FR"},{"@type":"Organization","@id":"https:\/\/universnews224.com\/#organization","name":"UNIVERSNEWS224","url":"https:\/\/universnews224.com\/","logo":{"@type":"ImageObject","inLanguage":"fr-FR","@id":"https:\/\/universnews224.com\/#\/schema\/logo\/image\/","url":"https:\/\/universnews224.com\/wp-content\/uploads\/2022\/08\/cropped-cropped-logoban.jpg","contentUrl":"https:\/\/universnews224.com\/wp-content\/uploads\/2022\/08\/cropped-cropped-logoban.jpg","width":1080,"height":138,"caption":"UNIVERSNEWS224"},"image":{"@id":"https:\/\/universnews224.com\/#\/schema\/logo\/image\/"}},{"@type":"Person","@id":"https:\/\/universnews224.com\/#\/schema\/person\/a4b7d4f94a4716df60456a491260485e","name":"La R\u00e9daction","image":{"@type":"ImageObject","inLanguage":"fr-FR","@id":"https:\/\/universnews224.com\/#\/schema\/person\/image\/","url":"https:\/\/secure.gravatar.com\/avatar\/edb90acc7752b23e1b3307ad36c14f0d?s=96&d=mm&r=g","contentUrl":"https:\/\/secure.gravatar.com\/avatar\/edb90acc7752b23e1b3307ad36c14f0d?s=96&d=mm&r=g","caption":"La R\u00e9daction"},"sameAs":["https:\/\/universnews224.com"],"url":"https:\/\/universnews224.com\/index.php\/author\/m-camara\/"}]}},"_links":{"self":[{"href":"https:\/\/universnews224.com\/index.php\/wp-json\/wp\/v2\/posts\/3394"}],"collection":[{"href":"https:\/\/universnews224.com\/index.php\/wp-json\/wp\/v2\/posts"}],"about":[{"href":"https:\/\/universnews224.com\/index.php\/wp-json\/wp\/v2\/types\/post"}],"author":[{"embeddable":true,"href":"https:\/\/universnews224.com\/index.php\/wp-json\/wp\/v2\/users\/2"}],"replies":[{"embeddable":true,"href":"https:\/\/universnews224.com\/index.php\/wp-json\/wp\/v2\/comments?post=3394"}],"version-history":[{"count":1,"href":"https:\/\/universnews224.com\/index.php\/wp-json\/wp\/v2\/posts\/3394\/revisions"}],"predecessor-version":[{"id":3396,"href":"https:\/\/universnews224.com\/index.php\/wp-json\/wp\/v2\/posts\/3394\/revisions\/3396"}],"wp:featuredmedia":[{"embeddable":true,"href":"https:\/\/universnews224.com\/index.php\/wp-json\/wp\/v2\/media\/3395"}],"wp:attachment":[{"href":"https:\/\/universnews224.com\/index.php\/wp-json\/wp\/v2\/media?parent=3394"}],"wp:term":[{"taxonomy":"category","embeddable":true,"href":"https:\/\/universnews224.com\/index.php\/wp-json\/wp\/v2\/categories?post=3394"},{"taxonomy":"post_tag","embeddable":true,"href":"https:\/\/universnews224.com\/index.php\/wp-json\/wp\/v2\/tags?post=3394"}],"curies":[{"name":"wp","href":"https:\/\/api.w.org\/{rel}","templated":true}]}}