{"id":3403,"date":"2023-04-20T22:34:24","date_gmt":"2023-04-20T21:34:24","guid":{"rendered":"https:\/\/universnews224.com\/?p=3403"},"modified":"2023-04-20T22:34:24","modified_gmt":"2023-04-20T21:34:24","slug":"mamadouba-toss-sur-lorigine-de-lincendie-au-marche-de-matoto-je-me-pose-la-meme-question-que-vous-qui-a-mis-le-feu-qui-est-a-la-base","status":"publish","type":"post","link":"https:\/\/universnews224.com\/index.php\/mamadouba-toss-sur-lorigine-de-lincendie-au-marche-de-matoto-je-me-pose-la-meme-question-que-vous-qui-a-mis-le-feu-qui-est-a-la-base\/","title":{"rendered":"Mamadouba Toss sur l\u2019origine de l\u2019incendie au march\u00e9 de Matoto: \u00abJe me pose la m\u00eame question que vous , qui a mis le feu, qui est \u00e0 la base?\u00bb"},"content":{"rendered":"<p class=\"p1\">Une partie du grand march\u00e9 de Matoto a \u00e9t\u00e9 ravag\u00e9e par un incendie ce jeudi, 20 avril 2023. M\u00eame pour le moment, on ne conna\u00eet pas avec exactitude l\u2019origine de ses flammes, mais beaucoup de victimes pointent du doigt aux agents de police qu\u2019elles accusent d\u2019avoir mis d\u00e9lib\u00e9r\u00e9ment le feu \u00e0 leurs boutiques.<\/p>\n<p class=\"p1\"><span class=\"s1\">Joint au t\u00e9l\u00e9phone par nos confr\u00e8res de la radio Espace Fm dans l\u2019\u00e9mission les Grandes Gueules, Mamadouba Toss Camara, maire de la commune de Matoto reconna\u00eet effectivement qu\u2019il avait une op\u00e9ration de d\u00e9guerpissement en cours dans la nuit du mercredi \u00e0 jeudi. <\/span><\/p>\n<p class=\"p1\"><span class=\"s1\">\u00ab\u2026.\u00c7a fait plus d\u2019une semaine que j\u2019ai constat\u00e9 que les femmes viennent s\u2019asseoir sur le trottoir au niveau du rond-point de Matoto. Et quand j\u2019ai \u00e9t\u00e9 interpell\u00e9 par l\u2019administration du march\u00e9, j\u2019ai demand\u00e9 aux responsables des gardes communaux, de venir d\u00e9gager toutes ces femmes. Moi-m\u00eame je suis all\u00e9 sur le terrain avec le commissariat central de la police et toute son \u00e9quipe. \u00c7a, ce n\u2019\u00e9tait pas une op\u00e9ration mixte, \u00e7a c\u2019\u00e9tait parce qu\u2019on<span class=\"Apple-converted-space\">\u00a0 <\/span>a vu que les femmes ont d\u00e9bord\u00e9. Maintenant, je suis all\u00e9, j\u2019ai dit toutes les femmes qui sont derri\u00e8re les murailles, on les laisse, mais toute personne qui sort hors du muraille, il faut les d\u00e9gager pour que<span class=\"Apple-converted-space\">\u00a0 <\/span>la circulation soit<span class=\"Apple-converted-space\">\u00a0 <\/span>fluide. Maintenant, quand j\u2019ai quitt\u00e9 les gardes communaux ont \u00e9t\u00e9 pour ramasser les tables sur le trottoir qu\u2019ils ont envoy\u00e9 dans la cour de la commune. Les femmes sont venues me voir, je dis personne va s\u2019asseoir entre deux routes, c\u2019est formellement interdit. J\u2019ai appel\u00e9 le commissariat central, je lui ai donn\u00e9 cette instruction. Entre-temps, on m\u2019appelle en disant que les femmes commencent \u00e0 venir. Ce jour-l\u00e0, je suis all\u00e9 au gouvernorat, la Gouverneure m\u2019a interpell\u00e9 sur le sujet, qu\u2019on dise que le plus souvent que c\u2019est le maire qui les envoie. Je l\u2019ai dit non ce n\u2019est pas moi. J\u2019ai dit, vous pouvez appeler tous les agents du commissariat central de matoto, ils n\u2019ont qu\u2019\u00e0 venir, vous allez demander, qui ordonne? Normalement, quand je donne des instructions, je ne dois pas sortir de mon bureau pour aller les ex\u00e9cuter. Quand je donne des instructions, il faut respecter mes instructions. J\u2019ai dit que j\u2019ai \u00e9t\u00e9 cat\u00e9gorique, personne ne doit s\u2019asseoir l\u00e0-bas\u00bb a t-il racont\u00e9 et de poursuivre: <\/span><\/p>\n<p class=\"p1\"><span class=\"s1\">\u00abDonc, hier quelqu\u2019un m\u2019appelle qu\u2019il y a une \u00e9mission des grandes gueules sur le m\u00eame sujet. J\u2019ai appel\u00e9 le commissariat central, je lui a dit que je comprends pas comment \u00e7a se passe. Il me dit, on a entendu, de toutes les fa\u00e7ons, on va prendre notre disposition. Entretemps, j\u2019avais appel\u00e9 le directeur g\u00e9n\u00e9ral de la police pour lui expliquer la situation. On est rest\u00e9 sur \u00e7a, j\u2019\u00e9tais \u00e0 l\u2019ambassade des \u00c9tats Unis, quand je quittait, j\u2019ai appel\u00e9 4 fois le commissariat central \u00e0 une r\u00e9union pour qu\u2019il vienne pour s\u2019asseoir afin de trouver une solution pour ne pas que ces femmes ne reviennent sur la route. Il n\u2019a pas pris mes appels, j\u2019ai directement appel\u00e9 le directeur r\u00e9gional de la police qui m\u2019a promis qu\u2019il va l\u2019appeler. Je dis en venant, dites au commissaire central de Gbessia de se joindre \u00e0 vous. Aussit\u00f4t que le commissaire centre de Gbessia est venu, le commissaire central de Matoto s\u2019est fait repr\u00e9sent\u00e9 par adjoint. J\u2019ai appel\u00e9 3 de mes conseillers, j\u2019ai appel\u00e9 l\u2019administrateur du march\u00e9 qui est venu. J\u2019ai pris une feuille, j\u2019ai fait le sch\u00e9ma. J\u2019ai dit ce que je ne comprends pas, les femmes derri\u00e8re les murailles, quand vous les enlevez l\u00e0-bas, certainement ils iront dans la rue. J\u2019ai dit ses murailles sont faits pour que les femmes envahissent les chauss\u00e9es. J\u2019ai dit pourquoi ces femmes sortent hors de murailles? Le commissaire de Gbessia a dit qu\u2019il va prendre des dispositions rapport \u00e7a. Il a dit qu\u2019il voudrait qu\u2019on aille sur le terrain pour constater par nous-m\u00eames Ainsi, j\u2019ai dit \u00e0 l\u2019\u00e9quipe de se transporter sur les lieux\u00bb a t-il pr\u00e9cis\u00e9. <\/span><\/p>\n<p class=\"p1\"><span class=\"s1\">Plus loin, le maire de la plus grande commune de Conakry a laiss\u00e9 entendre qu\u2019ils n\u2019ont jamais donn\u00e9 l\u2019ordre aux gardes communaux de mettre le feu aux tables. <\/span><\/p>\n<p class=\"p1\"><span class=\"s1\">\u00abLe soir j\u2019ai dit \u00e0 administrateur du march\u00e9, va voir le responsable des 30 gardes communaux de les mettre l\u00e0-bas jusqu\u2019au petit matin. \u00c0 2 heures d\u00e9j\u00e0, les gardes communaux \u00e9taient sur long du rond-point de Matoto. Maintenant, vers les 3 heures, on appelle qu\u2019il y a feu au niveau du march\u00e9 de Matoto. J\u2019ai dit quel feu! Parce que je n\u2019en revenais pas. Je suis venu, j\u2019ai vu que m\u00eame certaines tables qui \u00e9taient derri\u00e8re les murailles, on les a fait sortir devant les murailles, on a mis le feu. Pour le moment, je me pose la m\u00eame question que vous , qui a mis le feu, qui est \u00e0 la base? Pour le moment, je ne pourrai rien infirmer, ni confirmer. Ce sont les enqu\u00eates qui font essayer de situer la responsabilit\u00e9 des uns et des autres. Mais les op\u00e9rations qu\u2019on a habitude de faire, ce sont des op\u00e9rations mixtes; de la gendarmerie et de la police\u00bb a t-il not\u00e9<\/span><\/p>\n<p class=\"p1\"><span class=\"s1\">Camara Mamadouba<\/span><\/p>\n<p class=\"p1\"><span class=\"s1\">611 46 04 10 <\/span><\/p>\n","protected":false},"excerpt":{"rendered":"<p>Une partie du grand march\u00e9 de Matoto a \u00e9t\u00e9 ravag\u00e9e par un incendie ce jeudi,<\/p>\n","protected":false},"author":2,"featured_media":3404,"comment_status":"closed","ping_status":"open","sticky":false,"template":"","format":"standard","meta":[],"categories":[3,5],"tags":[229],"yoast_head":"<!-- This site is optimized with the Yoast SEO plugin v19.13 - https:\/\/yoast.com\/wordpress\/plugins\/seo\/ -->\n<title>Mamadouba Toss sur l\u2019origine de l\u2019incendie au march\u00e9 de Matoto: \u00abJe me pose la m\u00eame question que vous , qui a mis le feu, qui est \u00e0 la base?\u00bb - UNIVERSNEWS224<\/title>\n<meta name=\"robots\" content=\"index, follow, max-snippet:-1, max-image-preview:large, max-video-preview:-1\" \/>\n<link rel=\"canonical\" href=\"https:\/\/universnews224.com\/index.php\/mamadouba-toss-sur-lorigine-de-lincendie-au-marche-de-matoto-je-me-pose-la-meme-question-que-vous-qui-a-mis-le-feu-qui-est-a-la-base\/\" \/>\n<meta property=\"og:locale\" content=\"fr_FR\" \/>\n<meta property=\"og:type\" content=\"article\" \/>\n<meta property=\"og:title\" content=\"Mamadouba Toss sur l\u2019origine de l\u2019incendie au march\u00e9 de Matoto: \u00abJe me pose la m\u00eame question que vous , qui a mis le feu, qui est \u00e0 la base?\u00bb - UNIVERSNEWS224\" \/>\n<meta property=\"og:description\" content=\"Une partie du grand march\u00e9 de Matoto a \u00e9t\u00e9 ravag\u00e9e par un incendie ce jeudi,\" \/>\n<meta property=\"og:url\" content=\"https:\/\/universnews224.com\/index.php\/mamadouba-toss-sur-lorigine-de-lincendie-au-marche-de-matoto-je-me-pose-la-meme-question-que-vous-qui-a-mis-le-feu-qui-est-a-la-base\/\" \/>\n<meta property=\"og:site_name\" content=\"UNIVERSNEWS224\" \/>\n<meta property=\"article:published_time\" content=\"2023-04-20T21:34:24+00:00\" \/>\n<meta property=\"og:image\" content=\"https:\/\/universnews224.com\/wp-content\/uploads\/2023\/04\/2C67740C-3251-454C-B6AC-330AE87034BA.jpeg\" \/>\n\t<meta property=\"og:image:width\" content=\"663\" \/>\n\t<meta property=\"og:image:height\" content=\"554\" \/>\n\t<meta property=\"og:image:type\" content=\"image\/jpeg\" \/>\n<meta name=\"author\" content=\"La R\u00e9daction\" \/>\n<meta name=\"twitter:label1\" content=\"\u00c9crit par\" \/>\n\t<meta name=\"twitter:data1\" content=\"La R\u00e9daction\" \/>\n\t<meta name=\"twitter:label2\" content=\"Dur\u00e9e de lecture estim\u00e9e\" \/>\n\t<meta name=\"twitter:data2\" content=\"5 minutes\" \/>\n<script type=\"application\/ld+json\" class=\"yoast-schema-graph\">{\"@context\":\"https:\/\/schema.org\",\"@graph\":[{\"@type\":\"Article\",\"@id\":\"https:\/\/universnews224.com\/index.php\/mamadouba-toss-sur-lorigine-de-lincendie-au-marche-de-matoto-je-me-pose-la-meme-question-que-vous-qui-a-mis-le-feu-qui-est-a-la-base\/#article\",\"isPartOf\":{\"@id\":\"https:\/\/universnews224.com\/index.php\/mamadouba-toss-sur-lorigine-de-lincendie-au-marche-de-matoto-je-me-pose-la-meme-question-que-vous-qui-a-mis-le-feu-qui-est-a-la-base\/\"},\"author\":{\"name\":\"La R\u00e9daction\",\"@id\":\"https:\/\/universnews224.com\/#\/schema\/person\/a4b7d4f94a4716df60456a491260485e\"},\"headline\":\"Mamadouba Toss sur l\u2019origine de l\u2019incendie au march\u00e9 de Matoto: \u00abJe me pose la m\u00eame question que vous , qui a mis le feu, qui est \u00e0 la base?\u00bb\",\"datePublished\":\"2023-04-20T21:34:24+00:00\",\"dateModified\":\"2023-04-20T21:34:24+00:00\",\"mainEntityOfPage\":{\"@id\":\"https:\/\/universnews224.com\/index.php\/mamadouba-toss-sur-lorigine-de-lincendie-au-marche-de-matoto-je-me-pose-la-meme-question-que-vous-qui-a-mis-le-feu-qui-est-a-la-base\/\"},\"wordCount\":964,\"publisher\":{\"@id\":\"https:\/\/universnews224.com\/#organization\"},\"keywords\":[\"La une\"],\"articleSection\":[\"ACTU\",\"SOCI\u00c9T\u00c9\"],\"inLanguage\":\"fr-FR\"},{\"@type\":\"WebPage\",\"@id\":\"https:\/\/universnews224.com\/index.php\/mamadouba-toss-sur-lorigine-de-lincendie-au-marche-de-matoto-je-me-pose-la-meme-question-que-vous-qui-a-mis-le-feu-qui-est-a-la-base\/\",\"url\":\"https:\/\/universnews224.com\/index.php\/mamadouba-toss-sur-lorigine-de-lincendie-au-marche-de-matoto-je-me-pose-la-meme-question-que-vous-qui-a-mis-le-feu-qui-est-a-la-base\/\",\"name\":\"Mamadouba Toss sur l\u2019origine de l\u2019incendie au march\u00e9 de Matoto: \u00abJe me pose la m\u00eame question que vous , qui a mis le feu, qui est \u00e0 la base?\u00bb - UNIVERSNEWS224\",\"isPartOf\":{\"@id\":\"https:\/\/universnews224.com\/#website\"},\"datePublished\":\"2023-04-20T21:34:24+00:00\",\"dateModified\":\"2023-04-20T21:34:24+00:00\",\"inLanguage\":\"fr-FR\",\"potentialAction\":[{\"@type\":\"ReadAction\",\"target\":[\"https:\/\/universnews224.com\/index.php\/mamadouba-toss-sur-lorigine-de-lincendie-au-marche-de-matoto-je-me-pose-la-meme-question-que-vous-qui-a-mis-le-feu-qui-est-a-la-base\/\"]}]},{\"@type\":\"WebSite\",\"@id\":\"https:\/\/universnews224.com\/#website\",\"url\":\"https:\/\/universnews224.com\/\",\"name\":\"UNIVERSNEWS224\",\"description\":\"\",\"publisher\":{\"@id\":\"https:\/\/universnews224.com\/#organization\"},\"potentialAction\":[{\"@type\":\"SearchAction\",\"target\":{\"@type\":\"EntryPoint\",\"urlTemplate\":\"https:\/\/universnews224.com\/?s={search_term_string}\"},\"query-input\":\"required name=search_term_string\"}],\"inLanguage\":\"fr-FR\"},{\"@type\":\"Organization\",\"@id\":\"https:\/\/universnews224.com\/#organization\",\"name\":\"UNIVERSNEWS224\",\"url\":\"https:\/\/universnews224.com\/\",\"logo\":{\"@type\":\"ImageObject\",\"inLanguage\":\"fr-FR\",\"@id\":\"https:\/\/universnews224.com\/#\/schema\/logo\/image\/\",\"url\":\"https:\/\/universnews224.com\/wp-content\/uploads\/2022\/08\/cropped-cropped-logoban.jpg\",\"contentUrl\":\"https:\/\/universnews224.com\/wp-content\/uploads\/2022\/08\/cropped-cropped-logoban.jpg\",\"width\":1080,\"height\":138,\"caption\":\"UNIVERSNEWS224\"},\"image\":{\"@id\":\"https:\/\/universnews224.com\/#\/schema\/logo\/image\/\"}},{\"@type\":\"Person\",\"@id\":\"https:\/\/universnews224.com\/#\/schema\/person\/a4b7d4f94a4716df60456a491260485e\",\"name\":\"La R\u00e9daction\",\"image\":{\"@type\":\"ImageObject\",\"inLanguage\":\"fr-FR\",\"@id\":\"https:\/\/universnews224.com\/#\/schema\/person\/image\/\",\"url\":\"https:\/\/secure.gravatar.com\/avatar\/edb90acc7752b23e1b3307ad36c14f0d?s=96&d=mm&r=g\",\"contentUrl\":\"https:\/\/secure.gravatar.com\/avatar\/edb90acc7752b23e1b3307ad36c14f0d?s=96&d=mm&r=g\",\"caption\":\"La R\u00e9daction\"},\"sameAs\":[\"https:\/\/universnews224.com\"],\"url\":\"https:\/\/universnews224.com\/index.php\/author\/m-camara\/\"}]}<\/script>\n<!-- \/ Yoast SEO plugin. -->","yoast_head_json":{"title":"Mamadouba Toss sur l\u2019origine de l\u2019incendie au march\u00e9 de Matoto: \u00abJe me pose la m\u00eame question que vous , qui a mis le feu, qui est \u00e0 la base?\u00bb - UNIVERSNEWS224","robots":{"index":"index","follow":"follow","max-snippet":"max-snippet:-1","max-image-preview":"max-image-preview:large","max-video-preview":"max-video-preview:-1"},"canonical":"https:\/\/universnews224.com\/index.php\/mamadouba-toss-sur-lorigine-de-lincendie-au-marche-de-matoto-je-me-pose-la-meme-question-que-vous-qui-a-mis-le-feu-qui-est-a-la-base\/","og_locale":"fr_FR","og_type":"article","og_title":"Mamadouba Toss sur l\u2019origine de l\u2019incendie au march\u00e9 de Matoto: \u00abJe me pose la m\u00eame question que vous , qui a mis le feu, qui est \u00e0 la base?\u00bb - UNIVERSNEWS224","og_description":"Une partie du grand march\u00e9 de Matoto a \u00e9t\u00e9 ravag\u00e9e par un incendie ce jeudi,","og_url":"https:\/\/universnews224.com\/index.php\/mamadouba-toss-sur-lorigine-de-lincendie-au-marche-de-matoto-je-me-pose-la-meme-question-que-vous-qui-a-mis-le-feu-qui-est-a-la-base\/","og_site_name":"UNIVERSNEWS224","article_published_time":"2023-04-20T21:34:24+00:00","og_image":[{"width":663,"height":554,"url":"https:\/\/universnews224.com\/wp-content\/uploads\/2023\/04\/2C67740C-3251-454C-B6AC-330AE87034BA.jpeg","type":"image\/jpeg"}],"author":"La R\u00e9daction","twitter_misc":{"\u00c9crit par":"La R\u00e9daction","Dur\u00e9e de lecture estim\u00e9e":"5 minutes"},"schema":{"@context":"https:\/\/schema.org","@graph":[{"@type":"Article","@id":"https:\/\/universnews224.com\/index.php\/mamadouba-toss-sur-lorigine-de-lincendie-au-marche-de-matoto-je-me-pose-la-meme-question-que-vous-qui-a-mis-le-feu-qui-est-a-la-base\/#article","isPartOf":{"@id":"https:\/\/universnews224.com\/index.php\/mamadouba-toss-sur-lorigine-de-lincendie-au-marche-de-matoto-je-me-pose-la-meme-question-que-vous-qui-a-mis-le-feu-qui-est-a-la-base\/"},"author":{"name":"La R\u00e9daction","@id":"https:\/\/universnews224.com\/#\/schema\/person\/a4b7d4f94a4716df60456a491260485e"},"headline":"Mamadouba Toss sur l\u2019origine de l\u2019incendie au march\u00e9 de Matoto: \u00abJe me pose la m\u00eame question que vous , qui a mis le feu, qui est \u00e0 la base?\u00bb","datePublished":"2023-04-20T21:34:24+00:00","dateModified":"2023-04-20T21:34:24+00:00","mainEntityOfPage":{"@id":"https:\/\/universnews224.com\/index.php\/mamadouba-toss-sur-lorigine-de-lincendie-au-marche-de-matoto-je-me-pose-la-meme-question-que-vous-qui-a-mis-le-feu-qui-est-a-la-base\/"},"wordCount":964,"publisher":{"@id":"https:\/\/universnews224.com\/#organization"},"keywords":["La une"],"articleSection":["ACTU","SOCI\u00c9T\u00c9"],"inLanguage":"fr-FR"},{"@type":"WebPage","@id":"https:\/\/universnews224.com\/index.php\/mamadouba-toss-sur-lorigine-de-lincendie-au-marche-de-matoto-je-me-pose-la-meme-question-que-vous-qui-a-mis-le-feu-qui-est-a-la-base\/","url":"https:\/\/universnews224.com\/index.php\/mamadouba-toss-sur-lorigine-de-lincendie-au-marche-de-matoto-je-me-pose-la-meme-question-que-vous-qui-a-mis-le-feu-qui-est-a-la-base\/","name":"Mamadouba Toss sur l\u2019origine de l\u2019incendie au march\u00e9 de Matoto: \u00abJe me pose la m\u00eame question que vous , qui a mis le feu, qui est \u00e0 la base?\u00bb - UNIVERSNEWS224","isPartOf":{"@id":"https:\/\/universnews224.com\/#website"},"datePublished":"2023-04-20T21:34:24+00:00","dateModified":"2023-04-20T21:34:24+00:00","inLanguage":"fr-FR","potentialAction":[{"@type":"ReadAction","target":["https:\/\/universnews224.com\/index.php\/mamadouba-toss-sur-lorigine-de-lincendie-au-marche-de-matoto-je-me-pose-la-meme-question-que-vous-qui-a-mis-le-feu-qui-est-a-la-base\/"]}]},{"@type":"WebSite","@id":"https:\/\/universnews224.com\/#website","url":"https:\/\/universnews224.com\/","name":"UNIVERSNEWS224","description":"","publisher":{"@id":"https:\/\/universnews224.com\/#organization"},"potentialAction":[{"@type":"SearchAction","target":{"@type":"EntryPoint","urlTemplate":"https:\/\/universnews224.com\/?s={search_term_string}"},"query-input":"required name=search_term_string"}],"inLanguage":"fr-FR"},{"@type":"Organization","@id":"https:\/\/universnews224.com\/#organization","name":"UNIVERSNEWS224","url":"https:\/\/universnews224.com\/","logo":{"@type":"ImageObject","inLanguage":"fr-FR","@id":"https:\/\/universnews224.com\/#\/schema\/logo\/image\/","url":"https:\/\/universnews224.com\/wp-content\/uploads\/2022\/08\/cropped-cropped-logoban.jpg","contentUrl":"https:\/\/universnews224.com\/wp-content\/uploads\/2022\/08\/cropped-cropped-logoban.jpg","width":1080,"height":138,"caption":"UNIVERSNEWS224"},"image":{"@id":"https:\/\/universnews224.com\/#\/schema\/logo\/image\/"}},{"@type":"Person","@id":"https:\/\/universnews224.com\/#\/schema\/person\/a4b7d4f94a4716df60456a491260485e","name":"La R\u00e9daction","image":{"@type":"ImageObject","inLanguage":"fr-FR","@id":"https:\/\/universnews224.com\/#\/schema\/person\/image\/","url":"https:\/\/secure.gravatar.com\/avatar\/edb90acc7752b23e1b3307ad36c14f0d?s=96&d=mm&r=g","contentUrl":"https:\/\/secure.gravatar.com\/avatar\/edb90acc7752b23e1b3307ad36c14f0d?s=96&d=mm&r=g","caption":"La R\u00e9daction"},"sameAs":["https:\/\/universnews224.com"],"url":"https:\/\/universnews224.com\/index.php\/author\/m-camara\/"}]}},"_links":{"self":[{"href":"https:\/\/universnews224.com\/index.php\/wp-json\/wp\/v2\/posts\/3403"}],"collection":[{"href":"https:\/\/universnews224.com\/index.php\/wp-json\/wp\/v2\/posts"}],"about":[{"href":"https:\/\/universnews224.com\/index.php\/wp-json\/wp\/v2\/types\/post"}],"author":[{"embeddable":true,"href":"https:\/\/universnews224.com\/index.php\/wp-json\/wp\/v2\/users\/2"}],"replies":[{"embeddable":true,"href":"https:\/\/universnews224.com\/index.php\/wp-json\/wp\/v2\/comments?post=3403"}],"version-history":[{"count":1,"href":"https:\/\/universnews224.com\/index.php\/wp-json\/wp\/v2\/posts\/3403\/revisions"}],"predecessor-version":[{"id":3405,"href":"https:\/\/universnews224.com\/index.php\/wp-json\/wp\/v2\/posts\/3403\/revisions\/3405"}],"wp:featuredmedia":[{"embeddable":true,"href":"https:\/\/universnews224.com\/index.php\/wp-json\/wp\/v2\/media\/3404"}],"wp:attachment":[{"href":"https:\/\/universnews224.com\/index.php\/wp-json\/wp\/v2\/media?parent=3403"}],"wp:term":[{"taxonomy":"category","embeddable":true,"href":"https:\/\/universnews224.com\/index.php\/wp-json\/wp\/v2\/categories?post=3403"},{"taxonomy":"post_tag","embeddable":true,"href":"https:\/\/universnews224.com\/index.php\/wp-json\/wp\/v2\/tags?post=3403"}],"curies":[{"name":"wp","href":"https:\/\/api.w.org\/{rel}","templated":true}]}}