{"id":3407,"date":"2023-04-20T22:46:39","date_gmt":"2023-04-20T21:46:39","guid":{"rendered":"https:\/\/universnews224.com\/?p=3407"},"modified":"2023-04-20T22:46:39","modified_gmt":"2023-04-20T21:46:39","slug":"fete-de-laid-el-fitr-colonel-mamadi-doumbouya-a-choisi-labe-pour-effectuer-la-priere","status":"publish","type":"post","link":"https:\/\/universnews224.com\/index.php\/fete-de-laid-el-fitr-colonel-mamadi-doumbouya-a-choisi-labe-pour-effectuer-la-priere\/","title":{"rendered":"F\u00eate de l\u2019Aid-el-Fitr : colonel Mamadi Doumbouya a choisi Lab\u00e9 pour effectuer la pri\u00e8re"},"content":{"rendered":"<p>Le colonel Mamadi Doumbouya effectuera la pri\u00e8re de la f\u00eate de Ramadan dans la cit\u00e9 de Karamoko Alpha mo Lab\u00e9.<\/p>\n<p>Le pr\u00e9sident de la transition est arriv\u00e9e peu avant 19 heures \u00e0 bord d\u2019un h\u00e9licopt\u00e8re qui a atterri au tarmac de l\u2019a\u00e9rodrome de Lab\u00e9.<\/p>\n<p>Le ministre de l\u2019administration du territoire et de la d\u00e9centralisation, Mory Cond\u00e9 et le haut commandant de la Gendarmerie nationale, colonel Bala Samoura ont \u00e9t\u00e9 les premiers \u00e0 arriver sur les lieux pour superviser les travaux de r\u00e9novation des villas Sily et le bitumage de la zone.<\/p>\n<p><strong>Mosaiqueguinee.com<\/strong><\/p>\n","protected":false},"excerpt":{"rendered":"<p>Le colonel Mamadi Doumbouya effectuera la pri\u00e8re de la f\u00eate de Ramadan dans la cit\u00e9<\/p>\n","protected":false},"author":2,"featured_media":3408,"comment_status":"closed","ping_status":"open","sticky":false,"template":"","format":"standard","meta":[],"categories":[3,4],"tags":[229],"yoast_head":"<!-- This site is optimized with the Yoast SEO plugin v19.13 - https:\/\/yoast.com\/wordpress\/plugins\/seo\/ -->\n<title>F\u00eate de l\u2019Aid-el-Fitr : colonel Mamadi Doumbouya a choisi Lab\u00e9 pour effectuer la pri\u00e8re - UNIVERSNEWS224<\/title>\n<meta name=\"robots\" content=\"index, follow, max-snippet:-1, max-image-preview:large, max-video-preview:-1\" \/>\n<link rel=\"canonical\" href=\"https:\/\/universnews224.com\/index.php\/fete-de-laid-el-fitr-colonel-mamadi-doumbouya-a-choisi-labe-pour-effectuer-la-priere\/\" \/>\n<meta property=\"og:locale\" content=\"fr_FR\" \/>\n<meta property=\"og:type\" content=\"article\" \/>\n<meta property=\"og:title\" content=\"F\u00eate de l\u2019Aid-el-Fitr : colonel Mamadi Doumbouya a choisi Lab\u00e9 pour effectuer la pri\u00e8re - UNIVERSNEWS224\" \/>\n<meta property=\"og:description\" content=\"Le colonel Mamadi Doumbouya effectuera la pri\u00e8re de la f\u00eate de Ramadan dans la cit\u00e9\" \/>\n<meta property=\"og:url\" content=\"https:\/\/universnews224.com\/index.php\/fete-de-laid-el-fitr-colonel-mamadi-doumbouya-a-choisi-labe-pour-effectuer-la-priere\/\" \/>\n<meta property=\"og:site_name\" content=\"UNIVERSNEWS224\" \/>\n<meta property=\"article:published_time\" content=\"2023-04-20T21:46:39+00:00\" \/>\n<meta property=\"og:image\" content=\"https:\/\/universnews224.com\/wp-content\/uploads\/2023\/04\/08119A11-5C54-431C-ACDF-DA43D54E235A.jpeg\" \/>\n\t<meta property=\"og:image:width\" content=\"750\" \/>\n\t<meta property=\"og:image:height\" content=\"536\" \/>\n\t<meta property=\"og:image:type\" content=\"image\/jpeg\" \/>\n<meta name=\"author\" content=\"La R\u00e9daction\" \/>\n<meta name=\"twitter:label1\" content=\"\u00c9crit par\" \/>\n\t<meta name=\"twitter:data1\" content=\"La R\u00e9daction\" \/>\n\t<meta name=\"twitter:label2\" content=\"Dur\u00e9e de lecture estim\u00e9e\" \/>\n\t<meta name=\"twitter:data2\" content=\"1 minute\" \/>\n<script type=\"application\/ld+json\" class=\"yoast-schema-graph\">{\"@context\":\"https:\/\/schema.org\",\"@graph\":[{\"@type\":\"Article\",\"@id\":\"https:\/\/universnews224.com\/index.php\/fete-de-laid-el-fitr-colonel-mamadi-doumbouya-a-choisi-labe-pour-effectuer-la-priere\/#article\",\"isPartOf\":{\"@id\":\"https:\/\/universnews224.com\/index.php\/fete-de-laid-el-fitr-colonel-mamadi-doumbouya-a-choisi-labe-pour-effectuer-la-priere\/\"},\"author\":{\"name\":\"La R\u00e9daction\",\"@id\":\"https:\/\/universnews224.com\/#\/schema\/person\/a4b7d4f94a4716df60456a491260485e\"},\"headline\":\"F\u00eate de l\u2019Aid-el-Fitr : colonel Mamadi Doumbouya a choisi Lab\u00e9 pour effectuer la pri\u00e8re\",\"datePublished\":\"2023-04-20T21:46:39+00:00\",\"dateModified\":\"2023-04-20T21:46:39+00:00\",\"mainEntityOfPage\":{\"@id\":\"https:\/\/universnews224.com\/index.php\/fete-de-laid-el-fitr-colonel-mamadi-doumbouya-a-choisi-labe-pour-effectuer-la-priere\/\"},\"wordCount\":118,\"publisher\":{\"@id\":\"https:\/\/universnews224.com\/#organization\"},\"keywords\":[\"La une\"],\"articleSection\":[\"ACTU\",\"POLITIQUE\"],\"inLanguage\":\"fr-FR\"},{\"@type\":\"WebPage\",\"@id\":\"https:\/\/universnews224.com\/index.php\/fete-de-laid-el-fitr-colonel-mamadi-doumbouya-a-choisi-labe-pour-effectuer-la-priere\/\",\"url\":\"https:\/\/universnews224.com\/index.php\/fete-de-laid-el-fitr-colonel-mamadi-doumbouya-a-choisi-labe-pour-effectuer-la-priere\/\",\"name\":\"F\u00eate de l\u2019Aid-el-Fitr : colonel Mamadi Doumbouya a choisi Lab\u00e9 pour effectuer la pri\u00e8re - UNIVERSNEWS224\",\"isPartOf\":{\"@id\":\"https:\/\/universnews224.com\/#website\"},\"datePublished\":\"2023-04-20T21:46:39+00:00\",\"dateModified\":\"2023-04-20T21:46:39+00:00\",\"inLanguage\":\"fr-FR\",\"potentialAction\":[{\"@type\":\"ReadAction\",\"target\":[\"https:\/\/universnews224.com\/index.php\/fete-de-laid-el-fitr-colonel-mamadi-doumbouya-a-choisi-labe-pour-effectuer-la-priere\/\"]}]},{\"@type\":\"WebSite\",\"@id\":\"https:\/\/universnews224.com\/#website\",\"url\":\"https:\/\/universnews224.com\/\",\"name\":\"UNIVERSNEWS224\",\"description\":\"\",\"publisher\":{\"@id\":\"https:\/\/universnews224.com\/#organization\"},\"potentialAction\":[{\"@type\":\"SearchAction\",\"target\":{\"@type\":\"EntryPoint\",\"urlTemplate\":\"https:\/\/universnews224.com\/?s={search_term_string}\"},\"query-input\":\"required name=search_term_string\"}],\"inLanguage\":\"fr-FR\"},{\"@type\":\"Organization\",\"@id\":\"https:\/\/universnews224.com\/#organization\",\"name\":\"UNIVERSNEWS224\",\"url\":\"https:\/\/universnews224.com\/\",\"logo\":{\"@type\":\"ImageObject\",\"inLanguage\":\"fr-FR\",\"@id\":\"https:\/\/universnews224.com\/#\/schema\/logo\/image\/\",\"url\":\"https:\/\/universnews224.com\/wp-content\/uploads\/2022\/08\/cropped-cropped-logoban.jpg\",\"contentUrl\":\"https:\/\/universnews224.com\/wp-content\/uploads\/2022\/08\/cropped-cropped-logoban.jpg\",\"width\":1080,\"height\":138,\"caption\":\"UNIVERSNEWS224\"},\"image\":{\"@id\":\"https:\/\/universnews224.com\/#\/schema\/logo\/image\/\"}},{\"@type\":\"Person\",\"@id\":\"https:\/\/universnews224.com\/#\/schema\/person\/a4b7d4f94a4716df60456a491260485e\",\"name\":\"La R\u00e9daction\",\"image\":{\"@type\":\"ImageObject\",\"inLanguage\":\"fr-FR\",\"@id\":\"https:\/\/universnews224.com\/#\/schema\/person\/image\/\",\"url\":\"https:\/\/secure.gravatar.com\/avatar\/edb90acc7752b23e1b3307ad36c14f0d?s=96&d=mm&r=g\",\"contentUrl\":\"https:\/\/secure.gravatar.com\/avatar\/edb90acc7752b23e1b3307ad36c14f0d?s=96&d=mm&r=g\",\"caption\":\"La R\u00e9daction\"},\"sameAs\":[\"https:\/\/universnews224.com\"],\"url\":\"https:\/\/universnews224.com\/index.php\/author\/m-camara\/\"}]}<\/script>\n<!-- \/ Yoast SEO plugin. -->","yoast_head_json":{"title":"F\u00eate de l\u2019Aid-el-Fitr : colonel Mamadi Doumbouya a choisi Lab\u00e9 pour effectuer la pri\u00e8re - UNIVERSNEWS224","robots":{"index":"index","follow":"follow","max-snippet":"max-snippet:-1","max-image-preview":"max-image-preview:large","max-video-preview":"max-video-preview:-1"},"canonical":"https:\/\/universnews224.com\/index.php\/fete-de-laid-el-fitr-colonel-mamadi-doumbouya-a-choisi-labe-pour-effectuer-la-priere\/","og_locale":"fr_FR","og_type":"article","og_title":"F\u00eate de l\u2019Aid-el-Fitr : colonel Mamadi Doumbouya a choisi Lab\u00e9 pour effectuer la pri\u00e8re - UNIVERSNEWS224","og_description":"Le colonel Mamadi Doumbouya effectuera la pri\u00e8re de la f\u00eate de Ramadan dans la cit\u00e9","og_url":"https:\/\/universnews224.com\/index.php\/fete-de-laid-el-fitr-colonel-mamadi-doumbouya-a-choisi-labe-pour-effectuer-la-priere\/","og_site_name":"UNIVERSNEWS224","article_published_time":"2023-04-20T21:46:39+00:00","og_image":[{"width":750,"height":536,"url":"https:\/\/universnews224.com\/wp-content\/uploads\/2023\/04\/08119A11-5C54-431C-ACDF-DA43D54E235A.jpeg","type":"image\/jpeg"}],"author":"La R\u00e9daction","twitter_misc":{"\u00c9crit par":"La R\u00e9daction","Dur\u00e9e de lecture estim\u00e9e":"1 minute"},"schema":{"@context":"https:\/\/schema.org","@graph":[{"@type":"Article","@id":"https:\/\/universnews224.com\/index.php\/fete-de-laid-el-fitr-colonel-mamadi-doumbouya-a-choisi-labe-pour-effectuer-la-priere\/#article","isPartOf":{"@id":"https:\/\/universnews224.com\/index.php\/fete-de-laid-el-fitr-colonel-mamadi-doumbouya-a-choisi-labe-pour-effectuer-la-priere\/"},"author":{"name":"La R\u00e9daction","@id":"https:\/\/universnews224.com\/#\/schema\/person\/a4b7d4f94a4716df60456a491260485e"},"headline":"F\u00eate de l\u2019Aid-el-Fitr : colonel Mamadi Doumbouya a choisi Lab\u00e9 pour effectuer la pri\u00e8re","datePublished":"2023-04-20T21:46:39+00:00","dateModified":"2023-04-20T21:46:39+00:00","mainEntityOfPage":{"@id":"https:\/\/universnews224.com\/index.php\/fete-de-laid-el-fitr-colonel-mamadi-doumbouya-a-choisi-labe-pour-effectuer-la-priere\/"},"wordCount":118,"publisher":{"@id":"https:\/\/universnews224.com\/#organization"},"keywords":["La une"],"articleSection":["ACTU","POLITIQUE"],"inLanguage":"fr-FR"},{"@type":"WebPage","@id":"https:\/\/universnews224.com\/index.php\/fete-de-laid-el-fitr-colonel-mamadi-doumbouya-a-choisi-labe-pour-effectuer-la-priere\/","url":"https:\/\/universnews224.com\/index.php\/fete-de-laid-el-fitr-colonel-mamadi-doumbouya-a-choisi-labe-pour-effectuer-la-priere\/","name":"F\u00eate de l\u2019Aid-el-Fitr : colonel Mamadi Doumbouya a choisi Lab\u00e9 pour effectuer la pri\u00e8re - UNIVERSNEWS224","isPartOf":{"@id":"https:\/\/universnews224.com\/#website"},"datePublished":"2023-04-20T21:46:39+00:00","dateModified":"2023-04-20T21:46:39+00:00","inLanguage":"fr-FR","potentialAction":[{"@type":"ReadAction","target":["https:\/\/universnews224.com\/index.php\/fete-de-laid-el-fitr-colonel-mamadi-doumbouya-a-choisi-labe-pour-effectuer-la-priere\/"]}]},{"@type":"WebSite","@id":"https:\/\/universnews224.com\/#website","url":"https:\/\/universnews224.com\/","name":"UNIVERSNEWS224","description":"","publisher":{"@id":"https:\/\/universnews224.com\/#organization"},"potentialAction":[{"@type":"SearchAction","target":{"@type":"EntryPoint","urlTemplate":"https:\/\/universnews224.com\/?s={search_term_string}"},"query-input":"required name=search_term_string"}],"inLanguage":"fr-FR"},{"@type":"Organization","@id":"https:\/\/universnews224.com\/#organization","name":"UNIVERSNEWS224","url":"https:\/\/universnews224.com\/","logo":{"@type":"ImageObject","inLanguage":"fr-FR","@id":"https:\/\/universnews224.com\/#\/schema\/logo\/image\/","url":"https:\/\/universnews224.com\/wp-content\/uploads\/2022\/08\/cropped-cropped-logoban.jpg","contentUrl":"https:\/\/universnews224.com\/wp-content\/uploads\/2022\/08\/cropped-cropped-logoban.jpg","width":1080,"height":138,"caption":"UNIVERSNEWS224"},"image":{"@id":"https:\/\/universnews224.com\/#\/schema\/logo\/image\/"}},{"@type":"Person","@id":"https:\/\/universnews224.com\/#\/schema\/person\/a4b7d4f94a4716df60456a491260485e","name":"La R\u00e9daction","image":{"@type":"ImageObject","inLanguage":"fr-FR","@id":"https:\/\/universnews224.com\/#\/schema\/person\/image\/","url":"https:\/\/secure.gravatar.com\/avatar\/edb90acc7752b23e1b3307ad36c14f0d?s=96&d=mm&r=g","contentUrl":"https:\/\/secure.gravatar.com\/avatar\/edb90acc7752b23e1b3307ad36c14f0d?s=96&d=mm&r=g","caption":"La R\u00e9daction"},"sameAs":["https:\/\/universnews224.com"],"url":"https:\/\/universnews224.com\/index.php\/author\/m-camara\/"}]}},"_links":{"self":[{"href":"https:\/\/universnews224.com\/index.php\/wp-json\/wp\/v2\/posts\/3407"}],"collection":[{"href":"https:\/\/universnews224.com\/index.php\/wp-json\/wp\/v2\/posts"}],"about":[{"href":"https:\/\/universnews224.com\/index.php\/wp-json\/wp\/v2\/types\/post"}],"author":[{"embeddable":true,"href":"https:\/\/universnews224.com\/index.php\/wp-json\/wp\/v2\/users\/2"}],"replies":[{"embeddable":true,"href":"https:\/\/universnews224.com\/index.php\/wp-json\/wp\/v2\/comments?post=3407"}],"version-history":[{"count":1,"href":"https:\/\/universnews224.com\/index.php\/wp-json\/wp\/v2\/posts\/3407\/revisions"}],"predecessor-version":[{"id":3409,"href":"https:\/\/universnews224.com\/index.php\/wp-json\/wp\/v2\/posts\/3407\/revisions\/3409"}],"wp:featuredmedia":[{"embeddable":true,"href":"https:\/\/universnews224.com\/index.php\/wp-json\/wp\/v2\/media\/3408"}],"wp:attachment":[{"href":"https:\/\/universnews224.com\/index.php\/wp-json\/wp\/v2\/media?parent=3407"}],"wp:term":[{"taxonomy":"category","embeddable":true,"href":"https:\/\/universnews224.com\/index.php\/wp-json\/wp\/v2\/categories?post=3407"},{"taxonomy":"post_tag","embeddable":true,"href":"https:\/\/universnews224.com\/index.php\/wp-json\/wp\/v2\/tags?post=3407"}],"curies":[{"name":"wp","href":"https:\/\/api.w.org\/{rel}","templated":true}]}}