{"id":3410,"date":"2023-04-20T23:40:57","date_gmt":"2023-04-20T22:40:57","guid":{"rendered":"https:\/\/universnews224.com\/?p=3410"},"modified":"2023-04-20T23:40:57","modified_gmt":"2023-04-20T22:40:57","slug":"ramadan-2023-la-guinee-celebre-aid-el-fitr-ce-vendredi-sgar","status":"publish","type":"post","link":"https:\/\/universnews224.com\/index.php\/ramadan-2023-la-guinee-celebre-aid-el-fitr-ce-vendredi-sgar\/","title":{"rendered":"Ramadan 2023: la Guin\u00e9e c\u00e9l\u00e8bre a\u00efd-el fitr ce vendredi (SGAR)"},"content":{"rendered":"<p>C\u2019est d\u00e9sormais officiel! La Guin\u00e9e, \u00e0 l\u2019instar de plusieurs autres pays du monde, va c\u00e9l\u00e9brer la f\u00eate de Ramadan ce vendredi 21 avril 2023.<\/p>\n<p>L\u2019annonce a \u00e9t\u00e9 faite \u00e0 la radio nationale par Karamo Diawara.<\/p>\n<p><em>\u00ab Le croissant lunaire qui marque la fin du mois de Ramadan a \u00e9t\u00e9 observ\u00e9 ce jeudi 20 avril 2023. En cons\u00e9quence la f\u00eate de l\u2019A\u00efd el-Fitr sera c\u00e9l\u00e9br\u00e9e sur toute l\u2019\u00e9tendue du territoire national\u2026 \u00bb, <\/em>a inform\u00e9 le Secr\u00e9taire g\u00e9n\u00e9ral des affaires religieuses.<\/p>\n<div class=\"jeg_ad jeg_ad_article jnews_content_inline_ads \">\n<div class=\"ads-wrapper align-center \">\n<div class=\"ads_code\"><ins class=\"adsbygoogle\" data-ad-client=\"ca-pub-1870189416508001\" data-ad-slot=\"5141807392\" data-ad-format=\"auto\" data-full-width-responsive=\"true\"><\/ins>Selon nos informations, le croissant lunaire a \u00e9t\u00e9 aper\u00e7u \u00e0 K\u00e9rouan\u00e9.<\/p>\n<p><strong>Mosaiqueguinee.com<\/strong><\/p>\n<div id=\"taboola-below-article-thumbnails\" class=\" trc_related_container trc_spotlight_widget tbl-feed-container tbl-feed-partial-width tbl-feed-frame-DIVIDER  render-late-effect\" data-feed-container-num=\"1\" data-feed-main-container-id=\"taboola-below-article-thumbnails\" data-parent-placement-name=\"below-article\" data-pub-lang=\"fr\">\n<div class=\" tbl-feed-header tbl-logo-right-position\">\n<div class=\"tbl-feed-header-logo\"><\/div>\n<\/div>\n<div id=\"taboola-below-article-thumbnails-pl1\" class=\" trc_related_container trc_spotlight_widget trc_elastic trc_elastic_thumbs-feed-01-delta  tbl-feed-card \" data-card-index=\"1\" data-batch-num=\"1\" data-placement-name=\"below-article | Card 1\">\n<div class=\"trc_rbox_container\">\n<div>\n<div id=\"trc_wrapper_88219\" class=\"trc_rbox thumbs-feed-01-delta trc-content-sponsored \">\n<div id=\"outer_88219\" class=\"trc_rbox_outer\">\n<div id=\"rbox-t2v\" class=\"trc_rbox_div trc_rbox_border_elm\">\n<div id=\"internal_trc_88219\">\n<div class=\"videoCube trc_spotlight_item origin-undefined thumbnail_top syndicatedItem textItem videoCube_1_child trc-first-recommendation trc-spotlight-first-recommendation \" data-item-id=\"~~V1~~-37661314748161927~~WUzeepoevc4F06njlaM6VHhHY5fcPxlmrYRtHDy58p_6nH0OabNJtzzP-ddPU2nvK8Bm7FKD2NW1M1BCiW1-kuMDMqg65-jJbi04eURsbtqeHe1S9jo_X4timp5pCZhQQas41f4COFvufOf52grWNe487k0pvO_9ezrwRupEiSMB7CKWDYR-vkpxcdUUzOgEqMBBvkdfag99mRDkZdH7GWyqPyYAJiLv4Bwf13D6xIn1Gl3g9EZ1_cbnDcpblNGvMiO4tspcKp2GXkb9f0LNULT_KGFdD1etn4hCdxpL3ZQFObtlQWKdAk7gcIM8YnXN7VkODyVu589y2027397e1_ohrRRL2n_Mr0aylFgMUlw\" data-item-title=\"Voici ce que les villas de Duba\u00ef pourraient vous co\u00fbter\u00a0! (Voir Tarifs)\" data-item-thumb=\"http:\/\/cdn.taboola.com\/libtrc\/static\/thumbnails\/GETTY_IMAGES\/EPL\/1283532143__s9HOp3mq.jpg\" data-item-syndicated=\"true\">\n<div class=\"thumbBlock_holder\"><\/div>\n<\/div>\n<\/div>\n<\/div>\n<\/div>\n<\/div>\n<\/div>\n<\/div>\n<\/div>\n<\/div>\n<\/div>\n<\/div>\n<\/div>\n","protected":false},"excerpt":{"rendered":"<p>C\u2019est d\u00e9sormais officiel! La Guin\u00e9e, \u00e0 l\u2019instar de plusieurs autres pays du monde, va c\u00e9l\u00e9brer<\/p>\n","protected":false},"author":2,"featured_media":3411,"comment_status":"closed","ping_status":"open","sticky":false,"template":"","format":"standard","meta":[],"categories":[3,5],"tags":[229],"yoast_head":"<!-- This site is optimized with the Yoast SEO plugin v19.13 - https:\/\/yoast.com\/wordpress\/plugins\/seo\/ -->\n<title>Ramadan 2023: la Guin\u00e9e c\u00e9l\u00e8bre a\u00efd-el fitr ce vendredi (SGAR) - UNIVERSNEWS224<\/title>\n<meta name=\"robots\" content=\"index, follow, max-snippet:-1, max-image-preview:large, max-video-preview:-1\" \/>\n<link rel=\"canonical\" href=\"https:\/\/universnews224.com\/index.php\/ramadan-2023-la-guinee-celebre-aid-el-fitr-ce-vendredi-sgar\/\" \/>\n<meta property=\"og:locale\" content=\"fr_FR\" \/>\n<meta property=\"og:type\" content=\"article\" \/>\n<meta property=\"og:title\" content=\"Ramadan 2023: la Guin\u00e9e c\u00e9l\u00e8bre a\u00efd-el fitr ce vendredi (SGAR) - UNIVERSNEWS224\" \/>\n<meta property=\"og:description\" content=\"C\u2019est d\u00e9sormais officiel! La Guin\u00e9e, \u00e0 l\u2019instar de plusieurs autres pays du monde, va c\u00e9l\u00e9brer\" \/>\n<meta property=\"og:url\" content=\"https:\/\/universnews224.com\/index.php\/ramadan-2023-la-guinee-celebre-aid-el-fitr-ce-vendredi-sgar\/\" \/>\n<meta property=\"og:site_name\" content=\"UNIVERSNEWS224\" \/>\n<meta property=\"article:published_time\" content=\"2023-04-20T22:40:57+00:00\" \/>\n<meta property=\"og:image\" content=\"https:\/\/universnews224.com\/wp-content\/uploads\/2023\/04\/A718C7B1-588B-4BC5-A957-4F2D47777350.png\" \/>\n\t<meta property=\"og:image:width\" content=\"700\" \/>\n\t<meta property=\"og:image:height\" content=\"375\" \/>\n\t<meta property=\"og:image:type\" content=\"image\/png\" \/>\n<meta name=\"author\" content=\"La R\u00e9daction\" \/>\n<meta name=\"twitter:label1\" content=\"\u00c9crit par\" \/>\n\t<meta name=\"twitter:data1\" content=\"La R\u00e9daction\" \/>\n\t<meta name=\"twitter:label2\" content=\"Dur\u00e9e de lecture estim\u00e9e\" \/>\n\t<meta name=\"twitter:data2\" content=\"1 minute\" \/>\n<script type=\"application\/ld+json\" class=\"yoast-schema-graph\">{\"@context\":\"https:\/\/schema.org\",\"@graph\":[{\"@type\":\"Article\",\"@id\":\"https:\/\/universnews224.com\/index.php\/ramadan-2023-la-guinee-celebre-aid-el-fitr-ce-vendredi-sgar\/#article\",\"isPartOf\":{\"@id\":\"https:\/\/universnews224.com\/index.php\/ramadan-2023-la-guinee-celebre-aid-el-fitr-ce-vendredi-sgar\/\"},\"author\":{\"name\":\"La R\u00e9daction\",\"@id\":\"https:\/\/universnews224.com\/#\/schema\/person\/a4b7d4f94a4716df60456a491260485e\"},\"headline\":\"Ramadan 2023: la Guin\u00e9e c\u00e9l\u00e8bre a\u00efd-el fitr ce vendredi (SGAR)\",\"datePublished\":\"2023-04-20T22:40:57+00:00\",\"dateModified\":\"2023-04-20T22:40:57+00:00\",\"mainEntityOfPage\":{\"@id\":\"https:\/\/universnews224.com\/index.php\/ramadan-2023-la-guinee-celebre-aid-el-fitr-ce-vendredi-sgar\/\"},\"wordCount\":117,\"publisher\":{\"@id\":\"https:\/\/universnews224.com\/#organization\"},\"keywords\":[\"La une\"],\"articleSection\":[\"ACTU\",\"SOCI\u00c9T\u00c9\"],\"inLanguage\":\"fr-FR\"},{\"@type\":\"WebPage\",\"@id\":\"https:\/\/universnews224.com\/index.php\/ramadan-2023-la-guinee-celebre-aid-el-fitr-ce-vendredi-sgar\/\",\"url\":\"https:\/\/universnews224.com\/index.php\/ramadan-2023-la-guinee-celebre-aid-el-fitr-ce-vendredi-sgar\/\",\"name\":\"Ramadan 2023: la Guin\u00e9e c\u00e9l\u00e8bre a\u00efd-el fitr ce vendredi (SGAR) - UNIVERSNEWS224\",\"isPartOf\":{\"@id\":\"https:\/\/universnews224.com\/#website\"},\"datePublished\":\"2023-04-20T22:40:57+00:00\",\"dateModified\":\"2023-04-20T22:40:57+00:00\",\"inLanguage\":\"fr-FR\",\"potentialAction\":[{\"@type\":\"ReadAction\",\"target\":[\"https:\/\/universnews224.com\/index.php\/ramadan-2023-la-guinee-celebre-aid-el-fitr-ce-vendredi-sgar\/\"]}]},{\"@type\":\"WebSite\",\"@id\":\"https:\/\/universnews224.com\/#website\",\"url\":\"https:\/\/universnews224.com\/\",\"name\":\"UNIVERSNEWS224\",\"description\":\"\",\"publisher\":{\"@id\":\"https:\/\/universnews224.com\/#organization\"},\"potentialAction\":[{\"@type\":\"SearchAction\",\"target\":{\"@type\":\"EntryPoint\",\"urlTemplate\":\"https:\/\/universnews224.com\/?s={search_term_string}\"},\"query-input\":\"required name=search_term_string\"}],\"inLanguage\":\"fr-FR\"},{\"@type\":\"Organization\",\"@id\":\"https:\/\/universnews224.com\/#organization\",\"name\":\"UNIVERSNEWS224\",\"url\":\"https:\/\/universnews224.com\/\",\"logo\":{\"@type\":\"ImageObject\",\"inLanguage\":\"fr-FR\",\"@id\":\"https:\/\/universnews224.com\/#\/schema\/logo\/image\/\",\"url\":\"https:\/\/universnews224.com\/wp-content\/uploads\/2022\/08\/cropped-cropped-logoban.jpg\",\"contentUrl\":\"https:\/\/universnews224.com\/wp-content\/uploads\/2022\/08\/cropped-cropped-logoban.jpg\",\"width\":1080,\"height\":138,\"caption\":\"UNIVERSNEWS224\"},\"image\":{\"@id\":\"https:\/\/universnews224.com\/#\/schema\/logo\/image\/\"}},{\"@type\":\"Person\",\"@id\":\"https:\/\/universnews224.com\/#\/schema\/person\/a4b7d4f94a4716df60456a491260485e\",\"name\":\"La R\u00e9daction\",\"image\":{\"@type\":\"ImageObject\",\"inLanguage\":\"fr-FR\",\"@id\":\"https:\/\/universnews224.com\/#\/schema\/person\/image\/\",\"url\":\"https:\/\/secure.gravatar.com\/avatar\/edb90acc7752b23e1b3307ad36c14f0d?s=96&d=mm&r=g\",\"contentUrl\":\"https:\/\/secure.gravatar.com\/avatar\/edb90acc7752b23e1b3307ad36c14f0d?s=96&d=mm&r=g\",\"caption\":\"La R\u00e9daction\"},\"sameAs\":[\"https:\/\/universnews224.com\"],\"url\":\"https:\/\/universnews224.com\/index.php\/author\/m-camara\/\"}]}<\/script>\n<!-- \/ Yoast SEO plugin. -->","yoast_head_json":{"title":"Ramadan 2023: la Guin\u00e9e c\u00e9l\u00e8bre a\u00efd-el fitr ce vendredi (SGAR) - UNIVERSNEWS224","robots":{"index":"index","follow":"follow","max-snippet":"max-snippet:-1","max-image-preview":"max-image-preview:large","max-video-preview":"max-video-preview:-1"},"canonical":"https:\/\/universnews224.com\/index.php\/ramadan-2023-la-guinee-celebre-aid-el-fitr-ce-vendredi-sgar\/","og_locale":"fr_FR","og_type":"article","og_title":"Ramadan 2023: la Guin\u00e9e c\u00e9l\u00e8bre a\u00efd-el fitr ce vendredi (SGAR) - UNIVERSNEWS224","og_description":"C\u2019est d\u00e9sormais officiel! La Guin\u00e9e, \u00e0 l\u2019instar de plusieurs autres pays du monde, va c\u00e9l\u00e9brer","og_url":"https:\/\/universnews224.com\/index.php\/ramadan-2023-la-guinee-celebre-aid-el-fitr-ce-vendredi-sgar\/","og_site_name":"UNIVERSNEWS224","article_published_time":"2023-04-20T22:40:57+00:00","og_image":[{"width":700,"height":375,"url":"https:\/\/universnews224.com\/wp-content\/uploads\/2023\/04\/A718C7B1-588B-4BC5-A957-4F2D47777350.png","type":"image\/png"}],"author":"La R\u00e9daction","twitter_misc":{"\u00c9crit par":"La R\u00e9daction","Dur\u00e9e de lecture estim\u00e9e":"1 minute"},"schema":{"@context":"https:\/\/schema.org","@graph":[{"@type":"Article","@id":"https:\/\/universnews224.com\/index.php\/ramadan-2023-la-guinee-celebre-aid-el-fitr-ce-vendredi-sgar\/#article","isPartOf":{"@id":"https:\/\/universnews224.com\/index.php\/ramadan-2023-la-guinee-celebre-aid-el-fitr-ce-vendredi-sgar\/"},"author":{"name":"La R\u00e9daction","@id":"https:\/\/universnews224.com\/#\/schema\/person\/a4b7d4f94a4716df60456a491260485e"},"headline":"Ramadan 2023: la Guin\u00e9e c\u00e9l\u00e8bre a\u00efd-el fitr ce vendredi (SGAR)","datePublished":"2023-04-20T22:40:57+00:00","dateModified":"2023-04-20T22:40:57+00:00","mainEntityOfPage":{"@id":"https:\/\/universnews224.com\/index.php\/ramadan-2023-la-guinee-celebre-aid-el-fitr-ce-vendredi-sgar\/"},"wordCount":117,"publisher":{"@id":"https:\/\/universnews224.com\/#organization"},"keywords":["La une"],"articleSection":["ACTU","SOCI\u00c9T\u00c9"],"inLanguage":"fr-FR"},{"@type":"WebPage","@id":"https:\/\/universnews224.com\/index.php\/ramadan-2023-la-guinee-celebre-aid-el-fitr-ce-vendredi-sgar\/","url":"https:\/\/universnews224.com\/index.php\/ramadan-2023-la-guinee-celebre-aid-el-fitr-ce-vendredi-sgar\/","name":"Ramadan 2023: la Guin\u00e9e c\u00e9l\u00e8bre a\u00efd-el fitr ce vendredi (SGAR) - UNIVERSNEWS224","isPartOf":{"@id":"https:\/\/universnews224.com\/#website"},"datePublished":"2023-04-20T22:40:57+00:00","dateModified":"2023-04-20T22:40:57+00:00","inLanguage":"fr-FR","potentialAction":[{"@type":"ReadAction","target":["https:\/\/universnews224.com\/index.php\/ramadan-2023-la-guinee-celebre-aid-el-fitr-ce-vendredi-sgar\/"]}]},{"@type":"WebSite","@id":"https:\/\/universnews224.com\/#website","url":"https:\/\/universnews224.com\/","name":"UNIVERSNEWS224","description":"","publisher":{"@id":"https:\/\/universnews224.com\/#organization"},"potentialAction":[{"@type":"SearchAction","target":{"@type":"EntryPoint","urlTemplate":"https:\/\/universnews224.com\/?s={search_term_string}"},"query-input":"required name=search_term_string"}],"inLanguage":"fr-FR"},{"@type":"Organization","@id":"https:\/\/universnews224.com\/#organization","name":"UNIVERSNEWS224","url":"https:\/\/universnews224.com\/","logo":{"@type":"ImageObject","inLanguage":"fr-FR","@id":"https:\/\/universnews224.com\/#\/schema\/logo\/image\/","url":"https:\/\/universnews224.com\/wp-content\/uploads\/2022\/08\/cropped-cropped-logoban.jpg","contentUrl":"https:\/\/universnews224.com\/wp-content\/uploads\/2022\/08\/cropped-cropped-logoban.jpg","width":1080,"height":138,"caption":"UNIVERSNEWS224"},"image":{"@id":"https:\/\/universnews224.com\/#\/schema\/logo\/image\/"}},{"@type":"Person","@id":"https:\/\/universnews224.com\/#\/schema\/person\/a4b7d4f94a4716df60456a491260485e","name":"La R\u00e9daction","image":{"@type":"ImageObject","inLanguage":"fr-FR","@id":"https:\/\/universnews224.com\/#\/schema\/person\/image\/","url":"https:\/\/secure.gravatar.com\/avatar\/edb90acc7752b23e1b3307ad36c14f0d?s=96&d=mm&r=g","contentUrl":"https:\/\/secure.gravatar.com\/avatar\/edb90acc7752b23e1b3307ad36c14f0d?s=96&d=mm&r=g","caption":"La R\u00e9daction"},"sameAs":["https:\/\/universnews224.com"],"url":"https:\/\/universnews224.com\/index.php\/author\/m-camara\/"}]}},"_links":{"self":[{"href":"https:\/\/universnews224.com\/index.php\/wp-json\/wp\/v2\/posts\/3410"}],"collection":[{"href":"https:\/\/universnews224.com\/index.php\/wp-json\/wp\/v2\/posts"}],"about":[{"href":"https:\/\/universnews224.com\/index.php\/wp-json\/wp\/v2\/types\/post"}],"author":[{"embeddable":true,"href":"https:\/\/universnews224.com\/index.php\/wp-json\/wp\/v2\/users\/2"}],"replies":[{"embeddable":true,"href":"https:\/\/universnews224.com\/index.php\/wp-json\/wp\/v2\/comments?post=3410"}],"version-history":[{"count":1,"href":"https:\/\/universnews224.com\/index.php\/wp-json\/wp\/v2\/posts\/3410\/revisions"}],"predecessor-version":[{"id":3412,"href":"https:\/\/universnews224.com\/index.php\/wp-json\/wp\/v2\/posts\/3410\/revisions\/3412"}],"wp:featuredmedia":[{"embeddable":true,"href":"https:\/\/universnews224.com\/index.php\/wp-json\/wp\/v2\/media\/3411"}],"wp:attachment":[{"href":"https:\/\/universnews224.com\/index.php\/wp-json\/wp\/v2\/media?parent=3410"}],"wp:term":[{"taxonomy":"category","embeddable":true,"href":"https:\/\/universnews224.com\/index.php\/wp-json\/wp\/v2\/categories?post=3410"},{"taxonomy":"post_tag","embeddable":true,"href":"https:\/\/universnews224.com\/index.php\/wp-json\/wp\/v2\/tags?post=3410"}],"curies":[{"name":"wp","href":"https:\/\/api.w.org\/{rel}","templated":true}]}}