{"id":3413,"date":"2023-04-23T01:24:40","date_gmt":"2023-04-23T00:24:40","guid":{"rendered":"https:\/\/universnews224.com\/?p=3413"},"modified":"2023-04-23T01:24:40","modified_gmt":"2023-04-23T00:24:40","slug":"fete-de-laid-al-fitr-dr-dansa-kourouma-partage-un-dejeuner-avec-162-orphelins-de-kindia","status":"publish","type":"post","link":"https:\/\/universnews224.com\/index.php\/fete-de-laid-al-fitr-dr-dansa-kourouma-partage-un-dejeuner-avec-162-orphelins-de-kindia\/","title":{"rendered":"F\u00eate de l\u2019A\u00efd-Al-Fitr : Dr Dansa Kourouma partage un d\u00e9jeuner avec 162 orphelins de Kindia."},"content":{"rendered":"<p class=\"p3\"><span class=\"s2\">\u00c0 l\u2019occasion de la f\u00eate d\u2019A\u00efd El-Fitr qui marque la fin du mois saint de ramadan, le pr\u00e9sident du CNT, Dr Dansa a offert un d\u00e9jeuner et don compos\u00e9 de 10 sacs de lait, une tonne de riz, de 2 sacs du sucre, 59 cartons de sardines, 4 cartons de jus et une enveloppe symbolique de 20 millions de francs guin\u00e9ens aux 162 orphelins venus l\u2019Orphelinat Cheick Ahmad Sa\u00efd Balabide de Kindia. <\/span><\/p>\n<p class=\"p3\"><span class=\"s2\">Cette c\u00e9r\u00e9monie s\u2019est d\u00e9roul\u00e9e au palais du peuple en pr\u00e9sence certains conseillers nationaux de la transition et les responsables cet orphelinat. <\/span><\/p>\n<p class=\"p3\"><span class=\"s2\">Selon Dr Dansa Kourouma, ce geste vise \u00e0 essuyer les larmes de ses orphelins afin de leur redonner de l\u2019espoir \u00e0 l\u2019occasion de cette f\u00eate de ramadan. <\/span><\/p>\n<p class=\"p3\"><span class=\"s2\">\u00abApr\u00e8s 29 jours de je\u00fbne, de pri\u00e8res et d\u2019adoration, nous avons bien voulu terminer ce mois de ramadan par une communion avec les enfants orphelins de Kindia. Nous l\u2019avons fait pendant la f\u00eate de No\u00ebl, nous faisons \u00e0 l\u2019occasion de la f\u00eate de ramadan. Parce que ses enfants ont perdu leurs parents. Et quand Dieu vous met \u00e0 la t\u00eate des institutions d\u2019un pays, vous devenez le p\u00e8re de tous les orphelins de ce pays. Par d\u00e9l\u00e9gation du pr\u00e9sident de la transition, j\u2019ai bien voulu traduire cette responsabilit\u00e9 dans un acte concret de rapprochement, d\u2019union et de communion avec ses enfants pour cesser leurs larmes,leur donner de l\u2019espoir, b\u00e9nir pour eux pour qu\u2019eux aussi, puissent b\u00e9nir pour nous. Parce que la b\u00e9n\u00e9diction des enfants va directement \u00e0 Dieu. Donc, c\u2019est pour b\u00e9n\u00e9ficier de cette b\u00e9n\u00e9diction de ses enfants que nous avons bien voulu cette assistance symbolique. M\u00eame si c\u2019est notre responsabilit\u00e9 d\u2019assister des enfants, mais tout le monde ne le fait pas. Donc, nous le faisons pour avoir beaucoup b\u00e9n\u00e9diction pour que notre travail soit facilit\u00e9. Repr\u00e9senter un pays n\u2019est pas une t\u00e2che facile, \u00eatre au sommet des institutions d\u2019un pays n\u2019est pas<span class=\"Apple-converted-space\">\u00a0 <\/span>une t\u00e2che facile, ce sont seules les b\u00e9n\u00e9dictions, les pri\u00e8res, les invocations et les biens faits peuvent vous prot\u00e9ger et vous aider \u00e0 r\u00e9ussir votre mission. Donc, je suis tr\u00e8s content de remettre quelques dons symboliques compos\u00e9s du lait en poudre, des boites de sardines et de conserves, du riz et d\u2019une enveloppe symbolique qu\u2019on a bien voulu donner \u00e0 ses enfants\u00bb, a t-il d\u00e9clar\u00e9 <\/span><\/p>\n<p class=\"p3\"><span class=\"s2\">\u00c0 en croire, Dr Dansa Kouroussa ces actions font s\u2019\u00e9tendre sur d\u2019autres orphelinats du pays afin d\u2019apporter l\u2019assistance \u00e0 ces personnes d\u00e9munies. <\/span><\/p>\n<p class=\"p3\"><span class=\"s2\">\u00abIl y aura d\u2019autres assistances qui viendront et nous allons mobiliser d\u2019autres partenaires \u00e0 se rejoindre \u00e0 nous pour identifier et accompagner tous les centres d\u2019orphelinats qui sont dans le pays. Ma vice-pr\u00e9sidente \u00e9tait \u00e0 Bok\u00e9 o\u00f9 elle a apport\u00e9 une assistance aux femmes et aux enfants catholiques de la r\u00e9gion. Donc, nous continuerons \u00e0 intensifier les biens faits parce que les ressources que nous g\u00e9rons, ne nous appartiennent pas. Nous devons les utiliser dans le bon sens, pour aider les pauvres, pour aider \u00e0 r\u00e9duire les in\u00e9galit\u00e9s et faire de telle sorte que chaque enfant de ce pays, chacun personne vuln\u00e9rable de ce pays puisse b\u00e9n\u00e9ficier de l\u2019attention, de la consid\u00e9ration et de l\u2019humanisme des autorit\u00e9s du pays\u00bb, a t-il soulign\u00e9. <\/span><\/p>\n<p class=\"p3\"><span class=\"s2\">Pour sa part, Ousmane Bah, porte-parole des orphelins a, au nom de ses amis remerci\u00e9, le pr\u00e9sidant du CNT pour ce magnanime en leur faveur. <\/span><\/p>\n<p class=\"p3\"><span class=\"s2\">\u00abNous tenons \u00e0 remercier le pr\u00e9sident du CNT pour cette assistance qu\u2019il a apport\u00e9 \u00e0 notre \u00e9gard. Nous avons perdu nos parents, mais par ce geste m\u00e9morable,nous avons compris et convaincu que nos responsables que vous \u00eates, sont les substituts de nos parents pour essuyer nos larmes. Et que nous seront mis dans des conditions de vie meilleures pour ainsi d\u2019acqu\u00e9rir l\u2019\u00e9ducation et la formation de qualit\u00e9 pour un avenir meilleur pour nous, nos familles et notre cher pays, la Guin\u00e9e. Ces habits que vous nous avez apport\u00e9, nous a \u00e9gay\u00e9 \u00e0 plus d\u2019un titre. Ainsi, nous avons c\u00e9l\u00e9br\u00e9 de la f\u00eate de l\u2019Eid El Fitre dans la joie. Laquelle joie a envahi nos esprits tel un enfant recevant son jouet pr\u00e9f\u00e9r\u00e9\u00bb a t-il martel\u00e9. <\/span><\/p>\n<p class=\"p3\"><span class=\"s2\">Mohamed Camara<\/span><\/p>\n","protected":false},"excerpt":{"rendered":"<p>\u00c0 l\u2019occasion de la f\u00eate d\u2019A\u00efd El-Fitr qui marque la fin du mois saint de<\/p>\n","protected":false},"author":2,"featured_media":3414,"comment_status":"closed","ping_status":"open","sticky":false,"template":"","format":"standard","meta":[],"categories":[3,4],"tags":[229],"yoast_head":"<!-- This site is optimized with the Yoast SEO plugin v19.13 - https:\/\/yoast.com\/wordpress\/plugins\/seo\/ -->\n<title>F\u00eate de l\u2019A\u00efd-Al-Fitr : Dr Dansa Kourouma partage un d\u00e9jeuner avec 162 orphelins de Kindia. - UNIVERSNEWS224<\/title>\n<meta name=\"robots\" content=\"index, follow, max-snippet:-1, max-image-preview:large, max-video-preview:-1\" \/>\n<link rel=\"canonical\" href=\"https:\/\/universnews224.com\/index.php\/fete-de-laid-al-fitr-dr-dansa-kourouma-partage-un-dejeuner-avec-162-orphelins-de-kindia\/\" \/>\n<meta property=\"og:locale\" content=\"fr_FR\" \/>\n<meta property=\"og:type\" content=\"article\" \/>\n<meta property=\"og:title\" content=\"F\u00eate de l\u2019A\u00efd-Al-Fitr : Dr Dansa Kourouma partage un d\u00e9jeuner avec 162 orphelins de Kindia. - UNIVERSNEWS224\" \/>\n<meta property=\"og:description\" content=\"\u00c0 l\u2019occasion de la f\u00eate d\u2019A\u00efd El-Fitr qui marque la fin du mois saint de\" \/>\n<meta property=\"og:url\" content=\"https:\/\/universnews224.com\/index.php\/fete-de-laid-al-fitr-dr-dansa-kourouma-partage-un-dejeuner-avec-162-orphelins-de-kindia\/\" \/>\n<meta property=\"og:site_name\" content=\"UNIVERSNEWS224\" \/>\n<meta property=\"article:published_time\" content=\"2023-04-23T00:24:40+00:00\" \/>\n<meta property=\"og:image\" content=\"https:\/\/universnews224.com\/wp-content\/uploads\/2023\/04\/508BB272-6FCC-4A75-8FC4-171630AE7005.jpeg\" \/>\n\t<meta property=\"og:image:width\" content=\"1600\" \/>\n\t<meta property=\"og:image:height\" content=\"1066\" \/>\n\t<meta property=\"og:image:type\" content=\"image\/jpeg\" \/>\n<meta name=\"author\" content=\"La R\u00e9daction\" \/>\n<meta name=\"twitter:label1\" content=\"\u00c9crit par\" \/>\n\t<meta name=\"twitter:data1\" content=\"La R\u00e9daction\" \/>\n\t<meta name=\"twitter:label2\" content=\"Dur\u00e9e de lecture estim\u00e9e\" \/>\n\t<meta name=\"twitter:data2\" content=\"4 minutes\" \/>\n<script type=\"application\/ld+json\" class=\"yoast-schema-graph\">{\"@context\":\"https:\/\/schema.org\",\"@graph\":[{\"@type\":\"Article\",\"@id\":\"https:\/\/universnews224.com\/index.php\/fete-de-laid-al-fitr-dr-dansa-kourouma-partage-un-dejeuner-avec-162-orphelins-de-kindia\/#article\",\"isPartOf\":{\"@id\":\"https:\/\/universnews224.com\/index.php\/fete-de-laid-al-fitr-dr-dansa-kourouma-partage-un-dejeuner-avec-162-orphelins-de-kindia\/\"},\"author\":{\"name\":\"La R\u00e9daction\",\"@id\":\"https:\/\/universnews224.com\/#\/schema\/person\/a4b7d4f94a4716df60456a491260485e\"},\"headline\":\"F\u00eate de l\u2019A\u00efd-Al-Fitr : Dr Dansa Kourouma partage un d\u00e9jeuner avec 162 orphelins de Kindia.\",\"datePublished\":\"2023-04-23T00:24:40+00:00\",\"dateModified\":\"2023-04-23T00:24:40+00:00\",\"mainEntityOfPage\":{\"@id\":\"https:\/\/universnews224.com\/index.php\/fete-de-laid-al-fitr-dr-dansa-kourouma-partage-un-dejeuner-avec-162-orphelins-de-kindia\/\"},\"wordCount\":771,\"publisher\":{\"@id\":\"https:\/\/universnews224.com\/#organization\"},\"keywords\":[\"La une\"],\"articleSection\":[\"ACTU\",\"POLITIQUE\"],\"inLanguage\":\"fr-FR\"},{\"@type\":\"WebPage\",\"@id\":\"https:\/\/universnews224.com\/index.php\/fete-de-laid-al-fitr-dr-dansa-kourouma-partage-un-dejeuner-avec-162-orphelins-de-kindia\/\",\"url\":\"https:\/\/universnews224.com\/index.php\/fete-de-laid-al-fitr-dr-dansa-kourouma-partage-un-dejeuner-avec-162-orphelins-de-kindia\/\",\"name\":\"F\u00eate de l\u2019A\u00efd-Al-Fitr : Dr Dansa Kourouma partage un d\u00e9jeuner avec 162 orphelins de Kindia. - UNIVERSNEWS224\",\"isPartOf\":{\"@id\":\"https:\/\/universnews224.com\/#website\"},\"datePublished\":\"2023-04-23T00:24:40+00:00\",\"dateModified\":\"2023-04-23T00:24:40+00:00\",\"inLanguage\":\"fr-FR\",\"potentialAction\":[{\"@type\":\"ReadAction\",\"target\":[\"https:\/\/universnews224.com\/index.php\/fete-de-laid-al-fitr-dr-dansa-kourouma-partage-un-dejeuner-avec-162-orphelins-de-kindia\/\"]}]},{\"@type\":\"WebSite\",\"@id\":\"https:\/\/universnews224.com\/#website\",\"url\":\"https:\/\/universnews224.com\/\",\"name\":\"UNIVERSNEWS224\",\"description\":\"\",\"publisher\":{\"@id\":\"https:\/\/universnews224.com\/#organization\"},\"potentialAction\":[{\"@type\":\"SearchAction\",\"target\":{\"@type\":\"EntryPoint\",\"urlTemplate\":\"https:\/\/universnews224.com\/?s={search_term_string}\"},\"query-input\":\"required name=search_term_string\"}],\"inLanguage\":\"fr-FR\"},{\"@type\":\"Organization\",\"@id\":\"https:\/\/universnews224.com\/#organization\",\"name\":\"UNIVERSNEWS224\",\"url\":\"https:\/\/universnews224.com\/\",\"logo\":{\"@type\":\"ImageObject\",\"inLanguage\":\"fr-FR\",\"@id\":\"https:\/\/universnews224.com\/#\/schema\/logo\/image\/\",\"url\":\"https:\/\/universnews224.com\/wp-content\/uploads\/2022\/08\/cropped-cropped-logoban.jpg\",\"contentUrl\":\"https:\/\/universnews224.com\/wp-content\/uploads\/2022\/08\/cropped-cropped-logoban.jpg\",\"width\":1080,\"height\":138,\"caption\":\"UNIVERSNEWS224\"},\"image\":{\"@id\":\"https:\/\/universnews224.com\/#\/schema\/logo\/image\/\"}},{\"@type\":\"Person\",\"@id\":\"https:\/\/universnews224.com\/#\/schema\/person\/a4b7d4f94a4716df60456a491260485e\",\"name\":\"La R\u00e9daction\",\"image\":{\"@type\":\"ImageObject\",\"inLanguage\":\"fr-FR\",\"@id\":\"https:\/\/universnews224.com\/#\/schema\/person\/image\/\",\"url\":\"https:\/\/secure.gravatar.com\/avatar\/edb90acc7752b23e1b3307ad36c14f0d?s=96&d=mm&r=g\",\"contentUrl\":\"https:\/\/secure.gravatar.com\/avatar\/edb90acc7752b23e1b3307ad36c14f0d?s=96&d=mm&r=g\",\"caption\":\"La R\u00e9daction\"},\"sameAs\":[\"https:\/\/universnews224.com\"],\"url\":\"https:\/\/universnews224.com\/index.php\/author\/m-camara\/\"}]}<\/script>\n<!-- \/ Yoast SEO plugin. -->","yoast_head_json":{"title":"F\u00eate de l\u2019A\u00efd-Al-Fitr : Dr Dansa Kourouma partage un d\u00e9jeuner avec 162 orphelins de Kindia. - UNIVERSNEWS224","robots":{"index":"index","follow":"follow","max-snippet":"max-snippet:-1","max-image-preview":"max-image-preview:large","max-video-preview":"max-video-preview:-1"},"canonical":"https:\/\/universnews224.com\/index.php\/fete-de-laid-al-fitr-dr-dansa-kourouma-partage-un-dejeuner-avec-162-orphelins-de-kindia\/","og_locale":"fr_FR","og_type":"article","og_title":"F\u00eate de l\u2019A\u00efd-Al-Fitr : Dr Dansa Kourouma partage un d\u00e9jeuner avec 162 orphelins de Kindia. - UNIVERSNEWS224","og_description":"\u00c0 l\u2019occasion de la f\u00eate d\u2019A\u00efd El-Fitr qui marque la fin du mois saint de","og_url":"https:\/\/universnews224.com\/index.php\/fete-de-laid-al-fitr-dr-dansa-kourouma-partage-un-dejeuner-avec-162-orphelins-de-kindia\/","og_site_name":"UNIVERSNEWS224","article_published_time":"2023-04-23T00:24:40+00:00","og_image":[{"width":1600,"height":1066,"url":"https:\/\/universnews224.com\/wp-content\/uploads\/2023\/04\/508BB272-6FCC-4A75-8FC4-171630AE7005.jpeg","type":"image\/jpeg"}],"author":"La R\u00e9daction","twitter_misc":{"\u00c9crit par":"La R\u00e9daction","Dur\u00e9e de lecture estim\u00e9e":"4 minutes"},"schema":{"@context":"https:\/\/schema.org","@graph":[{"@type":"Article","@id":"https:\/\/universnews224.com\/index.php\/fete-de-laid-al-fitr-dr-dansa-kourouma-partage-un-dejeuner-avec-162-orphelins-de-kindia\/#article","isPartOf":{"@id":"https:\/\/universnews224.com\/index.php\/fete-de-laid-al-fitr-dr-dansa-kourouma-partage-un-dejeuner-avec-162-orphelins-de-kindia\/"},"author":{"name":"La R\u00e9daction","@id":"https:\/\/universnews224.com\/#\/schema\/person\/a4b7d4f94a4716df60456a491260485e"},"headline":"F\u00eate de l\u2019A\u00efd-Al-Fitr : Dr Dansa Kourouma partage un d\u00e9jeuner avec 162 orphelins de Kindia.","datePublished":"2023-04-23T00:24:40+00:00","dateModified":"2023-04-23T00:24:40+00:00","mainEntityOfPage":{"@id":"https:\/\/universnews224.com\/index.php\/fete-de-laid-al-fitr-dr-dansa-kourouma-partage-un-dejeuner-avec-162-orphelins-de-kindia\/"},"wordCount":771,"publisher":{"@id":"https:\/\/universnews224.com\/#organization"},"keywords":["La une"],"articleSection":["ACTU","POLITIQUE"],"inLanguage":"fr-FR"},{"@type":"WebPage","@id":"https:\/\/universnews224.com\/index.php\/fete-de-laid-al-fitr-dr-dansa-kourouma-partage-un-dejeuner-avec-162-orphelins-de-kindia\/","url":"https:\/\/universnews224.com\/index.php\/fete-de-laid-al-fitr-dr-dansa-kourouma-partage-un-dejeuner-avec-162-orphelins-de-kindia\/","name":"F\u00eate de l\u2019A\u00efd-Al-Fitr : Dr Dansa Kourouma partage un d\u00e9jeuner avec 162 orphelins de Kindia. - UNIVERSNEWS224","isPartOf":{"@id":"https:\/\/universnews224.com\/#website"},"datePublished":"2023-04-23T00:24:40+00:00","dateModified":"2023-04-23T00:24:40+00:00","inLanguage":"fr-FR","potentialAction":[{"@type":"ReadAction","target":["https:\/\/universnews224.com\/index.php\/fete-de-laid-al-fitr-dr-dansa-kourouma-partage-un-dejeuner-avec-162-orphelins-de-kindia\/"]}]},{"@type":"WebSite","@id":"https:\/\/universnews224.com\/#website","url":"https:\/\/universnews224.com\/","name":"UNIVERSNEWS224","description":"","publisher":{"@id":"https:\/\/universnews224.com\/#organization"},"potentialAction":[{"@type":"SearchAction","target":{"@type":"EntryPoint","urlTemplate":"https:\/\/universnews224.com\/?s={search_term_string}"},"query-input":"required name=search_term_string"}],"inLanguage":"fr-FR"},{"@type":"Organization","@id":"https:\/\/universnews224.com\/#organization","name":"UNIVERSNEWS224","url":"https:\/\/universnews224.com\/","logo":{"@type":"ImageObject","inLanguage":"fr-FR","@id":"https:\/\/universnews224.com\/#\/schema\/logo\/image\/","url":"https:\/\/universnews224.com\/wp-content\/uploads\/2022\/08\/cropped-cropped-logoban.jpg","contentUrl":"https:\/\/universnews224.com\/wp-content\/uploads\/2022\/08\/cropped-cropped-logoban.jpg","width":1080,"height":138,"caption":"UNIVERSNEWS224"},"image":{"@id":"https:\/\/universnews224.com\/#\/schema\/logo\/image\/"}},{"@type":"Person","@id":"https:\/\/universnews224.com\/#\/schema\/person\/a4b7d4f94a4716df60456a491260485e","name":"La R\u00e9daction","image":{"@type":"ImageObject","inLanguage":"fr-FR","@id":"https:\/\/universnews224.com\/#\/schema\/person\/image\/","url":"https:\/\/secure.gravatar.com\/avatar\/edb90acc7752b23e1b3307ad36c14f0d?s=96&d=mm&r=g","contentUrl":"https:\/\/secure.gravatar.com\/avatar\/edb90acc7752b23e1b3307ad36c14f0d?s=96&d=mm&r=g","caption":"La R\u00e9daction"},"sameAs":["https:\/\/universnews224.com"],"url":"https:\/\/universnews224.com\/index.php\/author\/m-camara\/"}]}},"_links":{"self":[{"href":"https:\/\/universnews224.com\/index.php\/wp-json\/wp\/v2\/posts\/3413"}],"collection":[{"href":"https:\/\/universnews224.com\/index.php\/wp-json\/wp\/v2\/posts"}],"about":[{"href":"https:\/\/universnews224.com\/index.php\/wp-json\/wp\/v2\/types\/post"}],"author":[{"embeddable":true,"href":"https:\/\/universnews224.com\/index.php\/wp-json\/wp\/v2\/users\/2"}],"replies":[{"embeddable":true,"href":"https:\/\/universnews224.com\/index.php\/wp-json\/wp\/v2\/comments?post=3413"}],"version-history":[{"count":1,"href":"https:\/\/universnews224.com\/index.php\/wp-json\/wp\/v2\/posts\/3413\/revisions"}],"predecessor-version":[{"id":3415,"href":"https:\/\/universnews224.com\/index.php\/wp-json\/wp\/v2\/posts\/3413\/revisions\/3415"}],"wp:featuredmedia":[{"embeddable":true,"href":"https:\/\/universnews224.com\/index.php\/wp-json\/wp\/v2\/media\/3414"}],"wp:attachment":[{"href":"https:\/\/universnews224.com\/index.php\/wp-json\/wp\/v2\/media?parent=3413"}],"wp:term":[{"taxonomy":"category","embeddable":true,"href":"https:\/\/universnews224.com\/index.php\/wp-json\/wp\/v2\/categories?post=3413"},{"taxonomy":"post_tag","embeddable":true,"href":"https:\/\/universnews224.com\/index.php\/wp-json\/wp\/v2\/tags?post=3413"}],"curies":[{"name":"wp","href":"https:\/\/api.w.org\/{rel}","templated":true}]}}