{"id":3419,"date":"2023-04-24T23:56:18","date_gmt":"2023-04-24T22:56:18","guid":{"rendered":"https:\/\/universnews224.com\/?p=3419"},"modified":"2023-04-24T23:56:18","modified_gmt":"2023-04-24T22:56:18","slug":"detention-prolongee-du-fonike-mengue-et-cie-le-ministre-de-la-justice-apporte-des-precisions-et-annonce-des-sanctions","status":"publish","type":"post","link":"https:\/\/universnews224.com\/index.php\/detention-prolongee-du-fonike-mengue-et-cie-le-ministre-de-la-justice-apporte-des-precisions-et-annonce-des-sanctions\/","title":{"rendered":"D\u00e9tention prolong\u00e9e du Fonik\u00e9 Mengu\u00e8 et Cie: le ministre de la justice apporte des pr\u00e9cisions et annonce des sanctions."},"content":{"rendered":"<p class=\"p1\"><span class=\"s1\">Le ministre de la justice, garde des sceaux Alphonse Charles Wright s\u2019est prononc\u00e9 ce lundi, 24 avril 2023 sur la d\u00e9tention prolong\u00e9e des leaders du FNDC, notamment Fonik\u00e9 Mengu\u00e8, Ibrahima Diallo et Billo Bah. <\/span><\/p>\n<p class=\"p1\"><span class=\"s1\">Dans sa communication sur les ondes de Djoma m\u00e9dia dans l\u2019\u00e9mission \u201cOn refait le monde\u00a0\u00bble garde des sceaux a affirm\u00e9 d\u00e8s qu\u2019il a constat\u00e9 lanterne dans le dossier de Fonik\u00e9 Mengu\u00e8 et Cie, il a d\u00e9p\u00each\u00e9 une mission \u00e0 la cour d\u2019appel pour en savoir davantage sur ce qui bloque l\u2019\u00e9volution du dossier du Fonik\u00e9 et compagnons. <\/span><\/p>\n<p class=\"p1\"><span class=\"s1\">\u00abIl vous souviendra, dans l\u2019une des radios la question m\u2019a \u00e9t\u00e9 pos\u00e9e, monsieur le ministre, quant est-il des cas des Fonik\u00e9 Mengu\u00e8? J\u2019ai dit, je ferai d\u00e9p\u00eacher une inspection au niveau de la cour d\u2019appel pour savoir qu\u2019est-ce qui s\u2019est pass\u00e9 autour du dossier de monsieur Fonik\u00e9 Mengu\u00e8. Quand les gens disent qu\u2019ils ont fait neufs (9) sans qu\u2019ils ne soient jug\u00e9s, mais qu\u2019est-ce que ces gens l\u00e0 comprennent le m\u00e9canisme par lequel, les choses fonctionnent. Il y a eu instruction pr\u00e9paratoire autour de leurs dossiers. Ce qui veut dire que le juge d\u2019instruction a \u00e9t\u00e9 saisi. Ce juge a un d\u00e9lai de 4 mois fois 2 selon la loi. Il peut le faire en un jour ou deux jours, mais le d\u00e9lai l\u00e9gal c\u2019est 4 mois.Le juge d\u2019instruction a fini de rendre sa d\u00e9cision.La d\u00e9cision a \u00e9t\u00e9 notifi\u00e9e au procureur de la R\u00e9publique. Le procureur de la R\u00e9publique \u00e0 travers le parquet g\u00e9n\u00e9ral a relev\u00e9 appel, la deuxi\u00e8me chambre de contr\u00f4le de l\u2019instruction de la cour d\u2019appel a \u00e9t\u00e9 saisie pour dire que l\u2019ordonnance de renvoi de Fonik\u00e9 Mengu\u00e8 et autres devant le tribunal correctionnel. Parce que le juge a estim\u00e9 qu\u2019il y a de ces infractions qu\u2019on les reproche ne tiennent pas, mais contre qu\u2019il ya d\u2019autres infractions qui tiennent. Donc, leurs envoient devant le juge pour \u00eatre juger. En principe, s\u2019il n y pas eu appel contre la d\u00e9cision, le dossier devrait passer la m\u00eame semaine pour que le juge puisse de mani\u00e8re ind\u00e9pendante, dire ce qu\u2019on leur reproche si c\u2019est \u00e7a ou si ce n\u2019est pas \u00e7a\u00bb a t-il indiqu\u00e9. <\/span><\/p>\n<p class=\"p1\"><span class=\"s1\">Poursuivant ses explications, le ministre des droits a indiqu\u00e9 qu\u2019apr\u00e8s sa mission d\u2019inspection, il a relev\u00e9 que le chef de greffe qui a \u00e9t\u00e9 saisi pour transmettre le dossier du pourvoi \u00e0 la cour supr\u00eame n\u2019a malheureusement pas fait. <\/span><\/p>\n<p class=\"p1\"><span class=\"s1\">\u00abMais s\u2019il y a eu appel, ils sont partis devant la cour d\u2019appel, la cour d\u2019appel a fini de trancher. Le procureur g\u00e9n\u00e9ral pr\u00e8s de la cour a fait le pourvoi, quand il a fait pr\u00e8s le pourvoi, il a d\u00e9pos\u00e9 sa lettre de pourvoi au niveau du chef de greffe de la cour d\u2019appel. Le chef de greffe de la cour d\u2019appel selon ce qui ressort de mon rapport d\u2019inspection, il a \u00e9t\u00e9 relev\u00e9 au niveau de ce rapport que lorsque le procureur g\u00e9n\u00e9ral a relev\u00e9 appel contre l\u2019ordonnance de<span class=\"Apple-converted-space\">\u00a0 <\/span>pourvoi devant le tribunal. C\u2019est qu\u2019il a d\u00e9pos\u00e9 cette lettre aupr\u00e8s du chef de greffe, le chef de son tour a pris cette lettre de pourvoi, il a transmis au greffier de la deuxi\u00e8me chambre qui a confirm\u00e9 l\u2019ordonnance du juge d\u2019instruction qui a rendu la premi\u00e8re d\u00e9cision. Il n\u2019a pas chang\u00e9, il a estim\u00e9 que le juge a bon droit \u00e0 renvoyer les gens devant le tribunal. Lui aussi, il a pris la d\u00e9cision de les renvoyer devant le tribunal\u00bb, a t-il soulign\u00e9. <\/span><\/p>\n<p class=\"p1\"><span class=\"s1\">Face ce dysfonctionnement notoire, le ministre de la justice annonce des sanctions contre le chef de greffe qui a failli \u00e0 sa mission. <\/span><\/p>\n<p class=\"p1\"><span class=\"s1\">\u00abMaintenant o\u00f9 il y a eu la d\u00e9faillance et c\u2019est ce qui est regrettable. Je le dis et j\u2019ai pris des d\u00e9cisions rapport \u00e0 \u00e7a. Vous en tant que chef de greffe, vous avez transmis la lettre de pourvoi au greffier de la chambre. Mais cette lettre de pourvoi l\u00e0, elle doit aller avec le dossier \u00e0 la cour supr\u00eame. Si vous ne faites pas, vous avez manqu\u00e9 \u00e0 nos obligations de vigilance et ce dysfonctionnement l\u00e0 n\u2019est pas imputable aux d\u00e9tenus. Je les ai dit d\u00e8s que je rentrai au pays, il sera suspendu et au moment o\u00f9 je vous parle j\u2019ai \u00e9t\u00e9 tr\u00e8s ferme en disant dans les d\u00e9lais qui suivent, envoyer le dossier \u00e0 la cour supr\u00eame puisqu\u2019il y a eu pourvoi. Que la cour supr\u00eame l\u00e0-dessus pour que leurs dossiers soient jug\u00e9s. Quand on dit que la d\u00e9tention de Fonik\u00e9 profite \u00e0 qui, \u00e7a ne profite \u00e0 personne ni au ministre de la justice, ni \u00e0 personne. C\u2019est la preuve que le ministre de la justice ne s\u2019ing\u00e8re pas dans le judiciaire\u00bb, a t-il expliqu\u00e9. <\/span><\/p>\n<p class=\"p1\"><span class=\"s1\">Camara Mamadouba <\/span><\/p>\n<p class=\"p1\"><span class=\"s1\">611 46 04 10 <\/span><\/p>\n","protected":false},"excerpt":{"rendered":"<p>Le ministre de la justice, garde des sceaux Alphonse Charles Wright s\u2019est prononc\u00e9 ce lundi,<\/p>\n","protected":false},"author":2,"featured_media":3127,"comment_status":"closed","ping_status":"open","sticky":false,"template":"","format":"standard","meta":[],"categories":[3,4],"tags":[229],"yoast_head":"<!-- This site is optimized with the Yoast SEO plugin v19.13 - https:\/\/yoast.com\/wordpress\/plugins\/seo\/ -->\n<title>D\u00e9tention prolong\u00e9e du Fonik\u00e9 Mengu\u00e8 et Cie: le ministre de la justice apporte des pr\u00e9cisions et annonce des sanctions. - UNIVERSNEWS224<\/title>\n<meta name=\"robots\" content=\"index, follow, max-snippet:-1, max-image-preview:large, max-video-preview:-1\" \/>\n<link rel=\"canonical\" href=\"https:\/\/universnews224.com\/index.php\/detention-prolongee-du-fonike-mengue-et-cie-le-ministre-de-la-justice-apporte-des-precisions-et-annonce-des-sanctions\/\" \/>\n<meta property=\"og:locale\" content=\"fr_FR\" \/>\n<meta property=\"og:type\" content=\"article\" \/>\n<meta property=\"og:title\" content=\"D\u00e9tention prolong\u00e9e du Fonik\u00e9 Mengu\u00e8 et Cie: le ministre de la justice apporte des pr\u00e9cisions et annonce des sanctions. - UNIVERSNEWS224\" \/>\n<meta property=\"og:description\" content=\"Le ministre de la justice, garde des sceaux Alphonse Charles Wright s\u2019est prononc\u00e9 ce lundi,\" \/>\n<meta property=\"og:url\" content=\"https:\/\/universnews224.com\/index.php\/detention-prolongee-du-fonike-mengue-et-cie-le-ministre-de-la-justice-apporte-des-precisions-et-annonce-des-sanctions\/\" \/>\n<meta property=\"og:site_name\" content=\"UNIVERSNEWS224\" \/>\n<meta property=\"article:published_time\" content=\"2023-04-24T22:56:18+00:00\" \/>\n<meta property=\"og:image\" content=\"https:\/\/universnews224.com\/wp-content\/uploads\/2023\/03\/502AA413-BA83-4B1E-A859-2BAA79FD4C38.png\" \/>\n\t<meta property=\"og:image:width\" content=\"680\" \/>\n\t<meta property=\"og:image:height\" content=\"400\" \/>\n\t<meta property=\"og:image:type\" content=\"image\/png\" \/>\n<meta name=\"author\" content=\"La R\u00e9daction\" \/>\n<meta name=\"twitter:label1\" content=\"\u00c9crit par\" \/>\n\t<meta name=\"twitter:data1\" content=\"La R\u00e9daction\" \/>\n\t<meta name=\"twitter:label2\" content=\"Dur\u00e9e de lecture estim\u00e9e\" \/>\n\t<meta name=\"twitter:data2\" content=\"4 minutes\" \/>\n<script type=\"application\/ld+json\" class=\"yoast-schema-graph\">{\"@context\":\"https:\/\/schema.org\",\"@graph\":[{\"@type\":\"Article\",\"@id\":\"https:\/\/universnews224.com\/index.php\/detention-prolongee-du-fonike-mengue-et-cie-le-ministre-de-la-justice-apporte-des-precisions-et-annonce-des-sanctions\/#article\",\"isPartOf\":{\"@id\":\"https:\/\/universnews224.com\/index.php\/detention-prolongee-du-fonike-mengue-et-cie-le-ministre-de-la-justice-apporte-des-precisions-et-annonce-des-sanctions\/\"},\"author\":{\"name\":\"La R\u00e9daction\",\"@id\":\"https:\/\/universnews224.com\/#\/schema\/person\/a4b7d4f94a4716df60456a491260485e\"},\"headline\":\"D\u00e9tention prolong\u00e9e du Fonik\u00e9 Mengu\u00e8 et Cie: le ministre de la justice apporte des pr\u00e9cisions et annonce des sanctions.\",\"datePublished\":\"2023-04-24T22:56:18+00:00\",\"dateModified\":\"2023-04-24T22:56:18+00:00\",\"mainEntityOfPage\":{\"@id\":\"https:\/\/universnews224.com\/index.php\/detention-prolongee-du-fonike-mengue-et-cie-le-ministre-de-la-justice-apporte-des-precisions-et-annonce-des-sanctions\/\"},\"wordCount\":886,\"publisher\":{\"@id\":\"https:\/\/universnews224.com\/#organization\"},\"keywords\":[\"La une\"],\"articleSection\":[\"ACTU\",\"POLITIQUE\"],\"inLanguage\":\"fr-FR\"},{\"@type\":\"WebPage\",\"@id\":\"https:\/\/universnews224.com\/index.php\/detention-prolongee-du-fonike-mengue-et-cie-le-ministre-de-la-justice-apporte-des-precisions-et-annonce-des-sanctions\/\",\"url\":\"https:\/\/universnews224.com\/index.php\/detention-prolongee-du-fonike-mengue-et-cie-le-ministre-de-la-justice-apporte-des-precisions-et-annonce-des-sanctions\/\",\"name\":\"D\u00e9tention prolong\u00e9e du Fonik\u00e9 Mengu\u00e8 et Cie: le ministre de la justice apporte des pr\u00e9cisions et annonce des sanctions. - UNIVERSNEWS224\",\"isPartOf\":{\"@id\":\"https:\/\/universnews224.com\/#website\"},\"datePublished\":\"2023-04-24T22:56:18+00:00\",\"dateModified\":\"2023-04-24T22:56:18+00:00\",\"inLanguage\":\"fr-FR\",\"potentialAction\":[{\"@type\":\"ReadAction\",\"target\":[\"https:\/\/universnews224.com\/index.php\/detention-prolongee-du-fonike-mengue-et-cie-le-ministre-de-la-justice-apporte-des-precisions-et-annonce-des-sanctions\/\"]}]},{\"@type\":\"WebSite\",\"@id\":\"https:\/\/universnews224.com\/#website\",\"url\":\"https:\/\/universnews224.com\/\",\"name\":\"UNIVERSNEWS224\",\"description\":\"\",\"publisher\":{\"@id\":\"https:\/\/universnews224.com\/#organization\"},\"potentialAction\":[{\"@type\":\"SearchAction\",\"target\":{\"@type\":\"EntryPoint\",\"urlTemplate\":\"https:\/\/universnews224.com\/?s={search_term_string}\"},\"query-input\":\"required name=search_term_string\"}],\"inLanguage\":\"fr-FR\"},{\"@type\":\"Organization\",\"@id\":\"https:\/\/universnews224.com\/#organization\",\"name\":\"UNIVERSNEWS224\",\"url\":\"https:\/\/universnews224.com\/\",\"logo\":{\"@type\":\"ImageObject\",\"inLanguage\":\"fr-FR\",\"@id\":\"https:\/\/universnews224.com\/#\/schema\/logo\/image\/\",\"url\":\"https:\/\/universnews224.com\/wp-content\/uploads\/2022\/08\/cropped-cropped-logoban.jpg\",\"contentUrl\":\"https:\/\/universnews224.com\/wp-content\/uploads\/2022\/08\/cropped-cropped-logoban.jpg\",\"width\":1080,\"height\":138,\"caption\":\"UNIVERSNEWS224\"},\"image\":{\"@id\":\"https:\/\/universnews224.com\/#\/schema\/logo\/image\/\"}},{\"@type\":\"Person\",\"@id\":\"https:\/\/universnews224.com\/#\/schema\/person\/a4b7d4f94a4716df60456a491260485e\",\"name\":\"La R\u00e9daction\",\"image\":{\"@type\":\"ImageObject\",\"inLanguage\":\"fr-FR\",\"@id\":\"https:\/\/universnews224.com\/#\/schema\/person\/image\/\",\"url\":\"https:\/\/secure.gravatar.com\/avatar\/edb90acc7752b23e1b3307ad36c14f0d?s=96&d=mm&r=g\",\"contentUrl\":\"https:\/\/secure.gravatar.com\/avatar\/edb90acc7752b23e1b3307ad36c14f0d?s=96&d=mm&r=g\",\"caption\":\"La R\u00e9daction\"},\"sameAs\":[\"https:\/\/universnews224.com\"],\"url\":\"https:\/\/universnews224.com\/index.php\/author\/m-camara\/\"}]}<\/script>\n<!-- \/ Yoast SEO plugin. -->","yoast_head_json":{"title":"D\u00e9tention prolong\u00e9e du Fonik\u00e9 Mengu\u00e8 et Cie: le ministre de la justice apporte des pr\u00e9cisions et annonce des sanctions. - UNIVERSNEWS224","robots":{"index":"index","follow":"follow","max-snippet":"max-snippet:-1","max-image-preview":"max-image-preview:large","max-video-preview":"max-video-preview:-1"},"canonical":"https:\/\/universnews224.com\/index.php\/detention-prolongee-du-fonike-mengue-et-cie-le-ministre-de-la-justice-apporte-des-precisions-et-annonce-des-sanctions\/","og_locale":"fr_FR","og_type":"article","og_title":"D\u00e9tention prolong\u00e9e du Fonik\u00e9 Mengu\u00e8 et Cie: le ministre de la justice apporte des pr\u00e9cisions et annonce des sanctions. - UNIVERSNEWS224","og_description":"Le ministre de la justice, garde des sceaux Alphonse Charles Wright s\u2019est prononc\u00e9 ce lundi,","og_url":"https:\/\/universnews224.com\/index.php\/detention-prolongee-du-fonike-mengue-et-cie-le-ministre-de-la-justice-apporte-des-precisions-et-annonce-des-sanctions\/","og_site_name":"UNIVERSNEWS224","article_published_time":"2023-04-24T22:56:18+00:00","og_image":[{"width":680,"height":400,"url":"https:\/\/universnews224.com\/wp-content\/uploads\/2023\/03\/502AA413-BA83-4B1E-A859-2BAA79FD4C38.png","type":"image\/png"}],"author":"La R\u00e9daction","twitter_misc":{"\u00c9crit par":"La R\u00e9daction","Dur\u00e9e de lecture estim\u00e9e":"4 minutes"},"schema":{"@context":"https:\/\/schema.org","@graph":[{"@type":"Article","@id":"https:\/\/universnews224.com\/index.php\/detention-prolongee-du-fonike-mengue-et-cie-le-ministre-de-la-justice-apporte-des-precisions-et-annonce-des-sanctions\/#article","isPartOf":{"@id":"https:\/\/universnews224.com\/index.php\/detention-prolongee-du-fonike-mengue-et-cie-le-ministre-de-la-justice-apporte-des-precisions-et-annonce-des-sanctions\/"},"author":{"name":"La R\u00e9daction","@id":"https:\/\/universnews224.com\/#\/schema\/person\/a4b7d4f94a4716df60456a491260485e"},"headline":"D\u00e9tention prolong\u00e9e du Fonik\u00e9 Mengu\u00e8 et Cie: le ministre de la justice apporte des pr\u00e9cisions et annonce des sanctions.","datePublished":"2023-04-24T22:56:18+00:00","dateModified":"2023-04-24T22:56:18+00:00","mainEntityOfPage":{"@id":"https:\/\/universnews224.com\/index.php\/detention-prolongee-du-fonike-mengue-et-cie-le-ministre-de-la-justice-apporte-des-precisions-et-annonce-des-sanctions\/"},"wordCount":886,"publisher":{"@id":"https:\/\/universnews224.com\/#organization"},"keywords":["La une"],"articleSection":["ACTU","POLITIQUE"],"inLanguage":"fr-FR"},{"@type":"WebPage","@id":"https:\/\/universnews224.com\/index.php\/detention-prolongee-du-fonike-mengue-et-cie-le-ministre-de-la-justice-apporte-des-precisions-et-annonce-des-sanctions\/","url":"https:\/\/universnews224.com\/index.php\/detention-prolongee-du-fonike-mengue-et-cie-le-ministre-de-la-justice-apporte-des-precisions-et-annonce-des-sanctions\/","name":"D\u00e9tention prolong\u00e9e du Fonik\u00e9 Mengu\u00e8 et Cie: le ministre de la justice apporte des pr\u00e9cisions et annonce des sanctions. - UNIVERSNEWS224","isPartOf":{"@id":"https:\/\/universnews224.com\/#website"},"datePublished":"2023-04-24T22:56:18+00:00","dateModified":"2023-04-24T22:56:18+00:00","inLanguage":"fr-FR","potentialAction":[{"@type":"ReadAction","target":["https:\/\/universnews224.com\/index.php\/detention-prolongee-du-fonike-mengue-et-cie-le-ministre-de-la-justice-apporte-des-precisions-et-annonce-des-sanctions\/"]}]},{"@type":"WebSite","@id":"https:\/\/universnews224.com\/#website","url":"https:\/\/universnews224.com\/","name":"UNIVERSNEWS224","description":"","publisher":{"@id":"https:\/\/universnews224.com\/#organization"},"potentialAction":[{"@type":"SearchAction","target":{"@type":"EntryPoint","urlTemplate":"https:\/\/universnews224.com\/?s={search_term_string}"},"query-input":"required name=search_term_string"}],"inLanguage":"fr-FR"},{"@type":"Organization","@id":"https:\/\/universnews224.com\/#organization","name":"UNIVERSNEWS224","url":"https:\/\/universnews224.com\/","logo":{"@type":"ImageObject","inLanguage":"fr-FR","@id":"https:\/\/universnews224.com\/#\/schema\/logo\/image\/","url":"https:\/\/universnews224.com\/wp-content\/uploads\/2022\/08\/cropped-cropped-logoban.jpg","contentUrl":"https:\/\/universnews224.com\/wp-content\/uploads\/2022\/08\/cropped-cropped-logoban.jpg","width":1080,"height":138,"caption":"UNIVERSNEWS224"},"image":{"@id":"https:\/\/universnews224.com\/#\/schema\/logo\/image\/"}},{"@type":"Person","@id":"https:\/\/universnews224.com\/#\/schema\/person\/a4b7d4f94a4716df60456a491260485e","name":"La R\u00e9daction","image":{"@type":"ImageObject","inLanguage":"fr-FR","@id":"https:\/\/universnews224.com\/#\/schema\/person\/image\/","url":"https:\/\/secure.gravatar.com\/avatar\/edb90acc7752b23e1b3307ad36c14f0d?s=96&d=mm&r=g","contentUrl":"https:\/\/secure.gravatar.com\/avatar\/edb90acc7752b23e1b3307ad36c14f0d?s=96&d=mm&r=g","caption":"La R\u00e9daction"},"sameAs":["https:\/\/universnews224.com"],"url":"https:\/\/universnews224.com\/index.php\/author\/m-camara\/"}]}},"_links":{"self":[{"href":"https:\/\/universnews224.com\/index.php\/wp-json\/wp\/v2\/posts\/3419"}],"collection":[{"href":"https:\/\/universnews224.com\/index.php\/wp-json\/wp\/v2\/posts"}],"about":[{"href":"https:\/\/universnews224.com\/index.php\/wp-json\/wp\/v2\/types\/post"}],"author":[{"embeddable":true,"href":"https:\/\/universnews224.com\/index.php\/wp-json\/wp\/v2\/users\/2"}],"replies":[{"embeddable":true,"href":"https:\/\/universnews224.com\/index.php\/wp-json\/wp\/v2\/comments?post=3419"}],"version-history":[{"count":1,"href":"https:\/\/universnews224.com\/index.php\/wp-json\/wp\/v2\/posts\/3419\/revisions"}],"predecessor-version":[{"id":3420,"href":"https:\/\/universnews224.com\/index.php\/wp-json\/wp\/v2\/posts\/3419\/revisions\/3420"}],"wp:featuredmedia":[{"embeddable":true,"href":"https:\/\/universnews224.com\/index.php\/wp-json\/wp\/v2\/media\/3127"}],"wp:attachment":[{"href":"https:\/\/universnews224.com\/index.php\/wp-json\/wp\/v2\/media?parent=3419"}],"wp:term":[{"taxonomy":"category","embeddable":true,"href":"https:\/\/universnews224.com\/index.php\/wp-json\/wp\/v2\/categories?post=3419"},{"taxonomy":"post_tag","embeddable":true,"href":"https:\/\/universnews224.com\/index.php\/wp-json\/wp\/v2\/tags?post=3419"}],"curies":[{"name":"wp","href":"https:\/\/api.w.org\/{rel}","templated":true}]}}