{"id":3427,"date":"2023-04-26T21:10:32","date_gmt":"2023-04-26T20:10:32","guid":{"rendered":"https:\/\/universnews224.com\/?p=3427"},"modified":"2023-04-26T21:10:32","modified_gmt":"2023-04-26T20:10:32","slug":"electricite-des-responsables-de-ledg-rencontrent-les-conseillers-communaux-de-kaloum","status":"publish","type":"post","link":"https:\/\/universnews224.com\/index.php\/electricite-des-responsables-de-ledg-rencontrent-les-conseillers-communaux-de-kaloum\/","title":{"rendered":"Electricit\u00e9 : Des responsables de l\u2019EDG rencontrent les conseillers communaux de Kaloum"},"content":{"rendered":"<p><strong>Les responsables de la soci\u00e9t\u00e9 d\u2019Electricit\u00e9 de Guin\u00e9e (EDG), \u00e9taient devant les \u00e9lus locaux de la commune de Kaloum ce mercredi 26 avril 2023 \u00e0 Conakry.\u00a0Objectif de cette rencontre \u00a0vise \u00e0 expliquer aux \u00a0conseillers communaux \u00a0les difficult\u00e9s que traversent cette soci\u00e9t\u00e9 en mati\u00e8re de la mobilisation des recettes. Le probl\u00e8me li\u00e9 \u00e0 la facturation et le paiement des factures mais aussi les raisons des coupures intempestives.\u00a0<\/strong><\/p>\n<p>Dans son intervention, le Directeur G\u00e9n\u00e9ral Adjoint de l\u2019EDG charg\u00e9 de l\u2019exploitation, Fod\u00e9 Soumah a d\u00e9clar\u00e9 ceci: Je suis tr\u00e8s content de vos questionnaires tr\u00e8s pertinent et aujourd&rsquo;hui cette rencontre vise \u00e0 informer les \u00e9lus locaux les difficult\u00e9s que traversent notre soci\u00e9t\u00e9, afin qu\u2019ils puissent comprendre les raisons des coupures intempestives et faire comprendre aussi \u00e0 la population les probl\u00e9matiques li\u00e9es \u00e0 la distribution des factures dans les quartiers.<\/p>\n<p>\u00ab Raison pour laquelle, sous l\u2019\u00e9gide de notre Directeur g\u00e9n\u00e9ral, on s\u2019est engag\u00e9 d\u2019\u00eatre tr\u00e8s proche de la population \u00e0 la base pour qu\u2019on \u00e9coute les probl\u00e8mes de la population et que nous-m\u00eames, v\u00e9hiculions les n\u00f4tres. Et la rencontre avec ces \u00e9lus locaux a \u00e9t\u00e9 tr\u00e8s fructueuse, car chacun a pos\u00e9 ses probl\u00e8mes et des solutions adapt\u00e9es ont \u00e9t\u00e9 propos\u00e9es. Aujourd&rsquo;hui tu vois les guin\u00e9ens qui laisse leur ampoules allum\u00e9 pendant toute la journ\u00e9e qui consomme \u00e9norm\u00e9ment le courant et ce qui fait mal il peut laisser sa climatisation allum\u00e9 pour les moustiques et les souris ce refroidir, lui prend la route de son travail \u00e7a lui dit rien. Donc arr\u00eatons cette pratique si vous voulez bien aider la soci\u00e9t\u00e9 \u00e0 r\u00e9soudre quelques probl\u00e8mes d&rsquo;\u00e9lectricit\u00e9, les num\u00e9ros vers sont \u00a0l\u00e0, nous allons les mettre \u00e0 votre disposition c&rsquo;est le \u00a0\u00bb626.111.111 \u00a0\u00bb vous avez les contrats d&rsquo;abonnement entre le citoyen et la soci\u00e9t\u00e9 est vraiment important et la responsabilit\u00e9 de EDG arr\u00eat ou il y&rsquo;a le compteur de bonne qualit\u00e9 il n&rsquo;aura pas de d\u00e9g\u00e2ts, nous le souhaitons pas que un citoyen soit tu\u00e9 par un incendie \u00e9lectronique nous voulons le d\u00e9veloppement dans le secteur \u00bb, a-t-il affirm\u00e9 M. Soumah.<\/p>\n<p>Pour sa part, le Directeur g\u00e9n\u00e9ral charg\u00e9 de l\u2019exploitation et de l\u2019am\u00e9lioration de l\u2019EDG, Abdoulaye Kon\u00e9 indique : \u00ab le prix du tarif de est fix\u00e9 par le minist\u00e8re, on a de clients qui payent \u00a0pour tirer profit comme les travailleurs de station d&rsquo;essence, Les ivoiriens contr\u00f4lent les d\u00e9penses. Ils ont 3 millions d\u2019abonn\u00e9s mais 1 600 mille sont au pr\u00e9paiementle, le seul conseil que je vous donne c&rsquo;est utiliser le courant de fa\u00e7on rationnelle tu veux sortir ou regarder ta t\u00e9l\u00e9 prend le temps d&rsquo;\u00e9teindre les ampoules les climatiseurs, les fer \u00e0 repasser et les frigos. Donc \u00e9conomisez beaucoup pour permettre de payer moins ta facture. Aujourd&rsquo;hui le plus grand combat de l\u2019EDG est d\u2019amener les consommateurs \u00e0 utiliser de fa\u00e7on rationnelle l\u2019\u00e9lectricit\u00e9. Je vous en prie, essayez d\u2019installer les compteurs pr\u00e9pay\u00e9s. Cela vous aidera aussi \u00e0 payer moins vos factures d\u2019\u00e9lectricit\u00e9 \u00bb a laiss\u00e9 entendre M. Kon\u00e9.<\/p>\n<p>Cette d\u00e9marche de sensibilisation par des responsables de l\u2019EDG a \u00e9t\u00e9 vivement salu\u00e9e par le Maire, les conseillers communaux mais aussi la jeunesse. Abdou Gassim Soumah maire de la commune de Kaloum affirme : \u00ab Cette rencontre est la bienvenue parce que nous sommes vraiment outill\u00e9 de l&rsquo;information faite\u00a0par les agents en mati\u00e8re de sensibilisation pour allez attir\u00e9 l&rsquo;attention des citoyens pour les branchements clandestins. Donc, c\u2019est une initiative extr\u00eamement importante et \u00e0 saluer \u00bb, a soulign\u00e9.<\/p>\n<p>Sana Sylla.<\/p>\n","protected":false},"excerpt":{"rendered":"<p>Les responsables de la soci\u00e9t\u00e9 d\u2019Electricit\u00e9 de Guin\u00e9e (EDG), \u00e9taient devant les \u00e9lus locaux de<\/p>\n","protected":false},"author":2,"featured_media":3428,"comment_status":"closed","ping_status":"open","sticky":false,"template":"","format":"standard","meta":[],"categories":[3,5],"tags":[229],"yoast_head":"<!-- This site is optimized with the Yoast SEO plugin v19.13 - https:\/\/yoast.com\/wordpress\/plugins\/seo\/ -->\n<title>Electricit\u00e9 : Des responsables de l\u2019EDG rencontrent les conseillers communaux de Kaloum - UNIVERSNEWS224<\/title>\n<meta name=\"robots\" content=\"index, follow, max-snippet:-1, max-image-preview:large, max-video-preview:-1\" \/>\n<link rel=\"canonical\" href=\"https:\/\/universnews224.com\/index.php\/electricite-des-responsables-de-ledg-rencontrent-les-conseillers-communaux-de-kaloum\/\" \/>\n<meta property=\"og:locale\" content=\"fr_FR\" \/>\n<meta property=\"og:type\" content=\"article\" \/>\n<meta property=\"og:title\" content=\"Electricit\u00e9 : Des responsables de l\u2019EDG rencontrent les conseillers communaux de Kaloum - UNIVERSNEWS224\" \/>\n<meta property=\"og:description\" content=\"Les responsables de la soci\u00e9t\u00e9 d\u2019Electricit\u00e9 de Guin\u00e9e (EDG), \u00e9taient devant les \u00e9lus locaux de\" \/>\n<meta property=\"og:url\" content=\"https:\/\/universnews224.com\/index.php\/electricite-des-responsables-de-ledg-rencontrent-les-conseillers-communaux-de-kaloum\/\" \/>\n<meta property=\"og:site_name\" content=\"UNIVERSNEWS224\" \/>\n<meta property=\"article:published_time\" content=\"2023-04-26T20:10:32+00:00\" \/>\n<meta property=\"og:image\" content=\"https:\/\/universnews224.com\/wp-content\/uploads\/2023\/04\/480A8A5C-3339-4C95-857B-7E5A53F40D97.jpeg\" \/>\n\t<meta property=\"og:image:width\" content=\"1024\" \/>\n\t<meta property=\"og:image:height\" content=\"576\" \/>\n\t<meta property=\"og:image:type\" content=\"image\/jpeg\" \/>\n<meta name=\"author\" content=\"La R\u00e9daction\" \/>\n<meta name=\"twitter:label1\" content=\"\u00c9crit par\" \/>\n\t<meta name=\"twitter:data1\" content=\"La R\u00e9daction\" \/>\n\t<meta name=\"twitter:label2\" content=\"Dur\u00e9e de lecture estim\u00e9e\" \/>\n\t<meta name=\"twitter:data2\" content=\"3 minutes\" \/>\n<script type=\"application\/ld+json\" class=\"yoast-schema-graph\">{\"@context\":\"https:\/\/schema.org\",\"@graph\":[{\"@type\":\"Article\",\"@id\":\"https:\/\/universnews224.com\/index.php\/electricite-des-responsables-de-ledg-rencontrent-les-conseillers-communaux-de-kaloum\/#article\",\"isPartOf\":{\"@id\":\"https:\/\/universnews224.com\/index.php\/electricite-des-responsables-de-ledg-rencontrent-les-conseillers-communaux-de-kaloum\/\"},\"author\":{\"name\":\"La R\u00e9daction\",\"@id\":\"https:\/\/universnews224.com\/#\/schema\/person\/a4b7d4f94a4716df60456a491260485e\"},\"headline\":\"Electricit\u00e9 : Des responsables de l\u2019EDG rencontrent les conseillers communaux de Kaloum\",\"datePublished\":\"2023-04-26T20:10:32+00:00\",\"dateModified\":\"2023-04-26T20:10:32+00:00\",\"mainEntityOfPage\":{\"@id\":\"https:\/\/universnews224.com\/index.php\/electricite-des-responsables-de-ledg-rencontrent-les-conseillers-communaux-de-kaloum\/\"},\"wordCount\":627,\"publisher\":{\"@id\":\"https:\/\/universnews224.com\/#organization\"},\"keywords\":[\"La une\"],\"articleSection\":[\"ACTU\",\"SOCI\u00c9T\u00c9\"],\"inLanguage\":\"fr-FR\"},{\"@type\":\"WebPage\",\"@id\":\"https:\/\/universnews224.com\/index.php\/electricite-des-responsables-de-ledg-rencontrent-les-conseillers-communaux-de-kaloum\/\",\"url\":\"https:\/\/universnews224.com\/index.php\/electricite-des-responsables-de-ledg-rencontrent-les-conseillers-communaux-de-kaloum\/\",\"name\":\"Electricit\u00e9 : Des responsables de l\u2019EDG rencontrent les conseillers communaux de Kaloum - UNIVERSNEWS224\",\"isPartOf\":{\"@id\":\"https:\/\/universnews224.com\/#website\"},\"datePublished\":\"2023-04-26T20:10:32+00:00\",\"dateModified\":\"2023-04-26T20:10:32+00:00\",\"inLanguage\":\"fr-FR\",\"potentialAction\":[{\"@type\":\"ReadAction\",\"target\":[\"https:\/\/universnews224.com\/index.php\/electricite-des-responsables-de-ledg-rencontrent-les-conseillers-communaux-de-kaloum\/\"]}]},{\"@type\":\"WebSite\",\"@id\":\"https:\/\/universnews224.com\/#website\",\"url\":\"https:\/\/universnews224.com\/\",\"name\":\"UNIVERSNEWS224\",\"description\":\"\",\"publisher\":{\"@id\":\"https:\/\/universnews224.com\/#organization\"},\"potentialAction\":[{\"@type\":\"SearchAction\",\"target\":{\"@type\":\"EntryPoint\",\"urlTemplate\":\"https:\/\/universnews224.com\/?s={search_term_string}\"},\"query-input\":\"required name=search_term_string\"}],\"inLanguage\":\"fr-FR\"},{\"@type\":\"Organization\",\"@id\":\"https:\/\/universnews224.com\/#organization\",\"name\":\"UNIVERSNEWS224\",\"url\":\"https:\/\/universnews224.com\/\",\"logo\":{\"@type\":\"ImageObject\",\"inLanguage\":\"fr-FR\",\"@id\":\"https:\/\/universnews224.com\/#\/schema\/logo\/image\/\",\"url\":\"https:\/\/universnews224.com\/wp-content\/uploads\/2022\/08\/cropped-cropped-logoban.jpg\",\"contentUrl\":\"https:\/\/universnews224.com\/wp-content\/uploads\/2022\/08\/cropped-cropped-logoban.jpg\",\"width\":1080,\"height\":138,\"caption\":\"UNIVERSNEWS224\"},\"image\":{\"@id\":\"https:\/\/universnews224.com\/#\/schema\/logo\/image\/\"}},{\"@type\":\"Person\",\"@id\":\"https:\/\/universnews224.com\/#\/schema\/person\/a4b7d4f94a4716df60456a491260485e\",\"name\":\"La R\u00e9daction\",\"image\":{\"@type\":\"ImageObject\",\"inLanguage\":\"fr-FR\",\"@id\":\"https:\/\/universnews224.com\/#\/schema\/person\/image\/\",\"url\":\"https:\/\/secure.gravatar.com\/avatar\/edb90acc7752b23e1b3307ad36c14f0d?s=96&d=mm&r=g\",\"contentUrl\":\"https:\/\/secure.gravatar.com\/avatar\/edb90acc7752b23e1b3307ad36c14f0d?s=96&d=mm&r=g\",\"caption\":\"La R\u00e9daction\"},\"sameAs\":[\"https:\/\/universnews224.com\"],\"url\":\"https:\/\/universnews224.com\/index.php\/author\/m-camara\/\"}]}<\/script>\n<!-- \/ Yoast SEO plugin. -->","yoast_head_json":{"title":"Electricit\u00e9 : Des responsables de l\u2019EDG rencontrent les conseillers communaux de Kaloum - UNIVERSNEWS224","robots":{"index":"index","follow":"follow","max-snippet":"max-snippet:-1","max-image-preview":"max-image-preview:large","max-video-preview":"max-video-preview:-1"},"canonical":"https:\/\/universnews224.com\/index.php\/electricite-des-responsables-de-ledg-rencontrent-les-conseillers-communaux-de-kaloum\/","og_locale":"fr_FR","og_type":"article","og_title":"Electricit\u00e9 : Des responsables de l\u2019EDG rencontrent les conseillers communaux de Kaloum - UNIVERSNEWS224","og_description":"Les responsables de la soci\u00e9t\u00e9 d\u2019Electricit\u00e9 de Guin\u00e9e (EDG), \u00e9taient devant les \u00e9lus locaux de","og_url":"https:\/\/universnews224.com\/index.php\/electricite-des-responsables-de-ledg-rencontrent-les-conseillers-communaux-de-kaloum\/","og_site_name":"UNIVERSNEWS224","article_published_time":"2023-04-26T20:10:32+00:00","og_image":[{"width":1024,"height":576,"url":"https:\/\/universnews224.com\/wp-content\/uploads\/2023\/04\/480A8A5C-3339-4C95-857B-7E5A53F40D97.jpeg","type":"image\/jpeg"}],"author":"La R\u00e9daction","twitter_misc":{"\u00c9crit par":"La R\u00e9daction","Dur\u00e9e de lecture estim\u00e9e":"3 minutes"},"schema":{"@context":"https:\/\/schema.org","@graph":[{"@type":"Article","@id":"https:\/\/universnews224.com\/index.php\/electricite-des-responsables-de-ledg-rencontrent-les-conseillers-communaux-de-kaloum\/#article","isPartOf":{"@id":"https:\/\/universnews224.com\/index.php\/electricite-des-responsables-de-ledg-rencontrent-les-conseillers-communaux-de-kaloum\/"},"author":{"name":"La R\u00e9daction","@id":"https:\/\/universnews224.com\/#\/schema\/person\/a4b7d4f94a4716df60456a491260485e"},"headline":"Electricit\u00e9 : Des responsables de l\u2019EDG rencontrent les conseillers communaux de Kaloum","datePublished":"2023-04-26T20:10:32+00:00","dateModified":"2023-04-26T20:10:32+00:00","mainEntityOfPage":{"@id":"https:\/\/universnews224.com\/index.php\/electricite-des-responsables-de-ledg-rencontrent-les-conseillers-communaux-de-kaloum\/"},"wordCount":627,"publisher":{"@id":"https:\/\/universnews224.com\/#organization"},"keywords":["La une"],"articleSection":["ACTU","SOCI\u00c9T\u00c9"],"inLanguage":"fr-FR"},{"@type":"WebPage","@id":"https:\/\/universnews224.com\/index.php\/electricite-des-responsables-de-ledg-rencontrent-les-conseillers-communaux-de-kaloum\/","url":"https:\/\/universnews224.com\/index.php\/electricite-des-responsables-de-ledg-rencontrent-les-conseillers-communaux-de-kaloum\/","name":"Electricit\u00e9 : Des responsables de l\u2019EDG rencontrent les conseillers communaux de Kaloum - UNIVERSNEWS224","isPartOf":{"@id":"https:\/\/universnews224.com\/#website"},"datePublished":"2023-04-26T20:10:32+00:00","dateModified":"2023-04-26T20:10:32+00:00","inLanguage":"fr-FR","potentialAction":[{"@type":"ReadAction","target":["https:\/\/universnews224.com\/index.php\/electricite-des-responsables-de-ledg-rencontrent-les-conseillers-communaux-de-kaloum\/"]}]},{"@type":"WebSite","@id":"https:\/\/universnews224.com\/#website","url":"https:\/\/universnews224.com\/","name":"UNIVERSNEWS224","description":"","publisher":{"@id":"https:\/\/universnews224.com\/#organization"},"potentialAction":[{"@type":"SearchAction","target":{"@type":"EntryPoint","urlTemplate":"https:\/\/universnews224.com\/?s={search_term_string}"},"query-input":"required name=search_term_string"}],"inLanguage":"fr-FR"},{"@type":"Organization","@id":"https:\/\/universnews224.com\/#organization","name":"UNIVERSNEWS224","url":"https:\/\/universnews224.com\/","logo":{"@type":"ImageObject","inLanguage":"fr-FR","@id":"https:\/\/universnews224.com\/#\/schema\/logo\/image\/","url":"https:\/\/universnews224.com\/wp-content\/uploads\/2022\/08\/cropped-cropped-logoban.jpg","contentUrl":"https:\/\/universnews224.com\/wp-content\/uploads\/2022\/08\/cropped-cropped-logoban.jpg","width":1080,"height":138,"caption":"UNIVERSNEWS224"},"image":{"@id":"https:\/\/universnews224.com\/#\/schema\/logo\/image\/"}},{"@type":"Person","@id":"https:\/\/universnews224.com\/#\/schema\/person\/a4b7d4f94a4716df60456a491260485e","name":"La R\u00e9daction","image":{"@type":"ImageObject","inLanguage":"fr-FR","@id":"https:\/\/universnews224.com\/#\/schema\/person\/image\/","url":"https:\/\/secure.gravatar.com\/avatar\/edb90acc7752b23e1b3307ad36c14f0d?s=96&d=mm&r=g","contentUrl":"https:\/\/secure.gravatar.com\/avatar\/edb90acc7752b23e1b3307ad36c14f0d?s=96&d=mm&r=g","caption":"La R\u00e9daction"},"sameAs":["https:\/\/universnews224.com"],"url":"https:\/\/universnews224.com\/index.php\/author\/m-camara\/"}]}},"_links":{"self":[{"href":"https:\/\/universnews224.com\/index.php\/wp-json\/wp\/v2\/posts\/3427"}],"collection":[{"href":"https:\/\/universnews224.com\/index.php\/wp-json\/wp\/v2\/posts"}],"about":[{"href":"https:\/\/universnews224.com\/index.php\/wp-json\/wp\/v2\/types\/post"}],"author":[{"embeddable":true,"href":"https:\/\/universnews224.com\/index.php\/wp-json\/wp\/v2\/users\/2"}],"replies":[{"embeddable":true,"href":"https:\/\/universnews224.com\/index.php\/wp-json\/wp\/v2\/comments?post=3427"}],"version-history":[{"count":1,"href":"https:\/\/universnews224.com\/index.php\/wp-json\/wp\/v2\/posts\/3427\/revisions"}],"predecessor-version":[{"id":3429,"href":"https:\/\/universnews224.com\/index.php\/wp-json\/wp\/v2\/posts\/3427\/revisions\/3429"}],"wp:featuredmedia":[{"embeddable":true,"href":"https:\/\/universnews224.com\/index.php\/wp-json\/wp\/v2\/media\/3428"}],"wp:attachment":[{"href":"https:\/\/universnews224.com\/index.php\/wp-json\/wp\/v2\/media?parent=3427"}],"wp:term":[{"taxonomy":"category","embeddable":true,"href":"https:\/\/universnews224.com\/index.php\/wp-json\/wp\/v2\/categories?post=3427"},{"taxonomy":"post_tag","embeddable":true,"href":"https:\/\/universnews224.com\/index.php\/wp-json\/wp\/v2\/tags?post=3427"}],"curies":[{"name":"wp","href":"https:\/\/api.w.org\/{rel}","templated":true}]}}