{"id":3468,"date":"2023-05-01T16:28:23","date_gmt":"2023-05-01T15:28:23","guid":{"rendered":"https:\/\/universnews224.com\/?p=3468"},"modified":"2023-05-01T16:28:23","modified_gmt":"2023-05-01T15:28:23","slug":"retrait-des-fvg-des-pourparlers-les-religieux-ont-ete-humilies-ils-ont-ete-reduits-a-leur-plus-petite-expression-sekou-koundouno","status":"publish","type":"post","link":"https:\/\/universnews224.com\/index.php\/retrait-des-fvg-des-pourparlers-les-religieux-ont-ete-humilies-ils-ont-ete-reduits-a-leur-plus-petite-expression-sekou-koundouno\/","title":{"rendered":"Retrait des FVG des pourparlers : \u00abLes religieux ont \u00e9t\u00e9 humili\u00e9s, ils ont \u00e9t\u00e9 r\u00e9duits \u00e0 leur plus petite expression\u00bb, Sekou Koundouno."},"content":{"rendered":"<p class=\"p1\"><span class=\"s1\">Retrait des FVG des pourparlers\u00a0: \u00abLes religieux ont \u00e9t\u00e9 humili\u00e9s, ils ont \u00e9t\u00e9 r\u00e9duits \u00e0 leur plus petite expression\u00bb, Sekou Koundouno.<\/span><\/p>\n<p class=\"p1\"><span class=\"s1\">Le Responsable de Planification et des Strat\u00e9gies du Front National pour la D\u00e9fense de la Constitution (FNDC), Sekou Koundouno s\u2019est exprim\u00e9 sur le retrait<span class=\"Apple-converted-space\">\u00a0 <\/span>des forces vives des pourparlers avec le premier ministre entam\u00e9s par les chefs religieux. <\/span><\/p>\n<p class=\"p1\"><span class=\"s1\">D\u2019entr\u00e9e de jeu ce responsable du FNDC a, tout d\u2019abord d\u00e9nonc\u00e9 le manque de volont\u00e9 du gouvernement de satisfaire leurs pr\u00e9alables, avant affirmer que l\u2019\u00e9chec de ces n\u00e9gociations prouve \u00e0 suffisamment que les autorit\u00e9s de la transition n\u2019ont aucun respect pour les leaders religieux. <\/span><\/p>\n<p class=\"p1\"><span class=\"s1\">\u00abNous sommes \u00e0 deux mois de n\u00e9gociations, aucune avanc\u00e9e n\u2019est enregistr\u00e9e. Nous sommes dans le statuquo total. Ils ont montr\u00e9 au peuple de Guin\u00e9e, \u00e0 la communaut\u00e9 internationale et aux religieux qui n\u2019ont de respect pour personne(\u2026)Je profite de cette occasion pour rendre un vibrant hommage \u00e0 ces chefs religieux en leur disant tout simplement qu\u2019on ne les fait pas confiance parce qu\u2019ils s\u2019appellent Elhadj Mohamed Salifou Camara ou Monseigneur Vincent Koulibaly. Nous leur faisons confiance parce que nous avons confiance \u00e0 ces deux religions monoth\u00e9istes. Je croyons que ceux qui croient \u00e0 ces religions doivent croire \u00e0 ceux-l\u00e0 m\u00eame, qui sont les guides de ces religions. Nous leur disons merci, nous leur disons que nous sommes leurs enfants. Quand ils ont besoin de nous nuit et jour, nous seront \u00e0 leur \u00e9coute, mais le constat est sans appel, la r\u00e9alit\u00e9 ne fait pas aucun commentaire.Les religieux ont \u00e9t\u00e9 humili\u00e9s, ils ont \u00e9t\u00e9 r\u00e9duits \u00e0 leur plus petite expression\u00bb, a t-il d\u00e9plor\u00e9. <\/span><\/p>\n<p class=\"p1\"><span class=\"s1\">Poursuivant, Sekou Koundouno a indiqu\u00e9 que les \u00e9missaires des forces vives de Guin\u00e9e \u00e0 ces n\u00e9gociations ont d\u00e9j\u00e0 transmis leur rapport au comit\u00e9 strat\u00e9gique et que dans les prochains jours, les actions fortes font \u00eatre engag\u00e9es. <\/span><\/p>\n<p class=\"p1\"><span class=\"s1\">\u00abQu\u2019ils ne comptent que sur le rapport de force, mais comme vous le savez, nous sommes r\u00e9solument engag\u00e9s \u00e0 promouvoir la stabilit\u00e9 de ce pays, \u00e0 promouvoir le vivre ensemble et la communion entre diff\u00e9rentes communaut\u00e9s et entit\u00e9s qui composent ce pays. Ceux qui ont \u00e9t\u00e9 mandat\u00e9s aux c\u00f4t\u00e9 des forces vives ont d\u00e9j\u00e0 transmis leur rapport au comit\u00e9 strat\u00e9gique qui est entrain de l\u2019examiner et les jours prochains, on invitera le peuple de Guin\u00e9e quelle la trajectoire qu\u2019il faille prendre\u2026 C\u2019est \u00e0 nous en tant que digne fils de ce pays et conscient des d\u00e9fis et des enjeux qui s\u2019imposent \u00e0 notre nation. Conscient d\u2019une minorit\u00e9 de Guin\u00e9ens ne peut pas s\u2019accaparer du pouvoir d\u2019Etat au nom des armes et faire la Guin\u00e9e ce qu\u2019ils veulent, en tirer toutes les cons\u00e9quences. Prendre nos responsabilit\u00e9s et essayer une fois pour toute , de mettre fin \u00e0 cette pagaille et \u00e7a, je puis vous assurer, tous les leaders individuellement pris, les militants pro-d\u00e9mocratie<span class=\"Apple-converted-space\">\u00a0 <\/span>individuellement pris. Chacun est conscient que si on ne se bat pas, que si on ne s\u2019engage pas, cette Guin\u00e9e ne sortira de l\u2019orni\u00e8re\u00bb <\/span><\/p>\n<p class=\"p1\"><span class=\"s1\">Camara Mamadouba <\/span><\/p>\n<p class=\"p1\"><span class=\"s1\">611 46 04 10 <\/span><\/p>\n","protected":false},"excerpt":{"rendered":"<p>Retrait des FVG des pourparlers\u00a0: \u00abLes religieux ont \u00e9t\u00e9 humili\u00e9s, ils ont \u00e9t\u00e9 r\u00e9duits \u00e0<\/p>\n","protected":false},"author":2,"featured_media":3469,"comment_status":"closed","ping_status":"open","sticky":false,"template":"","format":"standard","meta":[],"categories":[3,4],"tags":[229],"yoast_head":"<!-- This site is optimized with the Yoast SEO plugin v19.13 - https:\/\/yoast.com\/wordpress\/plugins\/seo\/ -->\n<title>Retrait des FVG des pourparlers : \u00abLes religieux ont \u00e9t\u00e9 humili\u00e9s, ils ont \u00e9t\u00e9 r\u00e9duits \u00e0 leur plus petite expression\u00bb, Sekou Koundouno. - UNIVERSNEWS224<\/title>\n<meta name=\"robots\" content=\"index, follow, max-snippet:-1, max-image-preview:large, max-video-preview:-1\" \/>\n<link rel=\"canonical\" href=\"https:\/\/universnews224.com\/index.php\/retrait-des-fvg-des-pourparlers-les-religieux-ont-ete-humilies-ils-ont-ete-reduits-a-leur-plus-petite-expression-sekou-koundouno\/\" \/>\n<meta property=\"og:locale\" content=\"fr_FR\" \/>\n<meta property=\"og:type\" content=\"article\" \/>\n<meta property=\"og:title\" content=\"Retrait des FVG des pourparlers : \u00abLes religieux ont \u00e9t\u00e9 humili\u00e9s, ils ont \u00e9t\u00e9 r\u00e9duits \u00e0 leur plus petite expression\u00bb, Sekou Koundouno. - UNIVERSNEWS224\" \/>\n<meta property=\"og:description\" content=\"Retrait des FVG des pourparlers\u00a0: \u00abLes religieux ont \u00e9t\u00e9 humili\u00e9s, ils ont \u00e9t\u00e9 r\u00e9duits \u00e0\" \/>\n<meta property=\"og:url\" content=\"https:\/\/universnews224.com\/index.php\/retrait-des-fvg-des-pourparlers-les-religieux-ont-ete-humilies-ils-ont-ete-reduits-a-leur-plus-petite-expression-sekou-koundouno\/\" \/>\n<meta property=\"og:site_name\" content=\"UNIVERSNEWS224\" \/>\n<meta property=\"article:published_time\" content=\"2023-05-01T15:28:23+00:00\" \/>\n<meta property=\"og:image\" content=\"https:\/\/universnews224.com\/wp-content\/uploads\/2023\/05\/D86BB08F-ED15-440A-A997-6E43FA2F16A9.png\" \/>\n\t<meta property=\"og:image:width\" content=\"384\" \/>\n\t<meta property=\"og:image:height\" content=\"241\" \/>\n\t<meta property=\"og:image:type\" content=\"image\/png\" \/>\n<meta name=\"author\" content=\"La R\u00e9daction\" \/>\n<meta name=\"twitter:label1\" content=\"\u00c9crit par\" \/>\n\t<meta name=\"twitter:data1\" content=\"La R\u00e9daction\" \/>\n\t<meta name=\"twitter:label2\" content=\"Dur\u00e9e de lecture estim\u00e9e\" \/>\n\t<meta name=\"twitter:data2\" content=\"3 minutes\" \/>\n<script type=\"application\/ld+json\" class=\"yoast-schema-graph\">{\"@context\":\"https:\/\/schema.org\",\"@graph\":[{\"@type\":\"Article\",\"@id\":\"https:\/\/universnews224.com\/index.php\/retrait-des-fvg-des-pourparlers-les-religieux-ont-ete-humilies-ils-ont-ete-reduits-a-leur-plus-petite-expression-sekou-koundouno\/#article\",\"isPartOf\":{\"@id\":\"https:\/\/universnews224.com\/index.php\/retrait-des-fvg-des-pourparlers-les-religieux-ont-ete-humilies-ils-ont-ete-reduits-a-leur-plus-petite-expression-sekou-koundouno\/\"},\"author\":{\"name\":\"La R\u00e9daction\",\"@id\":\"https:\/\/universnews224.com\/#\/schema\/person\/a4b7d4f94a4716df60456a491260485e\"},\"headline\":\"Retrait des FVG des pourparlers : \u00abLes religieux ont \u00e9t\u00e9 humili\u00e9s, ils ont \u00e9t\u00e9 r\u00e9duits \u00e0 leur plus petite expression\u00bb, Sekou Koundouno.\",\"datePublished\":\"2023-05-01T15:28:23+00:00\",\"dateModified\":\"2023-05-01T15:28:23+00:00\",\"mainEntityOfPage\":{\"@id\":\"https:\/\/universnews224.com\/index.php\/retrait-des-fvg-des-pourparlers-les-religieux-ont-ete-humilies-ils-ont-ete-reduits-a-leur-plus-petite-expression-sekou-koundouno\/\"},\"wordCount\":560,\"publisher\":{\"@id\":\"https:\/\/universnews224.com\/#organization\"},\"keywords\":[\"La une\"],\"articleSection\":[\"ACTU\",\"POLITIQUE\"],\"inLanguage\":\"fr-FR\"},{\"@type\":\"WebPage\",\"@id\":\"https:\/\/universnews224.com\/index.php\/retrait-des-fvg-des-pourparlers-les-religieux-ont-ete-humilies-ils-ont-ete-reduits-a-leur-plus-petite-expression-sekou-koundouno\/\",\"url\":\"https:\/\/universnews224.com\/index.php\/retrait-des-fvg-des-pourparlers-les-religieux-ont-ete-humilies-ils-ont-ete-reduits-a-leur-plus-petite-expression-sekou-koundouno\/\",\"name\":\"Retrait des FVG des pourparlers : \u00abLes religieux ont \u00e9t\u00e9 humili\u00e9s, ils ont \u00e9t\u00e9 r\u00e9duits \u00e0 leur plus petite expression\u00bb, Sekou Koundouno. - UNIVERSNEWS224\",\"isPartOf\":{\"@id\":\"https:\/\/universnews224.com\/#website\"},\"datePublished\":\"2023-05-01T15:28:23+00:00\",\"dateModified\":\"2023-05-01T15:28:23+00:00\",\"inLanguage\":\"fr-FR\",\"potentialAction\":[{\"@type\":\"ReadAction\",\"target\":[\"https:\/\/universnews224.com\/index.php\/retrait-des-fvg-des-pourparlers-les-religieux-ont-ete-humilies-ils-ont-ete-reduits-a-leur-plus-petite-expression-sekou-koundouno\/\"]}]},{\"@type\":\"WebSite\",\"@id\":\"https:\/\/universnews224.com\/#website\",\"url\":\"https:\/\/universnews224.com\/\",\"name\":\"UNIVERSNEWS224\",\"description\":\"\",\"publisher\":{\"@id\":\"https:\/\/universnews224.com\/#organization\"},\"potentialAction\":[{\"@type\":\"SearchAction\",\"target\":{\"@type\":\"EntryPoint\",\"urlTemplate\":\"https:\/\/universnews224.com\/?s={search_term_string}\"},\"query-input\":\"required name=search_term_string\"}],\"inLanguage\":\"fr-FR\"},{\"@type\":\"Organization\",\"@id\":\"https:\/\/universnews224.com\/#organization\",\"name\":\"UNIVERSNEWS224\",\"url\":\"https:\/\/universnews224.com\/\",\"logo\":{\"@type\":\"ImageObject\",\"inLanguage\":\"fr-FR\",\"@id\":\"https:\/\/universnews224.com\/#\/schema\/logo\/image\/\",\"url\":\"https:\/\/universnews224.com\/wp-content\/uploads\/2022\/08\/cropped-cropped-logoban.jpg\",\"contentUrl\":\"https:\/\/universnews224.com\/wp-content\/uploads\/2022\/08\/cropped-cropped-logoban.jpg\",\"width\":1080,\"height\":138,\"caption\":\"UNIVERSNEWS224\"},\"image\":{\"@id\":\"https:\/\/universnews224.com\/#\/schema\/logo\/image\/\"}},{\"@type\":\"Person\",\"@id\":\"https:\/\/universnews224.com\/#\/schema\/person\/a4b7d4f94a4716df60456a491260485e\",\"name\":\"La R\u00e9daction\",\"image\":{\"@type\":\"ImageObject\",\"inLanguage\":\"fr-FR\",\"@id\":\"https:\/\/universnews224.com\/#\/schema\/person\/image\/\",\"url\":\"https:\/\/secure.gravatar.com\/avatar\/edb90acc7752b23e1b3307ad36c14f0d?s=96&d=mm&r=g\",\"contentUrl\":\"https:\/\/secure.gravatar.com\/avatar\/edb90acc7752b23e1b3307ad36c14f0d?s=96&d=mm&r=g\",\"caption\":\"La R\u00e9daction\"},\"sameAs\":[\"https:\/\/universnews224.com\"],\"url\":\"https:\/\/universnews224.com\/index.php\/author\/m-camara\/\"}]}<\/script>\n<!-- \/ Yoast SEO plugin. -->","yoast_head_json":{"title":"Retrait des FVG des pourparlers : \u00abLes religieux ont \u00e9t\u00e9 humili\u00e9s, ils ont \u00e9t\u00e9 r\u00e9duits \u00e0 leur plus petite expression\u00bb, Sekou Koundouno. - UNIVERSNEWS224","robots":{"index":"index","follow":"follow","max-snippet":"max-snippet:-1","max-image-preview":"max-image-preview:large","max-video-preview":"max-video-preview:-1"},"canonical":"https:\/\/universnews224.com\/index.php\/retrait-des-fvg-des-pourparlers-les-religieux-ont-ete-humilies-ils-ont-ete-reduits-a-leur-plus-petite-expression-sekou-koundouno\/","og_locale":"fr_FR","og_type":"article","og_title":"Retrait des FVG des pourparlers : \u00abLes religieux ont \u00e9t\u00e9 humili\u00e9s, ils ont \u00e9t\u00e9 r\u00e9duits \u00e0 leur plus petite expression\u00bb, Sekou Koundouno. - UNIVERSNEWS224","og_description":"Retrait des FVG des pourparlers\u00a0: \u00abLes religieux ont \u00e9t\u00e9 humili\u00e9s, ils ont \u00e9t\u00e9 r\u00e9duits \u00e0","og_url":"https:\/\/universnews224.com\/index.php\/retrait-des-fvg-des-pourparlers-les-religieux-ont-ete-humilies-ils-ont-ete-reduits-a-leur-plus-petite-expression-sekou-koundouno\/","og_site_name":"UNIVERSNEWS224","article_published_time":"2023-05-01T15:28:23+00:00","og_image":[{"width":384,"height":241,"url":"https:\/\/universnews224.com\/wp-content\/uploads\/2023\/05\/D86BB08F-ED15-440A-A997-6E43FA2F16A9.png","type":"image\/png"}],"author":"La R\u00e9daction","twitter_misc":{"\u00c9crit par":"La R\u00e9daction","Dur\u00e9e de lecture estim\u00e9e":"3 minutes"},"schema":{"@context":"https:\/\/schema.org","@graph":[{"@type":"Article","@id":"https:\/\/universnews224.com\/index.php\/retrait-des-fvg-des-pourparlers-les-religieux-ont-ete-humilies-ils-ont-ete-reduits-a-leur-plus-petite-expression-sekou-koundouno\/#article","isPartOf":{"@id":"https:\/\/universnews224.com\/index.php\/retrait-des-fvg-des-pourparlers-les-religieux-ont-ete-humilies-ils-ont-ete-reduits-a-leur-plus-petite-expression-sekou-koundouno\/"},"author":{"name":"La R\u00e9daction","@id":"https:\/\/universnews224.com\/#\/schema\/person\/a4b7d4f94a4716df60456a491260485e"},"headline":"Retrait des FVG des pourparlers : \u00abLes religieux ont \u00e9t\u00e9 humili\u00e9s, ils ont \u00e9t\u00e9 r\u00e9duits \u00e0 leur plus petite expression\u00bb, Sekou Koundouno.","datePublished":"2023-05-01T15:28:23+00:00","dateModified":"2023-05-01T15:28:23+00:00","mainEntityOfPage":{"@id":"https:\/\/universnews224.com\/index.php\/retrait-des-fvg-des-pourparlers-les-religieux-ont-ete-humilies-ils-ont-ete-reduits-a-leur-plus-petite-expression-sekou-koundouno\/"},"wordCount":560,"publisher":{"@id":"https:\/\/universnews224.com\/#organization"},"keywords":["La une"],"articleSection":["ACTU","POLITIQUE"],"inLanguage":"fr-FR"},{"@type":"WebPage","@id":"https:\/\/universnews224.com\/index.php\/retrait-des-fvg-des-pourparlers-les-religieux-ont-ete-humilies-ils-ont-ete-reduits-a-leur-plus-petite-expression-sekou-koundouno\/","url":"https:\/\/universnews224.com\/index.php\/retrait-des-fvg-des-pourparlers-les-religieux-ont-ete-humilies-ils-ont-ete-reduits-a-leur-plus-petite-expression-sekou-koundouno\/","name":"Retrait des FVG des pourparlers : \u00abLes religieux ont \u00e9t\u00e9 humili\u00e9s, ils ont \u00e9t\u00e9 r\u00e9duits \u00e0 leur plus petite expression\u00bb, Sekou Koundouno. - UNIVERSNEWS224","isPartOf":{"@id":"https:\/\/universnews224.com\/#website"},"datePublished":"2023-05-01T15:28:23+00:00","dateModified":"2023-05-01T15:28:23+00:00","inLanguage":"fr-FR","potentialAction":[{"@type":"ReadAction","target":["https:\/\/universnews224.com\/index.php\/retrait-des-fvg-des-pourparlers-les-religieux-ont-ete-humilies-ils-ont-ete-reduits-a-leur-plus-petite-expression-sekou-koundouno\/"]}]},{"@type":"WebSite","@id":"https:\/\/universnews224.com\/#website","url":"https:\/\/universnews224.com\/","name":"UNIVERSNEWS224","description":"","publisher":{"@id":"https:\/\/universnews224.com\/#organization"},"potentialAction":[{"@type":"SearchAction","target":{"@type":"EntryPoint","urlTemplate":"https:\/\/universnews224.com\/?s={search_term_string}"},"query-input":"required name=search_term_string"}],"inLanguage":"fr-FR"},{"@type":"Organization","@id":"https:\/\/universnews224.com\/#organization","name":"UNIVERSNEWS224","url":"https:\/\/universnews224.com\/","logo":{"@type":"ImageObject","inLanguage":"fr-FR","@id":"https:\/\/universnews224.com\/#\/schema\/logo\/image\/","url":"https:\/\/universnews224.com\/wp-content\/uploads\/2022\/08\/cropped-cropped-logoban.jpg","contentUrl":"https:\/\/universnews224.com\/wp-content\/uploads\/2022\/08\/cropped-cropped-logoban.jpg","width":1080,"height":138,"caption":"UNIVERSNEWS224"},"image":{"@id":"https:\/\/universnews224.com\/#\/schema\/logo\/image\/"}},{"@type":"Person","@id":"https:\/\/universnews224.com\/#\/schema\/person\/a4b7d4f94a4716df60456a491260485e","name":"La R\u00e9daction","image":{"@type":"ImageObject","inLanguage":"fr-FR","@id":"https:\/\/universnews224.com\/#\/schema\/person\/image\/","url":"https:\/\/secure.gravatar.com\/avatar\/edb90acc7752b23e1b3307ad36c14f0d?s=96&d=mm&r=g","contentUrl":"https:\/\/secure.gravatar.com\/avatar\/edb90acc7752b23e1b3307ad36c14f0d?s=96&d=mm&r=g","caption":"La R\u00e9daction"},"sameAs":["https:\/\/universnews224.com"],"url":"https:\/\/universnews224.com\/index.php\/author\/m-camara\/"}]}},"_links":{"self":[{"href":"https:\/\/universnews224.com\/index.php\/wp-json\/wp\/v2\/posts\/3468"}],"collection":[{"href":"https:\/\/universnews224.com\/index.php\/wp-json\/wp\/v2\/posts"}],"about":[{"href":"https:\/\/universnews224.com\/index.php\/wp-json\/wp\/v2\/types\/post"}],"author":[{"embeddable":true,"href":"https:\/\/universnews224.com\/index.php\/wp-json\/wp\/v2\/users\/2"}],"replies":[{"embeddable":true,"href":"https:\/\/universnews224.com\/index.php\/wp-json\/wp\/v2\/comments?post=3468"}],"version-history":[{"count":1,"href":"https:\/\/universnews224.com\/index.php\/wp-json\/wp\/v2\/posts\/3468\/revisions"}],"predecessor-version":[{"id":3470,"href":"https:\/\/universnews224.com\/index.php\/wp-json\/wp\/v2\/posts\/3468\/revisions\/3470"}],"wp:featuredmedia":[{"embeddable":true,"href":"https:\/\/universnews224.com\/index.php\/wp-json\/wp\/v2\/media\/3469"}],"wp:attachment":[{"href":"https:\/\/universnews224.com\/index.php\/wp-json\/wp\/v2\/media?parent=3468"}],"wp:term":[{"taxonomy":"category","embeddable":true,"href":"https:\/\/universnews224.com\/index.php\/wp-json\/wp\/v2\/categories?post=3468"},{"taxonomy":"post_tag","embeddable":true,"href":"https:\/\/universnews224.com\/index.php\/wp-json\/wp\/v2\/tags?post=3468"}],"curies":[{"name":"wp","href":"https:\/\/api.w.org\/{rel}","templated":true}]}}