{"id":3471,"date":"2023-05-01T16:32:49","date_gmt":"2023-05-01T15:32:49","guid":{"rendered":"https:\/\/universnews224.com\/?p=3471"},"modified":"2023-05-01T16:32:49","modified_gmt":"2023-05-01T15:32:49","slug":"sekou-koundouno-sur-la-detention-de-fonike-mengue-et-cieles-camarades-fonike-mangue-ibrahima-diallo-et-billo-bah-sont-des-otages-personnels-du-colonel-mamadi-doumbouya","status":"publish","type":"post","link":"https:\/\/universnews224.com\/index.php\/sekou-koundouno-sur-la-detention-de-fonike-mengue-et-cieles-camarades-fonike-mangue-ibrahima-diallo-et-billo-bah-sont-des-otages-personnels-du-colonel-mamadi-doumbouya\/","title":{"rendered":"S\u00e9kou Koundouno sur la d\u00e9tention de Fonik\u00e9 Mengu\u00e8 et Cie:\u00abLes camarades Fonik\u00e9 Mangu\u00e8, Ibrahima Diallo et Billo Bah sont des otages personnels du colonel Mamadi Doumbouya\u00bb"},"content":{"rendered":"<p class=\"p1\">Incarc\u00e9r\u00e9s depuis 9 mois maintenant sans jugement, le proc\u00e8s des responsables du Front National pour la D\u00e9fense de Constitution \u00e0 savoir: Fonik\u00e9 Mengu\u00e8, Ibrahima Diallo, Billo Bah et Se\u00efkou Yaya Barry, peine \u00e0 s\u2019ouvre, malgr\u00e9 de nombreux appels demandant leur lib\u00e9ration.<\/p>\n<p class=\"p1\"><span class=\"s1\">S\u2019exprimant sur cette d\u00e9tention prolong\u00e9e des leaders du FNDC chez nos confr\u00e8res de la radio Fim Fm dans l\u2019\u00e9mission \u00abMirador\u00bb, de ce lundi, 1er mai, Sekou Koundouno, responsable des strat\u00e9gies et planification chez FNDC , a indiqu\u00e9 Fonik\u00e9 Mengu\u00e8 et ses cod\u00e9tenus ne sont autres que les prisonniers du Colonel Mamadi Doumbouya. <\/span><\/p>\n<p class=\"p1\"><span class=\"s1\">\u00abJe parle avec un c\u0153ur tr\u00e8s amerri parce que depuis le 1er ao\u00fbt 2022, je passe des moments les plus difficiles de ma vie pour ceux qui me fr\u00e9quentent et qui parlent enti\u00e8rement avec moi .Connaissant mes rapports avec Fonik\u00e9 Mengu\u00e8, Ibrahima Diallo et Billo Bah, pour ceux qui me connaissent, je passe des moments les plus difficiles de ma vie.Parce que ces jeunes gens ont tout abandonn\u00e9, tout arr\u00eat\u00e9 pour qu\u2019on se mette ensemble, malgr\u00e9 nos diversit\u00e9s d\u2019ordre ethnique et r\u00e9gionaliste. On s\u2019est mis au dessus de toutes ces consid\u00e9rations d\u2019ordre irrationnel<span class=\"Apple-converted-space\">\u00a0 <\/span>pour penser \u00e0 la Guin\u00e9e et apporter notre modeste contribution . On \u00e9tait tous dans des organisations qui avaient des financements de gauche \u00e0 droit avec des partenaires, mais nous avons arr\u00eat\u00e9 toutes ces opportunit\u00e9s pour \u00eatre, les sacrifices de la R\u00e9publique afin de permettre \u00e0 cette Guin\u00e9e d\u2019\u00eatre sur les rails. Fort malheureusement, au nom de notre opinion, au nom de nos convictions et le seul p\u00each\u00e9 que ces camarades ont commis, c\u2019est de<span class=\"Apple-converted-space\">\u00a0 <\/span>s\u2019engager, dire \u00e0 la junte qu\u2019il faut un cadre de dialogue. (\u2026).Nous sommes tr\u00e8s amerri<span class=\"Apple-converted-space\">\u00a0 <\/span>des conditions qu\u2019ils traversent. (\u2026). Ce qui est inexplicable<span class=\"Apple-converted-space\">\u00a0 <\/span>et regrettable, c\u2019est le fait que Fonik\u00e9 Mangu\u00e8, Ibrahima Diallo et Billo Bah sont d\u00e9tenus sans aucune raison. C\u2019est comme si c\u2019\u00e9tait des otages du prince \u00bb, a t-il soulign\u00e9. <\/span><\/p>\n<p class=\"p1\"><span class=\"s1\">Poursuivant, ce responsable du FNDC a pr\u00e9venu que si Colonel Doumbouya continue sur le chemin, les forces vives n\u2019h\u00e9siteront pas \u00e0 demander son d\u00e9part. <\/span><\/p>\n<p class=\"p1\"><span class=\"s1\">\u00ab Doumbouya joue \u00e0 un tr\u00e8s grand pi\u00e8ge. S\u2019ent\u00eater sur un chemin interdit, les Forces Vives n\u2019h\u00e9siteront plus \u00e0 ne plus reconnaitre les autorit\u00e9s de la transition et on exigera leur d\u00e9part du pouvoir. S\u2019ils s\u2019ent\u00eatent sur ce chemin, qu\u2019ils comprennent que nous sommes<span class=\"Apple-converted-space\">\u00a0 <\/span>r\u00e9solument engag\u00e9s. Nous avons compris qu\u2019on est arriv\u00e9 \u00e0 un niveau o\u00f9 on a tout perdu et on n\u2019a absolument rien \u00e0 perdre. Pensant qu\u2019il n\u2019y pas des intelligents au sein des Forces Vives pour comprendre \u00e0 dessein et analyser \u00e0 dessein tout ce qui se trame, c\u2019est tr\u00e8s mal connaitre notre d\u00e9termination. S\u2019ils s\u2019ent\u00eatent sur ce chemin, ils verront la r\u00e9ponse cinglante des Forces Vives. Pour l\u2019instant, ce qui nous pr\u00e9occupe, ce sont les conditions idoines d\u2019un retour rapide \u00e0 l\u2019ordre constitutionnel. Nous avons tir\u00e9 toutes les cons\u00e9quences. Les camarades Fonik\u00e9 Mangu\u00e8, Ibrahima Diallo et Billo Bah sont des otages personnels du colonel Mamadi Doumbouya. Ils sont en prison pour des accusations farfelues, sans fondement, sans proc\u00e8s et aucune juridiction n\u2019a le courage de dire le droit dans cette affaire \u00bb, a-t-il d\u00e9clar\u00e9. <\/span><\/p>\n<p class=\"p1\"><span class=\"s1\">Camara Mamadouba <\/span><\/p>\n<p class=\"p1\"><span class=\"s1\">611 46 04 10 <\/span><\/p>\n","protected":false},"excerpt":{"rendered":"<p>Incarc\u00e9r\u00e9s depuis 9 mois maintenant sans jugement, le proc\u00e8s des responsables du Front National pour<\/p>\n","protected":false},"author":2,"featured_media":3024,"comment_status":"closed","ping_status":"open","sticky":false,"template":"","format":"standard","meta":[],"categories":[3,9],"tags":[229,233],"yoast_head":"<!-- This site is optimized with the Yoast SEO plugin v19.13 - https:\/\/yoast.com\/wordpress\/plugins\/seo\/ -->\n<title>S\u00e9kou Koundouno sur la d\u00e9tention de Fonik\u00e9 Mengu\u00e8 et Cie:\u00abLes camarades Fonik\u00e9 Mangu\u00e8, Ibrahima Diallo et Billo Bah sont des otages personnels du colonel Mamadi Doumbouya\u00bb - UNIVERSNEWS224<\/title>\n<meta name=\"robots\" content=\"index, follow, max-snippet:-1, max-image-preview:large, max-video-preview:-1\" \/>\n<link rel=\"canonical\" href=\"https:\/\/universnews224.com\/index.php\/sekou-koundouno-sur-la-detention-de-fonike-mengue-et-cieles-camarades-fonike-mangue-ibrahima-diallo-et-billo-bah-sont-des-otages-personnels-du-colonel-mamadi-doumbouya\/\" \/>\n<meta property=\"og:locale\" content=\"fr_FR\" \/>\n<meta property=\"og:type\" content=\"article\" \/>\n<meta property=\"og:title\" content=\"S\u00e9kou Koundouno sur la d\u00e9tention de Fonik\u00e9 Mengu\u00e8 et Cie:\u00abLes camarades Fonik\u00e9 Mangu\u00e8, Ibrahima Diallo et Billo Bah sont des otages personnels du colonel Mamadi Doumbouya\u00bb - UNIVERSNEWS224\" \/>\n<meta property=\"og:description\" content=\"Incarc\u00e9r\u00e9s depuis 9 mois maintenant sans jugement, le proc\u00e8s des responsables du Front National pour\" \/>\n<meta property=\"og:url\" content=\"https:\/\/universnews224.com\/index.php\/sekou-koundouno-sur-la-detention-de-fonike-mengue-et-cieles-camarades-fonike-mangue-ibrahima-diallo-et-billo-bah-sont-des-otages-personnels-du-colonel-mamadi-doumbouya\/\" \/>\n<meta property=\"og:site_name\" content=\"UNIVERSNEWS224\" \/>\n<meta property=\"article:published_time\" content=\"2023-05-01T15:32:49+00:00\" \/>\n<meta property=\"og:image\" content=\"https:\/\/universnews224.com\/wp-content\/uploads\/2023\/02\/E0D853E9-355B-4913-A6D8-0C4F6ABEB50C.jpeg\" \/>\n\t<meta property=\"og:image:width\" content=\"843\" \/>\n\t<meta property=\"og:image:height\" content=\"775\" \/>\n\t<meta property=\"og:image:type\" content=\"image\/jpeg\" \/>\n<meta name=\"author\" content=\"La R\u00e9daction\" \/>\n<meta name=\"twitter:label1\" content=\"\u00c9crit par\" \/>\n\t<meta name=\"twitter:data1\" content=\"La R\u00e9daction\" \/>\n\t<meta name=\"twitter:label2\" content=\"Dur\u00e9e de lecture estim\u00e9e\" \/>\n\t<meta name=\"twitter:data2\" content=\"3 minutes\" \/>\n<script type=\"application\/ld+json\" class=\"yoast-schema-graph\">{\"@context\":\"https:\/\/schema.org\",\"@graph\":[{\"@type\":\"Article\",\"@id\":\"https:\/\/universnews224.com\/index.php\/sekou-koundouno-sur-la-detention-de-fonike-mengue-et-cieles-camarades-fonike-mangue-ibrahima-diallo-et-billo-bah-sont-des-otages-personnels-du-colonel-mamadi-doumbouya\/#article\",\"isPartOf\":{\"@id\":\"https:\/\/universnews224.com\/index.php\/sekou-koundouno-sur-la-detention-de-fonike-mengue-et-cieles-camarades-fonike-mangue-ibrahima-diallo-et-billo-bah-sont-des-otages-personnels-du-colonel-mamadi-doumbouya\/\"},\"author\":{\"name\":\"La R\u00e9daction\",\"@id\":\"https:\/\/universnews224.com\/#\/schema\/person\/a4b7d4f94a4716df60456a491260485e\"},\"headline\":\"S\u00e9kou Koundouno sur la d\u00e9tention de Fonik\u00e9 Mengu\u00e8 et Cie:\u00abLes camarades Fonik\u00e9 Mangu\u00e8, Ibrahima Diallo et Billo Bah sont des otages personnels du colonel Mamadi Doumbouya\u00bb\",\"datePublished\":\"2023-05-01T15:32:49+00:00\",\"dateModified\":\"2023-05-01T15:32:49+00:00\",\"mainEntityOfPage\":{\"@id\":\"https:\/\/universnews224.com\/index.php\/sekou-koundouno-sur-la-detention-de-fonike-mengue-et-cieles-camarades-fonike-mangue-ibrahima-diallo-et-billo-bah-sont-des-otages-personnels-du-colonel-mamadi-doumbouya\/\"},\"wordCount\":607,\"publisher\":{\"@id\":\"https:\/\/universnews224.com\/#organization\"},\"keywords\":[\"La une\",\"une\"],\"articleSection\":[\"ACTU\",\"SPORT\"],\"inLanguage\":\"fr-FR\"},{\"@type\":\"WebPage\",\"@id\":\"https:\/\/universnews224.com\/index.php\/sekou-koundouno-sur-la-detention-de-fonike-mengue-et-cieles-camarades-fonike-mangue-ibrahima-diallo-et-billo-bah-sont-des-otages-personnels-du-colonel-mamadi-doumbouya\/\",\"url\":\"https:\/\/universnews224.com\/index.php\/sekou-koundouno-sur-la-detention-de-fonike-mengue-et-cieles-camarades-fonike-mangue-ibrahima-diallo-et-billo-bah-sont-des-otages-personnels-du-colonel-mamadi-doumbouya\/\",\"name\":\"S\u00e9kou Koundouno sur la d\u00e9tention de Fonik\u00e9 Mengu\u00e8 et Cie:\u00abLes camarades Fonik\u00e9 Mangu\u00e8, Ibrahima Diallo et Billo Bah sont des otages personnels du colonel Mamadi Doumbouya\u00bb - UNIVERSNEWS224\",\"isPartOf\":{\"@id\":\"https:\/\/universnews224.com\/#website\"},\"datePublished\":\"2023-05-01T15:32:49+00:00\",\"dateModified\":\"2023-05-01T15:32:49+00:00\",\"inLanguage\":\"fr-FR\",\"potentialAction\":[{\"@type\":\"ReadAction\",\"target\":[\"https:\/\/universnews224.com\/index.php\/sekou-koundouno-sur-la-detention-de-fonike-mengue-et-cieles-camarades-fonike-mangue-ibrahima-diallo-et-billo-bah-sont-des-otages-personnels-du-colonel-mamadi-doumbouya\/\"]}]},{\"@type\":\"WebSite\",\"@id\":\"https:\/\/universnews224.com\/#website\",\"url\":\"https:\/\/universnews224.com\/\",\"name\":\"UNIVERSNEWS224\",\"description\":\"\",\"publisher\":{\"@id\":\"https:\/\/universnews224.com\/#organization\"},\"potentialAction\":[{\"@type\":\"SearchAction\",\"target\":{\"@type\":\"EntryPoint\",\"urlTemplate\":\"https:\/\/universnews224.com\/?s={search_term_string}\"},\"query-input\":\"required name=search_term_string\"}],\"inLanguage\":\"fr-FR\"},{\"@type\":\"Organization\",\"@id\":\"https:\/\/universnews224.com\/#organization\",\"name\":\"UNIVERSNEWS224\",\"url\":\"https:\/\/universnews224.com\/\",\"logo\":{\"@type\":\"ImageObject\",\"inLanguage\":\"fr-FR\",\"@id\":\"https:\/\/universnews224.com\/#\/schema\/logo\/image\/\",\"url\":\"https:\/\/universnews224.com\/wp-content\/uploads\/2022\/08\/cropped-cropped-logoban.jpg\",\"contentUrl\":\"https:\/\/universnews224.com\/wp-content\/uploads\/2022\/08\/cropped-cropped-logoban.jpg\",\"width\":1080,\"height\":138,\"caption\":\"UNIVERSNEWS224\"},\"image\":{\"@id\":\"https:\/\/universnews224.com\/#\/schema\/logo\/image\/\"}},{\"@type\":\"Person\",\"@id\":\"https:\/\/universnews224.com\/#\/schema\/person\/a4b7d4f94a4716df60456a491260485e\",\"name\":\"La R\u00e9daction\",\"image\":{\"@type\":\"ImageObject\",\"inLanguage\":\"fr-FR\",\"@id\":\"https:\/\/universnews224.com\/#\/schema\/person\/image\/\",\"url\":\"https:\/\/secure.gravatar.com\/avatar\/edb90acc7752b23e1b3307ad36c14f0d?s=96&d=mm&r=g\",\"contentUrl\":\"https:\/\/secure.gravatar.com\/avatar\/edb90acc7752b23e1b3307ad36c14f0d?s=96&d=mm&r=g\",\"caption\":\"La R\u00e9daction\"},\"sameAs\":[\"https:\/\/universnews224.com\"],\"url\":\"https:\/\/universnews224.com\/index.php\/author\/m-camara\/\"}]}<\/script>\n<!-- \/ Yoast SEO plugin. -->","yoast_head_json":{"title":"S\u00e9kou Koundouno sur la d\u00e9tention de Fonik\u00e9 Mengu\u00e8 et Cie:\u00abLes camarades Fonik\u00e9 Mangu\u00e8, Ibrahima Diallo et Billo Bah sont des otages personnels du colonel Mamadi Doumbouya\u00bb - UNIVERSNEWS224","robots":{"index":"index","follow":"follow","max-snippet":"max-snippet:-1","max-image-preview":"max-image-preview:large","max-video-preview":"max-video-preview:-1"},"canonical":"https:\/\/universnews224.com\/index.php\/sekou-koundouno-sur-la-detention-de-fonike-mengue-et-cieles-camarades-fonike-mangue-ibrahima-diallo-et-billo-bah-sont-des-otages-personnels-du-colonel-mamadi-doumbouya\/","og_locale":"fr_FR","og_type":"article","og_title":"S\u00e9kou Koundouno sur la d\u00e9tention de Fonik\u00e9 Mengu\u00e8 et Cie:\u00abLes camarades Fonik\u00e9 Mangu\u00e8, Ibrahima Diallo et Billo Bah sont des otages personnels du colonel Mamadi Doumbouya\u00bb - UNIVERSNEWS224","og_description":"Incarc\u00e9r\u00e9s depuis 9 mois maintenant sans jugement, le proc\u00e8s des responsables du Front National pour","og_url":"https:\/\/universnews224.com\/index.php\/sekou-koundouno-sur-la-detention-de-fonike-mengue-et-cieles-camarades-fonike-mangue-ibrahima-diallo-et-billo-bah-sont-des-otages-personnels-du-colonel-mamadi-doumbouya\/","og_site_name":"UNIVERSNEWS224","article_published_time":"2023-05-01T15:32:49+00:00","og_image":[{"width":843,"height":775,"url":"https:\/\/universnews224.com\/wp-content\/uploads\/2023\/02\/E0D853E9-355B-4913-A6D8-0C4F6ABEB50C.jpeg","type":"image\/jpeg"}],"author":"La R\u00e9daction","twitter_misc":{"\u00c9crit par":"La R\u00e9daction","Dur\u00e9e de lecture estim\u00e9e":"3 minutes"},"schema":{"@context":"https:\/\/schema.org","@graph":[{"@type":"Article","@id":"https:\/\/universnews224.com\/index.php\/sekou-koundouno-sur-la-detention-de-fonike-mengue-et-cieles-camarades-fonike-mangue-ibrahima-diallo-et-billo-bah-sont-des-otages-personnels-du-colonel-mamadi-doumbouya\/#article","isPartOf":{"@id":"https:\/\/universnews224.com\/index.php\/sekou-koundouno-sur-la-detention-de-fonike-mengue-et-cieles-camarades-fonike-mangue-ibrahima-diallo-et-billo-bah-sont-des-otages-personnels-du-colonel-mamadi-doumbouya\/"},"author":{"name":"La R\u00e9daction","@id":"https:\/\/universnews224.com\/#\/schema\/person\/a4b7d4f94a4716df60456a491260485e"},"headline":"S\u00e9kou Koundouno sur la d\u00e9tention de Fonik\u00e9 Mengu\u00e8 et Cie:\u00abLes camarades Fonik\u00e9 Mangu\u00e8, Ibrahima Diallo et Billo Bah sont des otages personnels du colonel Mamadi Doumbouya\u00bb","datePublished":"2023-05-01T15:32:49+00:00","dateModified":"2023-05-01T15:32:49+00:00","mainEntityOfPage":{"@id":"https:\/\/universnews224.com\/index.php\/sekou-koundouno-sur-la-detention-de-fonike-mengue-et-cieles-camarades-fonike-mangue-ibrahima-diallo-et-billo-bah-sont-des-otages-personnels-du-colonel-mamadi-doumbouya\/"},"wordCount":607,"publisher":{"@id":"https:\/\/universnews224.com\/#organization"},"keywords":["La une","une"],"articleSection":["ACTU","SPORT"],"inLanguage":"fr-FR"},{"@type":"WebPage","@id":"https:\/\/universnews224.com\/index.php\/sekou-koundouno-sur-la-detention-de-fonike-mengue-et-cieles-camarades-fonike-mangue-ibrahima-diallo-et-billo-bah-sont-des-otages-personnels-du-colonel-mamadi-doumbouya\/","url":"https:\/\/universnews224.com\/index.php\/sekou-koundouno-sur-la-detention-de-fonike-mengue-et-cieles-camarades-fonike-mangue-ibrahima-diallo-et-billo-bah-sont-des-otages-personnels-du-colonel-mamadi-doumbouya\/","name":"S\u00e9kou Koundouno sur la d\u00e9tention de Fonik\u00e9 Mengu\u00e8 et Cie:\u00abLes camarades Fonik\u00e9 Mangu\u00e8, Ibrahima Diallo et Billo Bah sont des otages personnels du colonel Mamadi Doumbouya\u00bb - UNIVERSNEWS224","isPartOf":{"@id":"https:\/\/universnews224.com\/#website"},"datePublished":"2023-05-01T15:32:49+00:00","dateModified":"2023-05-01T15:32:49+00:00","inLanguage":"fr-FR","potentialAction":[{"@type":"ReadAction","target":["https:\/\/universnews224.com\/index.php\/sekou-koundouno-sur-la-detention-de-fonike-mengue-et-cieles-camarades-fonike-mangue-ibrahima-diallo-et-billo-bah-sont-des-otages-personnels-du-colonel-mamadi-doumbouya\/"]}]},{"@type":"WebSite","@id":"https:\/\/universnews224.com\/#website","url":"https:\/\/universnews224.com\/","name":"UNIVERSNEWS224","description":"","publisher":{"@id":"https:\/\/universnews224.com\/#organization"},"potentialAction":[{"@type":"SearchAction","target":{"@type":"EntryPoint","urlTemplate":"https:\/\/universnews224.com\/?s={search_term_string}"},"query-input":"required name=search_term_string"}],"inLanguage":"fr-FR"},{"@type":"Organization","@id":"https:\/\/universnews224.com\/#organization","name":"UNIVERSNEWS224","url":"https:\/\/universnews224.com\/","logo":{"@type":"ImageObject","inLanguage":"fr-FR","@id":"https:\/\/universnews224.com\/#\/schema\/logo\/image\/","url":"https:\/\/universnews224.com\/wp-content\/uploads\/2022\/08\/cropped-cropped-logoban.jpg","contentUrl":"https:\/\/universnews224.com\/wp-content\/uploads\/2022\/08\/cropped-cropped-logoban.jpg","width":1080,"height":138,"caption":"UNIVERSNEWS224"},"image":{"@id":"https:\/\/universnews224.com\/#\/schema\/logo\/image\/"}},{"@type":"Person","@id":"https:\/\/universnews224.com\/#\/schema\/person\/a4b7d4f94a4716df60456a491260485e","name":"La R\u00e9daction","image":{"@type":"ImageObject","inLanguage":"fr-FR","@id":"https:\/\/universnews224.com\/#\/schema\/person\/image\/","url":"https:\/\/secure.gravatar.com\/avatar\/edb90acc7752b23e1b3307ad36c14f0d?s=96&d=mm&r=g","contentUrl":"https:\/\/secure.gravatar.com\/avatar\/edb90acc7752b23e1b3307ad36c14f0d?s=96&d=mm&r=g","caption":"La R\u00e9daction"},"sameAs":["https:\/\/universnews224.com"],"url":"https:\/\/universnews224.com\/index.php\/author\/m-camara\/"}]}},"_links":{"self":[{"href":"https:\/\/universnews224.com\/index.php\/wp-json\/wp\/v2\/posts\/3471"}],"collection":[{"href":"https:\/\/universnews224.com\/index.php\/wp-json\/wp\/v2\/posts"}],"about":[{"href":"https:\/\/universnews224.com\/index.php\/wp-json\/wp\/v2\/types\/post"}],"author":[{"embeddable":true,"href":"https:\/\/universnews224.com\/index.php\/wp-json\/wp\/v2\/users\/2"}],"replies":[{"embeddable":true,"href":"https:\/\/universnews224.com\/index.php\/wp-json\/wp\/v2\/comments?post=3471"}],"version-history":[{"count":1,"href":"https:\/\/universnews224.com\/index.php\/wp-json\/wp\/v2\/posts\/3471\/revisions"}],"predecessor-version":[{"id":3472,"href":"https:\/\/universnews224.com\/index.php\/wp-json\/wp\/v2\/posts\/3471\/revisions\/3472"}],"wp:featuredmedia":[{"embeddable":true,"href":"https:\/\/universnews224.com\/index.php\/wp-json\/wp\/v2\/media\/3024"}],"wp:attachment":[{"href":"https:\/\/universnews224.com\/index.php\/wp-json\/wp\/v2\/media?parent=3471"}],"wp:term":[{"taxonomy":"category","embeddable":true,"href":"https:\/\/universnews224.com\/index.php\/wp-json\/wp\/v2\/categories?post=3471"},{"taxonomy":"post_tag","embeddable":true,"href":"https:\/\/universnews224.com\/index.php\/wp-json\/wp\/v2\/tags?post=3471"}],"curies":[{"name":"wp","href":"https:\/\/api.w.org\/{rel}","templated":true}]}}