{"id":3473,"date":"2023-05-01T17:04:59","date_gmt":"2023-05-01T16:04:59","guid":{"rendered":"https:\/\/universnews224.com\/?p=3473"},"modified":"2023-05-01T17:04:59","modified_gmt":"2023-05-01T16:04:59","slug":"ustg-abdoulaye-camara-et-abdoulaye-sow-enterrent-la-hache-de-guerre","status":"publish","type":"post","link":"https:\/\/universnews224.com\/index.php\/ustg-abdoulaye-camara-et-abdoulaye-sow-enterrent-la-hache-de-guerre\/","title":{"rendered":"USTG: Abdoulaye Camara Et Abdoulaye Sow Enterrent La Hache De Guerre"},"content":{"rendered":"<p><strong>Apr\u00e8s avoir \u00e9t\u00e9 longtemps oppos\u00e9s autour du leadership de l\u2019USTG parfois sur fond de feuilleton judiciaire, Abdoulaye Sow et Abdoulaye Camara d\u00e9cident enfin de faire la paix dans l\u2019int\u00e9r\u00eat des travailleurs et travailleuses de Guin\u00e9e qui peinent \u00e0 joindre les deux bouts.<\/strong><\/p>\n<p>L\u2019occasion a \u00e9t\u00e9 opportune pour les deux secr\u00e9taires g\u00e9n\u00e9raux de l\u2019USTG unifi\u00e9e, au cours de la c\u00e9l\u00e9bration de la journ\u00e9e internationale du travail, de r\u00e9it\u00e9rer leur union sacr\u00e9e, main dans la main.<\/p>\n<p>Le premier Abdoulaye Sow, parle d\u2019une union sacr\u00e9e \u00e0 l\u2019image des ann\u00e9es 2007, 2008.<\/p>\n<p>\u00ab Vous avez constat\u00e9 vous-m\u00eame la grande mobilisation parce que nous c\u00e9l\u00e9brons la f\u00eate internationale du travail sous l\u2019angle de l\u2019unit\u00e9 retrouv\u00e9e. Comme en 2006 et 2007 et 2009 o\u00f9 nous avons apport\u00e9 la d\u00e9mocratie \u00bb, a-t-il indiqu\u00e9.<\/p>\n<p>A en croire le leader syndical le mouvement syndical est devenu une force incontournable en Guin\u00e9e.<\/p>\n<p>\u00ab<em>Il faut que chacun le comprenne. Avant, on disait qu\u2019on est divis\u00e9. Mais ils doivent savoir que la force est retrouv\u00e9e, que l\u2019unit\u00e9 est retrouv\u00e9e, nous avons lav\u00e9 le linge sale en grands responsables, nous parlons d\u2019une seule voix derri\u00e8re notre coordinateur G\u00e9n\u00e9ral Amadou Diallo \u00bb,<\/em>ajoute-t-il.<\/p>\n<p>Abdoulaye Camara abondera dans le m\u00eame sens : \u00ab Aujourd\u2019hui, l\u2019USTG est unifi\u00e9e. Aujourd\u2019hui, on est un et indivisible. Ce que nous voulons dire aux travailleurs, c\u2019est l\u2019unit\u00e9 qui fait la force. Unis, nous pouvons ! C\u2019est notre slogan.\u00a0On est uni une fois pour toute et que nous travaillons ensemble dans l\u2019int\u00e9r\u00eat des travailleurs \u00bb, dira-t-il.<\/p>\n<p>Mosa\u00efqueguinee<\/p>\n<div id=\"taboola-below-article-thumbnails\" class=\" trc_related_container trc_spotlight_widget tbl-feed-container tbl-feed-partial-width tbl-feed-frame-DIVIDER  render-late-effect\" data-feed-container-num=\"1\" data-feed-main-container-id=\"taboola-below-article-thumbnails\" data-parent-placement-name=\"below-article\" data-pub-lang=\"fr\">\n<div class=\" tbl-feed-header tbl-logo-right-position\">\n<div class=\"tbl-feed-header-logo\"><\/div>\n<\/div>\n<div id=\"taboola-below-article-thumbnails-pl1\" class=\" trc_related_container trc_spotlight_widget trc_elastic trc_elastic_thumbs-feed-01-delta  tbl-feed-card \" data-card-index=\"1\" data-batch-num=\"1\" data-placement-name=\"below-article | Card 1\">\n<div class=\"trc_rbox_container\">\n<div>\n<div id=\"trc_wrapper_9052\" class=\"trc_rbox thumbs-feed-01-delta trc-content-sponsored \">\n<div id=\"outer_9052\" class=\"trc_rbox_outer\">\n<div id=\"rbox-t2v\" class=\"trc_rbox_div trc_rbox_border_elm\">\n<div id=\"internal_trc_9052\">\n<div class=\"videoCube trc_spotlight_item origin-undefined thumbnail_top syndicatedItem textItem videoCube_1_child trc-first-recommendation trc-spotlight-first-recommendation \" data-item-id=\"~~V1~~-6920614566430158796~~v39T3P4JWaeBp7xQXm4drnbVGheSysheaaliWcE1bcf6nH0OabNJtzzP-ddPU2nvK8Bm7FKD2NW1M1BCiW1-kuMDMqg65-jJbi04eURsbtqeHe1S9jo_X4timp5pCZhQQas41f4COFvufOf52grWNe487k0pvO_9ezrwRupEiSMB7CKWDYR-vkpxcdUUzOgEqMBBvkdfag99mRDkZdH7GZIABZnE6iw0vZgovqPMyoCY6eD5jnG1QLwcl4nkEOHw5CoWLlX1uzG9gUBqYmKqk08KJRZ9mwaEcwcGgiTaJHWsUaZak2AcDXKoRwoERbO2SWcgxT-mwDAjjNARSnahO7chLii06_Cz4xn3aHDP7ab30ZsDV4TPEZhYUq6-neqBsck1V2MKiZ-xokkCmEEbxkJ3e9P0FOqxzd67ctpPQJ0g0HqbbaLIbXlixp--GfmLyMeq4TRIr9cW-SHJPnbRzQ\" data-item-title=\"Combien co\u00fbte un appartement \u00e0 Duba\u00ef ? Le prix pourrait vous surprendre\u00a0!\" data-item-thumb=\"http:\/\/cdn.taboola.com\/libtrc\/static\/thumbnails\/GETTY_IMAGES\/EPL\/469998184__ZVVj67Fq.jpg\" data-item-syndicated=\"true\">\n<div class=\"thumbBlock_holder\"><\/div>\n<\/div>\n<\/div>\n<\/div>\n<\/div>\n<\/div>\n<\/div>\n<\/div>\n<\/div>\n<\/div>\n<div class=\"saboxplugin-wrap\"><\/div>\n","protected":false},"excerpt":{"rendered":"<p>Apr\u00e8s avoir \u00e9t\u00e9 longtemps oppos\u00e9s autour du leadership de l\u2019USTG parfois sur fond de feuilleton<\/p>\n","protected":false},"author":2,"featured_media":3474,"comment_status":"closed","ping_status":"open","sticky":false,"template":"","format":"standard","meta":[],"categories":[3,5],"tags":[229],"yoast_head":"<!-- This site is optimized with the Yoast SEO plugin v19.13 - https:\/\/yoast.com\/wordpress\/plugins\/seo\/ -->\n<title>USTG: Abdoulaye Camara Et Abdoulaye Sow Enterrent La Hache De Guerre - UNIVERSNEWS224<\/title>\n<meta name=\"robots\" content=\"index, follow, max-snippet:-1, max-image-preview:large, max-video-preview:-1\" \/>\n<link rel=\"canonical\" href=\"https:\/\/universnews224.com\/index.php\/ustg-abdoulaye-camara-et-abdoulaye-sow-enterrent-la-hache-de-guerre\/\" \/>\n<meta property=\"og:locale\" content=\"fr_FR\" \/>\n<meta property=\"og:type\" content=\"article\" \/>\n<meta property=\"og:title\" content=\"USTG: Abdoulaye Camara Et Abdoulaye Sow Enterrent La Hache De Guerre - UNIVERSNEWS224\" \/>\n<meta property=\"og:description\" content=\"Apr\u00e8s avoir \u00e9t\u00e9 longtemps oppos\u00e9s autour du leadership de l\u2019USTG parfois sur fond de feuilleton\" \/>\n<meta property=\"og:url\" content=\"https:\/\/universnews224.com\/index.php\/ustg-abdoulaye-camara-et-abdoulaye-sow-enterrent-la-hache-de-guerre\/\" \/>\n<meta property=\"og:site_name\" content=\"UNIVERSNEWS224\" \/>\n<meta property=\"article:published_time\" content=\"2023-05-01T16:04:59+00:00\" \/>\n<meta property=\"og:image\" content=\"https:\/\/universnews224.com\/wp-content\/uploads\/2023\/05\/E4C78F73-2616-4496-A605-F3C68894BB59.jpeg\" \/>\n\t<meta property=\"og:image:width\" content=\"1024\" \/>\n\t<meta property=\"og:image:height\" content=\"576\" \/>\n\t<meta property=\"og:image:type\" content=\"image\/jpeg\" \/>\n<meta name=\"author\" content=\"La R\u00e9daction\" \/>\n<meta name=\"twitter:label1\" content=\"\u00c9crit par\" \/>\n\t<meta name=\"twitter:data1\" content=\"La R\u00e9daction\" \/>\n\t<meta name=\"twitter:label2\" content=\"Dur\u00e9e de lecture estim\u00e9e\" \/>\n\t<meta name=\"twitter:data2\" content=\"2 minutes\" \/>\n<script type=\"application\/ld+json\" class=\"yoast-schema-graph\">{\"@context\":\"https:\/\/schema.org\",\"@graph\":[{\"@type\":\"Article\",\"@id\":\"https:\/\/universnews224.com\/index.php\/ustg-abdoulaye-camara-et-abdoulaye-sow-enterrent-la-hache-de-guerre\/#article\",\"isPartOf\":{\"@id\":\"https:\/\/universnews224.com\/index.php\/ustg-abdoulaye-camara-et-abdoulaye-sow-enterrent-la-hache-de-guerre\/\"},\"author\":{\"name\":\"La R\u00e9daction\",\"@id\":\"https:\/\/universnews224.com\/#\/schema\/person\/a4b7d4f94a4716df60456a491260485e\"},\"headline\":\"USTG: Abdoulaye Camara Et Abdoulaye Sow Enterrent La Hache De Guerre\",\"datePublished\":\"2023-05-01T16:04:59+00:00\",\"dateModified\":\"2023-05-01T16:04:59+00:00\",\"mainEntityOfPage\":{\"@id\":\"https:\/\/universnews224.com\/index.php\/ustg-abdoulaye-camara-et-abdoulaye-sow-enterrent-la-hache-de-guerre\/\"},\"wordCount\":297,\"publisher\":{\"@id\":\"https:\/\/universnews224.com\/#organization\"},\"keywords\":[\"La une\"],\"articleSection\":[\"ACTU\",\"SOCI\u00c9T\u00c9\"],\"inLanguage\":\"fr-FR\"},{\"@type\":\"WebPage\",\"@id\":\"https:\/\/universnews224.com\/index.php\/ustg-abdoulaye-camara-et-abdoulaye-sow-enterrent-la-hache-de-guerre\/\",\"url\":\"https:\/\/universnews224.com\/index.php\/ustg-abdoulaye-camara-et-abdoulaye-sow-enterrent-la-hache-de-guerre\/\",\"name\":\"USTG: Abdoulaye Camara Et Abdoulaye Sow Enterrent La Hache De Guerre - UNIVERSNEWS224\",\"isPartOf\":{\"@id\":\"https:\/\/universnews224.com\/#website\"},\"datePublished\":\"2023-05-01T16:04:59+00:00\",\"dateModified\":\"2023-05-01T16:04:59+00:00\",\"inLanguage\":\"fr-FR\",\"potentialAction\":[{\"@type\":\"ReadAction\",\"target\":[\"https:\/\/universnews224.com\/index.php\/ustg-abdoulaye-camara-et-abdoulaye-sow-enterrent-la-hache-de-guerre\/\"]}]},{\"@type\":\"WebSite\",\"@id\":\"https:\/\/universnews224.com\/#website\",\"url\":\"https:\/\/universnews224.com\/\",\"name\":\"UNIVERSNEWS224\",\"description\":\"\",\"publisher\":{\"@id\":\"https:\/\/universnews224.com\/#organization\"},\"potentialAction\":[{\"@type\":\"SearchAction\",\"target\":{\"@type\":\"EntryPoint\",\"urlTemplate\":\"https:\/\/universnews224.com\/?s={search_term_string}\"},\"query-input\":\"required name=search_term_string\"}],\"inLanguage\":\"fr-FR\"},{\"@type\":\"Organization\",\"@id\":\"https:\/\/universnews224.com\/#organization\",\"name\":\"UNIVERSNEWS224\",\"url\":\"https:\/\/universnews224.com\/\",\"logo\":{\"@type\":\"ImageObject\",\"inLanguage\":\"fr-FR\",\"@id\":\"https:\/\/universnews224.com\/#\/schema\/logo\/image\/\",\"url\":\"https:\/\/universnews224.com\/wp-content\/uploads\/2022\/08\/cropped-cropped-logoban.jpg\",\"contentUrl\":\"https:\/\/universnews224.com\/wp-content\/uploads\/2022\/08\/cropped-cropped-logoban.jpg\",\"width\":1080,\"height\":138,\"caption\":\"UNIVERSNEWS224\"},\"image\":{\"@id\":\"https:\/\/universnews224.com\/#\/schema\/logo\/image\/\"}},{\"@type\":\"Person\",\"@id\":\"https:\/\/universnews224.com\/#\/schema\/person\/a4b7d4f94a4716df60456a491260485e\",\"name\":\"La R\u00e9daction\",\"image\":{\"@type\":\"ImageObject\",\"inLanguage\":\"fr-FR\",\"@id\":\"https:\/\/universnews224.com\/#\/schema\/person\/image\/\",\"url\":\"https:\/\/secure.gravatar.com\/avatar\/edb90acc7752b23e1b3307ad36c14f0d?s=96&d=mm&r=g\",\"contentUrl\":\"https:\/\/secure.gravatar.com\/avatar\/edb90acc7752b23e1b3307ad36c14f0d?s=96&d=mm&r=g\",\"caption\":\"La R\u00e9daction\"},\"sameAs\":[\"https:\/\/universnews224.com\"],\"url\":\"https:\/\/universnews224.com\/index.php\/author\/m-camara\/\"}]}<\/script>\n<!-- \/ Yoast SEO plugin. -->","yoast_head_json":{"title":"USTG: Abdoulaye Camara Et Abdoulaye Sow Enterrent La Hache De Guerre - UNIVERSNEWS224","robots":{"index":"index","follow":"follow","max-snippet":"max-snippet:-1","max-image-preview":"max-image-preview:large","max-video-preview":"max-video-preview:-1"},"canonical":"https:\/\/universnews224.com\/index.php\/ustg-abdoulaye-camara-et-abdoulaye-sow-enterrent-la-hache-de-guerre\/","og_locale":"fr_FR","og_type":"article","og_title":"USTG: Abdoulaye Camara Et Abdoulaye Sow Enterrent La Hache De Guerre - UNIVERSNEWS224","og_description":"Apr\u00e8s avoir \u00e9t\u00e9 longtemps oppos\u00e9s autour du leadership de l\u2019USTG parfois sur fond de feuilleton","og_url":"https:\/\/universnews224.com\/index.php\/ustg-abdoulaye-camara-et-abdoulaye-sow-enterrent-la-hache-de-guerre\/","og_site_name":"UNIVERSNEWS224","article_published_time":"2023-05-01T16:04:59+00:00","og_image":[{"width":1024,"height":576,"url":"https:\/\/universnews224.com\/wp-content\/uploads\/2023\/05\/E4C78F73-2616-4496-A605-F3C68894BB59.jpeg","type":"image\/jpeg"}],"author":"La R\u00e9daction","twitter_misc":{"\u00c9crit par":"La R\u00e9daction","Dur\u00e9e de lecture estim\u00e9e":"2 minutes"},"schema":{"@context":"https:\/\/schema.org","@graph":[{"@type":"Article","@id":"https:\/\/universnews224.com\/index.php\/ustg-abdoulaye-camara-et-abdoulaye-sow-enterrent-la-hache-de-guerre\/#article","isPartOf":{"@id":"https:\/\/universnews224.com\/index.php\/ustg-abdoulaye-camara-et-abdoulaye-sow-enterrent-la-hache-de-guerre\/"},"author":{"name":"La R\u00e9daction","@id":"https:\/\/universnews224.com\/#\/schema\/person\/a4b7d4f94a4716df60456a491260485e"},"headline":"USTG: Abdoulaye Camara Et Abdoulaye Sow Enterrent La Hache De Guerre","datePublished":"2023-05-01T16:04:59+00:00","dateModified":"2023-05-01T16:04:59+00:00","mainEntityOfPage":{"@id":"https:\/\/universnews224.com\/index.php\/ustg-abdoulaye-camara-et-abdoulaye-sow-enterrent-la-hache-de-guerre\/"},"wordCount":297,"publisher":{"@id":"https:\/\/universnews224.com\/#organization"},"keywords":["La une"],"articleSection":["ACTU","SOCI\u00c9T\u00c9"],"inLanguage":"fr-FR"},{"@type":"WebPage","@id":"https:\/\/universnews224.com\/index.php\/ustg-abdoulaye-camara-et-abdoulaye-sow-enterrent-la-hache-de-guerre\/","url":"https:\/\/universnews224.com\/index.php\/ustg-abdoulaye-camara-et-abdoulaye-sow-enterrent-la-hache-de-guerre\/","name":"USTG: Abdoulaye Camara Et Abdoulaye Sow Enterrent La Hache De Guerre - UNIVERSNEWS224","isPartOf":{"@id":"https:\/\/universnews224.com\/#website"},"datePublished":"2023-05-01T16:04:59+00:00","dateModified":"2023-05-01T16:04:59+00:00","inLanguage":"fr-FR","potentialAction":[{"@type":"ReadAction","target":["https:\/\/universnews224.com\/index.php\/ustg-abdoulaye-camara-et-abdoulaye-sow-enterrent-la-hache-de-guerre\/"]}]},{"@type":"WebSite","@id":"https:\/\/universnews224.com\/#website","url":"https:\/\/universnews224.com\/","name":"UNIVERSNEWS224","description":"","publisher":{"@id":"https:\/\/universnews224.com\/#organization"},"potentialAction":[{"@type":"SearchAction","target":{"@type":"EntryPoint","urlTemplate":"https:\/\/universnews224.com\/?s={search_term_string}"},"query-input":"required name=search_term_string"}],"inLanguage":"fr-FR"},{"@type":"Organization","@id":"https:\/\/universnews224.com\/#organization","name":"UNIVERSNEWS224","url":"https:\/\/universnews224.com\/","logo":{"@type":"ImageObject","inLanguage":"fr-FR","@id":"https:\/\/universnews224.com\/#\/schema\/logo\/image\/","url":"https:\/\/universnews224.com\/wp-content\/uploads\/2022\/08\/cropped-cropped-logoban.jpg","contentUrl":"https:\/\/universnews224.com\/wp-content\/uploads\/2022\/08\/cropped-cropped-logoban.jpg","width":1080,"height":138,"caption":"UNIVERSNEWS224"},"image":{"@id":"https:\/\/universnews224.com\/#\/schema\/logo\/image\/"}},{"@type":"Person","@id":"https:\/\/universnews224.com\/#\/schema\/person\/a4b7d4f94a4716df60456a491260485e","name":"La R\u00e9daction","image":{"@type":"ImageObject","inLanguage":"fr-FR","@id":"https:\/\/universnews224.com\/#\/schema\/person\/image\/","url":"https:\/\/secure.gravatar.com\/avatar\/edb90acc7752b23e1b3307ad36c14f0d?s=96&d=mm&r=g","contentUrl":"https:\/\/secure.gravatar.com\/avatar\/edb90acc7752b23e1b3307ad36c14f0d?s=96&d=mm&r=g","caption":"La R\u00e9daction"},"sameAs":["https:\/\/universnews224.com"],"url":"https:\/\/universnews224.com\/index.php\/author\/m-camara\/"}]}},"_links":{"self":[{"href":"https:\/\/universnews224.com\/index.php\/wp-json\/wp\/v2\/posts\/3473"}],"collection":[{"href":"https:\/\/universnews224.com\/index.php\/wp-json\/wp\/v2\/posts"}],"about":[{"href":"https:\/\/universnews224.com\/index.php\/wp-json\/wp\/v2\/types\/post"}],"author":[{"embeddable":true,"href":"https:\/\/universnews224.com\/index.php\/wp-json\/wp\/v2\/users\/2"}],"replies":[{"embeddable":true,"href":"https:\/\/universnews224.com\/index.php\/wp-json\/wp\/v2\/comments?post=3473"}],"version-history":[{"count":1,"href":"https:\/\/universnews224.com\/index.php\/wp-json\/wp\/v2\/posts\/3473\/revisions"}],"predecessor-version":[{"id":3475,"href":"https:\/\/universnews224.com\/index.php\/wp-json\/wp\/v2\/posts\/3473\/revisions\/3475"}],"wp:featuredmedia":[{"embeddable":true,"href":"https:\/\/universnews224.com\/index.php\/wp-json\/wp\/v2\/media\/3474"}],"wp:attachment":[{"href":"https:\/\/universnews224.com\/index.php\/wp-json\/wp\/v2\/media?parent=3473"}],"wp:term":[{"taxonomy":"category","embeddable":true,"href":"https:\/\/universnews224.com\/index.php\/wp-json\/wp\/v2\/categories?post=3473"},{"taxonomy":"post_tag","embeddable":true,"href":"https:\/\/universnews224.com\/index.php\/wp-json\/wp\/v2\/tags?post=3473"}],"curies":[{"name":"wp","href":"https:\/\/api.w.org\/{rel}","templated":true}]}}