{"id":3476,"date":"2023-05-01T17:08:15","date_gmt":"2023-05-01T16:08:15","guid":{"rendered":"https:\/\/universnews224.com\/?p=3476"},"modified":"2023-05-01T17:08:15","modified_gmt":"2023-05-01T16:08:15","slug":"fete-du-travail-les-syndicats-presentent-au-gouvernement-leurs-cahiers-de-charge-de-revendications","status":"publish","type":"post","link":"https:\/\/universnews224.com\/index.php\/fete-du-travail-les-syndicats-presentent-au-gouvernement-leurs-cahiers-de-charge-de-revendications\/","title":{"rendered":"F\u00eate Du Travail : Les Syndicats Pr\u00e9sentent Au Gouvernement Leurs Cahiers De Charge De Revendications"},"content":{"rendered":"<p>La Guin\u00e9e \u00e0 l\u2019instar des autres pays du monde, a c\u00e9l\u00e9br\u00e9 \u00a0la journ\u00e9e internationale du travail ce lundi 1 mai 2023, au stade du 28 septembre de Conakry.<\/p>\n<p>Devant le premier ministre Bernard Goumou, qui a pr\u00e9sid\u00e9 cette c\u00e9r\u00e9monie du 1er mai avec la participation de quelques membres de son gouvernement. Abdoulaye Sow secr\u00e9taire g\u00e9n\u00e9ral de la F\u00e9d\u00e9ration syndicale autonome des travailleurs de banques, assurances (Fesabag) a pr\u00e9sent\u00e9 au gouvernement et au Patronat Guin\u00e9en son Cahier de Charge qui s\u2019articule autour des points suivants :<\/p>\n<p>1. Compte tenu des \u00e9conomies d\u00e9j\u00e0 r\u00e9alis\u00e9es suite \u00e0 l\u2019assainissement du Fichier de Gestion Administrative (FGA), la r\u00e9vision de la Valeur Mon\u00e9taire du Point d\u2019indice salarial \u00e0 hauteur de 100% pour toutes les cat\u00e9gories de Fonctionnaires, des Contractuels permanents et des pensionn\u00e9s ;<br \/>\n2. L\u2019engagement de tous les Enseignants Contractuels et les Agents de Sant\u00e9 \u00e0 la<br \/>\nFonction Publique en vue de r\u00e9sorber d\u00e9finitivement le d\u00e9ficit criard de personnel dans le secteur \u00c9ducatif et de la Sant\u00e9;<br \/>\n3. La majoration des indemnit\u00e9s de transport et de logement \u00e0 hauteur de 500.000 GNF chacune ;<br \/>\n4. L\u2019application int\u00e9grale du nouveau Point d\u2019indice (977) \u00e0 tous les pensionn\u00e9s de la Fonction publique ;<br \/>\n5. La valorisation de la pension de retraite des anciens travailleurs r\u00e9gis par la Caisse Nationale de S\u00e9curit\u00e9 Sociale (C.N.S.S) \u00e0 hauteur de 80 % du dernier salaire;<br \/>\n6. Le rallongement de la prime de d\u00e9part \u00e0 la retraite de deux \u00e0 douze mois ;<br \/>\n7. Le paiement mensuel et \u00e0 temps des pensions de retraite;<br \/>\n8. La facilitation de l\u2019obtention des documents administratifs biom\u00e9triques (Extrait de naissance, Carte d\u2019identit\u00e9, Passeport) ;<br \/>\n9. La r\u00e9vision \u00e0 la baisse du co\u00fbt de la Carte grise des engins roulants de toute cat\u00e9gorie et du Permis de conduire) ;<br \/>\n10. L\u2019op\u00e9rationnalisation des cotisations \u00e0 la Caisse Nationale de Pr\u00e9voyance Sociale (soit 18% pour l\u2019Etat, 5% pour les fonctionnaires et 2% pour les retrait\u00e9s de la Fonction publique) et la mise en place obligatoire du Conseil d\u2019Administration (C.A) afin de permettre \u00e0 l\u2019institution d\u2019assumer pleinement sa mission de protection sociale ;<br \/>\n11.L\u2019ouverture de n\u00e9gociations internes dans les secteurs priv\u00e9 et mixte en vue de permettre la valorisation du Salaire ;<br \/>\n12. Le respect des Droits des travaileurs dans les Etablissements Publics \u00e0 Caract\u00e8re Administratifs (E.P.A);<br \/>\n13.L\u2019\u00e9tablissement de Conventions Collectives de Branche dans toutes les entreprises qui n\u2019en dispose pas et la r\u00e9vision de celles qui sont obsol\u00e8tes ;<br \/>\n14.L\u2019arr\u00eat des mesures disproportionn\u00e9es relatives \u00e0 l\u2019application des contraventions \u00e0<br \/>\nl\u2019encontre des conducteurs\u2026.<br \/>\n15. La formalisation de l\u2019activit\u00e9 de \u00ab Taxi-moto \u00bb pour:<br \/>\n\u2013 solutionner le ch\u00f4mage end\u00e9mique des jeunes dipl\u00f4m\u00e9s sans emploi ;<br \/>\n\u2013 faciliter la mobilit\u00e9 \u00e0 Kaloum et<br \/>\nreduire les tensions entre les agents de Police et les conducteurs<br \/>\n16. Le jumelage de la visite technique des v\u00e9hicules \u00e0 leur r\u00e9paration avant livraison;<br \/>\n17.L\u2019arr\u00eat des tracasseries routi\u00e8res sur les axes urbains et interurbains<br \/>\n18. Le renforcement des mesures de s\u00e9curit\u00e9 des citoyens et de leurs biens sur toute l\u2019\u00e9tendue du territoire national;<br \/>\n19. Le r\u00e9tablissement du Conseil \u00c9conomiques Social, Culturel et environnemental (C.E.S.C.E) \u00e0 l\u2019instar des trois autres pays en Transition (Mali ; Burkina Faso, Tchad) et la r\u00e9gularisation de la situation administrative de tous les travailleurs des Institutions R\u00e9publicaines et \u00e9tatiques<br \/>\n20. La poursuite des concertations de fa\u00e7on inclusive entre tous les Acteurs de la vie politique, \u00e9conomique et sociale en vue de pr\u00e9server la justice et la paix dans notre pays ;<br \/>\n21. La ratification par la R\u00e9publique de Guin\u00e9e de la Convention C.190 de l\u2019Organisation Internationale du Travail (0.I.T) sur la violence et le harc\u00e8lement dans le Monde du Travail.<br \/>\nLa satisfaction int\u00e9grale de ce cahier de charge est un gage de la paix sociale.<\/p>\n<p>Sana Sylla.<\/p>\n","protected":false},"excerpt":{"rendered":"<p>La Guin\u00e9e \u00e0 l\u2019instar des autres pays du monde, a c\u00e9l\u00e9br\u00e9 \u00a0la journ\u00e9e internationale du<\/p>\n","protected":false},"author":2,"featured_media":3477,"comment_status":"closed","ping_status":"open","sticky":false,"template":"","format":"standard","meta":[],"categories":[3,5],"tags":[229],"yoast_head":"<!-- This site is optimized with the Yoast SEO plugin v19.13 - https:\/\/yoast.com\/wordpress\/plugins\/seo\/ -->\n<title>F\u00eate Du Travail : Les Syndicats Pr\u00e9sentent Au Gouvernement Leurs Cahiers De Charge De Revendications - UNIVERSNEWS224<\/title>\n<meta name=\"robots\" content=\"index, follow, max-snippet:-1, max-image-preview:large, max-video-preview:-1\" \/>\n<link rel=\"canonical\" href=\"https:\/\/universnews224.com\/index.php\/fete-du-travail-les-syndicats-presentent-au-gouvernement-leurs-cahiers-de-charge-de-revendications\/\" \/>\n<meta property=\"og:locale\" content=\"fr_FR\" \/>\n<meta property=\"og:type\" content=\"article\" \/>\n<meta property=\"og:title\" content=\"F\u00eate Du Travail : Les Syndicats Pr\u00e9sentent Au Gouvernement Leurs Cahiers De Charge De Revendications - UNIVERSNEWS224\" \/>\n<meta property=\"og:description\" content=\"La Guin\u00e9e \u00e0 l\u2019instar des autres pays du monde, a c\u00e9l\u00e9br\u00e9 \u00a0la journ\u00e9e internationale du\" \/>\n<meta property=\"og:url\" content=\"https:\/\/universnews224.com\/index.php\/fete-du-travail-les-syndicats-presentent-au-gouvernement-leurs-cahiers-de-charge-de-revendications\/\" \/>\n<meta property=\"og:site_name\" content=\"UNIVERSNEWS224\" \/>\n<meta property=\"article:published_time\" content=\"2023-05-01T16:08:15+00:00\" \/>\n<meta property=\"og:image\" content=\"https:\/\/universnews224.com\/wp-content\/uploads\/2023\/05\/43BB7E79-ACB1-4424-98B3-3EDA077D8696.jpeg\" \/>\n\t<meta property=\"og:image:width\" content=\"1024\" \/>\n\t<meta property=\"og:image:height\" content=\"576\" \/>\n\t<meta property=\"og:image:type\" content=\"image\/jpeg\" \/>\n<meta name=\"author\" content=\"La R\u00e9daction\" \/>\n<meta name=\"twitter:label1\" content=\"\u00c9crit par\" \/>\n\t<meta name=\"twitter:data1\" content=\"La R\u00e9daction\" \/>\n\t<meta name=\"twitter:label2\" content=\"Dur\u00e9e de lecture estim\u00e9e\" \/>\n\t<meta name=\"twitter:data2\" content=\"4 minutes\" \/>\n<script type=\"application\/ld+json\" class=\"yoast-schema-graph\">{\"@context\":\"https:\/\/schema.org\",\"@graph\":[{\"@type\":\"Article\",\"@id\":\"https:\/\/universnews224.com\/index.php\/fete-du-travail-les-syndicats-presentent-au-gouvernement-leurs-cahiers-de-charge-de-revendications\/#article\",\"isPartOf\":{\"@id\":\"https:\/\/universnews224.com\/index.php\/fete-du-travail-les-syndicats-presentent-au-gouvernement-leurs-cahiers-de-charge-de-revendications\/\"},\"author\":{\"name\":\"La R\u00e9daction\",\"@id\":\"https:\/\/universnews224.com\/#\/schema\/person\/a4b7d4f94a4716df60456a491260485e\"},\"headline\":\"F\u00eate Du Travail : Les Syndicats Pr\u00e9sentent Au Gouvernement Leurs Cahiers De Charge De Revendications\",\"datePublished\":\"2023-05-01T16:08:15+00:00\",\"dateModified\":\"2023-05-01T16:08:15+00:00\",\"mainEntityOfPage\":{\"@id\":\"https:\/\/universnews224.com\/index.php\/fete-du-travail-les-syndicats-presentent-au-gouvernement-leurs-cahiers-de-charge-de-revendications\/\"},\"wordCount\":662,\"publisher\":{\"@id\":\"https:\/\/universnews224.com\/#organization\"},\"keywords\":[\"La une\"],\"articleSection\":[\"ACTU\",\"SOCI\u00c9T\u00c9\"],\"inLanguage\":\"fr-FR\"},{\"@type\":\"WebPage\",\"@id\":\"https:\/\/universnews224.com\/index.php\/fete-du-travail-les-syndicats-presentent-au-gouvernement-leurs-cahiers-de-charge-de-revendications\/\",\"url\":\"https:\/\/universnews224.com\/index.php\/fete-du-travail-les-syndicats-presentent-au-gouvernement-leurs-cahiers-de-charge-de-revendications\/\",\"name\":\"F\u00eate Du Travail : Les Syndicats Pr\u00e9sentent Au Gouvernement Leurs Cahiers De Charge De Revendications - UNIVERSNEWS224\",\"isPartOf\":{\"@id\":\"https:\/\/universnews224.com\/#website\"},\"datePublished\":\"2023-05-01T16:08:15+00:00\",\"dateModified\":\"2023-05-01T16:08:15+00:00\",\"inLanguage\":\"fr-FR\",\"potentialAction\":[{\"@type\":\"ReadAction\",\"target\":[\"https:\/\/universnews224.com\/index.php\/fete-du-travail-les-syndicats-presentent-au-gouvernement-leurs-cahiers-de-charge-de-revendications\/\"]}]},{\"@type\":\"WebSite\",\"@id\":\"https:\/\/universnews224.com\/#website\",\"url\":\"https:\/\/universnews224.com\/\",\"name\":\"UNIVERSNEWS224\",\"description\":\"\",\"publisher\":{\"@id\":\"https:\/\/universnews224.com\/#organization\"},\"potentialAction\":[{\"@type\":\"SearchAction\",\"target\":{\"@type\":\"EntryPoint\",\"urlTemplate\":\"https:\/\/universnews224.com\/?s={search_term_string}\"},\"query-input\":\"required name=search_term_string\"}],\"inLanguage\":\"fr-FR\"},{\"@type\":\"Organization\",\"@id\":\"https:\/\/universnews224.com\/#organization\",\"name\":\"UNIVERSNEWS224\",\"url\":\"https:\/\/universnews224.com\/\",\"logo\":{\"@type\":\"ImageObject\",\"inLanguage\":\"fr-FR\",\"@id\":\"https:\/\/universnews224.com\/#\/schema\/logo\/image\/\",\"url\":\"https:\/\/universnews224.com\/wp-content\/uploads\/2022\/08\/cropped-cropped-logoban.jpg\",\"contentUrl\":\"https:\/\/universnews224.com\/wp-content\/uploads\/2022\/08\/cropped-cropped-logoban.jpg\",\"width\":1080,\"height\":138,\"caption\":\"UNIVERSNEWS224\"},\"image\":{\"@id\":\"https:\/\/universnews224.com\/#\/schema\/logo\/image\/\"}},{\"@type\":\"Person\",\"@id\":\"https:\/\/universnews224.com\/#\/schema\/person\/a4b7d4f94a4716df60456a491260485e\",\"name\":\"La R\u00e9daction\",\"image\":{\"@type\":\"ImageObject\",\"inLanguage\":\"fr-FR\",\"@id\":\"https:\/\/universnews224.com\/#\/schema\/person\/image\/\",\"url\":\"https:\/\/secure.gravatar.com\/avatar\/edb90acc7752b23e1b3307ad36c14f0d?s=96&d=mm&r=g\",\"contentUrl\":\"https:\/\/secure.gravatar.com\/avatar\/edb90acc7752b23e1b3307ad36c14f0d?s=96&d=mm&r=g\",\"caption\":\"La R\u00e9daction\"},\"sameAs\":[\"https:\/\/universnews224.com\"],\"url\":\"https:\/\/universnews224.com\/index.php\/author\/m-camara\/\"}]}<\/script>\n<!-- \/ Yoast SEO plugin. -->","yoast_head_json":{"title":"F\u00eate Du Travail : Les Syndicats Pr\u00e9sentent Au Gouvernement Leurs Cahiers De Charge De Revendications - UNIVERSNEWS224","robots":{"index":"index","follow":"follow","max-snippet":"max-snippet:-1","max-image-preview":"max-image-preview:large","max-video-preview":"max-video-preview:-1"},"canonical":"https:\/\/universnews224.com\/index.php\/fete-du-travail-les-syndicats-presentent-au-gouvernement-leurs-cahiers-de-charge-de-revendications\/","og_locale":"fr_FR","og_type":"article","og_title":"F\u00eate Du Travail : Les Syndicats Pr\u00e9sentent Au Gouvernement Leurs Cahiers De Charge De Revendications - UNIVERSNEWS224","og_description":"La Guin\u00e9e \u00e0 l\u2019instar des autres pays du monde, a c\u00e9l\u00e9br\u00e9 \u00a0la journ\u00e9e internationale du","og_url":"https:\/\/universnews224.com\/index.php\/fete-du-travail-les-syndicats-presentent-au-gouvernement-leurs-cahiers-de-charge-de-revendications\/","og_site_name":"UNIVERSNEWS224","article_published_time":"2023-05-01T16:08:15+00:00","og_image":[{"width":1024,"height":576,"url":"https:\/\/universnews224.com\/wp-content\/uploads\/2023\/05\/43BB7E79-ACB1-4424-98B3-3EDA077D8696.jpeg","type":"image\/jpeg"}],"author":"La R\u00e9daction","twitter_misc":{"\u00c9crit par":"La R\u00e9daction","Dur\u00e9e de lecture estim\u00e9e":"4 minutes"},"schema":{"@context":"https:\/\/schema.org","@graph":[{"@type":"Article","@id":"https:\/\/universnews224.com\/index.php\/fete-du-travail-les-syndicats-presentent-au-gouvernement-leurs-cahiers-de-charge-de-revendications\/#article","isPartOf":{"@id":"https:\/\/universnews224.com\/index.php\/fete-du-travail-les-syndicats-presentent-au-gouvernement-leurs-cahiers-de-charge-de-revendications\/"},"author":{"name":"La R\u00e9daction","@id":"https:\/\/universnews224.com\/#\/schema\/person\/a4b7d4f94a4716df60456a491260485e"},"headline":"F\u00eate Du Travail : Les Syndicats Pr\u00e9sentent Au Gouvernement Leurs Cahiers De Charge De Revendications","datePublished":"2023-05-01T16:08:15+00:00","dateModified":"2023-05-01T16:08:15+00:00","mainEntityOfPage":{"@id":"https:\/\/universnews224.com\/index.php\/fete-du-travail-les-syndicats-presentent-au-gouvernement-leurs-cahiers-de-charge-de-revendications\/"},"wordCount":662,"publisher":{"@id":"https:\/\/universnews224.com\/#organization"},"keywords":["La une"],"articleSection":["ACTU","SOCI\u00c9T\u00c9"],"inLanguage":"fr-FR"},{"@type":"WebPage","@id":"https:\/\/universnews224.com\/index.php\/fete-du-travail-les-syndicats-presentent-au-gouvernement-leurs-cahiers-de-charge-de-revendications\/","url":"https:\/\/universnews224.com\/index.php\/fete-du-travail-les-syndicats-presentent-au-gouvernement-leurs-cahiers-de-charge-de-revendications\/","name":"F\u00eate Du Travail : Les Syndicats Pr\u00e9sentent Au Gouvernement Leurs Cahiers De Charge De Revendications - UNIVERSNEWS224","isPartOf":{"@id":"https:\/\/universnews224.com\/#website"},"datePublished":"2023-05-01T16:08:15+00:00","dateModified":"2023-05-01T16:08:15+00:00","inLanguage":"fr-FR","potentialAction":[{"@type":"ReadAction","target":["https:\/\/universnews224.com\/index.php\/fete-du-travail-les-syndicats-presentent-au-gouvernement-leurs-cahiers-de-charge-de-revendications\/"]}]},{"@type":"WebSite","@id":"https:\/\/universnews224.com\/#website","url":"https:\/\/universnews224.com\/","name":"UNIVERSNEWS224","description":"","publisher":{"@id":"https:\/\/universnews224.com\/#organization"},"potentialAction":[{"@type":"SearchAction","target":{"@type":"EntryPoint","urlTemplate":"https:\/\/universnews224.com\/?s={search_term_string}"},"query-input":"required name=search_term_string"}],"inLanguage":"fr-FR"},{"@type":"Organization","@id":"https:\/\/universnews224.com\/#organization","name":"UNIVERSNEWS224","url":"https:\/\/universnews224.com\/","logo":{"@type":"ImageObject","inLanguage":"fr-FR","@id":"https:\/\/universnews224.com\/#\/schema\/logo\/image\/","url":"https:\/\/universnews224.com\/wp-content\/uploads\/2022\/08\/cropped-cropped-logoban.jpg","contentUrl":"https:\/\/universnews224.com\/wp-content\/uploads\/2022\/08\/cropped-cropped-logoban.jpg","width":1080,"height":138,"caption":"UNIVERSNEWS224"},"image":{"@id":"https:\/\/universnews224.com\/#\/schema\/logo\/image\/"}},{"@type":"Person","@id":"https:\/\/universnews224.com\/#\/schema\/person\/a4b7d4f94a4716df60456a491260485e","name":"La R\u00e9daction","image":{"@type":"ImageObject","inLanguage":"fr-FR","@id":"https:\/\/universnews224.com\/#\/schema\/person\/image\/","url":"https:\/\/secure.gravatar.com\/avatar\/edb90acc7752b23e1b3307ad36c14f0d?s=96&d=mm&r=g","contentUrl":"https:\/\/secure.gravatar.com\/avatar\/edb90acc7752b23e1b3307ad36c14f0d?s=96&d=mm&r=g","caption":"La R\u00e9daction"},"sameAs":["https:\/\/universnews224.com"],"url":"https:\/\/universnews224.com\/index.php\/author\/m-camara\/"}]}},"_links":{"self":[{"href":"https:\/\/universnews224.com\/index.php\/wp-json\/wp\/v2\/posts\/3476"}],"collection":[{"href":"https:\/\/universnews224.com\/index.php\/wp-json\/wp\/v2\/posts"}],"about":[{"href":"https:\/\/universnews224.com\/index.php\/wp-json\/wp\/v2\/types\/post"}],"author":[{"embeddable":true,"href":"https:\/\/universnews224.com\/index.php\/wp-json\/wp\/v2\/users\/2"}],"replies":[{"embeddable":true,"href":"https:\/\/universnews224.com\/index.php\/wp-json\/wp\/v2\/comments?post=3476"}],"version-history":[{"count":1,"href":"https:\/\/universnews224.com\/index.php\/wp-json\/wp\/v2\/posts\/3476\/revisions"}],"predecessor-version":[{"id":3478,"href":"https:\/\/universnews224.com\/index.php\/wp-json\/wp\/v2\/posts\/3476\/revisions\/3478"}],"wp:featuredmedia":[{"embeddable":true,"href":"https:\/\/universnews224.com\/index.php\/wp-json\/wp\/v2\/media\/3477"}],"wp:attachment":[{"href":"https:\/\/universnews224.com\/index.php\/wp-json\/wp\/v2\/media?parent=3476"}],"wp:term":[{"taxonomy":"category","embeddable":true,"href":"https:\/\/universnews224.com\/index.php\/wp-json\/wp\/v2\/categories?post=3476"},{"taxonomy":"post_tag","embeddable":true,"href":"https:\/\/universnews224.com\/index.php\/wp-json\/wp\/v2\/tags?post=3476"}],"curies":[{"name":"wp","href":"https:\/\/api.w.org\/{rel}","templated":true}]}}