{"id":3496,"date":"2023-05-03T11:11:49","date_gmt":"2023-05-03T10:11:49","guid":{"rendered":"https:\/\/universnews224.com\/?p=3496"},"modified":"2023-05-03T11:11:49","modified_gmt":"2023-05-03T10:11:49","slug":"liberte-de-la-presse-dans-le-monde-la-guinee-perd-une-place-desormais-classee-85eme","status":"publish","type":"post","link":"https:\/\/universnews224.com\/index.php\/liberte-de-la-presse-dans-le-monde-la-guinee-perd-une-place-desormais-classee-85eme\/","title":{"rendered":"Libert\u00e9 de la presse dans le monde: la Guin\u00e9e perd une place, d\u00e9sormais class\u00e9e 85\u00e8me"},"content":{"rendered":"<p>Il est 6h du matin en ce 3 mai 2023, nous vous pr\u00e9sentons la situation de notre pays au classement mondial de reporters sans fronti\u00e8res sur la libert\u00e9 de la presse.<\/p>\n<p>Du 84e rang l\u2019an dernier, la Guin\u00e9e occupe cette fois la 85e place dans le classement mondial de reporters sans fronti\u00e8res. Elle perd ainsi un point malheureusement.<\/p>\n<p>Par la faute de ceux qui cherchent toujours \u00e0 remettre en cause la libert\u00e9 de la presse chez nous, nous sommes devanc\u00e9s par la plupart des pays de la sous-r\u00e9gion ouest africaine notamment la Gambie(46e), la C\u00f4te d\u2019Ivoire(54e), le Burkina(58e), le Ghana(62e), ou encore nos voisins directs comme le Lib\u00e9ria, la Sierra_Leone et la Guin\u00e9e Bissau qui occupent respectivement les 66e, 74e et 78e places.<\/p>\n<div class=\"jeg_ad jeg_ad_article jnews_content_inline_ads \">\n<div class=\"ads-wrapper align-center \">\n<div class=\"ads_code\"><ins class=\"adsbygoogle\" data-ad-client=\"ca-pub-1870189416508001\" data-ad-slot=\"5141807392\" data-ad-format=\"auto\" data-full-width-responsive=\"true\"><\/ins>En revanche, la Guin\u00e9e se place devant la Mauritanie(86e), le S\u00e9n\u00e9gal(104e), le B\u00e9nin(112e), le Mali(113e) et le Nigeria(123e).<\/p>\n<p>Le SPPG interpelle les autorit\u00e9s et l\u2019ensemble des composantes de la soci\u00e9t\u00e9 guin\u00e9enne sur ce recul qu\u2019on aurait pu \u00e9viter si ceux qui sont hostiles \u00e0 la presse comprenaient le sens du combat de notre grande famille syndicale qui vise non seulement \u00e0 permettre aux journalistes d\u2019exercer librement et en toute s\u00e9curit\u00e9, mais aussi, aider notre pays \u00e0 pr\u00e9senter une bonne image \u00e0 l\u2019international.<br \/>\nNous rappelons que c\u2019est d\u00e8s maintenant qu\u2019il faut commencer la course si on veut enregistrer des progr\u00e8s lors du prochain classement.<\/p>\n<p>-Vive la libert\u00e9 de la presse!<br \/>\n-Vive le SPPG!<br \/>\n-La lutte continue!<\/p>\n<p>&nbsp;<\/p>\n<p><strong>Conakry, 3 mai 2023<\/strong><\/p>\n<p><strong>Le Bureau Ex\u00e9cutif<\/strong><\/p>\n<\/div>\n<\/div>\n<\/div>\n","protected":false},"excerpt":{"rendered":"<p>Il est 6h du matin en ce 3 mai 2023, nous vous pr\u00e9sentons la situation<\/p>\n","protected":false},"author":2,"featured_media":3497,"comment_status":"closed","ping_status":"open","sticky":false,"template":"","format":"standard","meta":[],"categories":[3,5],"tags":[229],"yoast_head":"<!-- This site is optimized with the Yoast SEO plugin v19.13 - https:\/\/yoast.com\/wordpress\/plugins\/seo\/ -->\n<title>Libert\u00e9 de la presse dans le monde: la Guin\u00e9e perd une place, d\u00e9sormais class\u00e9e 85\u00e8me - UNIVERSNEWS224<\/title>\n<meta name=\"robots\" content=\"index, follow, max-snippet:-1, max-image-preview:large, max-video-preview:-1\" \/>\n<link rel=\"canonical\" href=\"https:\/\/universnews224.com\/index.php\/liberte-de-la-presse-dans-le-monde-la-guinee-perd-une-place-desormais-classee-85eme\/\" \/>\n<meta property=\"og:locale\" content=\"fr_FR\" \/>\n<meta property=\"og:type\" content=\"article\" \/>\n<meta property=\"og:title\" content=\"Libert\u00e9 de la presse dans le monde: la Guin\u00e9e perd une place, d\u00e9sormais class\u00e9e 85\u00e8me - UNIVERSNEWS224\" \/>\n<meta property=\"og:description\" content=\"Il est 6h du matin en ce 3 mai 2023, nous vous pr\u00e9sentons la situation\" \/>\n<meta property=\"og:url\" content=\"https:\/\/universnews224.com\/index.php\/liberte-de-la-presse-dans-le-monde-la-guinee-perd-une-place-desormais-classee-85eme\/\" \/>\n<meta property=\"og:site_name\" content=\"UNIVERSNEWS224\" \/>\n<meta property=\"article:published_time\" content=\"2023-05-03T10:11:49+00:00\" \/>\n<meta property=\"og:image\" content=\"https:\/\/universnews224.com\/wp-content\/uploads\/2023\/05\/07051F26-EFA0-4161-979D-9D4AF3AF756D.png\" \/>\n\t<meta property=\"og:image:width\" content=\"384\" \/>\n\t<meta property=\"og:image:height\" content=\"192\" \/>\n\t<meta property=\"og:image:type\" content=\"image\/png\" \/>\n<meta name=\"author\" content=\"La R\u00e9daction\" \/>\n<meta name=\"twitter:label1\" content=\"\u00c9crit par\" \/>\n\t<meta name=\"twitter:data1\" content=\"La R\u00e9daction\" \/>\n\t<meta name=\"twitter:label2\" content=\"Dur\u00e9e de lecture estim\u00e9e\" \/>\n\t<meta name=\"twitter:data2\" content=\"2 minutes\" \/>\n<script type=\"application\/ld+json\" class=\"yoast-schema-graph\">{\"@context\":\"https:\/\/schema.org\",\"@graph\":[{\"@type\":\"Article\",\"@id\":\"https:\/\/universnews224.com\/index.php\/liberte-de-la-presse-dans-le-monde-la-guinee-perd-une-place-desormais-classee-85eme\/#article\",\"isPartOf\":{\"@id\":\"https:\/\/universnews224.com\/index.php\/liberte-de-la-presse-dans-le-monde-la-guinee-perd-une-place-desormais-classee-85eme\/\"},\"author\":{\"name\":\"La R\u00e9daction\",\"@id\":\"https:\/\/universnews224.com\/#\/schema\/person\/a4b7d4f94a4716df60456a491260485e\"},\"headline\":\"Libert\u00e9 de la presse dans le monde: la Guin\u00e9e perd une place, d\u00e9sormais class\u00e9e 85\u00e8me\",\"datePublished\":\"2023-05-03T10:11:49+00:00\",\"dateModified\":\"2023-05-03T10:11:49+00:00\",\"mainEntityOfPage\":{\"@id\":\"https:\/\/universnews224.com\/index.php\/liberte-de-la-presse-dans-le-monde-la-guinee-perd-une-place-desormais-classee-85eme\/\"},\"wordCount\":294,\"publisher\":{\"@id\":\"https:\/\/universnews224.com\/#organization\"},\"keywords\":[\"La une\"],\"articleSection\":[\"ACTU\",\"SOCI\u00c9T\u00c9\"],\"inLanguage\":\"fr-FR\"},{\"@type\":\"WebPage\",\"@id\":\"https:\/\/universnews224.com\/index.php\/liberte-de-la-presse-dans-le-monde-la-guinee-perd-une-place-desormais-classee-85eme\/\",\"url\":\"https:\/\/universnews224.com\/index.php\/liberte-de-la-presse-dans-le-monde-la-guinee-perd-une-place-desormais-classee-85eme\/\",\"name\":\"Libert\u00e9 de la presse dans le monde: la Guin\u00e9e perd une place, d\u00e9sormais class\u00e9e 85\u00e8me - UNIVERSNEWS224\",\"isPartOf\":{\"@id\":\"https:\/\/universnews224.com\/#website\"},\"datePublished\":\"2023-05-03T10:11:49+00:00\",\"dateModified\":\"2023-05-03T10:11:49+00:00\",\"inLanguage\":\"fr-FR\",\"potentialAction\":[{\"@type\":\"ReadAction\",\"target\":[\"https:\/\/universnews224.com\/index.php\/liberte-de-la-presse-dans-le-monde-la-guinee-perd-une-place-desormais-classee-85eme\/\"]}]},{\"@type\":\"WebSite\",\"@id\":\"https:\/\/universnews224.com\/#website\",\"url\":\"https:\/\/universnews224.com\/\",\"name\":\"UNIVERSNEWS224\",\"description\":\"\",\"publisher\":{\"@id\":\"https:\/\/universnews224.com\/#organization\"},\"potentialAction\":[{\"@type\":\"SearchAction\",\"target\":{\"@type\":\"EntryPoint\",\"urlTemplate\":\"https:\/\/universnews224.com\/?s={search_term_string}\"},\"query-input\":\"required name=search_term_string\"}],\"inLanguage\":\"fr-FR\"},{\"@type\":\"Organization\",\"@id\":\"https:\/\/universnews224.com\/#organization\",\"name\":\"UNIVERSNEWS224\",\"url\":\"https:\/\/universnews224.com\/\",\"logo\":{\"@type\":\"ImageObject\",\"inLanguage\":\"fr-FR\",\"@id\":\"https:\/\/universnews224.com\/#\/schema\/logo\/image\/\",\"url\":\"https:\/\/universnews224.com\/wp-content\/uploads\/2022\/08\/cropped-cropped-logoban.jpg\",\"contentUrl\":\"https:\/\/universnews224.com\/wp-content\/uploads\/2022\/08\/cropped-cropped-logoban.jpg\",\"width\":1080,\"height\":138,\"caption\":\"UNIVERSNEWS224\"},\"image\":{\"@id\":\"https:\/\/universnews224.com\/#\/schema\/logo\/image\/\"}},{\"@type\":\"Person\",\"@id\":\"https:\/\/universnews224.com\/#\/schema\/person\/a4b7d4f94a4716df60456a491260485e\",\"name\":\"La R\u00e9daction\",\"image\":{\"@type\":\"ImageObject\",\"inLanguage\":\"fr-FR\",\"@id\":\"https:\/\/universnews224.com\/#\/schema\/person\/image\/\",\"url\":\"https:\/\/secure.gravatar.com\/avatar\/edb90acc7752b23e1b3307ad36c14f0d?s=96&d=mm&r=g\",\"contentUrl\":\"https:\/\/secure.gravatar.com\/avatar\/edb90acc7752b23e1b3307ad36c14f0d?s=96&d=mm&r=g\",\"caption\":\"La R\u00e9daction\"},\"sameAs\":[\"https:\/\/universnews224.com\"],\"url\":\"https:\/\/universnews224.com\/index.php\/author\/m-camara\/\"}]}<\/script>\n<!-- \/ Yoast SEO plugin. -->","yoast_head_json":{"title":"Libert\u00e9 de la presse dans le monde: la Guin\u00e9e perd une place, d\u00e9sormais class\u00e9e 85\u00e8me - UNIVERSNEWS224","robots":{"index":"index","follow":"follow","max-snippet":"max-snippet:-1","max-image-preview":"max-image-preview:large","max-video-preview":"max-video-preview:-1"},"canonical":"https:\/\/universnews224.com\/index.php\/liberte-de-la-presse-dans-le-monde-la-guinee-perd-une-place-desormais-classee-85eme\/","og_locale":"fr_FR","og_type":"article","og_title":"Libert\u00e9 de la presse dans le monde: la Guin\u00e9e perd une place, d\u00e9sormais class\u00e9e 85\u00e8me - UNIVERSNEWS224","og_description":"Il est 6h du matin en ce 3 mai 2023, nous vous pr\u00e9sentons la situation","og_url":"https:\/\/universnews224.com\/index.php\/liberte-de-la-presse-dans-le-monde-la-guinee-perd-une-place-desormais-classee-85eme\/","og_site_name":"UNIVERSNEWS224","article_published_time":"2023-05-03T10:11:49+00:00","og_image":[{"width":384,"height":192,"url":"https:\/\/universnews224.com\/wp-content\/uploads\/2023\/05\/07051F26-EFA0-4161-979D-9D4AF3AF756D.png","type":"image\/png"}],"author":"La R\u00e9daction","twitter_misc":{"\u00c9crit par":"La R\u00e9daction","Dur\u00e9e de lecture estim\u00e9e":"2 minutes"},"schema":{"@context":"https:\/\/schema.org","@graph":[{"@type":"Article","@id":"https:\/\/universnews224.com\/index.php\/liberte-de-la-presse-dans-le-monde-la-guinee-perd-une-place-desormais-classee-85eme\/#article","isPartOf":{"@id":"https:\/\/universnews224.com\/index.php\/liberte-de-la-presse-dans-le-monde-la-guinee-perd-une-place-desormais-classee-85eme\/"},"author":{"name":"La R\u00e9daction","@id":"https:\/\/universnews224.com\/#\/schema\/person\/a4b7d4f94a4716df60456a491260485e"},"headline":"Libert\u00e9 de la presse dans le monde: la Guin\u00e9e perd une place, d\u00e9sormais class\u00e9e 85\u00e8me","datePublished":"2023-05-03T10:11:49+00:00","dateModified":"2023-05-03T10:11:49+00:00","mainEntityOfPage":{"@id":"https:\/\/universnews224.com\/index.php\/liberte-de-la-presse-dans-le-monde-la-guinee-perd-une-place-desormais-classee-85eme\/"},"wordCount":294,"publisher":{"@id":"https:\/\/universnews224.com\/#organization"},"keywords":["La une"],"articleSection":["ACTU","SOCI\u00c9T\u00c9"],"inLanguage":"fr-FR"},{"@type":"WebPage","@id":"https:\/\/universnews224.com\/index.php\/liberte-de-la-presse-dans-le-monde-la-guinee-perd-une-place-desormais-classee-85eme\/","url":"https:\/\/universnews224.com\/index.php\/liberte-de-la-presse-dans-le-monde-la-guinee-perd-une-place-desormais-classee-85eme\/","name":"Libert\u00e9 de la presse dans le monde: la Guin\u00e9e perd une place, d\u00e9sormais class\u00e9e 85\u00e8me - UNIVERSNEWS224","isPartOf":{"@id":"https:\/\/universnews224.com\/#website"},"datePublished":"2023-05-03T10:11:49+00:00","dateModified":"2023-05-03T10:11:49+00:00","inLanguage":"fr-FR","potentialAction":[{"@type":"ReadAction","target":["https:\/\/universnews224.com\/index.php\/liberte-de-la-presse-dans-le-monde-la-guinee-perd-une-place-desormais-classee-85eme\/"]}]},{"@type":"WebSite","@id":"https:\/\/universnews224.com\/#website","url":"https:\/\/universnews224.com\/","name":"UNIVERSNEWS224","description":"","publisher":{"@id":"https:\/\/universnews224.com\/#organization"},"potentialAction":[{"@type":"SearchAction","target":{"@type":"EntryPoint","urlTemplate":"https:\/\/universnews224.com\/?s={search_term_string}"},"query-input":"required name=search_term_string"}],"inLanguage":"fr-FR"},{"@type":"Organization","@id":"https:\/\/universnews224.com\/#organization","name":"UNIVERSNEWS224","url":"https:\/\/universnews224.com\/","logo":{"@type":"ImageObject","inLanguage":"fr-FR","@id":"https:\/\/universnews224.com\/#\/schema\/logo\/image\/","url":"https:\/\/universnews224.com\/wp-content\/uploads\/2022\/08\/cropped-cropped-logoban.jpg","contentUrl":"https:\/\/universnews224.com\/wp-content\/uploads\/2022\/08\/cropped-cropped-logoban.jpg","width":1080,"height":138,"caption":"UNIVERSNEWS224"},"image":{"@id":"https:\/\/universnews224.com\/#\/schema\/logo\/image\/"}},{"@type":"Person","@id":"https:\/\/universnews224.com\/#\/schema\/person\/a4b7d4f94a4716df60456a491260485e","name":"La R\u00e9daction","image":{"@type":"ImageObject","inLanguage":"fr-FR","@id":"https:\/\/universnews224.com\/#\/schema\/person\/image\/","url":"https:\/\/secure.gravatar.com\/avatar\/edb90acc7752b23e1b3307ad36c14f0d?s=96&d=mm&r=g","contentUrl":"https:\/\/secure.gravatar.com\/avatar\/edb90acc7752b23e1b3307ad36c14f0d?s=96&d=mm&r=g","caption":"La R\u00e9daction"},"sameAs":["https:\/\/universnews224.com"],"url":"https:\/\/universnews224.com\/index.php\/author\/m-camara\/"}]}},"_links":{"self":[{"href":"https:\/\/universnews224.com\/index.php\/wp-json\/wp\/v2\/posts\/3496"}],"collection":[{"href":"https:\/\/universnews224.com\/index.php\/wp-json\/wp\/v2\/posts"}],"about":[{"href":"https:\/\/universnews224.com\/index.php\/wp-json\/wp\/v2\/types\/post"}],"author":[{"embeddable":true,"href":"https:\/\/universnews224.com\/index.php\/wp-json\/wp\/v2\/users\/2"}],"replies":[{"embeddable":true,"href":"https:\/\/universnews224.com\/index.php\/wp-json\/wp\/v2\/comments?post=3496"}],"version-history":[{"count":1,"href":"https:\/\/universnews224.com\/index.php\/wp-json\/wp\/v2\/posts\/3496\/revisions"}],"predecessor-version":[{"id":3498,"href":"https:\/\/universnews224.com\/index.php\/wp-json\/wp\/v2\/posts\/3496\/revisions\/3498"}],"wp:featuredmedia":[{"embeddable":true,"href":"https:\/\/universnews224.com\/index.php\/wp-json\/wp\/v2\/media\/3497"}],"wp:attachment":[{"href":"https:\/\/universnews224.com\/index.php\/wp-json\/wp\/v2\/media?parent=3496"}],"wp:term":[{"taxonomy":"category","embeddable":true,"href":"https:\/\/universnews224.com\/index.php\/wp-json\/wp\/v2\/categories?post=3496"},{"taxonomy":"post_tag","embeddable":true,"href":"https:\/\/universnews224.com\/index.php\/wp-json\/wp\/v2\/tags?post=3496"}],"curies":[{"name":"wp","href":"https:\/\/api.w.org\/{rel}","templated":true}]}}