{"id":3502,"date":"2023-05-03T11:19:14","date_gmt":"2023-05-03T10:19:14","guid":{"rendered":"https:\/\/universnews224.com\/?p=3502"},"modified":"2023-05-03T11:19:14","modified_gmt":"2023-05-03T10:19:14","slug":"jm-liberte-de-la-presse-a-date-en-guinee-aucun-journaliste-nest-emprisonne-declaration-aminata-kaba","status":"publish","type":"post","link":"https:\/\/universnews224.com\/index.php\/jm-liberte-de-la-presse-a-date-en-guinee-aucun-journaliste-nest-emprisonne-declaration-aminata-kaba\/","title":{"rendered":"JM libert\u00e9 de la presse : \u00ab \u00e0 date, en Guin\u00e9e aucun journaliste n\u2019est emprisonn\u00e9 \u00bb (D\u00e9claration Aminata Kaba)"},"content":{"rendered":"<p><strong>Chers professionnels des m\u00e9dias,<\/strong><br \/>\n<strong>Chers compatriotes,<\/strong><\/p>\n<p>La Guin\u00e9e \u00e0 l\u2019instar des autres pays du monde, c\u00e9l\u00e8bre le 3 mai la journ\u00e9e mondiale de la libert\u00e9 de la presse, telle que d\u00e9clar\u00e9e en 1993 par les Nations Unies conform\u00e9ment \u00e0 une recommandation de la conf\u00e9rence g\u00e9n\u00e9rale de l\u2019UNESCO. Cette ann\u00e9e, la journ\u00e9e sera c\u00e9l\u00e9br\u00e9e sous le th\u00e8me : \u00ab La libert\u00e9 d\u2019expression comme moteur de tous les autres droits de l\u2019Homme \u00bb.<br \/>\nLe choix de ce th\u00e8me est un appel aux \u00c9tats \u00e0 r\u00e9affirmer la libert\u00e9 d\u2019expression comme condition n\u00e9cessaire pour jouir de tous les autres droits de l\u2019Homme. La c\u00e9l\u00e9bration de cette journ\u00e9e vise \u00e0 promouvoir les initiatives pour la vulgarisation et le respect de la libert\u00e9 de la presse \u00e0 travers le monde. Elle offre aux Etats et aux citoyens, l\u2019occasion de s\u2019informer sur les atteintes port\u00e9es \u00e0 la libert\u00e9 de la presse. Elle est aussi un moment d\u2019\u00e9valuation de l\u2019exercice de la profession de journaliste et sur le fonctionnement des m\u00e9dias dans le monde.<br \/>\nSelon l\u2019UNESCO, face \u00e0 des crises multiples, la libert\u00e9 des m\u00e9dias, la s\u00e9curit\u00e9 des journalistes et la libert\u00e9 d\u2019expression, ainsi que les droits de l\u2019Homme sont de plus en plus menac\u00e9s. Aussi, des publications sont censur\u00e9es, condamn\u00e9es ou tout simplement n\u2019ont pas le droit de paraitre, alors que les journalistes et les \u00e9diteurs sont harcel\u00e9s, d\u00e9tenus, ou m\u00eame tu\u00e9s dans de nombreux pays \u00e0 travers le monde.<br \/>\nCependant, en Guin\u00e9e, force est de constater que des efforts consid\u00e9rables sont consentis depuis l\u2019av\u00e8nement du CNRD pour pr\u00e9server la libert\u00e9 d\u2019expression des m\u00e9dias. Cette journ\u00e9e offre ainsi l\u2019opportunit\u00e9 aux institutions nationales et associations de presse, de d\u00e9cliner leur vision, leur perception sur l\u2019exercice de la libert\u00e9 de presse dans notre pays.<\/p>\n<p><strong>Chers professionnels des m\u00e9dias<\/strong><br \/>\n<strong>Chers compatriotes,<\/strong><\/p>\n<div class=\"jeg_ad jeg_ad_article jnews_content_inline_ads \">\n<div class=\"ads-wrapper align-center \">\n<div class=\"ads_code\"><ins class=\"adsbygoogle\" data-ad-client=\"ca-pub-1870189416508001\" data-ad-slot=\"5141807392\" data-ad-format=\"auto\" data-full-width-responsive=\"true\"><\/ins>Les r\u00e9formes op\u00e9r\u00e9es dans le domaine des m\u00e9dias en Guin\u00e9e, ont renforc\u00e9 la libert\u00e9 d\u2019expression et la d\u00e9mocratisation de l\u2019acc\u00e8s \u00e0 l\u2019information, entrainant ainsi une demande de plus en plus accentu\u00e9e de toutes les parties prenantes \u00e0 la vie de la nation, en faveur d\u2019une information \u00e9quilibr\u00e9e et cr\u00e9dible sur les questions de d\u00e9veloppement socio-\u00e9conomique et politique.<br \/>\nL\u2019environnement num\u00e9rique, dans lequel \u00e9voluent les m\u00e9dias favorise la libert\u00e9 d\u2019expression. Il est toutefois, sujet \u00e0 de nombreuses interrogations dans notre pays notamment en ce qui concerne les d\u00e9fis li\u00e9s \u00e0 l\u2019exercice de la profession de journaliste et de tout autre communicant dans ce contexte. Si pour certains observateurs avertis, la technologie num\u00e9rique est une opportunit\u00e9 qui s\u2019offre aux professionnels d\u2019am\u00e9liorer leur performance dans la collecte et le traitement des informations, pour d\u2019autres, plus sceptiques, elle n\u2019offre pas suffisamment de garanties pour la protection de la vie priv\u00e9e.<br \/>\nLa prise en compte des attributs de l\u2019information et de la communication est un facteur certain de qualification de la vie individuelle et publique. L\u2019information et la communication contribuent fortement \u00e0 l\u2019insertion sociale, politique et \u00e9conomique de l\u2019individu pour en faire un citoyen conscient de la responsabilit\u00e9 qui lui incombe dans la construction d\u2019une soci\u00e9t\u00e9 plus \u00e9galitaire et plus respectueuse des libert\u00e9s d\u2019expression.<br \/>\nL\u2019environnement m\u00e9diatique guin\u00e9en est caract\u00e9ris\u00e9 par une forte p\u00e9n\u00e9tration de l\u2019internet, de la t\u00e9l\u00e9phonie mobile et des r\u00e9seaux sociaux. La presse en ligne, \u00e9crite, la radiodiffusion se partagent l\u2019espace m\u00e9diatique. L\u2019espace m\u00e9diatique guin\u00e9en compte aujourd\u2019hui plus de deux cents (200) titres de journaux et de sites, plus de cinquante (50) radios priv\u00e9es, six (6) t\u00e9l\u00e9visions priv\u00e9es qui s\u2019ajoutent \u00e0 trente-cinq (35) stations de radios rurales publiques ainsi que les stations de la radiodiffusion t\u00e9l\u00e9vision nationale.<\/p>\n<p><strong>Chers professionnels des m\u00e9dias<\/strong><br \/>\n<strong>Chers compatriotes,<\/strong><\/p>\n<p>Ce pluralisme illustre la volont\u00e9 politique et l\u2019engagement du Gouvernement de transition dirig\u00e9 par le Premier ministre, chef du Gouvernement, Dr Bernard Goumou, sous la clairvoyance du Chef de l\u2019Etat, Pr\u00e9sident de la Transition, Pr\u00e9sident du CNRD, Chef supr\u00eame des Arm\u00e9es, son Excellence, le Colonel Mamadi DOUMBOUYA, de promouvoir la libert\u00e9 d\u2019expression et de penser dans notre pays.<br \/>\nLe journaliste occupe une place essentielle dans l\u2019exercice de la libert\u00e9 de la presse. Les exigences de responsabilit\u00e9 du journaliste sont des gages de cr\u00e9dibilit\u00e9 dans le traitement des informations. Il est g\u00e9n\u00e9ralement accept\u00e9 que seule la pr\u00e9servation de l\u2019ordre public, de la morale, de l\u2019int\u00e9grit\u00e9 territoriale et le droit d\u2019autrui peuvent \u00eatre consid\u00e9r\u00e9s comme limitatifs de la libert\u00e9 du journaliste. Il lui revient d\u2019assumer sa responsabilit\u00e9 en faisant respecter le principe du droit du public \u00e0 l\u2019information. Pour preuve, \u00e0 date, en Guin\u00e9e aucun journaliste n\u2019est emprisonn\u00e9.<\/p>\n<p><strong>Chers professionnels des m\u00e9dias<\/strong><br \/>\n<strong>Chers compatriotes,<\/strong><\/p>\n<p>Le minist\u00e8re de l\u2019information et de la communication dont la mission essentielle est de cr\u00e9er un environnement favorable \u00e0 la libre circulation de l\u2019information et l\u2019expression des opinions, ne m\u00e9nagera aucun effort pour pr\u00e9server le r\u00f4le tant important de la presse dans la consolidation de la d\u00e9mocratie et la pr\u00e9servation de la paix et la coh\u00e9sion sociale dans notre ch\u00e8re patrie.<\/p>\n<p>C\u2019est dans cette lanc\u00e9e que le gouvernement de transition \u00e0 travers le d\u00e9partement que j\u2019ai la charge de diriger compte organiser la Semaine Nationale des M\u00e9tiers de l\u2019Information et de la Communication (SENAMIC) du 23 au 27 mai 2023 pour donner plus de visibilit\u00e9 aux actions de nos professionnels des m\u00e9dias. Cette semaine, c\u2019est pour nous les acteurs de l\u2019Information et de la Communication.<br \/>\nPar cons\u00e9quent, je vous prie de bien vouloir vous joindre \u00e0 notre minist\u00e8re afin de faire de cette semaine, la marque particuli\u00e8re des M\u00e9tiers de l\u2019Information et de la Communication en R\u00e9publique de Guin\u00e9e.<br \/>\nPour terminer, je tiens \u00e0 rendre un vibrant hommage au Chef de l\u2019Etat, Pr\u00e9sident de la Transition, Pr\u00e9sident du CNRD, Chef supr\u00eame des Arm\u00e9es, son Excellence, le Colonel Mamadi DOUMBOUYA, pour les efforts inlassables qu\u2019il ne cesse d\u2019apporter au rayonnement du paysage m\u00e9diatique guin\u00e9en.<br \/>\nVive la libert\u00e9 de la presse,<br \/>\nVive la presse guin\u00e9enne,<br \/>\nQue Dieu b\u00e9nisse les Guin\u00e9ens,<br \/>\nJe vous remercie.<\/p>\n<p>&nbsp;<\/p>\n<p><strong>Aminata Kaba<\/strong><br \/>\n<strong>Ministre de l\u2019Information et de la Communication<\/strong><\/p>\n<\/div>\n<\/div>\n<\/div>\n","protected":false},"excerpt":{"rendered":"<p>Chers professionnels des m\u00e9dias, Chers compatriotes, La Guin\u00e9e \u00e0 l\u2019instar des autres pays du monde,<\/p>\n","protected":false},"author":2,"featured_media":3503,"comment_status":"closed","ping_status":"open","sticky":false,"template":"","format":"standard","meta":[],"categories":[3,4],"tags":[229],"yoast_head":"<!-- This site is optimized with the Yoast SEO plugin v19.13 - https:\/\/yoast.com\/wordpress\/plugins\/seo\/ -->\n<title>JM libert\u00e9 de la presse : \u00ab \u00e0 date, en Guin\u00e9e aucun journaliste n\u2019est emprisonn\u00e9 \u00bb (D\u00e9claration Aminata Kaba) - UNIVERSNEWS224<\/title>\n<meta name=\"robots\" content=\"index, follow, max-snippet:-1, max-image-preview:large, max-video-preview:-1\" \/>\n<link rel=\"canonical\" href=\"https:\/\/universnews224.com\/index.php\/jm-liberte-de-la-presse-a-date-en-guinee-aucun-journaliste-nest-emprisonne-declaration-aminata-kaba\/\" \/>\n<meta property=\"og:locale\" content=\"fr_FR\" \/>\n<meta property=\"og:type\" content=\"article\" \/>\n<meta property=\"og:title\" content=\"JM libert\u00e9 de la presse : \u00ab \u00e0 date, en Guin\u00e9e aucun journaliste n\u2019est emprisonn\u00e9 \u00bb (D\u00e9claration Aminata Kaba) - UNIVERSNEWS224\" \/>\n<meta property=\"og:description\" content=\"Chers professionnels des m\u00e9dias, Chers compatriotes, La Guin\u00e9e \u00e0 l\u2019instar des autres pays du monde,\" \/>\n<meta property=\"og:url\" content=\"https:\/\/universnews224.com\/index.php\/jm-liberte-de-la-presse-a-date-en-guinee-aucun-journaliste-nest-emprisonne-declaration-aminata-kaba\/\" \/>\n<meta property=\"og:site_name\" content=\"UNIVERSNEWS224\" \/>\n<meta property=\"article:published_time\" content=\"2023-05-03T10:19:14+00:00\" \/>\n<meta property=\"og:image\" content=\"https:\/\/universnews224.com\/wp-content\/uploads\/2023\/05\/17EDC088-7804-4B47-ADFE-F028E22226A5.png\" \/>\n\t<meta property=\"og:image:width\" content=\"700\" \/>\n\t<meta property=\"og:image:height\" content=\"375\" \/>\n\t<meta property=\"og:image:type\" content=\"image\/png\" \/>\n<meta name=\"author\" content=\"La R\u00e9daction\" \/>\n<meta name=\"twitter:label1\" content=\"\u00c9crit par\" \/>\n\t<meta name=\"twitter:data1\" content=\"La R\u00e9daction\" \/>\n\t<meta name=\"twitter:label2\" content=\"Dur\u00e9e de lecture estim\u00e9e\" \/>\n\t<meta name=\"twitter:data2\" content=\"5 minutes\" \/>\n<script type=\"application\/ld+json\" class=\"yoast-schema-graph\">{\"@context\":\"https:\/\/schema.org\",\"@graph\":[{\"@type\":\"Article\",\"@id\":\"https:\/\/universnews224.com\/index.php\/jm-liberte-de-la-presse-a-date-en-guinee-aucun-journaliste-nest-emprisonne-declaration-aminata-kaba\/#article\",\"isPartOf\":{\"@id\":\"https:\/\/universnews224.com\/index.php\/jm-liberte-de-la-presse-a-date-en-guinee-aucun-journaliste-nest-emprisonne-declaration-aminata-kaba\/\"},\"author\":{\"name\":\"La R\u00e9daction\",\"@id\":\"https:\/\/universnews224.com\/#\/schema\/person\/a4b7d4f94a4716df60456a491260485e\"},\"headline\":\"JM libert\u00e9 de la presse : \u00ab \u00e0 date, en Guin\u00e9e aucun journaliste n\u2019est emprisonn\u00e9 \u00bb (D\u00e9claration Aminata Kaba)\",\"datePublished\":\"2023-05-03T10:19:14+00:00\",\"dateModified\":\"2023-05-03T10:19:14+00:00\",\"mainEntityOfPage\":{\"@id\":\"https:\/\/universnews224.com\/index.php\/jm-liberte-de-la-presse-a-date-en-guinee-aucun-journaliste-nest-emprisonne-declaration-aminata-kaba\/\"},\"wordCount\":1135,\"publisher\":{\"@id\":\"https:\/\/universnews224.com\/#organization\"},\"keywords\":[\"La une\"],\"articleSection\":[\"ACTU\",\"POLITIQUE\"],\"inLanguage\":\"fr-FR\"},{\"@type\":\"WebPage\",\"@id\":\"https:\/\/universnews224.com\/index.php\/jm-liberte-de-la-presse-a-date-en-guinee-aucun-journaliste-nest-emprisonne-declaration-aminata-kaba\/\",\"url\":\"https:\/\/universnews224.com\/index.php\/jm-liberte-de-la-presse-a-date-en-guinee-aucun-journaliste-nest-emprisonne-declaration-aminata-kaba\/\",\"name\":\"JM libert\u00e9 de la presse : \u00ab \u00e0 date, en Guin\u00e9e aucun journaliste n\u2019est emprisonn\u00e9 \u00bb (D\u00e9claration Aminata Kaba) - UNIVERSNEWS224\",\"isPartOf\":{\"@id\":\"https:\/\/universnews224.com\/#website\"},\"datePublished\":\"2023-05-03T10:19:14+00:00\",\"dateModified\":\"2023-05-03T10:19:14+00:00\",\"inLanguage\":\"fr-FR\",\"potentialAction\":[{\"@type\":\"ReadAction\",\"target\":[\"https:\/\/universnews224.com\/index.php\/jm-liberte-de-la-presse-a-date-en-guinee-aucun-journaliste-nest-emprisonne-declaration-aminata-kaba\/\"]}]},{\"@type\":\"WebSite\",\"@id\":\"https:\/\/universnews224.com\/#website\",\"url\":\"https:\/\/universnews224.com\/\",\"name\":\"UNIVERSNEWS224\",\"description\":\"\",\"publisher\":{\"@id\":\"https:\/\/universnews224.com\/#organization\"},\"potentialAction\":[{\"@type\":\"SearchAction\",\"target\":{\"@type\":\"EntryPoint\",\"urlTemplate\":\"https:\/\/universnews224.com\/?s={search_term_string}\"},\"query-input\":\"required name=search_term_string\"}],\"inLanguage\":\"fr-FR\"},{\"@type\":\"Organization\",\"@id\":\"https:\/\/universnews224.com\/#organization\",\"name\":\"UNIVERSNEWS224\",\"url\":\"https:\/\/universnews224.com\/\",\"logo\":{\"@type\":\"ImageObject\",\"inLanguage\":\"fr-FR\",\"@id\":\"https:\/\/universnews224.com\/#\/schema\/logo\/image\/\",\"url\":\"https:\/\/universnews224.com\/wp-content\/uploads\/2022\/08\/cropped-cropped-logoban.jpg\",\"contentUrl\":\"https:\/\/universnews224.com\/wp-content\/uploads\/2022\/08\/cropped-cropped-logoban.jpg\",\"width\":1080,\"height\":138,\"caption\":\"UNIVERSNEWS224\"},\"image\":{\"@id\":\"https:\/\/universnews224.com\/#\/schema\/logo\/image\/\"}},{\"@type\":\"Person\",\"@id\":\"https:\/\/universnews224.com\/#\/schema\/person\/a4b7d4f94a4716df60456a491260485e\",\"name\":\"La R\u00e9daction\",\"image\":{\"@type\":\"ImageObject\",\"inLanguage\":\"fr-FR\",\"@id\":\"https:\/\/universnews224.com\/#\/schema\/person\/image\/\",\"url\":\"https:\/\/secure.gravatar.com\/avatar\/edb90acc7752b23e1b3307ad36c14f0d?s=96&d=mm&r=g\",\"contentUrl\":\"https:\/\/secure.gravatar.com\/avatar\/edb90acc7752b23e1b3307ad36c14f0d?s=96&d=mm&r=g\",\"caption\":\"La R\u00e9daction\"},\"sameAs\":[\"https:\/\/universnews224.com\"],\"url\":\"https:\/\/universnews224.com\/index.php\/author\/m-camara\/\"}]}<\/script>\n<!-- \/ Yoast SEO plugin. -->","yoast_head_json":{"title":"JM libert\u00e9 de la presse : \u00ab \u00e0 date, en Guin\u00e9e aucun journaliste n\u2019est emprisonn\u00e9 \u00bb (D\u00e9claration Aminata Kaba) - UNIVERSNEWS224","robots":{"index":"index","follow":"follow","max-snippet":"max-snippet:-1","max-image-preview":"max-image-preview:large","max-video-preview":"max-video-preview:-1"},"canonical":"https:\/\/universnews224.com\/index.php\/jm-liberte-de-la-presse-a-date-en-guinee-aucun-journaliste-nest-emprisonne-declaration-aminata-kaba\/","og_locale":"fr_FR","og_type":"article","og_title":"JM libert\u00e9 de la presse : \u00ab \u00e0 date, en Guin\u00e9e aucun journaliste n\u2019est emprisonn\u00e9 \u00bb (D\u00e9claration Aminata Kaba) - UNIVERSNEWS224","og_description":"Chers professionnels des m\u00e9dias, Chers compatriotes, La Guin\u00e9e \u00e0 l\u2019instar des autres pays du monde,","og_url":"https:\/\/universnews224.com\/index.php\/jm-liberte-de-la-presse-a-date-en-guinee-aucun-journaliste-nest-emprisonne-declaration-aminata-kaba\/","og_site_name":"UNIVERSNEWS224","article_published_time":"2023-05-03T10:19:14+00:00","og_image":[{"width":700,"height":375,"url":"https:\/\/universnews224.com\/wp-content\/uploads\/2023\/05\/17EDC088-7804-4B47-ADFE-F028E22226A5.png","type":"image\/png"}],"author":"La R\u00e9daction","twitter_misc":{"\u00c9crit par":"La R\u00e9daction","Dur\u00e9e de lecture estim\u00e9e":"5 minutes"},"schema":{"@context":"https:\/\/schema.org","@graph":[{"@type":"Article","@id":"https:\/\/universnews224.com\/index.php\/jm-liberte-de-la-presse-a-date-en-guinee-aucun-journaliste-nest-emprisonne-declaration-aminata-kaba\/#article","isPartOf":{"@id":"https:\/\/universnews224.com\/index.php\/jm-liberte-de-la-presse-a-date-en-guinee-aucun-journaliste-nest-emprisonne-declaration-aminata-kaba\/"},"author":{"name":"La R\u00e9daction","@id":"https:\/\/universnews224.com\/#\/schema\/person\/a4b7d4f94a4716df60456a491260485e"},"headline":"JM libert\u00e9 de la presse : \u00ab \u00e0 date, en Guin\u00e9e aucun journaliste n\u2019est emprisonn\u00e9 \u00bb (D\u00e9claration Aminata Kaba)","datePublished":"2023-05-03T10:19:14+00:00","dateModified":"2023-05-03T10:19:14+00:00","mainEntityOfPage":{"@id":"https:\/\/universnews224.com\/index.php\/jm-liberte-de-la-presse-a-date-en-guinee-aucun-journaliste-nest-emprisonne-declaration-aminata-kaba\/"},"wordCount":1135,"publisher":{"@id":"https:\/\/universnews224.com\/#organization"},"keywords":["La une"],"articleSection":["ACTU","POLITIQUE"],"inLanguage":"fr-FR"},{"@type":"WebPage","@id":"https:\/\/universnews224.com\/index.php\/jm-liberte-de-la-presse-a-date-en-guinee-aucun-journaliste-nest-emprisonne-declaration-aminata-kaba\/","url":"https:\/\/universnews224.com\/index.php\/jm-liberte-de-la-presse-a-date-en-guinee-aucun-journaliste-nest-emprisonne-declaration-aminata-kaba\/","name":"JM libert\u00e9 de la presse : \u00ab \u00e0 date, en Guin\u00e9e aucun journaliste n\u2019est emprisonn\u00e9 \u00bb (D\u00e9claration Aminata Kaba) - UNIVERSNEWS224","isPartOf":{"@id":"https:\/\/universnews224.com\/#website"},"datePublished":"2023-05-03T10:19:14+00:00","dateModified":"2023-05-03T10:19:14+00:00","inLanguage":"fr-FR","potentialAction":[{"@type":"ReadAction","target":["https:\/\/universnews224.com\/index.php\/jm-liberte-de-la-presse-a-date-en-guinee-aucun-journaliste-nest-emprisonne-declaration-aminata-kaba\/"]}]},{"@type":"WebSite","@id":"https:\/\/universnews224.com\/#website","url":"https:\/\/universnews224.com\/","name":"UNIVERSNEWS224","description":"","publisher":{"@id":"https:\/\/universnews224.com\/#organization"},"potentialAction":[{"@type":"SearchAction","target":{"@type":"EntryPoint","urlTemplate":"https:\/\/universnews224.com\/?s={search_term_string}"},"query-input":"required name=search_term_string"}],"inLanguage":"fr-FR"},{"@type":"Organization","@id":"https:\/\/universnews224.com\/#organization","name":"UNIVERSNEWS224","url":"https:\/\/universnews224.com\/","logo":{"@type":"ImageObject","inLanguage":"fr-FR","@id":"https:\/\/universnews224.com\/#\/schema\/logo\/image\/","url":"https:\/\/universnews224.com\/wp-content\/uploads\/2022\/08\/cropped-cropped-logoban.jpg","contentUrl":"https:\/\/universnews224.com\/wp-content\/uploads\/2022\/08\/cropped-cropped-logoban.jpg","width":1080,"height":138,"caption":"UNIVERSNEWS224"},"image":{"@id":"https:\/\/universnews224.com\/#\/schema\/logo\/image\/"}},{"@type":"Person","@id":"https:\/\/universnews224.com\/#\/schema\/person\/a4b7d4f94a4716df60456a491260485e","name":"La R\u00e9daction","image":{"@type":"ImageObject","inLanguage":"fr-FR","@id":"https:\/\/universnews224.com\/#\/schema\/person\/image\/","url":"https:\/\/secure.gravatar.com\/avatar\/edb90acc7752b23e1b3307ad36c14f0d?s=96&d=mm&r=g","contentUrl":"https:\/\/secure.gravatar.com\/avatar\/edb90acc7752b23e1b3307ad36c14f0d?s=96&d=mm&r=g","caption":"La R\u00e9daction"},"sameAs":["https:\/\/universnews224.com"],"url":"https:\/\/universnews224.com\/index.php\/author\/m-camara\/"}]}},"_links":{"self":[{"href":"https:\/\/universnews224.com\/index.php\/wp-json\/wp\/v2\/posts\/3502"}],"collection":[{"href":"https:\/\/universnews224.com\/index.php\/wp-json\/wp\/v2\/posts"}],"about":[{"href":"https:\/\/universnews224.com\/index.php\/wp-json\/wp\/v2\/types\/post"}],"author":[{"embeddable":true,"href":"https:\/\/universnews224.com\/index.php\/wp-json\/wp\/v2\/users\/2"}],"replies":[{"embeddable":true,"href":"https:\/\/universnews224.com\/index.php\/wp-json\/wp\/v2\/comments?post=3502"}],"version-history":[{"count":1,"href":"https:\/\/universnews224.com\/index.php\/wp-json\/wp\/v2\/posts\/3502\/revisions"}],"predecessor-version":[{"id":3504,"href":"https:\/\/universnews224.com\/index.php\/wp-json\/wp\/v2\/posts\/3502\/revisions\/3504"}],"wp:featuredmedia":[{"embeddable":true,"href":"https:\/\/universnews224.com\/index.php\/wp-json\/wp\/v2\/media\/3503"}],"wp:attachment":[{"href":"https:\/\/universnews224.com\/index.php\/wp-json\/wp\/v2\/media?parent=3502"}],"wp:term":[{"taxonomy":"category","embeddable":true,"href":"https:\/\/universnews224.com\/index.php\/wp-json\/wp\/v2\/categories?post=3502"},{"taxonomy":"post_tag","embeddable":true,"href":"https:\/\/universnews224.com\/index.php\/wp-json\/wp\/v2\/tags?post=3502"}],"curies":[{"name":"wp","href":"https:\/\/api.w.org\/{rel}","templated":true}]}}