{"id":3505,"date":"2023-05-04T08:17:29","date_gmt":"2023-05-04T07:17:29","guid":{"rendered":"https:\/\/universnews224.com\/?p=3505"},"modified":"2023-05-04T08:17:29","modified_gmt":"2023-05-04T07:17:29","slug":"retard-dans-la-presentation-des-etats-financiers-les-entreprises-minieres-rappelee-a-lordre-par-les-autorites-de-la-transition","status":"publish","type":"post","link":"https:\/\/universnews224.com\/index.php\/retard-dans-la-presentation-des-etats-financiers-les-entreprises-minieres-rappelee-a-lordre-par-les-autorites-de-la-transition\/","title":{"rendered":"Retard dans la pr\u00e9sentation des \u00e9tats financiers : les entreprises mini\u00e8res rappel\u00e9e \u00e0 l\u2019ordre par les autorit\u00e9s de la transition."},"content":{"rendered":"<p class=\"p2\"><span class=\"s2\">Suite au retard accus\u00e9 par les entreprises mini\u00e8res \u00e9voluant en R\u00e9publique de Guin\u00e9e dans la pr\u00e9sentation de leurs \u00e9tats financiers, le minist\u00e8re des Mines et de la G\u00e9ologique a organis\u00e9 ce mardi, 02 mai 2023, une rencontre entre les responsables de ces entreprises et la direction g\u00e9n\u00e9rale des Imp\u00f4ts. La renconte s\u2019est d\u00e9roul\u00e9e dans les locaux<span class=\"Apple-converted-space\">\u00a0 <\/span>dudit d\u00e9partement afin de pouvoir \u00e9changer\u00a0autour de\u00a0 ces \u00e9tats financiers. <\/span><\/p>\n<p class=\"p2\"><span class=\"s2\">Au sortir de la rencontre qui a dur\u00e9 plus d\u2019une heure, Bachir Camara, secr\u00e9taire g\u00e9n\u00e9ral du minist\u00e8re des mines et g\u00e9ologie revient sur les objectifs de cette r\u00e9union.<a href=\"https:\/\/universnews224.com\/wp-content\/uploads\/2023\/05\/3702D4C5-9856-409E-BFCE-9FF8BF6AF151.jpeg\"><img loading=\"lazy\" class=\"alignnone size-medium wp-image-3506\" src=\"https:\/\/universnews224.com\/wp-content\/uploads\/2023\/05\/3702D4C5-9856-409E-BFCE-9FF8BF6AF151-300x142.jpeg\" alt=\"\" width=\"300\" height=\"142\" srcset=\"https:\/\/universnews224.com\/wp-content\/uploads\/2023\/05\/3702D4C5-9856-409E-BFCE-9FF8BF6AF151-300x142.jpeg 300w, https:\/\/universnews224.com\/wp-content\/uploads\/2023\/05\/3702D4C5-9856-409E-BFCE-9FF8BF6AF151-1024x484.jpeg 1024w, https:\/\/universnews224.com\/wp-content\/uploads\/2023\/05\/3702D4C5-9856-409E-BFCE-9FF8BF6AF151-768x363.jpeg 768w, https:\/\/universnews224.com\/wp-content\/uploads\/2023\/05\/3702D4C5-9856-409E-BFCE-9FF8BF6AF151.jpeg 1040w\" sizes=\"(max-width: 300px) 100vw, 300px\" \/><\/a> <\/span><\/p>\n<p class=\"p2\"><span class=\"s2\">\u00ab\u00a0Les objectifs de cette rencontre,c\u2019est\u00a0 de faire remarquer\u00a0aux\u00a0soci\u00e9t\u00e9s mini\u00e8res\u00a0 des manquements\u00a0 au respect du code minier relativement \u00e0 la violation du d\u00e9lai de d\u00e9p\u00f4t\u00a0 \u00a0des \u00e9tats financiers. Cette session est un rappel par rapport \u00e0 leur obligation vis-\u00e0-vis du code minier. Sur les 500 soci\u00e9t\u00e9s et quelques on est dans l\u2019ordre de 300 qui ont aujourd\u2019hui pos\u00e9 leurs \u00e9tats financiers au niveau de la direction g\u00e9n\u00e9rale des imp\u00f4ts. Il faut savoir que le minist\u00e8re des mines peut collecter, mais les soci\u00e9t\u00e9s mini\u00e8res ont l\u2019obligation de d\u00e9poser leurs \u00e9tats financiers. Puis\u00a0 le second objectif est que\u00a0 le minist\u00e8re des mines a travaill\u00e9 sur un outil pouvant\u00a0 mettre fin aux difficult\u00e9s li\u00e9es au\u00a0 d\u00e9p\u00f4t des dossiers a t-il indiqu\u00e9 et de poursuivre:<a href=\"https:\/\/universnews224.com\/wp-content\/uploads\/2023\/05\/C74D0C3F-8EBB-4AA9-984C-C2AA12F04FE5.jpeg\"><img loading=\"lazy\" class=\"alignnone size-medium wp-image-3507\" src=\"https:\/\/universnews224.com\/wp-content\/uploads\/2023\/05\/C74D0C3F-8EBB-4AA9-984C-C2AA12F04FE5-300x142.jpeg\" alt=\"\" width=\"300\" height=\"142\" srcset=\"https:\/\/universnews224.com\/wp-content\/uploads\/2023\/05\/C74D0C3F-8EBB-4AA9-984C-C2AA12F04FE5-300x142.jpeg 300w, https:\/\/universnews224.com\/wp-content\/uploads\/2023\/05\/C74D0C3F-8EBB-4AA9-984C-C2AA12F04FE5-1024x484.jpeg 1024w, https:\/\/universnews224.com\/wp-content\/uploads\/2023\/05\/C74D0C3F-8EBB-4AA9-984C-C2AA12F04FE5-768x363.jpeg 768w, https:\/\/universnews224.com\/wp-content\/uploads\/2023\/05\/C74D0C3F-8EBB-4AA9-984C-C2AA12F04FE5.jpeg 1040w\" sizes=\"(max-width: 300px) 100vw, 300px\" \/><\/a><\/span><\/p>\n<p class=\"p2\"><span class=\"s2\">\u00abNous sommes l\u00e0 pour jouer l\u2019interm\u00e9diaire entre les compagnies, la douane et l\u2019imp\u00f4t. Surtout les rappeler et de les aider afin qu\u2019elles\u00a0 d\u00e9posent leurs \u00e9tats financiers \u00e0 temps pour ne pas qu\u2019elles\u00a0 soient expos\u00e9es \u00e0 des sanctions qui peuvent aller jusqu\u2019\u00e0 l\u2019arr\u00eat de leurs op\u00e9rations \u00e0 travers la direction g\u00e9n\u00e9rale des imp\u00f4ts \u00bb, a t-il pr\u00e9cis\u00e9 et d\u2019ajouter: <\/span><\/p>\n<p class=\"p2\"><span class=\"s2\">\u00ab Aujourd\u2019hui, on constate l\u2019ensemble des difficult\u00e9s qu\u2019on rencontre pour envoyer des dossiers au minist\u00e8re des mines. Il y a beaucoup de compagnies qui nous interpellent par rapport \u00e0 leurs difficult\u00e9s. On a mis en place une plateforme qui permet \u00e0 tout citoyen, \u00e0 toute soci\u00e9t\u00e9 d\u2019envoyer son document au minist\u00e8re des mines sans pour autant se d\u00e9placer. Le lien de cette plateforme a \u00e9t\u00e9 partag\u00e9 aux soci\u00e9t\u00e9s mini\u00e8res. Ce sont ces deux messages que nous avions voulu faire\u00a0 passer lors de cette rencontre \u00bb, a-t-il conclu.<\/span><\/p>\n<p class=\"p2\"><span class=\"s2\">Saluant l\u2019esprit qui a pr\u00e9valu \u00e0 la tenue de cette session, le directeur g\u00e9n\u00e9ral adjoint des imp\u00f4ts Dan Lamah dira pour sa part\u00a0 que\u00a0 \u00ab S\u2019agissant des soci\u00e9t\u00e9s mini\u00e8res, puisque c\u2019est l\u2019objet de la rencontre, il y a 313 soci\u00e9t\u00e9s mini\u00e8res qui ont d\u00e9pos\u00e9 leurs \u00e9tats financiers. C\u2019est tr\u00e8s en de\u00e7\u00e0 du nombre de soci\u00e9t\u00e9s mini\u00e8res. C\u2019est pour cela que cette rencontre est importante. Elle permet de passer le message et sensibiliser les entreprises quant \u00e0 leur obligation l\u00e9gale de d\u00e9claration de leurs revenus notamment, la d\u00e9claration des \u00e9tats financiers dans la date limite du 30 avril \u00bb<\/span><\/p>\n<p><a href=\"https:\/\/universnews224.com\/wp-content\/uploads\/2023\/05\/0D6D7D85-83C8-416E-8BA5-6B9B4428E3BC.jpeg\"><img loading=\"lazy\" class=\"alignnone size-medium wp-image-3508\" src=\"https:\/\/universnews224.com\/wp-content\/uploads\/2023\/05\/0D6D7D85-83C8-416E-8BA5-6B9B4428E3BC-300x142.jpeg\" alt=\"\" width=\"300\" height=\"142\" srcset=\"https:\/\/universnews224.com\/wp-content\/uploads\/2023\/05\/0D6D7D85-83C8-416E-8BA5-6B9B4428E3BC-300x142.jpeg 300w, https:\/\/universnews224.com\/wp-content\/uploads\/2023\/05\/0D6D7D85-83C8-416E-8BA5-6B9B4428E3BC-1024x484.jpeg 1024w, https:\/\/universnews224.com\/wp-content\/uploads\/2023\/05\/0D6D7D85-83C8-416E-8BA5-6B9B4428E3BC-768x363.jpeg 768w, https:\/\/universnews224.com\/wp-content\/uploads\/2023\/05\/0D6D7D85-83C8-416E-8BA5-6B9B4428E3BC.jpeg 1040w\" sizes=\"(max-width: 300px) 100vw, 300px\" \/><\/a><\/p>\n<p class=\"p2\"><span class=\"s2\">Plus loin, le DGA des imp\u00f4ts\u00a0 de conclure en<span class=\"Apple-converted-space\">\u00a0 <\/span>ces termes: <\/span><\/p>\n<p class=\"p2\"><span class=\"s2\">\u00abLa loi est tr\u00e8s claire. Lorsque les \u00e9tats financiers ne sont pas d\u00e9pos\u00e9s dans le d\u00e9lai, nous proc\u00e9dons \u00e0 une taxation d\u2019office. C\u2019est-a-dire que nous \u00e9valuons ce qui pourrait \u00eatre leurs r\u00e9sultats et nous leur imposons de payer \u00bb, a t-il martel\u00e9. <\/span><\/p>\n<p class=\"p2\"><span class=\"s2\">Ibrahima Limbita Camara <\/span><\/p>\n","protected":false},"excerpt":{"rendered":"<p>Suite au retard accus\u00e9 par les entreprises mini\u00e8res \u00e9voluant en R\u00e9publique de Guin\u00e9e dans la<\/p>\n","protected":false},"author":2,"featured_media":3490,"comment_status":"closed","ping_status":"open","sticky":false,"template":"","format":"standard","meta":[],"categories":[3,5],"tags":[229],"yoast_head":"<!-- This site is optimized with the Yoast SEO plugin v19.13 - https:\/\/yoast.com\/wordpress\/plugins\/seo\/ -->\n<title>Retard dans la pr\u00e9sentation des \u00e9tats financiers : les entreprises mini\u00e8res rappel\u00e9e \u00e0 l\u2019ordre par les autorit\u00e9s de la transition. - UNIVERSNEWS224<\/title>\n<meta name=\"robots\" content=\"index, follow, max-snippet:-1, max-image-preview:large, max-video-preview:-1\" \/>\n<link rel=\"canonical\" href=\"https:\/\/universnews224.com\/index.php\/retard-dans-la-presentation-des-etats-financiers-les-entreprises-minieres-rappelee-a-lordre-par-les-autorites-de-la-transition\/\" \/>\n<meta property=\"og:locale\" content=\"fr_FR\" \/>\n<meta property=\"og:type\" content=\"article\" \/>\n<meta property=\"og:title\" content=\"Retard dans la pr\u00e9sentation des \u00e9tats financiers : les entreprises mini\u00e8res rappel\u00e9e \u00e0 l\u2019ordre par les autorit\u00e9s de la transition. - UNIVERSNEWS224\" \/>\n<meta property=\"og:description\" content=\"Suite au retard accus\u00e9 par les entreprises mini\u00e8res \u00e9voluant en R\u00e9publique de Guin\u00e9e dans la\" \/>\n<meta property=\"og:url\" content=\"https:\/\/universnews224.com\/index.php\/retard-dans-la-presentation-des-etats-financiers-les-entreprises-minieres-rappelee-a-lordre-par-les-autorites-de-la-transition\/\" \/>\n<meta property=\"og:site_name\" content=\"UNIVERSNEWS224\" \/>\n<meta property=\"article:published_time\" content=\"2023-05-04T07:17:29+00:00\" \/>\n<meta property=\"og:image\" content=\"https:\/\/universnews224.com\/wp-content\/uploads\/2023\/05\/2D3BDDC3-1333-4E10-BE79-7D542761F337.jpeg\" \/>\n\t<meta property=\"og:image:width\" content=\"1040\" \/>\n\t<meta property=\"og:image:height\" content=\"492\" \/>\n\t<meta property=\"og:image:type\" content=\"image\/jpeg\" \/>\n<meta name=\"author\" content=\"La R\u00e9daction\" \/>\n<meta name=\"twitter:label1\" content=\"\u00c9crit par\" \/>\n\t<meta name=\"twitter:data1\" content=\"La R\u00e9daction\" \/>\n\t<meta name=\"twitter:label2\" content=\"Dur\u00e9e de lecture estim\u00e9e\" \/>\n\t<meta name=\"twitter:data2\" content=\"4 minutes\" \/>\n<script type=\"application\/ld+json\" class=\"yoast-schema-graph\">{\"@context\":\"https:\/\/schema.org\",\"@graph\":[{\"@type\":\"Article\",\"@id\":\"https:\/\/universnews224.com\/index.php\/retard-dans-la-presentation-des-etats-financiers-les-entreprises-minieres-rappelee-a-lordre-par-les-autorites-de-la-transition\/#article\",\"isPartOf\":{\"@id\":\"https:\/\/universnews224.com\/index.php\/retard-dans-la-presentation-des-etats-financiers-les-entreprises-minieres-rappelee-a-lordre-par-les-autorites-de-la-transition\/\"},\"author\":{\"name\":\"La R\u00e9daction\",\"@id\":\"https:\/\/universnews224.com\/#\/schema\/person\/a4b7d4f94a4716df60456a491260485e\"},\"headline\":\"Retard dans la pr\u00e9sentation des \u00e9tats financiers : les entreprises mini\u00e8res rappel\u00e9e \u00e0 l\u2019ordre par les autorit\u00e9s de la transition.\",\"datePublished\":\"2023-05-04T07:17:29+00:00\",\"dateModified\":\"2023-05-04T07:17:29+00:00\",\"mainEntityOfPage\":{\"@id\":\"https:\/\/universnews224.com\/index.php\/retard-dans-la-presentation-des-etats-financiers-les-entreprises-minieres-rappelee-a-lordre-par-les-autorites-de-la-transition\/\"},\"wordCount\":625,\"publisher\":{\"@id\":\"https:\/\/universnews224.com\/#organization\"},\"keywords\":[\"La une\"],\"articleSection\":[\"ACTU\",\"SOCI\u00c9T\u00c9\"],\"inLanguage\":\"fr-FR\"},{\"@type\":\"WebPage\",\"@id\":\"https:\/\/universnews224.com\/index.php\/retard-dans-la-presentation-des-etats-financiers-les-entreprises-minieres-rappelee-a-lordre-par-les-autorites-de-la-transition\/\",\"url\":\"https:\/\/universnews224.com\/index.php\/retard-dans-la-presentation-des-etats-financiers-les-entreprises-minieres-rappelee-a-lordre-par-les-autorites-de-la-transition\/\",\"name\":\"Retard dans la pr\u00e9sentation des \u00e9tats financiers : les entreprises mini\u00e8res rappel\u00e9e \u00e0 l\u2019ordre par les autorit\u00e9s de la transition. - UNIVERSNEWS224\",\"isPartOf\":{\"@id\":\"https:\/\/universnews224.com\/#website\"},\"datePublished\":\"2023-05-04T07:17:29+00:00\",\"dateModified\":\"2023-05-04T07:17:29+00:00\",\"inLanguage\":\"fr-FR\",\"potentialAction\":[{\"@type\":\"ReadAction\",\"target\":[\"https:\/\/universnews224.com\/index.php\/retard-dans-la-presentation-des-etats-financiers-les-entreprises-minieres-rappelee-a-lordre-par-les-autorites-de-la-transition\/\"]}]},{\"@type\":\"WebSite\",\"@id\":\"https:\/\/universnews224.com\/#website\",\"url\":\"https:\/\/universnews224.com\/\",\"name\":\"UNIVERSNEWS224\",\"description\":\"\",\"publisher\":{\"@id\":\"https:\/\/universnews224.com\/#organization\"},\"potentialAction\":[{\"@type\":\"SearchAction\",\"target\":{\"@type\":\"EntryPoint\",\"urlTemplate\":\"https:\/\/universnews224.com\/?s={search_term_string}\"},\"query-input\":\"required name=search_term_string\"}],\"inLanguage\":\"fr-FR\"},{\"@type\":\"Organization\",\"@id\":\"https:\/\/universnews224.com\/#organization\",\"name\":\"UNIVERSNEWS224\",\"url\":\"https:\/\/universnews224.com\/\",\"logo\":{\"@type\":\"ImageObject\",\"inLanguage\":\"fr-FR\",\"@id\":\"https:\/\/universnews224.com\/#\/schema\/logo\/image\/\",\"url\":\"https:\/\/universnews224.com\/wp-content\/uploads\/2022\/08\/cropped-cropped-logoban.jpg\",\"contentUrl\":\"https:\/\/universnews224.com\/wp-content\/uploads\/2022\/08\/cropped-cropped-logoban.jpg\",\"width\":1080,\"height\":138,\"caption\":\"UNIVERSNEWS224\"},\"image\":{\"@id\":\"https:\/\/universnews224.com\/#\/schema\/logo\/image\/\"}},{\"@type\":\"Person\",\"@id\":\"https:\/\/universnews224.com\/#\/schema\/person\/a4b7d4f94a4716df60456a491260485e\",\"name\":\"La R\u00e9daction\",\"image\":{\"@type\":\"ImageObject\",\"inLanguage\":\"fr-FR\",\"@id\":\"https:\/\/universnews224.com\/#\/schema\/person\/image\/\",\"url\":\"https:\/\/secure.gravatar.com\/avatar\/edb90acc7752b23e1b3307ad36c14f0d?s=96&d=mm&r=g\",\"contentUrl\":\"https:\/\/secure.gravatar.com\/avatar\/edb90acc7752b23e1b3307ad36c14f0d?s=96&d=mm&r=g\",\"caption\":\"La R\u00e9daction\"},\"sameAs\":[\"https:\/\/universnews224.com\"],\"url\":\"https:\/\/universnews224.com\/index.php\/author\/m-camara\/\"}]}<\/script>\n<!-- \/ Yoast SEO plugin. -->","yoast_head_json":{"title":"Retard dans la pr\u00e9sentation des \u00e9tats financiers : les entreprises mini\u00e8res rappel\u00e9e \u00e0 l\u2019ordre par les autorit\u00e9s de la transition. - UNIVERSNEWS224","robots":{"index":"index","follow":"follow","max-snippet":"max-snippet:-1","max-image-preview":"max-image-preview:large","max-video-preview":"max-video-preview:-1"},"canonical":"https:\/\/universnews224.com\/index.php\/retard-dans-la-presentation-des-etats-financiers-les-entreprises-minieres-rappelee-a-lordre-par-les-autorites-de-la-transition\/","og_locale":"fr_FR","og_type":"article","og_title":"Retard dans la pr\u00e9sentation des \u00e9tats financiers : les entreprises mini\u00e8res rappel\u00e9e \u00e0 l\u2019ordre par les autorit\u00e9s de la transition. - UNIVERSNEWS224","og_description":"Suite au retard accus\u00e9 par les entreprises mini\u00e8res \u00e9voluant en R\u00e9publique de Guin\u00e9e dans la","og_url":"https:\/\/universnews224.com\/index.php\/retard-dans-la-presentation-des-etats-financiers-les-entreprises-minieres-rappelee-a-lordre-par-les-autorites-de-la-transition\/","og_site_name":"UNIVERSNEWS224","article_published_time":"2023-05-04T07:17:29+00:00","og_image":[{"width":1040,"height":492,"url":"https:\/\/universnews224.com\/wp-content\/uploads\/2023\/05\/2D3BDDC3-1333-4E10-BE79-7D542761F337.jpeg","type":"image\/jpeg"}],"author":"La R\u00e9daction","twitter_misc":{"\u00c9crit par":"La R\u00e9daction","Dur\u00e9e de lecture estim\u00e9e":"4 minutes"},"schema":{"@context":"https:\/\/schema.org","@graph":[{"@type":"Article","@id":"https:\/\/universnews224.com\/index.php\/retard-dans-la-presentation-des-etats-financiers-les-entreprises-minieres-rappelee-a-lordre-par-les-autorites-de-la-transition\/#article","isPartOf":{"@id":"https:\/\/universnews224.com\/index.php\/retard-dans-la-presentation-des-etats-financiers-les-entreprises-minieres-rappelee-a-lordre-par-les-autorites-de-la-transition\/"},"author":{"name":"La R\u00e9daction","@id":"https:\/\/universnews224.com\/#\/schema\/person\/a4b7d4f94a4716df60456a491260485e"},"headline":"Retard dans la pr\u00e9sentation des \u00e9tats financiers : les entreprises mini\u00e8res rappel\u00e9e \u00e0 l\u2019ordre par les autorit\u00e9s de la transition.","datePublished":"2023-05-04T07:17:29+00:00","dateModified":"2023-05-04T07:17:29+00:00","mainEntityOfPage":{"@id":"https:\/\/universnews224.com\/index.php\/retard-dans-la-presentation-des-etats-financiers-les-entreprises-minieres-rappelee-a-lordre-par-les-autorites-de-la-transition\/"},"wordCount":625,"publisher":{"@id":"https:\/\/universnews224.com\/#organization"},"keywords":["La une"],"articleSection":["ACTU","SOCI\u00c9T\u00c9"],"inLanguage":"fr-FR"},{"@type":"WebPage","@id":"https:\/\/universnews224.com\/index.php\/retard-dans-la-presentation-des-etats-financiers-les-entreprises-minieres-rappelee-a-lordre-par-les-autorites-de-la-transition\/","url":"https:\/\/universnews224.com\/index.php\/retard-dans-la-presentation-des-etats-financiers-les-entreprises-minieres-rappelee-a-lordre-par-les-autorites-de-la-transition\/","name":"Retard dans la pr\u00e9sentation des \u00e9tats financiers : les entreprises mini\u00e8res rappel\u00e9e \u00e0 l\u2019ordre par les autorit\u00e9s de la transition. - UNIVERSNEWS224","isPartOf":{"@id":"https:\/\/universnews224.com\/#website"},"datePublished":"2023-05-04T07:17:29+00:00","dateModified":"2023-05-04T07:17:29+00:00","inLanguage":"fr-FR","potentialAction":[{"@type":"ReadAction","target":["https:\/\/universnews224.com\/index.php\/retard-dans-la-presentation-des-etats-financiers-les-entreprises-minieres-rappelee-a-lordre-par-les-autorites-de-la-transition\/"]}]},{"@type":"WebSite","@id":"https:\/\/universnews224.com\/#website","url":"https:\/\/universnews224.com\/","name":"UNIVERSNEWS224","description":"","publisher":{"@id":"https:\/\/universnews224.com\/#organization"},"potentialAction":[{"@type":"SearchAction","target":{"@type":"EntryPoint","urlTemplate":"https:\/\/universnews224.com\/?s={search_term_string}"},"query-input":"required name=search_term_string"}],"inLanguage":"fr-FR"},{"@type":"Organization","@id":"https:\/\/universnews224.com\/#organization","name":"UNIVERSNEWS224","url":"https:\/\/universnews224.com\/","logo":{"@type":"ImageObject","inLanguage":"fr-FR","@id":"https:\/\/universnews224.com\/#\/schema\/logo\/image\/","url":"https:\/\/universnews224.com\/wp-content\/uploads\/2022\/08\/cropped-cropped-logoban.jpg","contentUrl":"https:\/\/universnews224.com\/wp-content\/uploads\/2022\/08\/cropped-cropped-logoban.jpg","width":1080,"height":138,"caption":"UNIVERSNEWS224"},"image":{"@id":"https:\/\/universnews224.com\/#\/schema\/logo\/image\/"}},{"@type":"Person","@id":"https:\/\/universnews224.com\/#\/schema\/person\/a4b7d4f94a4716df60456a491260485e","name":"La R\u00e9daction","image":{"@type":"ImageObject","inLanguage":"fr-FR","@id":"https:\/\/universnews224.com\/#\/schema\/person\/image\/","url":"https:\/\/secure.gravatar.com\/avatar\/edb90acc7752b23e1b3307ad36c14f0d?s=96&d=mm&r=g","contentUrl":"https:\/\/secure.gravatar.com\/avatar\/edb90acc7752b23e1b3307ad36c14f0d?s=96&d=mm&r=g","caption":"La R\u00e9daction"},"sameAs":["https:\/\/universnews224.com"],"url":"https:\/\/universnews224.com\/index.php\/author\/m-camara\/"}]}},"_links":{"self":[{"href":"https:\/\/universnews224.com\/index.php\/wp-json\/wp\/v2\/posts\/3505"}],"collection":[{"href":"https:\/\/universnews224.com\/index.php\/wp-json\/wp\/v2\/posts"}],"about":[{"href":"https:\/\/universnews224.com\/index.php\/wp-json\/wp\/v2\/types\/post"}],"author":[{"embeddable":true,"href":"https:\/\/universnews224.com\/index.php\/wp-json\/wp\/v2\/users\/2"}],"replies":[{"embeddable":true,"href":"https:\/\/universnews224.com\/index.php\/wp-json\/wp\/v2\/comments?post=3505"}],"version-history":[{"count":1,"href":"https:\/\/universnews224.com\/index.php\/wp-json\/wp\/v2\/posts\/3505\/revisions"}],"predecessor-version":[{"id":3509,"href":"https:\/\/universnews224.com\/index.php\/wp-json\/wp\/v2\/posts\/3505\/revisions\/3509"}],"wp:featuredmedia":[{"embeddable":true,"href":"https:\/\/universnews224.com\/index.php\/wp-json\/wp\/v2\/media\/3490"}],"wp:attachment":[{"href":"https:\/\/universnews224.com\/index.php\/wp-json\/wp\/v2\/media?parent=3505"}],"wp:term":[{"taxonomy":"category","embeddable":true,"href":"https:\/\/universnews224.com\/index.php\/wp-json\/wp\/v2\/categories?post=3505"},{"taxonomy":"post_tag","embeddable":true,"href":"https:\/\/universnews224.com\/index.php\/wp-json\/wp\/v2\/tags?post=3505"}],"curies":[{"name":"wp","href":"https:\/\/api.w.org\/{rel}","templated":true}]}}