{"id":3516,"date":"2023-05-09T23:48:26","date_gmt":"2023-05-09T22:48:26","guid":{"rendered":"https:\/\/universnews224.com\/?p=3516"},"modified":"2023-05-09T23:48:26","modified_gmt":"2023-05-09T22:48:26","slug":"crise-au-conor-moi-a-la-place-du-conor-jaurais-demissionne-oumar-ndiaye","status":"publish","type":"post","link":"https:\/\/universnews224.com\/index.php\/crise-au-conor-moi-a-la-place-du-conor-jaurais-demissionne-oumar-ndiaye\/","title":{"rendered":"Crise au CONOR: \u00abMoi \u00e0 la place du CONOR, j\u2019aurais d\u00e9missionn\u00e9\u00bb, Oumar N\u2019Diaye."},"content":{"rendered":"<p class=\"p1\"><span class=\"s1\">Dans une d\u00e9claration r\u00e9cemment publi\u00e9e dans la presse, le 47 des membres statutaires frondeurs de la F\u00e9d\u00e9ration guin\u00e9enne de football ont demand\u00e9 \u00e0 la FIFA, de changer le CONOR dirig\u00e9 par Madame Sy Mariama Satina Diallo. <\/span><\/p>\n<p class=\"p1\"><span class=\"s1\">Invit\u00e9 de l\u2019\u00e9mission les GG de la radio Espace, Oumar N\u2019Diaye, porte-parole, du 47 des membres statutaires de la FEGUIFOOT est revenu sur ce qu\u2019ils reprochent \u00e0 l\u2019\u00e9quipe de par Madame Sy Mariama Satina Diallo.<\/span><\/p>\n<p class=\"p1\"><span class=\"s1\">Selon Oumar N\u2019Diaye, le G47 des membres statutaires de la FEGUIFOOT reproche au CONOR de vouloir s\u2019\u00e9terniser \u00e0 la t\u00eate de la haute instance du football Guin\u00e9en. <\/span><\/p>\n<p class=\"p1\"><span class=\"s1\">\u00abPour nous, les membres actuels du CONOR n\u2019ont pas la volont\u00e9 de finir avec une transition.L\u2019ancien CONOR a fait ici 7 \u00e0 8 mois, ils ont organis\u00e9 les \u00e9lections et ils sont partis. Vous avez pourquoi ils ne veulent pas faire cette transition? Quand on a nomm\u00e9 ce CONOR au mois de novembre 2021, ce n\u2019est que 5 mois apr\u00e8s que ce CONOR a cherch\u00e9 \u00e0 nous rencontrer et c\u2019est nous qui avons \u00e9crit. Ils avaient un mandat de 7 ou 9 mois, je vous jure, ils ont fait 5 mois, ils ne sont all\u00e9s vers personne. Il a fallu qu\u2019on se retrouve et qu\u2019on \u00e9crit, on a dit attention! Vous avez un mandat qui fini bient\u00f4t, alors dites-nous quel est chronogramme au moins m\u00eame vous ne venez pas vers nous. Quand nous sommes all\u00e9s, au lieu qu\u2019on parle de chronogramme, on nous brandi un document o\u00f9 on fustige la gestion du comit\u00e9 sortant\u2026. Apr\u00e8s on nous envoie un courrier, on dit, faites nos suggestions par rapport aux statuts. Quand vous avez envoy\u00e9 les courriers, ils disent, regardent ceux de Kankan, ils \u00e9crivent la m\u00eame chose, Conakry la m\u00eame chose, N\u2019zerekour\u00e9 la m\u00eame chose\u2026\u00bb, a t-il dit. <\/span><\/p>\n<p class=\"p1\"><span class=\"s1\">Poursuivant, le porte-parole du 47 des membres statutaires de la FEGUIFOOT laiss\u00e9 entendre que le CONOR a \u00e9chou\u00e9 et par cons\u00e9quent ils doivent d\u00e9missionner. <\/span><\/p>\n<p class=\"p1\"><span class=\"s1\">\u00abSeuls les membres du CONOR savent pourquoi, ils ne veulent pas partir. Parce qu\u2019en r\u00e9alit\u00e9 moi \u00e0 la place du CONOR, j\u2019aurais d\u00e9missionn\u00e9. 9 mois je n\u2019ai pas r\u00e9ussi, on prolonge \u00e7a, on nous fait 17 mois, je jure la main sur le coran, je d\u00e9missionne. Parce que je sais en 7 mois ils ne pourront pas. \u00c7a au moins, c\u2019est clair\u2026 Apr\u00e8s 17 mois ce qu\u2019ils n\u2019ont pu faire, nous sommes convaincus et rassur\u00e9s que ce n\u2019est dans 7 mois, ils font faire\u00bb, a t-il martel\u00e9. <\/span><\/p>\n<p class=\"p1\"><span class=\"s1\">Camara Mamadouba <\/span><\/p>\n<p class=\"p1\"><span class=\"s1\">611 46 04 10 <\/span><\/p>\n","protected":false},"excerpt":{"rendered":"<p>Dans une d\u00e9claration r\u00e9cemment publi\u00e9e dans la presse, le 47 des membres statutaires frondeurs de<\/p>\n","protected":false},"author":2,"featured_media":3517,"comment_status":"closed","ping_status":"open","sticky":false,"template":"","format":"standard","meta":[],"categories":[3,9],"tags":[229],"yoast_head":"<!-- This site is optimized with the Yoast SEO plugin v19.13 - https:\/\/yoast.com\/wordpress\/plugins\/seo\/ -->\n<title>Crise au CONOR: \u00abMoi \u00e0 la place du CONOR, j\u2019aurais d\u00e9missionn\u00e9\u00bb, Oumar N\u2019Diaye. - UNIVERSNEWS224<\/title>\n<meta name=\"robots\" content=\"index, follow, max-snippet:-1, max-image-preview:large, max-video-preview:-1\" \/>\n<link rel=\"canonical\" href=\"https:\/\/universnews224.com\/index.php\/crise-au-conor-moi-a-la-place-du-conor-jaurais-demissionne-oumar-ndiaye\/\" \/>\n<meta property=\"og:locale\" content=\"fr_FR\" \/>\n<meta property=\"og:type\" content=\"article\" \/>\n<meta property=\"og:title\" content=\"Crise au CONOR: \u00abMoi \u00e0 la place du CONOR, j\u2019aurais d\u00e9missionn\u00e9\u00bb, Oumar N\u2019Diaye. - UNIVERSNEWS224\" \/>\n<meta property=\"og:description\" content=\"Dans une d\u00e9claration r\u00e9cemment publi\u00e9e dans la presse, le 47 des membres statutaires frondeurs de\" \/>\n<meta property=\"og:url\" content=\"https:\/\/universnews224.com\/index.php\/crise-au-conor-moi-a-la-place-du-conor-jaurais-demissionne-oumar-ndiaye\/\" \/>\n<meta property=\"og:site_name\" content=\"UNIVERSNEWS224\" \/>\n<meta property=\"article:published_time\" content=\"2023-05-09T22:48:26+00:00\" \/>\n<meta property=\"og:image\" content=\"https:\/\/universnews224.com\/wp-content\/uploads\/2023\/05\/0C38F787-238E-41D5-B97B-87AE1B11A3E7.jpeg\" \/>\n\t<meta property=\"og:image:width\" content=\"700\" \/>\n\t<meta property=\"og:image:height\" content=\"425\" \/>\n\t<meta property=\"og:image:type\" content=\"image\/jpeg\" \/>\n<meta name=\"author\" content=\"La R\u00e9daction\" \/>\n<meta name=\"twitter:label1\" content=\"\u00c9crit par\" \/>\n\t<meta name=\"twitter:data1\" content=\"La R\u00e9daction\" \/>\n\t<meta name=\"twitter:label2\" content=\"Dur\u00e9e de lecture estim\u00e9e\" \/>\n\t<meta name=\"twitter:data2\" content=\"3 minutes\" \/>\n<script type=\"application\/ld+json\" class=\"yoast-schema-graph\">{\"@context\":\"https:\/\/schema.org\",\"@graph\":[{\"@type\":\"Article\",\"@id\":\"https:\/\/universnews224.com\/index.php\/crise-au-conor-moi-a-la-place-du-conor-jaurais-demissionne-oumar-ndiaye\/#article\",\"isPartOf\":{\"@id\":\"https:\/\/universnews224.com\/index.php\/crise-au-conor-moi-a-la-place-du-conor-jaurais-demissionne-oumar-ndiaye\/\"},\"author\":{\"name\":\"La R\u00e9daction\",\"@id\":\"https:\/\/universnews224.com\/#\/schema\/person\/a4b7d4f94a4716df60456a491260485e\"},\"headline\":\"Crise au CONOR: \u00abMoi \u00e0 la place du CONOR, j\u2019aurais d\u00e9missionn\u00e9\u00bb, Oumar N\u2019Diaye.\",\"datePublished\":\"2023-05-09T22:48:26+00:00\",\"dateModified\":\"2023-05-09T22:48:26+00:00\",\"mainEntityOfPage\":{\"@id\":\"https:\/\/universnews224.com\/index.php\/crise-au-conor-moi-a-la-place-du-conor-jaurais-demissionne-oumar-ndiaye\/\"},\"wordCount\":449,\"publisher\":{\"@id\":\"https:\/\/universnews224.com\/#organization\"},\"keywords\":[\"La une\"],\"articleSection\":[\"ACTU\",\"SPORT\"],\"inLanguage\":\"fr-FR\"},{\"@type\":\"WebPage\",\"@id\":\"https:\/\/universnews224.com\/index.php\/crise-au-conor-moi-a-la-place-du-conor-jaurais-demissionne-oumar-ndiaye\/\",\"url\":\"https:\/\/universnews224.com\/index.php\/crise-au-conor-moi-a-la-place-du-conor-jaurais-demissionne-oumar-ndiaye\/\",\"name\":\"Crise au CONOR: \u00abMoi \u00e0 la place du CONOR, j\u2019aurais d\u00e9missionn\u00e9\u00bb, Oumar N\u2019Diaye. - UNIVERSNEWS224\",\"isPartOf\":{\"@id\":\"https:\/\/universnews224.com\/#website\"},\"datePublished\":\"2023-05-09T22:48:26+00:00\",\"dateModified\":\"2023-05-09T22:48:26+00:00\",\"inLanguage\":\"fr-FR\",\"potentialAction\":[{\"@type\":\"ReadAction\",\"target\":[\"https:\/\/universnews224.com\/index.php\/crise-au-conor-moi-a-la-place-du-conor-jaurais-demissionne-oumar-ndiaye\/\"]}]},{\"@type\":\"WebSite\",\"@id\":\"https:\/\/universnews224.com\/#website\",\"url\":\"https:\/\/universnews224.com\/\",\"name\":\"UNIVERSNEWS224\",\"description\":\"\",\"publisher\":{\"@id\":\"https:\/\/universnews224.com\/#organization\"},\"potentialAction\":[{\"@type\":\"SearchAction\",\"target\":{\"@type\":\"EntryPoint\",\"urlTemplate\":\"https:\/\/universnews224.com\/?s={search_term_string}\"},\"query-input\":\"required name=search_term_string\"}],\"inLanguage\":\"fr-FR\"},{\"@type\":\"Organization\",\"@id\":\"https:\/\/universnews224.com\/#organization\",\"name\":\"UNIVERSNEWS224\",\"url\":\"https:\/\/universnews224.com\/\",\"logo\":{\"@type\":\"ImageObject\",\"inLanguage\":\"fr-FR\",\"@id\":\"https:\/\/universnews224.com\/#\/schema\/logo\/image\/\",\"url\":\"https:\/\/universnews224.com\/wp-content\/uploads\/2022\/08\/cropped-cropped-logoban.jpg\",\"contentUrl\":\"https:\/\/universnews224.com\/wp-content\/uploads\/2022\/08\/cropped-cropped-logoban.jpg\",\"width\":1080,\"height\":138,\"caption\":\"UNIVERSNEWS224\"},\"image\":{\"@id\":\"https:\/\/universnews224.com\/#\/schema\/logo\/image\/\"}},{\"@type\":\"Person\",\"@id\":\"https:\/\/universnews224.com\/#\/schema\/person\/a4b7d4f94a4716df60456a491260485e\",\"name\":\"La R\u00e9daction\",\"image\":{\"@type\":\"ImageObject\",\"inLanguage\":\"fr-FR\",\"@id\":\"https:\/\/universnews224.com\/#\/schema\/person\/image\/\",\"url\":\"https:\/\/secure.gravatar.com\/avatar\/edb90acc7752b23e1b3307ad36c14f0d?s=96&d=mm&r=g\",\"contentUrl\":\"https:\/\/secure.gravatar.com\/avatar\/edb90acc7752b23e1b3307ad36c14f0d?s=96&d=mm&r=g\",\"caption\":\"La R\u00e9daction\"},\"sameAs\":[\"https:\/\/universnews224.com\"],\"url\":\"https:\/\/universnews224.com\/index.php\/author\/m-camara\/\"}]}<\/script>\n<!-- \/ Yoast SEO plugin. -->","yoast_head_json":{"title":"Crise au CONOR: \u00abMoi \u00e0 la place du CONOR, j\u2019aurais d\u00e9missionn\u00e9\u00bb, Oumar N\u2019Diaye. - UNIVERSNEWS224","robots":{"index":"index","follow":"follow","max-snippet":"max-snippet:-1","max-image-preview":"max-image-preview:large","max-video-preview":"max-video-preview:-1"},"canonical":"https:\/\/universnews224.com\/index.php\/crise-au-conor-moi-a-la-place-du-conor-jaurais-demissionne-oumar-ndiaye\/","og_locale":"fr_FR","og_type":"article","og_title":"Crise au CONOR: \u00abMoi \u00e0 la place du CONOR, j\u2019aurais d\u00e9missionn\u00e9\u00bb, Oumar N\u2019Diaye. - UNIVERSNEWS224","og_description":"Dans une d\u00e9claration r\u00e9cemment publi\u00e9e dans la presse, le 47 des membres statutaires frondeurs de","og_url":"https:\/\/universnews224.com\/index.php\/crise-au-conor-moi-a-la-place-du-conor-jaurais-demissionne-oumar-ndiaye\/","og_site_name":"UNIVERSNEWS224","article_published_time":"2023-05-09T22:48:26+00:00","og_image":[{"width":700,"height":425,"url":"https:\/\/universnews224.com\/wp-content\/uploads\/2023\/05\/0C38F787-238E-41D5-B97B-87AE1B11A3E7.jpeg","type":"image\/jpeg"}],"author":"La R\u00e9daction","twitter_misc":{"\u00c9crit par":"La R\u00e9daction","Dur\u00e9e de lecture estim\u00e9e":"3 minutes"},"schema":{"@context":"https:\/\/schema.org","@graph":[{"@type":"Article","@id":"https:\/\/universnews224.com\/index.php\/crise-au-conor-moi-a-la-place-du-conor-jaurais-demissionne-oumar-ndiaye\/#article","isPartOf":{"@id":"https:\/\/universnews224.com\/index.php\/crise-au-conor-moi-a-la-place-du-conor-jaurais-demissionne-oumar-ndiaye\/"},"author":{"name":"La R\u00e9daction","@id":"https:\/\/universnews224.com\/#\/schema\/person\/a4b7d4f94a4716df60456a491260485e"},"headline":"Crise au CONOR: \u00abMoi \u00e0 la place du CONOR, j\u2019aurais d\u00e9missionn\u00e9\u00bb, Oumar N\u2019Diaye.","datePublished":"2023-05-09T22:48:26+00:00","dateModified":"2023-05-09T22:48:26+00:00","mainEntityOfPage":{"@id":"https:\/\/universnews224.com\/index.php\/crise-au-conor-moi-a-la-place-du-conor-jaurais-demissionne-oumar-ndiaye\/"},"wordCount":449,"publisher":{"@id":"https:\/\/universnews224.com\/#organization"},"keywords":["La une"],"articleSection":["ACTU","SPORT"],"inLanguage":"fr-FR"},{"@type":"WebPage","@id":"https:\/\/universnews224.com\/index.php\/crise-au-conor-moi-a-la-place-du-conor-jaurais-demissionne-oumar-ndiaye\/","url":"https:\/\/universnews224.com\/index.php\/crise-au-conor-moi-a-la-place-du-conor-jaurais-demissionne-oumar-ndiaye\/","name":"Crise au CONOR: \u00abMoi \u00e0 la place du CONOR, j\u2019aurais d\u00e9missionn\u00e9\u00bb, Oumar N\u2019Diaye. - UNIVERSNEWS224","isPartOf":{"@id":"https:\/\/universnews224.com\/#website"},"datePublished":"2023-05-09T22:48:26+00:00","dateModified":"2023-05-09T22:48:26+00:00","inLanguage":"fr-FR","potentialAction":[{"@type":"ReadAction","target":["https:\/\/universnews224.com\/index.php\/crise-au-conor-moi-a-la-place-du-conor-jaurais-demissionne-oumar-ndiaye\/"]}]},{"@type":"WebSite","@id":"https:\/\/universnews224.com\/#website","url":"https:\/\/universnews224.com\/","name":"UNIVERSNEWS224","description":"","publisher":{"@id":"https:\/\/universnews224.com\/#organization"},"potentialAction":[{"@type":"SearchAction","target":{"@type":"EntryPoint","urlTemplate":"https:\/\/universnews224.com\/?s={search_term_string}"},"query-input":"required name=search_term_string"}],"inLanguage":"fr-FR"},{"@type":"Organization","@id":"https:\/\/universnews224.com\/#organization","name":"UNIVERSNEWS224","url":"https:\/\/universnews224.com\/","logo":{"@type":"ImageObject","inLanguage":"fr-FR","@id":"https:\/\/universnews224.com\/#\/schema\/logo\/image\/","url":"https:\/\/universnews224.com\/wp-content\/uploads\/2022\/08\/cropped-cropped-logoban.jpg","contentUrl":"https:\/\/universnews224.com\/wp-content\/uploads\/2022\/08\/cropped-cropped-logoban.jpg","width":1080,"height":138,"caption":"UNIVERSNEWS224"},"image":{"@id":"https:\/\/universnews224.com\/#\/schema\/logo\/image\/"}},{"@type":"Person","@id":"https:\/\/universnews224.com\/#\/schema\/person\/a4b7d4f94a4716df60456a491260485e","name":"La R\u00e9daction","image":{"@type":"ImageObject","inLanguage":"fr-FR","@id":"https:\/\/universnews224.com\/#\/schema\/person\/image\/","url":"https:\/\/secure.gravatar.com\/avatar\/edb90acc7752b23e1b3307ad36c14f0d?s=96&d=mm&r=g","contentUrl":"https:\/\/secure.gravatar.com\/avatar\/edb90acc7752b23e1b3307ad36c14f0d?s=96&d=mm&r=g","caption":"La R\u00e9daction"},"sameAs":["https:\/\/universnews224.com"],"url":"https:\/\/universnews224.com\/index.php\/author\/m-camara\/"}]}},"_links":{"self":[{"href":"https:\/\/universnews224.com\/index.php\/wp-json\/wp\/v2\/posts\/3516"}],"collection":[{"href":"https:\/\/universnews224.com\/index.php\/wp-json\/wp\/v2\/posts"}],"about":[{"href":"https:\/\/universnews224.com\/index.php\/wp-json\/wp\/v2\/types\/post"}],"author":[{"embeddable":true,"href":"https:\/\/universnews224.com\/index.php\/wp-json\/wp\/v2\/users\/2"}],"replies":[{"embeddable":true,"href":"https:\/\/universnews224.com\/index.php\/wp-json\/wp\/v2\/comments?post=3516"}],"version-history":[{"count":1,"href":"https:\/\/universnews224.com\/index.php\/wp-json\/wp\/v2\/posts\/3516\/revisions"}],"predecessor-version":[{"id":3518,"href":"https:\/\/universnews224.com\/index.php\/wp-json\/wp\/v2\/posts\/3516\/revisions\/3518"}],"wp:featuredmedia":[{"embeddable":true,"href":"https:\/\/universnews224.com\/index.php\/wp-json\/wp\/v2\/media\/3517"}],"wp:attachment":[{"href":"https:\/\/universnews224.com\/index.php\/wp-json\/wp\/v2\/media?parent=3516"}],"wp:term":[{"taxonomy":"category","embeddable":true,"href":"https:\/\/universnews224.com\/index.php\/wp-json\/wp\/v2\/categories?post=3516"},{"taxonomy":"post_tag","embeddable":true,"href":"https:\/\/universnews224.com\/index.php\/wp-json\/wp\/v2\/tags?post=3516"}],"curies":[{"name":"wp","href":"https:\/\/api.w.org\/{rel}","templated":true}]}}