{"id":3522,"date":"2023-05-09T23:52:09","date_gmt":"2023-05-09T22:52:09","guid":{"rendered":"https:\/\/universnews224.com\/?p=3522"},"modified":"2023-05-09T23:52:09","modified_gmt":"2023-05-09T22:52:09","slug":"serie-manif-le-rpg-appelle-ses-militants-a-repondre-au-mot-dordre-des-forces-vives-karamo-nabe","status":"publish","type":"post","link":"https:\/\/universnews224.com\/index.php\/serie-manif-le-rpg-appelle-ses-militants-a-repondre-au-mot-dordre-des-forces-vives-karamo-nabe\/","title":{"rendered":"S\u00e9rie manif: le RPG appelle ses militants \u00e0 r\u00e9pondre au mot d\u2019ordre des forces vives( Karamo Nab\u00e9)"},"content":{"rendered":"<p class=\"p1\"><span class=\"s1\">\u00c0 quelques heures d\u2019une s\u00e9rie de manifestations projet\u00e9e par les forces vives de Guin\u00e9e pour exiger \u00e0 la junte une transition plus consensuelle, l\u2019ancien parti au pouvoir, le RPG Arc-en-ciel appelle aussi ses militants \u00e0 se mettre en ordre de bataille. <\/span><\/p>\n<p class=\"p1\"><span class=\"s1\">L\u2019annonce a \u00e9t\u00e9 faite ce mardi, 08 mai 2023 par Karamo Nab\u00e9, coordinateur des secteurs RPG arc-en-ciel d\u2019Europe sur les ondes de Djoma m\u00e9dias dans l\u2019\u00e9mission \u00abOn refait le monde\u00bb. <\/span><\/p>\n<p class=\"p1\"><span class=\"s1\">\u00abLe pr\u00e9sident Alpha Cond\u00e9 dans l\u2019esprit de cette s\u00e9rie de manifestations. J\u2019ai m\u00eame eu \u00e0 \u00e9changer avec lui aujourd\u2019hui, c\u2019est normal puisqu\u2019il \u00e9change ces temps ci avec la base \u00e0 plus forte raison nous qui sommes les responsables du parti. C\u2019est vrai qu\u2019il n\u2019a pas fait une communication officielle, mais ceux qui \u00e9changent avec lui, notamment la base, savent que le pr\u00e9sident est totalement impliqu\u00e9 dans ces manifestations qui d\u00e9butent demain. Donc, nous appelons tous les soutiens du professeur Alpha Cond\u00e9 et \u00e7a je peux dire \u00e0 son nom et \u00e0 tous les militants du RPG pour qu\u2019ils l\u00e8vent tous demain pour manifester. Qu\u2019ils soient \u00e0 N\u2019zerekour\u00e9 \u00e0 Conakry et un peu partout \u00e0 l\u2019int\u00e9rieur du pays, toutes les f\u00e9d\u00e9rations du RPG sont appel\u00e9s \u00e0 sortir massivement. Il ne faudrait pas que demain, on ne parle que de l\u2019axe, il faudrait qu\u2019on sorte un peu partout en Guin\u00e9e. Puisque les manifestations sont un droit constitutionnel, personne ne devrait pas inqui\u00e9ter pour \u00e7a. Donc, il est demand\u00e9 \u00e0 tout le monde de respecter les consignes qui ont lanc\u00e9es par les diff\u00e9rents partis politiques, les organisations de la soci\u00e9t\u00e9 civile et notamment le RPG arc-en-ciel \u00e0 travers son pr\u00e9sident et le bureau politique national\u00bb, a t-il appel\u00e9. <\/span><\/p>\n<p class=\"p1\">\n","protected":false},"excerpt":{"rendered":"<p>\u00c0 quelques heures d\u2019une s\u00e9rie de manifestations projet\u00e9e par les forces vives de Guin\u00e9e pour<\/p>\n","protected":false},"author":2,"featured_media":3524,"comment_status":"closed","ping_status":"open","sticky":false,"template":"","format":"standard","meta":[],"categories":[3,4],"tags":[229],"yoast_head":"<!-- This site is optimized with the Yoast SEO plugin v19.13 - https:\/\/yoast.com\/wordpress\/plugins\/seo\/ -->\n<title>S\u00e9rie manif: le RPG appelle ses militants \u00e0 r\u00e9pondre au mot d\u2019ordre des forces vives( Karamo Nab\u00e9) - UNIVERSNEWS224<\/title>\n<meta name=\"robots\" content=\"index, follow, max-snippet:-1, max-image-preview:large, max-video-preview:-1\" \/>\n<link rel=\"canonical\" href=\"https:\/\/universnews224.com\/index.php\/serie-manif-le-rpg-appelle-ses-militants-a-repondre-au-mot-dordre-des-forces-vives-karamo-nabe\/\" \/>\n<meta property=\"og:locale\" content=\"fr_FR\" \/>\n<meta property=\"og:type\" content=\"article\" \/>\n<meta property=\"og:title\" content=\"S\u00e9rie manif: le RPG appelle ses militants \u00e0 r\u00e9pondre au mot d\u2019ordre des forces vives( Karamo Nab\u00e9) - UNIVERSNEWS224\" \/>\n<meta property=\"og:description\" content=\"\u00c0 quelques heures d\u2019une s\u00e9rie de manifestations projet\u00e9e par les forces vives de Guin\u00e9e pour\" \/>\n<meta property=\"og:url\" content=\"https:\/\/universnews224.com\/index.php\/serie-manif-le-rpg-appelle-ses-militants-a-repondre-au-mot-dordre-des-forces-vives-karamo-nabe\/\" \/>\n<meta property=\"og:site_name\" content=\"UNIVERSNEWS224\" \/>\n<meta property=\"article:published_time\" content=\"2023-05-09T22:52:09+00:00\" \/>\n<meta property=\"og:image\" content=\"https:\/\/universnews224.com\/wp-content\/uploads\/2023\/05\/95E281E5-0DBB-4A3D-A772-A0E00F330CE2.jpeg\" \/>\n\t<meta property=\"og:image:width\" content=\"750\" \/>\n\t<meta property=\"og:image:height\" content=\"430\" \/>\n\t<meta property=\"og:image:type\" content=\"image\/jpeg\" \/>\n<meta name=\"author\" content=\"La R\u00e9daction\" \/>\n<meta name=\"twitter:label1\" content=\"\u00c9crit par\" \/>\n\t<meta name=\"twitter:data1\" content=\"La R\u00e9daction\" \/>\n\t<meta name=\"twitter:label2\" content=\"Dur\u00e9e de lecture estim\u00e9e\" \/>\n\t<meta name=\"twitter:data2\" content=\"2 minutes\" \/>\n<script type=\"application\/ld+json\" class=\"yoast-schema-graph\">{\"@context\":\"https:\/\/schema.org\",\"@graph\":[{\"@type\":\"Article\",\"@id\":\"https:\/\/universnews224.com\/index.php\/serie-manif-le-rpg-appelle-ses-militants-a-repondre-au-mot-dordre-des-forces-vives-karamo-nabe\/#article\",\"isPartOf\":{\"@id\":\"https:\/\/universnews224.com\/index.php\/serie-manif-le-rpg-appelle-ses-militants-a-repondre-au-mot-dordre-des-forces-vives-karamo-nabe\/\"},\"author\":{\"name\":\"La R\u00e9daction\",\"@id\":\"https:\/\/universnews224.com\/#\/schema\/person\/a4b7d4f94a4716df60456a491260485e\"},\"headline\":\"S\u00e9rie manif: le RPG appelle ses militants \u00e0 r\u00e9pondre au mot d\u2019ordre des forces vives( Karamo Nab\u00e9)\",\"datePublished\":\"2023-05-09T22:52:09+00:00\",\"dateModified\":\"2023-05-09T22:52:09+00:00\",\"mainEntityOfPage\":{\"@id\":\"https:\/\/universnews224.com\/index.php\/serie-manif-le-rpg-appelle-ses-militants-a-repondre-au-mot-dordre-des-forces-vives-karamo-nabe\/\"},\"wordCount\":319,\"publisher\":{\"@id\":\"https:\/\/universnews224.com\/#organization\"},\"keywords\":[\"La une\"],\"articleSection\":[\"ACTU\",\"POLITIQUE\"],\"inLanguage\":\"fr-FR\"},{\"@type\":\"WebPage\",\"@id\":\"https:\/\/universnews224.com\/index.php\/serie-manif-le-rpg-appelle-ses-militants-a-repondre-au-mot-dordre-des-forces-vives-karamo-nabe\/\",\"url\":\"https:\/\/universnews224.com\/index.php\/serie-manif-le-rpg-appelle-ses-militants-a-repondre-au-mot-dordre-des-forces-vives-karamo-nabe\/\",\"name\":\"S\u00e9rie manif: le RPG appelle ses militants \u00e0 r\u00e9pondre au mot d\u2019ordre des forces vives( Karamo Nab\u00e9) - UNIVERSNEWS224\",\"isPartOf\":{\"@id\":\"https:\/\/universnews224.com\/#website\"},\"datePublished\":\"2023-05-09T22:52:09+00:00\",\"dateModified\":\"2023-05-09T22:52:09+00:00\",\"inLanguage\":\"fr-FR\",\"potentialAction\":[{\"@type\":\"ReadAction\",\"target\":[\"https:\/\/universnews224.com\/index.php\/serie-manif-le-rpg-appelle-ses-militants-a-repondre-au-mot-dordre-des-forces-vives-karamo-nabe\/\"]}]},{\"@type\":\"WebSite\",\"@id\":\"https:\/\/universnews224.com\/#website\",\"url\":\"https:\/\/universnews224.com\/\",\"name\":\"UNIVERSNEWS224\",\"description\":\"\",\"publisher\":{\"@id\":\"https:\/\/universnews224.com\/#organization\"},\"potentialAction\":[{\"@type\":\"SearchAction\",\"target\":{\"@type\":\"EntryPoint\",\"urlTemplate\":\"https:\/\/universnews224.com\/?s={search_term_string}\"},\"query-input\":\"required name=search_term_string\"}],\"inLanguage\":\"fr-FR\"},{\"@type\":\"Organization\",\"@id\":\"https:\/\/universnews224.com\/#organization\",\"name\":\"UNIVERSNEWS224\",\"url\":\"https:\/\/universnews224.com\/\",\"logo\":{\"@type\":\"ImageObject\",\"inLanguage\":\"fr-FR\",\"@id\":\"https:\/\/universnews224.com\/#\/schema\/logo\/image\/\",\"url\":\"https:\/\/universnews224.com\/wp-content\/uploads\/2022\/08\/cropped-cropped-logoban.jpg\",\"contentUrl\":\"https:\/\/universnews224.com\/wp-content\/uploads\/2022\/08\/cropped-cropped-logoban.jpg\",\"width\":1080,\"height\":138,\"caption\":\"UNIVERSNEWS224\"},\"image\":{\"@id\":\"https:\/\/universnews224.com\/#\/schema\/logo\/image\/\"}},{\"@type\":\"Person\",\"@id\":\"https:\/\/universnews224.com\/#\/schema\/person\/a4b7d4f94a4716df60456a491260485e\",\"name\":\"La R\u00e9daction\",\"image\":{\"@type\":\"ImageObject\",\"inLanguage\":\"fr-FR\",\"@id\":\"https:\/\/universnews224.com\/#\/schema\/person\/image\/\",\"url\":\"https:\/\/secure.gravatar.com\/avatar\/edb90acc7752b23e1b3307ad36c14f0d?s=96&d=mm&r=g\",\"contentUrl\":\"https:\/\/secure.gravatar.com\/avatar\/edb90acc7752b23e1b3307ad36c14f0d?s=96&d=mm&r=g\",\"caption\":\"La R\u00e9daction\"},\"sameAs\":[\"https:\/\/universnews224.com\"],\"url\":\"https:\/\/universnews224.com\/index.php\/author\/m-camara\/\"}]}<\/script>\n<!-- \/ Yoast SEO plugin. -->","yoast_head_json":{"title":"S\u00e9rie manif: le RPG appelle ses militants \u00e0 r\u00e9pondre au mot d\u2019ordre des forces vives( Karamo Nab\u00e9) - UNIVERSNEWS224","robots":{"index":"index","follow":"follow","max-snippet":"max-snippet:-1","max-image-preview":"max-image-preview:large","max-video-preview":"max-video-preview:-1"},"canonical":"https:\/\/universnews224.com\/index.php\/serie-manif-le-rpg-appelle-ses-militants-a-repondre-au-mot-dordre-des-forces-vives-karamo-nabe\/","og_locale":"fr_FR","og_type":"article","og_title":"S\u00e9rie manif: le RPG appelle ses militants \u00e0 r\u00e9pondre au mot d\u2019ordre des forces vives( Karamo Nab\u00e9) - UNIVERSNEWS224","og_description":"\u00c0 quelques heures d\u2019une s\u00e9rie de manifestations projet\u00e9e par les forces vives de Guin\u00e9e pour","og_url":"https:\/\/universnews224.com\/index.php\/serie-manif-le-rpg-appelle-ses-militants-a-repondre-au-mot-dordre-des-forces-vives-karamo-nabe\/","og_site_name":"UNIVERSNEWS224","article_published_time":"2023-05-09T22:52:09+00:00","og_image":[{"width":750,"height":430,"url":"https:\/\/universnews224.com\/wp-content\/uploads\/2023\/05\/95E281E5-0DBB-4A3D-A772-A0E00F330CE2.jpeg","type":"image\/jpeg"}],"author":"La R\u00e9daction","twitter_misc":{"\u00c9crit par":"La R\u00e9daction","Dur\u00e9e de lecture estim\u00e9e":"2 minutes"},"schema":{"@context":"https:\/\/schema.org","@graph":[{"@type":"Article","@id":"https:\/\/universnews224.com\/index.php\/serie-manif-le-rpg-appelle-ses-militants-a-repondre-au-mot-dordre-des-forces-vives-karamo-nabe\/#article","isPartOf":{"@id":"https:\/\/universnews224.com\/index.php\/serie-manif-le-rpg-appelle-ses-militants-a-repondre-au-mot-dordre-des-forces-vives-karamo-nabe\/"},"author":{"name":"La R\u00e9daction","@id":"https:\/\/universnews224.com\/#\/schema\/person\/a4b7d4f94a4716df60456a491260485e"},"headline":"S\u00e9rie manif: le RPG appelle ses militants \u00e0 r\u00e9pondre au mot d\u2019ordre des forces vives( Karamo Nab\u00e9)","datePublished":"2023-05-09T22:52:09+00:00","dateModified":"2023-05-09T22:52:09+00:00","mainEntityOfPage":{"@id":"https:\/\/universnews224.com\/index.php\/serie-manif-le-rpg-appelle-ses-militants-a-repondre-au-mot-dordre-des-forces-vives-karamo-nabe\/"},"wordCount":319,"publisher":{"@id":"https:\/\/universnews224.com\/#organization"},"keywords":["La une"],"articleSection":["ACTU","POLITIQUE"],"inLanguage":"fr-FR"},{"@type":"WebPage","@id":"https:\/\/universnews224.com\/index.php\/serie-manif-le-rpg-appelle-ses-militants-a-repondre-au-mot-dordre-des-forces-vives-karamo-nabe\/","url":"https:\/\/universnews224.com\/index.php\/serie-manif-le-rpg-appelle-ses-militants-a-repondre-au-mot-dordre-des-forces-vives-karamo-nabe\/","name":"S\u00e9rie manif: le RPG appelle ses militants \u00e0 r\u00e9pondre au mot d\u2019ordre des forces vives( Karamo Nab\u00e9) - UNIVERSNEWS224","isPartOf":{"@id":"https:\/\/universnews224.com\/#website"},"datePublished":"2023-05-09T22:52:09+00:00","dateModified":"2023-05-09T22:52:09+00:00","inLanguage":"fr-FR","potentialAction":[{"@type":"ReadAction","target":["https:\/\/universnews224.com\/index.php\/serie-manif-le-rpg-appelle-ses-militants-a-repondre-au-mot-dordre-des-forces-vives-karamo-nabe\/"]}]},{"@type":"WebSite","@id":"https:\/\/universnews224.com\/#website","url":"https:\/\/universnews224.com\/","name":"UNIVERSNEWS224","description":"","publisher":{"@id":"https:\/\/universnews224.com\/#organization"},"potentialAction":[{"@type":"SearchAction","target":{"@type":"EntryPoint","urlTemplate":"https:\/\/universnews224.com\/?s={search_term_string}"},"query-input":"required name=search_term_string"}],"inLanguage":"fr-FR"},{"@type":"Organization","@id":"https:\/\/universnews224.com\/#organization","name":"UNIVERSNEWS224","url":"https:\/\/universnews224.com\/","logo":{"@type":"ImageObject","inLanguage":"fr-FR","@id":"https:\/\/universnews224.com\/#\/schema\/logo\/image\/","url":"https:\/\/universnews224.com\/wp-content\/uploads\/2022\/08\/cropped-cropped-logoban.jpg","contentUrl":"https:\/\/universnews224.com\/wp-content\/uploads\/2022\/08\/cropped-cropped-logoban.jpg","width":1080,"height":138,"caption":"UNIVERSNEWS224"},"image":{"@id":"https:\/\/universnews224.com\/#\/schema\/logo\/image\/"}},{"@type":"Person","@id":"https:\/\/universnews224.com\/#\/schema\/person\/a4b7d4f94a4716df60456a491260485e","name":"La R\u00e9daction","image":{"@type":"ImageObject","inLanguage":"fr-FR","@id":"https:\/\/universnews224.com\/#\/schema\/person\/image\/","url":"https:\/\/secure.gravatar.com\/avatar\/edb90acc7752b23e1b3307ad36c14f0d?s=96&d=mm&r=g","contentUrl":"https:\/\/secure.gravatar.com\/avatar\/edb90acc7752b23e1b3307ad36c14f0d?s=96&d=mm&r=g","caption":"La R\u00e9daction"},"sameAs":["https:\/\/universnews224.com"],"url":"https:\/\/universnews224.com\/index.php\/author\/m-camara\/"}]}},"_links":{"self":[{"href":"https:\/\/universnews224.com\/index.php\/wp-json\/wp\/v2\/posts\/3522"}],"collection":[{"href":"https:\/\/universnews224.com\/index.php\/wp-json\/wp\/v2\/posts"}],"about":[{"href":"https:\/\/universnews224.com\/index.php\/wp-json\/wp\/v2\/types\/post"}],"author":[{"embeddable":true,"href":"https:\/\/universnews224.com\/index.php\/wp-json\/wp\/v2\/users\/2"}],"replies":[{"embeddable":true,"href":"https:\/\/universnews224.com\/index.php\/wp-json\/wp\/v2\/comments?post=3522"}],"version-history":[{"count":1,"href":"https:\/\/universnews224.com\/index.php\/wp-json\/wp\/v2\/posts\/3522\/revisions"}],"predecessor-version":[{"id":3525,"href":"https:\/\/universnews224.com\/index.php\/wp-json\/wp\/v2\/posts\/3522\/revisions\/3525"}],"wp:featuredmedia":[{"embeddable":true,"href":"https:\/\/universnews224.com\/index.php\/wp-json\/wp\/v2\/media\/3524"}],"wp:attachment":[{"href":"https:\/\/universnews224.com\/index.php\/wp-json\/wp\/v2\/media?parent=3522"}],"wp:term":[{"taxonomy":"category","embeddable":true,"href":"https:\/\/universnews224.com\/index.php\/wp-json\/wp\/v2\/categories?post=3522"},{"taxonomy":"post_tag","embeddable":true,"href":"https:\/\/universnews224.com\/index.php\/wp-json\/wp\/v2\/tags?post=3522"}],"curies":[{"name":"wp","href":"https:\/\/api.w.org\/{rel}","templated":true}]}}