{"id":3589,"date":"2023-05-24T18:14:07","date_gmt":"2023-05-24T17:14:07","guid":{"rendered":"https:\/\/universnews224.com\/?p=3589"},"modified":"2023-05-24T18:14:07","modified_gmt":"2023-05-24T17:14:07","slug":"nouvelle-constitution-le-mouvement-syndical-nest-pas-favorable-a-la-limitation-de-lage-des-candidats-aux-differentes-elections-a-venir-abdoul-kader-camara","status":"publish","type":"post","link":"https:\/\/universnews224.com\/index.php\/nouvelle-constitution-le-mouvement-syndical-nest-pas-favorable-a-la-limitation-de-lage-des-candidats-aux-differentes-elections-a-venir-abdoul-kader-camara\/","title":{"rendered":"Nouvelle constitution: \u00able mouvement syndical n\u2019est pas favorable \u00e0 la limitation de l\u2019\u00e2ge des candidats aux diff\u00e9rentes \u00e9lections \u00e0 venir\u00bb, Abdoul Kader Camara."},"content":{"rendered":"<p class=\"p1\"><span class=\"s1\">Le d\u00e9bats d\u2019orientation constitutionnel se poursuit \u00e0 l\u2019h\u00e9micycle du palais du peuple de Conakry avec les acteurs sociaux politiques de la Guin\u00e9e. Apr\u00e8s le passage des acteurs politiques, le 22 mai dernier, c\u2019\u00e9tait le tour des organisations syndicales ce mercredi, 24 mai 2023, de faire leurs propositions sur ce qui dit \u00eatre le contenu de la future constitution. <\/span><\/p>\n<p class=\"p1\"><span class=\"s1\">Dans son discours de circonstance, Abdoul Kader Camara, porte-parole du mouvement syndical guin\u00e9en a, au nom de ses pairs, remerci\u00e9 le CNT avoir organis\u00e9 ce d\u00e9bat d\u2019orientation constitutionnel qui permettra \u00e0 toutes les composantes de la nation de donner leur point de vue sur le contenu de la future constitution. <\/span><\/p>\n<p class=\"p1\"><span class=\"s1\">Ensuite, il d\u00e9clare que le mouvement syndical sollicite vivement la mise en place du syst\u00e8me politique garantissant la paix et la stabilit\u00e9 sociale dans le pays. Car, dit-il \u00ables citoyens ne peuvent jouir de leur libert\u00e9 et droits fondamentaux que dans un cadre stable\u00bb <\/span><\/p>\n<p class=\"p1\"><span class=\"s1\">Pour ce faire, poursuit-il \u00ables constituants devraient mettre des gardes fous dans la nouvelle constitution pour lutter contre: l\u2019ethnocentrique qui s\u2019est malheureusement enracin\u00e9 dans notre pays:L\u2019instrumentalisation de la constitution qui nous a toujours conduit \u00e0 des crises. L\u2019instrumentalisation de la justice qui porte atteinte au bon fonctionnement d\u2019un \u00c9tat de droit. La manipulation du processus \u00e9lectoral. Ce processus part du choix de l\u2019organe de gestion des \u00e9lections, aux r\u00e8glements du contentieux \u00e9lectoral en passant par le d\u00e9coupage des circonscriptions et l\u2019\u00e9tablissement des listes \u00e9lectorales\u00bb a indiqu\u00e9 et d\u2019ajouter: <\/span><\/p>\n<p class=\"p1\"><span class=\"s1\">\u00abEnsuite, le mouvement syndical n\u2019est pas favorable \u00e0 la limitation de l\u2019\u00e2ge des candidats aux diff\u00e9rentes \u00e9lections \u00e0 venir. Puis, il demande d\u00e9sormais qu\u2019on interdise la participation d\u2019un parti politique du pr\u00e9sident sortant qui tentera de faire sauter le verrou constitutionnel\u00bb, a t-il soulign\u00e9. <\/span><\/p>\n<p class=\"p1\"><span class=\"s1\">Par ailleurs, il sollicite la mise d\u2019un organe de gestion des \u00e9lections inamovibles \u00e0 l\u2019image de ce qui se fait au Ghana. Mettre en place une CENI inamovible comme au Ghana \u00e9vitera la f\u00e9odalisation de l\u2019institution. <\/span><\/p>\n<p class=\"p1\"><span class=\"s1\">Dans la m\u00eame logique, le mouvement syndical pense que le fichier \u00e9lectoral est \u00e0 \u00e9tablir s\u00e9par\u00e9ment du RAVEC( le recensement administratif \u00e0 caract\u00e8re de l\u2019\u00e9tat civil). Cela \u00e9vitera toute forme de confusion entre les deux (2) fichiers: \u00e9lectoral et civil. <\/span><\/p>\n<p class=\"p1\"><span class=\"s1\">Concernant les candidatures ind\u00e9pendantes, \u00able mouvement syndical veut qu\u2019on donne la possibilit\u00e9 \u00e0 chaque guin\u00e9en, d\u2019\u00eatre candidat, m\u00eame sans relever d\u2019un parti politique\u00bb <\/span><\/p>\n<p class=\"p1\"><span class=\"s1\">Quant au nombre des partis politiques, \u00able mouvement syndical propose de ne pas les limiter, mais pr\u00e9voir plut\u00f4t des modes du scrutin pouvant contraindre des partis politiques \u00e0 faire des alliances \u00e9lectorales. <\/span><\/p>\n<p class=\"p1\"><span class=\"s1\">Cependant, il est n\u00e9cessaire de d\u00e9finir d\u2019attributions des agr\u00e9ments aux partis politiques\u00bb<\/span><\/p>\n<p class=\"p1\"><span class=\"s1\">Pour terminer, le mouvement syndical se prononce \u00e9galement en faveur d\u2019un r\u00e9gime pr\u00e9sidentiel, avec une une restriction des pouvoirs du pr\u00e9sident de la R\u00e9publique pour \u00e9viter de tomber dans une dictature sombre. Mais, il consid\u00e8re que la r\u00e9duction des institutions pourrait rationaliser le budget de l\u2019\u00c9tat et permettrait d\u2019\u00e9viter les conflits de comp\u00e9tences et des gaspillage\u2026. a t-il martel\u00e9. <\/span><\/p>\n<p class=\"p1\"><span class=\"s1\">Camara Mamadouba <\/span><\/p>\n<p class=\"p1\">\n","protected":false},"excerpt":{"rendered":"<p>Le d\u00e9bats d\u2019orientation constitutionnel se poursuit \u00e0 l\u2019h\u00e9micycle du palais du peuple de Conakry avec<\/p>\n","protected":false},"author":2,"featured_media":3590,"comment_status":"closed","ping_status":"open","sticky":false,"template":"","format":"standard","meta":[],"categories":[3,4],"tags":[229],"yoast_head":"<!-- This site is optimized with the Yoast SEO plugin v19.13 - https:\/\/yoast.com\/wordpress\/plugins\/seo\/ -->\n<title>Nouvelle constitution: \u00able mouvement syndical n\u2019est pas favorable \u00e0 la limitation de l\u2019\u00e2ge des candidats aux diff\u00e9rentes \u00e9lections \u00e0 venir\u00bb, Abdoul Kader Camara. - UNIVERSNEWS224<\/title>\n<meta name=\"robots\" content=\"index, follow, max-snippet:-1, max-image-preview:large, max-video-preview:-1\" \/>\n<link rel=\"canonical\" href=\"https:\/\/universnews224.com\/index.php\/nouvelle-constitution-le-mouvement-syndical-nest-pas-favorable-a-la-limitation-de-lage-des-candidats-aux-differentes-elections-a-venir-abdoul-kader-camara\/\" \/>\n<meta property=\"og:locale\" content=\"fr_FR\" \/>\n<meta property=\"og:type\" content=\"article\" \/>\n<meta property=\"og:title\" content=\"Nouvelle constitution: \u00able mouvement syndical n\u2019est pas favorable \u00e0 la limitation de l\u2019\u00e2ge des candidats aux diff\u00e9rentes \u00e9lections \u00e0 venir\u00bb, Abdoul Kader Camara. - UNIVERSNEWS224\" \/>\n<meta property=\"og:description\" content=\"Le d\u00e9bats d\u2019orientation constitutionnel se poursuit \u00e0 l\u2019h\u00e9micycle du palais du peuple de Conakry avec\" \/>\n<meta property=\"og:url\" content=\"https:\/\/universnews224.com\/index.php\/nouvelle-constitution-le-mouvement-syndical-nest-pas-favorable-a-la-limitation-de-lage-des-candidats-aux-differentes-elections-a-venir-abdoul-kader-camara\/\" \/>\n<meta property=\"og:site_name\" content=\"UNIVERSNEWS224\" \/>\n<meta property=\"article:published_time\" content=\"2023-05-24T17:14:07+00:00\" \/>\n<meta property=\"og:image\" content=\"https:\/\/universnews224.com\/wp-content\/uploads\/2023\/05\/6427CE64-9DD4-47F1-8351-5774F31CBEE5.jpeg\" \/>\n\t<meta property=\"og:image:width\" content=\"1600\" \/>\n\t<meta property=\"og:image:height\" content=\"1066\" \/>\n\t<meta property=\"og:image:type\" content=\"image\/jpeg\" \/>\n<meta name=\"author\" content=\"La R\u00e9daction\" \/>\n<meta name=\"twitter:label1\" content=\"\u00c9crit par\" \/>\n\t<meta name=\"twitter:data1\" content=\"La R\u00e9daction\" \/>\n\t<meta name=\"twitter:label2\" content=\"Dur\u00e9e de lecture estim\u00e9e\" \/>\n\t<meta name=\"twitter:data2\" content=\"3 minutes\" \/>\n<script type=\"application\/ld+json\" class=\"yoast-schema-graph\">{\"@context\":\"https:\/\/schema.org\",\"@graph\":[{\"@type\":\"Article\",\"@id\":\"https:\/\/universnews224.com\/index.php\/nouvelle-constitution-le-mouvement-syndical-nest-pas-favorable-a-la-limitation-de-lage-des-candidats-aux-differentes-elections-a-venir-abdoul-kader-camara\/#article\",\"isPartOf\":{\"@id\":\"https:\/\/universnews224.com\/index.php\/nouvelle-constitution-le-mouvement-syndical-nest-pas-favorable-a-la-limitation-de-lage-des-candidats-aux-differentes-elections-a-venir-abdoul-kader-camara\/\"},\"author\":{\"name\":\"La R\u00e9daction\",\"@id\":\"https:\/\/universnews224.com\/#\/schema\/person\/a4b7d4f94a4716df60456a491260485e\"},\"headline\":\"Nouvelle constitution: \u00able mouvement syndical n\u2019est pas favorable \u00e0 la limitation de l\u2019\u00e2ge des candidats aux diff\u00e9rentes \u00e9lections \u00e0 venir\u00bb, Abdoul Kader Camara.\",\"datePublished\":\"2023-05-24T17:14:07+00:00\",\"dateModified\":\"2023-05-24T17:14:07+00:00\",\"mainEntityOfPage\":{\"@id\":\"https:\/\/universnews224.com\/index.php\/nouvelle-constitution-le-mouvement-syndical-nest-pas-favorable-a-la-limitation-de-lage-des-candidats-aux-differentes-elections-a-venir-abdoul-kader-camara\/\"},\"wordCount\":559,\"publisher\":{\"@id\":\"https:\/\/universnews224.com\/#organization\"},\"keywords\":[\"La une\"],\"articleSection\":[\"ACTU\",\"POLITIQUE\"],\"inLanguage\":\"fr-FR\"},{\"@type\":\"WebPage\",\"@id\":\"https:\/\/universnews224.com\/index.php\/nouvelle-constitution-le-mouvement-syndical-nest-pas-favorable-a-la-limitation-de-lage-des-candidats-aux-differentes-elections-a-venir-abdoul-kader-camara\/\",\"url\":\"https:\/\/universnews224.com\/index.php\/nouvelle-constitution-le-mouvement-syndical-nest-pas-favorable-a-la-limitation-de-lage-des-candidats-aux-differentes-elections-a-venir-abdoul-kader-camara\/\",\"name\":\"Nouvelle constitution: \u00able mouvement syndical n\u2019est pas favorable \u00e0 la limitation de l\u2019\u00e2ge des candidats aux diff\u00e9rentes \u00e9lections \u00e0 venir\u00bb, Abdoul Kader Camara. - UNIVERSNEWS224\",\"isPartOf\":{\"@id\":\"https:\/\/universnews224.com\/#website\"},\"datePublished\":\"2023-05-24T17:14:07+00:00\",\"dateModified\":\"2023-05-24T17:14:07+00:00\",\"inLanguage\":\"fr-FR\",\"potentialAction\":[{\"@type\":\"ReadAction\",\"target\":[\"https:\/\/universnews224.com\/index.php\/nouvelle-constitution-le-mouvement-syndical-nest-pas-favorable-a-la-limitation-de-lage-des-candidats-aux-differentes-elections-a-venir-abdoul-kader-camara\/\"]}]},{\"@type\":\"WebSite\",\"@id\":\"https:\/\/universnews224.com\/#website\",\"url\":\"https:\/\/universnews224.com\/\",\"name\":\"UNIVERSNEWS224\",\"description\":\"\",\"publisher\":{\"@id\":\"https:\/\/universnews224.com\/#organization\"},\"potentialAction\":[{\"@type\":\"SearchAction\",\"target\":{\"@type\":\"EntryPoint\",\"urlTemplate\":\"https:\/\/universnews224.com\/?s={search_term_string}\"},\"query-input\":\"required name=search_term_string\"}],\"inLanguage\":\"fr-FR\"},{\"@type\":\"Organization\",\"@id\":\"https:\/\/universnews224.com\/#organization\",\"name\":\"UNIVERSNEWS224\",\"url\":\"https:\/\/universnews224.com\/\",\"logo\":{\"@type\":\"ImageObject\",\"inLanguage\":\"fr-FR\",\"@id\":\"https:\/\/universnews224.com\/#\/schema\/logo\/image\/\",\"url\":\"https:\/\/universnews224.com\/wp-content\/uploads\/2022\/08\/cropped-cropped-logoban.jpg\",\"contentUrl\":\"https:\/\/universnews224.com\/wp-content\/uploads\/2022\/08\/cropped-cropped-logoban.jpg\",\"width\":1080,\"height\":138,\"caption\":\"UNIVERSNEWS224\"},\"image\":{\"@id\":\"https:\/\/universnews224.com\/#\/schema\/logo\/image\/\"}},{\"@type\":\"Person\",\"@id\":\"https:\/\/universnews224.com\/#\/schema\/person\/a4b7d4f94a4716df60456a491260485e\",\"name\":\"La R\u00e9daction\",\"image\":{\"@type\":\"ImageObject\",\"inLanguage\":\"fr-FR\",\"@id\":\"https:\/\/universnews224.com\/#\/schema\/person\/image\/\",\"url\":\"https:\/\/secure.gravatar.com\/avatar\/edb90acc7752b23e1b3307ad36c14f0d?s=96&d=mm&r=g\",\"contentUrl\":\"https:\/\/secure.gravatar.com\/avatar\/edb90acc7752b23e1b3307ad36c14f0d?s=96&d=mm&r=g\",\"caption\":\"La R\u00e9daction\"},\"sameAs\":[\"https:\/\/universnews224.com\"],\"url\":\"https:\/\/universnews224.com\/index.php\/author\/m-camara\/\"}]}<\/script>\n<!-- \/ Yoast SEO plugin. -->","yoast_head_json":{"title":"Nouvelle constitution: \u00able mouvement syndical n\u2019est pas favorable \u00e0 la limitation de l\u2019\u00e2ge des candidats aux diff\u00e9rentes \u00e9lections \u00e0 venir\u00bb, Abdoul Kader Camara. - UNIVERSNEWS224","robots":{"index":"index","follow":"follow","max-snippet":"max-snippet:-1","max-image-preview":"max-image-preview:large","max-video-preview":"max-video-preview:-1"},"canonical":"https:\/\/universnews224.com\/index.php\/nouvelle-constitution-le-mouvement-syndical-nest-pas-favorable-a-la-limitation-de-lage-des-candidats-aux-differentes-elections-a-venir-abdoul-kader-camara\/","og_locale":"fr_FR","og_type":"article","og_title":"Nouvelle constitution: \u00able mouvement syndical n\u2019est pas favorable \u00e0 la limitation de l\u2019\u00e2ge des candidats aux diff\u00e9rentes \u00e9lections \u00e0 venir\u00bb, Abdoul Kader Camara. - UNIVERSNEWS224","og_description":"Le d\u00e9bats d\u2019orientation constitutionnel se poursuit \u00e0 l\u2019h\u00e9micycle du palais du peuple de Conakry avec","og_url":"https:\/\/universnews224.com\/index.php\/nouvelle-constitution-le-mouvement-syndical-nest-pas-favorable-a-la-limitation-de-lage-des-candidats-aux-differentes-elections-a-venir-abdoul-kader-camara\/","og_site_name":"UNIVERSNEWS224","article_published_time":"2023-05-24T17:14:07+00:00","og_image":[{"width":1600,"height":1066,"url":"https:\/\/universnews224.com\/wp-content\/uploads\/2023\/05\/6427CE64-9DD4-47F1-8351-5774F31CBEE5.jpeg","type":"image\/jpeg"}],"author":"La R\u00e9daction","twitter_misc":{"\u00c9crit par":"La R\u00e9daction","Dur\u00e9e de lecture estim\u00e9e":"3 minutes"},"schema":{"@context":"https:\/\/schema.org","@graph":[{"@type":"Article","@id":"https:\/\/universnews224.com\/index.php\/nouvelle-constitution-le-mouvement-syndical-nest-pas-favorable-a-la-limitation-de-lage-des-candidats-aux-differentes-elections-a-venir-abdoul-kader-camara\/#article","isPartOf":{"@id":"https:\/\/universnews224.com\/index.php\/nouvelle-constitution-le-mouvement-syndical-nest-pas-favorable-a-la-limitation-de-lage-des-candidats-aux-differentes-elections-a-venir-abdoul-kader-camara\/"},"author":{"name":"La R\u00e9daction","@id":"https:\/\/universnews224.com\/#\/schema\/person\/a4b7d4f94a4716df60456a491260485e"},"headline":"Nouvelle constitution: \u00able mouvement syndical n\u2019est pas favorable \u00e0 la limitation de l\u2019\u00e2ge des candidats aux diff\u00e9rentes \u00e9lections \u00e0 venir\u00bb, Abdoul Kader Camara.","datePublished":"2023-05-24T17:14:07+00:00","dateModified":"2023-05-24T17:14:07+00:00","mainEntityOfPage":{"@id":"https:\/\/universnews224.com\/index.php\/nouvelle-constitution-le-mouvement-syndical-nest-pas-favorable-a-la-limitation-de-lage-des-candidats-aux-differentes-elections-a-venir-abdoul-kader-camara\/"},"wordCount":559,"publisher":{"@id":"https:\/\/universnews224.com\/#organization"},"keywords":["La une"],"articleSection":["ACTU","POLITIQUE"],"inLanguage":"fr-FR"},{"@type":"WebPage","@id":"https:\/\/universnews224.com\/index.php\/nouvelle-constitution-le-mouvement-syndical-nest-pas-favorable-a-la-limitation-de-lage-des-candidats-aux-differentes-elections-a-venir-abdoul-kader-camara\/","url":"https:\/\/universnews224.com\/index.php\/nouvelle-constitution-le-mouvement-syndical-nest-pas-favorable-a-la-limitation-de-lage-des-candidats-aux-differentes-elections-a-venir-abdoul-kader-camara\/","name":"Nouvelle constitution: \u00able mouvement syndical n\u2019est pas favorable \u00e0 la limitation de l\u2019\u00e2ge des candidats aux diff\u00e9rentes \u00e9lections \u00e0 venir\u00bb, Abdoul Kader Camara. - UNIVERSNEWS224","isPartOf":{"@id":"https:\/\/universnews224.com\/#website"},"datePublished":"2023-05-24T17:14:07+00:00","dateModified":"2023-05-24T17:14:07+00:00","inLanguage":"fr-FR","potentialAction":[{"@type":"ReadAction","target":["https:\/\/universnews224.com\/index.php\/nouvelle-constitution-le-mouvement-syndical-nest-pas-favorable-a-la-limitation-de-lage-des-candidats-aux-differentes-elections-a-venir-abdoul-kader-camara\/"]}]},{"@type":"WebSite","@id":"https:\/\/universnews224.com\/#website","url":"https:\/\/universnews224.com\/","name":"UNIVERSNEWS224","description":"","publisher":{"@id":"https:\/\/universnews224.com\/#organization"},"potentialAction":[{"@type":"SearchAction","target":{"@type":"EntryPoint","urlTemplate":"https:\/\/universnews224.com\/?s={search_term_string}"},"query-input":"required name=search_term_string"}],"inLanguage":"fr-FR"},{"@type":"Organization","@id":"https:\/\/universnews224.com\/#organization","name":"UNIVERSNEWS224","url":"https:\/\/universnews224.com\/","logo":{"@type":"ImageObject","inLanguage":"fr-FR","@id":"https:\/\/universnews224.com\/#\/schema\/logo\/image\/","url":"https:\/\/universnews224.com\/wp-content\/uploads\/2022\/08\/cropped-cropped-logoban.jpg","contentUrl":"https:\/\/universnews224.com\/wp-content\/uploads\/2022\/08\/cropped-cropped-logoban.jpg","width":1080,"height":138,"caption":"UNIVERSNEWS224"},"image":{"@id":"https:\/\/universnews224.com\/#\/schema\/logo\/image\/"}},{"@type":"Person","@id":"https:\/\/universnews224.com\/#\/schema\/person\/a4b7d4f94a4716df60456a491260485e","name":"La R\u00e9daction","image":{"@type":"ImageObject","inLanguage":"fr-FR","@id":"https:\/\/universnews224.com\/#\/schema\/person\/image\/","url":"https:\/\/secure.gravatar.com\/avatar\/edb90acc7752b23e1b3307ad36c14f0d?s=96&d=mm&r=g","contentUrl":"https:\/\/secure.gravatar.com\/avatar\/edb90acc7752b23e1b3307ad36c14f0d?s=96&d=mm&r=g","caption":"La R\u00e9daction"},"sameAs":["https:\/\/universnews224.com"],"url":"https:\/\/universnews224.com\/index.php\/author\/m-camara\/"}]}},"_links":{"self":[{"href":"https:\/\/universnews224.com\/index.php\/wp-json\/wp\/v2\/posts\/3589"}],"collection":[{"href":"https:\/\/universnews224.com\/index.php\/wp-json\/wp\/v2\/posts"}],"about":[{"href":"https:\/\/universnews224.com\/index.php\/wp-json\/wp\/v2\/types\/post"}],"author":[{"embeddable":true,"href":"https:\/\/universnews224.com\/index.php\/wp-json\/wp\/v2\/users\/2"}],"replies":[{"embeddable":true,"href":"https:\/\/universnews224.com\/index.php\/wp-json\/wp\/v2\/comments?post=3589"}],"version-history":[{"count":1,"href":"https:\/\/universnews224.com\/index.php\/wp-json\/wp\/v2\/posts\/3589\/revisions"}],"predecessor-version":[{"id":3591,"href":"https:\/\/universnews224.com\/index.php\/wp-json\/wp\/v2\/posts\/3589\/revisions\/3591"}],"wp:featuredmedia":[{"embeddable":true,"href":"https:\/\/universnews224.com\/index.php\/wp-json\/wp\/v2\/media\/3590"}],"wp:attachment":[{"href":"https:\/\/universnews224.com\/index.php\/wp-json\/wp\/v2\/media?parent=3589"}],"wp:term":[{"taxonomy":"category","embeddable":true,"href":"https:\/\/universnews224.com\/index.php\/wp-json\/wp\/v2\/categories?post=3589"},{"taxonomy":"post_tag","embeddable":true,"href":"https:\/\/universnews224.com\/index.php\/wp-json\/wp\/v2\/tags?post=3589"}],"curies":[{"name":"wp","href":"https:\/\/api.w.org\/{rel}","templated":true}]}}