{"id":3592,"date":"2023-05-24T18:17:15","date_gmt":"2023-05-24T17:17:15","guid":{"rendered":"https:\/\/universnews224.com\/?p=3592"},"modified":"2023-05-24T18:17:56","modified_gmt":"2023-05-24T17:17:56","slug":"mamadou-sylla-sur-la-levee-du-controle-judiciaire-cest-un-grand-soulagement-pour-moi","status":"publish","type":"post","link":"https:\/\/universnews224.com\/index.php\/mamadou-sylla-sur-la-levee-du-controle-judiciaire-cest-un-grand-soulagement-pour-moi\/","title":{"rendered":"Mamadou Sylla sur la lev\u00e9e du contr\u00f4le judiciaire: \u00abC\u2019est un grand soulagement pour moi\u00bb"},"content":{"rendered":"<p class=\"p1\">Apr\u00e8s sept (7) mois de contr\u00f4le judiciaire, la justice guin\u00e9enne a, dans un communiqu\u00e9 rendu public lundi dernier, lev\u00e9 le contr\u00f4le judiciaire contre les leaders politiques.<\/p>\n<p class=\"p1\"><span class=\"s1\">R\u00e9gissant sur cette actualit\u00e9 chez nos confr\u00e8res de la radio Fim Fm dans l\u2019\u00e9mission \u00abMirador\u00bb de ce mercredi, 24 mai 24 mai 2023, Elhadj Mamadou Sylla, pr\u00e9sident de l\u2019UDG se dit soulager par cette d\u00e9cision. <\/span><\/p>\n<p class=\"p1\"><span class=\"s1\">\u00abC\u2019est un grand soulagement pour moi. Parce que \u00e7a fait plusieurs mois, nous sommes soumis \u00e0 ce contr\u00f4le judiciaire. Je suis invit\u00e9 en Espagne pour le salon du livre en tant qu\u2019ambassadeur de Conakry capitale africaine du livre, mais mon passeport n\u2019est pas moi. Donc, avec cette lev\u00e9e de contr\u00f4le judiciaire, nous allons \u00eatre enfin libre de tous nos mouvements\u00bb, a t-il indiqu\u00e9 avant de poursuivre: <\/span><\/p>\n<p class=\"p1\"><span class=\"s1\">\u00abIl ne faut pas trop crier victoire, vous savez la justice, moi je connais comment \u00e7a se passe. Lundi \u00e7a \u00e9t\u00e9 suivi, il faut atteindre jusqu\u2019au vendredi. Vous savez tr\u00e8s bien qu\u2019il y a des dossiers qui ont fait des toll\u00e9s et des toll\u00e9s ici. Quand la justice prend une d\u00e9cision, il y a le procureur qui fait appel. Je pense que cette fois-ci comme c\u2019est une atteinte avec les religieux, j\u2019esp\u00e8re qu\u2019ils ne font pas s\u2019opposer \u00e0 cette lev\u00e9e du contr\u00f4le judiciaire\u00bb, a t-il soulign\u00e9. <\/span><\/p>\n<p class=\"p1\"><span class=\"s1\">Camara Mamadouba <\/span><\/p>\n<p class=\"p1\"><span class=\"s1\">611 46 04 10 <\/span><\/p>\n","protected":false},"excerpt":{"rendered":"<p>Apr\u00e8s sept (7) mois de contr\u00f4le judiciaire, la justice guin\u00e9enne a, dans un communiqu\u00e9 rendu<\/p>\n","protected":false},"author":2,"featured_media":3594,"comment_status":"closed","ping_status":"open","sticky":false,"template":"","format":"standard","meta":[],"categories":[3,4],"tags":[229],"yoast_head":"<!-- This site is optimized with the Yoast SEO plugin v19.13 - https:\/\/yoast.com\/wordpress\/plugins\/seo\/ -->\n<title>Mamadou Sylla sur la lev\u00e9e du contr\u00f4le judiciaire: \u00abC\u2019est un grand soulagement pour moi\u00bb - UNIVERSNEWS224<\/title>\n<meta name=\"robots\" content=\"index, follow, max-snippet:-1, max-image-preview:large, max-video-preview:-1\" \/>\n<link rel=\"canonical\" href=\"https:\/\/universnews224.com\/index.php\/mamadou-sylla-sur-la-levee-du-controle-judiciaire-cest-un-grand-soulagement-pour-moi\/\" \/>\n<meta property=\"og:locale\" content=\"fr_FR\" \/>\n<meta property=\"og:type\" content=\"article\" \/>\n<meta property=\"og:title\" content=\"Mamadou Sylla sur la lev\u00e9e du contr\u00f4le judiciaire: \u00abC\u2019est un grand soulagement pour moi\u00bb - UNIVERSNEWS224\" \/>\n<meta property=\"og:description\" content=\"Apr\u00e8s sept (7) mois de contr\u00f4le judiciaire, la justice guin\u00e9enne a, dans un communiqu\u00e9 rendu\" \/>\n<meta property=\"og:url\" content=\"https:\/\/universnews224.com\/index.php\/mamadou-sylla-sur-la-levee-du-controle-judiciaire-cest-un-grand-soulagement-pour-moi\/\" \/>\n<meta property=\"og:site_name\" content=\"UNIVERSNEWS224\" \/>\n<meta property=\"article:published_time\" content=\"2023-05-24T17:17:15+00:00\" \/>\n<meta property=\"article:modified_time\" content=\"2023-05-24T17:17:56+00:00\" \/>\n<meta property=\"og:image\" content=\"https:\/\/universnews224.com\/wp-content\/uploads\/2023\/05\/7F3BE258-CCBC-4C63-9902-97E47F5E493F.jpeg\" \/>\n\t<meta property=\"og:image:width\" content=\"271\" \/>\n\t<meta property=\"og:image:height\" content=\"186\" \/>\n\t<meta property=\"og:image:type\" content=\"image\/jpeg\" \/>\n<meta name=\"author\" content=\"La R\u00e9daction\" \/>\n<meta name=\"twitter:label1\" content=\"\u00c9crit par\" \/>\n\t<meta name=\"twitter:data1\" content=\"La R\u00e9daction\" \/>\n\t<meta name=\"twitter:label2\" content=\"Dur\u00e9e de lecture estim\u00e9e\" \/>\n\t<meta name=\"twitter:data2\" content=\"2 minutes\" \/>\n<script type=\"application\/ld+json\" class=\"yoast-schema-graph\">{\"@context\":\"https:\/\/schema.org\",\"@graph\":[{\"@type\":\"Article\",\"@id\":\"https:\/\/universnews224.com\/index.php\/mamadou-sylla-sur-la-levee-du-controle-judiciaire-cest-un-grand-soulagement-pour-moi\/#article\",\"isPartOf\":{\"@id\":\"https:\/\/universnews224.com\/index.php\/mamadou-sylla-sur-la-levee-du-controle-judiciaire-cest-un-grand-soulagement-pour-moi\/\"},\"author\":{\"name\":\"La R\u00e9daction\",\"@id\":\"https:\/\/universnews224.com\/#\/schema\/person\/a4b7d4f94a4716df60456a491260485e\"},\"headline\":\"Mamadou Sylla sur la lev\u00e9e du contr\u00f4le judiciaire: \u00abC\u2019est un grand soulagement pour moi\u00bb\",\"datePublished\":\"2023-05-24T17:17:15+00:00\",\"dateModified\":\"2023-05-24T17:17:56+00:00\",\"mainEntityOfPage\":{\"@id\":\"https:\/\/universnews224.com\/index.php\/mamadou-sylla-sur-la-levee-du-controle-judiciaire-cest-un-grand-soulagement-pour-moi\/\"},\"wordCount\":255,\"publisher\":{\"@id\":\"https:\/\/universnews224.com\/#organization\"},\"keywords\":[\"La une\"],\"articleSection\":[\"ACTU\",\"POLITIQUE\"],\"inLanguage\":\"fr-FR\"},{\"@type\":\"WebPage\",\"@id\":\"https:\/\/universnews224.com\/index.php\/mamadou-sylla-sur-la-levee-du-controle-judiciaire-cest-un-grand-soulagement-pour-moi\/\",\"url\":\"https:\/\/universnews224.com\/index.php\/mamadou-sylla-sur-la-levee-du-controle-judiciaire-cest-un-grand-soulagement-pour-moi\/\",\"name\":\"Mamadou Sylla sur la lev\u00e9e du contr\u00f4le judiciaire: \u00abC\u2019est un grand soulagement pour moi\u00bb - UNIVERSNEWS224\",\"isPartOf\":{\"@id\":\"https:\/\/universnews224.com\/#website\"},\"datePublished\":\"2023-05-24T17:17:15+00:00\",\"dateModified\":\"2023-05-24T17:17:56+00:00\",\"inLanguage\":\"fr-FR\",\"potentialAction\":[{\"@type\":\"ReadAction\",\"target\":[\"https:\/\/universnews224.com\/index.php\/mamadou-sylla-sur-la-levee-du-controle-judiciaire-cest-un-grand-soulagement-pour-moi\/\"]}]},{\"@type\":\"WebSite\",\"@id\":\"https:\/\/universnews224.com\/#website\",\"url\":\"https:\/\/universnews224.com\/\",\"name\":\"UNIVERSNEWS224\",\"description\":\"\",\"publisher\":{\"@id\":\"https:\/\/universnews224.com\/#organization\"},\"potentialAction\":[{\"@type\":\"SearchAction\",\"target\":{\"@type\":\"EntryPoint\",\"urlTemplate\":\"https:\/\/universnews224.com\/?s={search_term_string}\"},\"query-input\":\"required name=search_term_string\"}],\"inLanguage\":\"fr-FR\"},{\"@type\":\"Organization\",\"@id\":\"https:\/\/universnews224.com\/#organization\",\"name\":\"UNIVERSNEWS224\",\"url\":\"https:\/\/universnews224.com\/\",\"logo\":{\"@type\":\"ImageObject\",\"inLanguage\":\"fr-FR\",\"@id\":\"https:\/\/universnews224.com\/#\/schema\/logo\/image\/\",\"url\":\"https:\/\/universnews224.com\/wp-content\/uploads\/2022\/08\/cropped-cropped-logoban.jpg\",\"contentUrl\":\"https:\/\/universnews224.com\/wp-content\/uploads\/2022\/08\/cropped-cropped-logoban.jpg\",\"width\":1080,\"height\":138,\"caption\":\"UNIVERSNEWS224\"},\"image\":{\"@id\":\"https:\/\/universnews224.com\/#\/schema\/logo\/image\/\"}},{\"@type\":\"Person\",\"@id\":\"https:\/\/universnews224.com\/#\/schema\/person\/a4b7d4f94a4716df60456a491260485e\",\"name\":\"La R\u00e9daction\",\"image\":{\"@type\":\"ImageObject\",\"inLanguage\":\"fr-FR\",\"@id\":\"https:\/\/universnews224.com\/#\/schema\/person\/image\/\",\"url\":\"https:\/\/secure.gravatar.com\/avatar\/edb90acc7752b23e1b3307ad36c14f0d?s=96&d=mm&r=g\",\"contentUrl\":\"https:\/\/secure.gravatar.com\/avatar\/edb90acc7752b23e1b3307ad36c14f0d?s=96&d=mm&r=g\",\"caption\":\"La R\u00e9daction\"},\"sameAs\":[\"https:\/\/universnews224.com\"],\"url\":\"https:\/\/universnews224.com\/index.php\/author\/m-camara\/\"}]}<\/script>\n<!-- \/ Yoast SEO plugin. -->","yoast_head_json":{"title":"Mamadou Sylla sur la lev\u00e9e du contr\u00f4le judiciaire: \u00abC\u2019est un grand soulagement pour moi\u00bb - UNIVERSNEWS224","robots":{"index":"index","follow":"follow","max-snippet":"max-snippet:-1","max-image-preview":"max-image-preview:large","max-video-preview":"max-video-preview:-1"},"canonical":"https:\/\/universnews224.com\/index.php\/mamadou-sylla-sur-la-levee-du-controle-judiciaire-cest-un-grand-soulagement-pour-moi\/","og_locale":"fr_FR","og_type":"article","og_title":"Mamadou Sylla sur la lev\u00e9e du contr\u00f4le judiciaire: \u00abC\u2019est un grand soulagement pour moi\u00bb - UNIVERSNEWS224","og_description":"Apr\u00e8s sept (7) mois de contr\u00f4le judiciaire, la justice guin\u00e9enne a, dans un communiqu\u00e9 rendu","og_url":"https:\/\/universnews224.com\/index.php\/mamadou-sylla-sur-la-levee-du-controle-judiciaire-cest-un-grand-soulagement-pour-moi\/","og_site_name":"UNIVERSNEWS224","article_published_time":"2023-05-24T17:17:15+00:00","article_modified_time":"2023-05-24T17:17:56+00:00","og_image":[{"width":271,"height":186,"url":"https:\/\/universnews224.com\/wp-content\/uploads\/2023\/05\/7F3BE258-CCBC-4C63-9902-97E47F5E493F.jpeg","type":"image\/jpeg"}],"author":"La R\u00e9daction","twitter_misc":{"\u00c9crit par":"La R\u00e9daction","Dur\u00e9e de lecture estim\u00e9e":"2 minutes"},"schema":{"@context":"https:\/\/schema.org","@graph":[{"@type":"Article","@id":"https:\/\/universnews224.com\/index.php\/mamadou-sylla-sur-la-levee-du-controle-judiciaire-cest-un-grand-soulagement-pour-moi\/#article","isPartOf":{"@id":"https:\/\/universnews224.com\/index.php\/mamadou-sylla-sur-la-levee-du-controle-judiciaire-cest-un-grand-soulagement-pour-moi\/"},"author":{"name":"La R\u00e9daction","@id":"https:\/\/universnews224.com\/#\/schema\/person\/a4b7d4f94a4716df60456a491260485e"},"headline":"Mamadou Sylla sur la lev\u00e9e du contr\u00f4le judiciaire: \u00abC\u2019est un grand soulagement pour moi\u00bb","datePublished":"2023-05-24T17:17:15+00:00","dateModified":"2023-05-24T17:17:56+00:00","mainEntityOfPage":{"@id":"https:\/\/universnews224.com\/index.php\/mamadou-sylla-sur-la-levee-du-controle-judiciaire-cest-un-grand-soulagement-pour-moi\/"},"wordCount":255,"publisher":{"@id":"https:\/\/universnews224.com\/#organization"},"keywords":["La une"],"articleSection":["ACTU","POLITIQUE"],"inLanguage":"fr-FR"},{"@type":"WebPage","@id":"https:\/\/universnews224.com\/index.php\/mamadou-sylla-sur-la-levee-du-controle-judiciaire-cest-un-grand-soulagement-pour-moi\/","url":"https:\/\/universnews224.com\/index.php\/mamadou-sylla-sur-la-levee-du-controle-judiciaire-cest-un-grand-soulagement-pour-moi\/","name":"Mamadou Sylla sur la lev\u00e9e du contr\u00f4le judiciaire: \u00abC\u2019est un grand soulagement pour moi\u00bb - UNIVERSNEWS224","isPartOf":{"@id":"https:\/\/universnews224.com\/#website"},"datePublished":"2023-05-24T17:17:15+00:00","dateModified":"2023-05-24T17:17:56+00:00","inLanguage":"fr-FR","potentialAction":[{"@type":"ReadAction","target":["https:\/\/universnews224.com\/index.php\/mamadou-sylla-sur-la-levee-du-controle-judiciaire-cest-un-grand-soulagement-pour-moi\/"]}]},{"@type":"WebSite","@id":"https:\/\/universnews224.com\/#website","url":"https:\/\/universnews224.com\/","name":"UNIVERSNEWS224","description":"","publisher":{"@id":"https:\/\/universnews224.com\/#organization"},"potentialAction":[{"@type":"SearchAction","target":{"@type":"EntryPoint","urlTemplate":"https:\/\/universnews224.com\/?s={search_term_string}"},"query-input":"required name=search_term_string"}],"inLanguage":"fr-FR"},{"@type":"Organization","@id":"https:\/\/universnews224.com\/#organization","name":"UNIVERSNEWS224","url":"https:\/\/universnews224.com\/","logo":{"@type":"ImageObject","inLanguage":"fr-FR","@id":"https:\/\/universnews224.com\/#\/schema\/logo\/image\/","url":"https:\/\/universnews224.com\/wp-content\/uploads\/2022\/08\/cropped-cropped-logoban.jpg","contentUrl":"https:\/\/universnews224.com\/wp-content\/uploads\/2022\/08\/cropped-cropped-logoban.jpg","width":1080,"height":138,"caption":"UNIVERSNEWS224"},"image":{"@id":"https:\/\/universnews224.com\/#\/schema\/logo\/image\/"}},{"@type":"Person","@id":"https:\/\/universnews224.com\/#\/schema\/person\/a4b7d4f94a4716df60456a491260485e","name":"La R\u00e9daction","image":{"@type":"ImageObject","inLanguage":"fr-FR","@id":"https:\/\/universnews224.com\/#\/schema\/person\/image\/","url":"https:\/\/secure.gravatar.com\/avatar\/edb90acc7752b23e1b3307ad36c14f0d?s=96&d=mm&r=g","contentUrl":"https:\/\/secure.gravatar.com\/avatar\/edb90acc7752b23e1b3307ad36c14f0d?s=96&d=mm&r=g","caption":"La R\u00e9daction"},"sameAs":["https:\/\/universnews224.com"],"url":"https:\/\/universnews224.com\/index.php\/author\/m-camara\/"}]}},"_links":{"self":[{"href":"https:\/\/universnews224.com\/index.php\/wp-json\/wp\/v2\/posts\/3592"}],"collection":[{"href":"https:\/\/universnews224.com\/index.php\/wp-json\/wp\/v2\/posts"}],"about":[{"href":"https:\/\/universnews224.com\/index.php\/wp-json\/wp\/v2\/types\/post"}],"author":[{"embeddable":true,"href":"https:\/\/universnews224.com\/index.php\/wp-json\/wp\/v2\/users\/2"}],"replies":[{"embeddable":true,"href":"https:\/\/universnews224.com\/index.php\/wp-json\/wp\/v2\/comments?post=3592"}],"version-history":[{"count":1,"href":"https:\/\/universnews224.com\/index.php\/wp-json\/wp\/v2\/posts\/3592\/revisions"}],"predecessor-version":[{"id":3595,"href":"https:\/\/universnews224.com\/index.php\/wp-json\/wp\/v2\/posts\/3592\/revisions\/3595"}],"wp:featuredmedia":[{"embeddable":true,"href":"https:\/\/universnews224.com\/index.php\/wp-json\/wp\/v2\/media\/3594"}],"wp:attachment":[{"href":"https:\/\/universnews224.com\/index.php\/wp-json\/wp\/v2\/media?parent=3592"}],"wp:term":[{"taxonomy":"category","embeddable":true,"href":"https:\/\/universnews224.com\/index.php\/wp-json\/wp\/v2\/categories?post=3592"},{"taxonomy":"post_tag","embeddable":true,"href":"https:\/\/universnews224.com\/index.php\/wp-json\/wp\/v2\/tags?post=3592"}],"curies":[{"name":"wp","href":"https:\/\/api.w.org\/{rel}","templated":true}]}}