{"id":3606,"date":"2023-05-25T21:33:26","date_gmt":"2023-05-25T20:33:26","guid":{"rendered":"https:\/\/universnews224.com\/?p=3606"},"modified":"2023-05-25T21:33:26","modified_gmt":"2023-05-25T20:33:26","slug":"hadja-djene-conde-au-debat-citoyen-de-la-jeunesse-de-long-ajabd-il-faut-que-les-jeunes-osent-de-cree-leur-propre-emploi","status":"publish","type":"post","link":"https:\/\/universnews224.com\/index.php\/hadja-djene-conde-au-debat-citoyen-de-la-jeunesse-de-long-ajabd-il-faut-que-les-jeunes-osent-de-cree-leur-propre-emploi\/","title":{"rendered":"Hadja Dj\u00e9n\u00e8 Cond\u00e9 au d\u00e9bat citoyen  de la jeunesse de l&rsquo;ONG (AJABD): \u00ab il faut que les jeunes osent de cr\u00e9\u00e9 leur propre emploi \u00bb"},"content":{"rendered":"<p class=\"p3\">C&rsquo;est dans le cadre de la c\u00e9l\u00e9bration de la journ\u00e9e mondiale de l&rsquo;Afrique le 25 mai de chaque ann\u00e9e, que l&rsquo;association des jeunes de Afia Bowi pour le d\u00e9veloppement (AJABD) a organis\u00e9 ce jeudi 25 mai 2023, \u00e0 la maison des jeunes de Nongo dans la commune de Ratoma, une journ\u00e9e de l&rsquo;Afrique \u00e0 travers un panel intitul\u00e9 rencontre citoyenne sous le th\u00e8me \u2018\u2019 r\u00f4le de la jeunesse dans le d\u00e9veloppement socio-\u00e9conomique en p\u00e9riode transitoire\u00a0 \u2019\u2019.<\/p>\n<p class=\"p3\"><span class=\"s2\">Dans son discours de bienvenue, la pr\u00e9sidente de cette association Hassatou Lamarana Bah, a tout d&rsquo;abord pr\u00e9sent\u00e9 l&rsquo;ONG, les d\u00e9marches mais aussi les perspectives<span class=\"Apple-converted-space\">\u00a0 <\/span>a entam\u00e9 prochainement.<a href=\"https:\/\/universnews224.com\/wp-content\/uploads\/2023\/05\/1944E71B-3279-4122-9F90-7DF348943EB7.jpeg\"><img loading=\"lazy\" class=\"alignnone size-medium wp-image-3607\" src=\"https:\/\/universnews224.com\/wp-content\/uploads\/2023\/05\/1944E71B-3279-4122-9F90-7DF348943EB7-300x169.jpeg\" alt=\"\" width=\"300\" height=\"169\" srcset=\"https:\/\/universnews224.com\/wp-content\/uploads\/2023\/05\/1944E71B-3279-4122-9F90-7DF348943EB7-300x169.jpeg 300w, https:\/\/universnews224.com\/wp-content\/uploads\/2023\/05\/1944E71B-3279-4122-9F90-7DF348943EB7-768x432.jpeg 768w, https:\/\/universnews224.com\/wp-content\/uploads\/2023\/05\/1944E71B-3279-4122-9F90-7DF348943EB7-800x450.jpeg 800w, https:\/\/universnews224.com\/wp-content\/uploads\/2023\/05\/1944E71B-3279-4122-9F90-7DF348943EB7.jpeg 1024w\" sizes=\"(max-width: 300px) 100vw, 300px\" \/><\/a><\/span><\/p>\n<p class=\"p3\"><span class=\"s2\">\u00ab<span class=\"Apple-converted-space\">\u00a0 <\/span>L&rsquo;AJABD est une association locale de d\u00e9veloppement qui intervient dans le d\u00e9veloppement<span class=\"Apple-converted-space\">\u00a0 <\/span>local, agro-Sylvo pastoraux environnement, la promotion f\u00e9minine, de fraternit\u00e9 entre tous les jeunes dans le monde ; Entreprendre la formation, la sensibilisation et l&rsquo;\u00e9ducation. Son objectif, renforcer les liens de Afia Bowi o\u00f9 qu&rsquo;ils soient de bonnes actions pour le d\u00e9veloppement local. Pour les perspectives, nous envisageons tr\u00e8s prochainement la construction d&rsquo;un forage, Am\u00e9nagement d&rsquo;un espace de loisirs pour la jeunesse de Afia Bowi, Participer \u00e0 l&rsquo;\u00e9mancipation du groupement de femmes de la localit\u00e9 dans ses activit\u00e9s champ\u00eatres ; Mener des campagnes de sensibilisation dans les autres contr\u00e9es sur l&rsquo;\u00e9ducation de la couche juv\u00e9nile&#8230; \u00bb, a cit\u00e9 la pr\u00e9sidente Mme Bah.<\/span><\/p>\n<p class=\"p3\"><span class=\"s2\">Dans sa pr\u00e9sentation au public de Ratoma, la femme politique, entrepreneure et coordinatrice par int\u00e9rim (CONAFEG) Hadja Dj\u00e9n\u00e8 Cond\u00e9<span class=\"Apple-converted-space\">\u00a0 <\/span>revient i sur sa participation \u00e0<span class=\"Apple-converted-space\">\u00a0 <\/span>cette journ\u00e9e d&rsquo;Afrique citoyenne pour la jeunesse. Selon elle, c\u2019est une impression de satisfaction et de joie qui l\u2019anime en participant \u00e0 cette activit\u00e9 .<a href=\"https:\/\/universnews224.com\/wp-content\/uploads\/2023\/05\/655B917C-4020-479B-BB41-7873ECFF797E.jpeg\"><img loading=\"lazy\" class=\"alignnone size-medium wp-image-3608\" src=\"https:\/\/universnews224.com\/wp-content\/uploads\/2023\/05\/655B917C-4020-479B-BB41-7873ECFF797E-300x169.jpeg\" alt=\"\" width=\"300\" height=\"169\" srcset=\"https:\/\/universnews224.com\/wp-content\/uploads\/2023\/05\/655B917C-4020-479B-BB41-7873ECFF797E-300x169.jpeg 300w, https:\/\/universnews224.com\/wp-content\/uploads\/2023\/05\/655B917C-4020-479B-BB41-7873ECFF797E-768x432.jpeg 768w, https:\/\/universnews224.com\/wp-content\/uploads\/2023\/05\/655B917C-4020-479B-BB41-7873ECFF797E-800x450.jpeg 800w, https:\/\/universnews224.com\/wp-content\/uploads\/2023\/05\/655B917C-4020-479B-BB41-7873ECFF797E.jpeg 1024w\" sizes=\"(max-width: 300px) 100vw, 300px\" \/><\/a> <\/span><\/p>\n<p class=\"p3\"><span class=\"s2\">\u00ab Aujourd&rsquo;hui la jeunesse \u00e0 un<span class=\"Apple-converted-space\">\u00a0 <\/span>grand r\u00f4le important dans le d\u00e9veloppement, pour parler de d\u00e9veloppement, il faut faire allusion au capital humain, les jeunes constitue le capital humain, parler de d\u00e9veloppement il y&rsquo;a des cibles \u00e0 franchir telle que les ressources humaines \u00e9conomique et tant d&rsquo;autres. Donc si on met acc\u00e8s sur la face transitoire c&rsquo;est n&rsquo;est pas seulement que le temps transitoire mais \u00e7a doit \u00eatre vraiment de unit\u00e9 et la paix, parce que on ne peut pas parler du d\u00e9veloppement sans la paix et pour avoir cette paix c&rsquo;est la jeunesse qui sont la rel\u00e8ve, qui constitue la force vivre et l&rsquo;\u00e9nergie du pays \u00bb, a indiqu\u00e9 Hadja Dj\u00e9n\u00e8.<a href=\"https:\/\/universnews224.com\/wp-content\/uploads\/2023\/05\/9B66BC03-4D07-4B9F-9949-B64736320CF3.jpeg\"><img loading=\"lazy\" class=\"alignnone size-medium wp-image-3609\" src=\"https:\/\/universnews224.com\/wp-content\/uploads\/2023\/05\/9B66BC03-4D07-4B9F-9949-B64736320CF3-300x169.jpeg\" alt=\"\" width=\"300\" height=\"169\" srcset=\"https:\/\/universnews224.com\/wp-content\/uploads\/2023\/05\/9B66BC03-4D07-4B9F-9949-B64736320CF3-300x169.jpeg 300w, https:\/\/universnews224.com\/wp-content\/uploads\/2023\/05\/9B66BC03-4D07-4B9F-9949-B64736320CF3-768x432.jpeg 768w, https:\/\/universnews224.com\/wp-content\/uploads\/2023\/05\/9B66BC03-4D07-4B9F-9949-B64736320CF3-800x450.jpeg 800w, https:\/\/universnews224.com\/wp-content\/uploads\/2023\/05\/9B66BC03-4D07-4B9F-9949-B64736320CF3.jpeg 1024w\" sizes=\"(max-width: 300px) 100vw, 300px\" \/><\/a><\/span><\/p>\n<p class=\"p3\"><span class=\"s2\">\u00c0 d&rsquo;ajouter elle dira, \u00ab les jeunes doivent avoir une formation pour cr\u00e9er de l&#8217;emploi. Et ce que je veux dire par l\u00e0, c&rsquo;est de n&rsquo;est pas crois\u00e9 les bras, dire j&rsquo;ai fini mes \u00e9tudes l&rsquo;\u00e9tat va m&#8217;employer, il faut os\u00e9 cr\u00e9\u00e9 ton propre emploi c&rsquo;est plus garantie plus rassurant, c&rsquo;est une confusion personnes. C&rsquo;est vraiment que l&rsquo;\u00e9cole forme mais la nature \u00e0 ces r\u00e9alit\u00e9s, il faut<span class=\"Apple-converted-space\">\u00a0 <\/span>mettre en place les programmes de formation allant dans le sens de l&rsquo;entrepreneuriat afin d&rsquo;\u00e9tudier, d&rsquo;innover tu cr\u00e9e de l&#8217;emploi direct et indirect pour la jeunesse, \u00e7a va diminuer le ch\u00f4mage et quelques soient la taille de entreprise tu participes au d\u00e9veloppement de ton pays pas la destruction plut\u00f4t contribu\u00e9 au d\u00e9veloppement. Il faut pas compter sur l&rsquo;\u00e9tat en terme d&#8217;employabilit\u00e9 il faut os\u00e9 une fois encore a cr\u00e9\u00e9 \u00bb, a lanc\u00e9 Hadja Dj\u00e9n\u00e8 une femme battante et politique.<\/span><\/p>\n<p class=\"p3\"><span class=\"s2\">Sana Sylla.<\/span><\/p>\n","protected":false},"excerpt":{"rendered":"<p>C&rsquo;est dans le cadre de la c\u00e9l\u00e9bration de la journ\u00e9e mondiale de l&rsquo;Afrique le 25<\/p>\n","protected":false},"author":2,"featured_media":3610,"comment_status":"closed","ping_status":"open","sticky":false,"template":"","format":"standard","meta":[],"categories":[3,5],"tags":[229],"yoast_head":"<!-- This site is optimized with the Yoast SEO plugin v19.13 - https:\/\/yoast.com\/wordpress\/plugins\/seo\/ -->\n<title>Hadja Dj\u00e9n\u00e8 Cond\u00e9 au d\u00e9bat citoyen de la jeunesse de l&#039;ONG (AJABD): \u00ab il faut que les jeunes osent de cr\u00e9\u00e9 leur propre emploi \u00bb - UNIVERSNEWS224<\/title>\n<meta name=\"robots\" content=\"index, follow, max-snippet:-1, max-image-preview:large, max-video-preview:-1\" \/>\n<link rel=\"canonical\" href=\"https:\/\/universnews224.com\/index.php\/hadja-djene-conde-au-debat-citoyen-de-la-jeunesse-de-long-ajabd-il-faut-que-les-jeunes-osent-de-cree-leur-propre-emploi\/\" \/>\n<meta property=\"og:locale\" content=\"fr_FR\" \/>\n<meta property=\"og:type\" content=\"article\" \/>\n<meta property=\"og:title\" content=\"Hadja Dj\u00e9n\u00e8 Cond\u00e9 au d\u00e9bat citoyen de la jeunesse de l&#039;ONG (AJABD): \u00ab il faut que les jeunes osent de cr\u00e9\u00e9 leur propre emploi \u00bb - UNIVERSNEWS224\" \/>\n<meta property=\"og:description\" content=\"C&rsquo;est dans le cadre de la c\u00e9l\u00e9bration de la journ\u00e9e mondiale de l&rsquo;Afrique le 25\" \/>\n<meta property=\"og:url\" content=\"https:\/\/universnews224.com\/index.php\/hadja-djene-conde-au-debat-citoyen-de-la-jeunesse-de-long-ajabd-il-faut-que-les-jeunes-osent-de-cree-leur-propre-emploi\/\" \/>\n<meta property=\"og:site_name\" content=\"UNIVERSNEWS224\" \/>\n<meta property=\"article:published_time\" content=\"2023-05-25T20:33:26+00:00\" \/>\n<meta property=\"og:image\" content=\"https:\/\/universnews224.com\/wp-content\/uploads\/2023\/05\/AAE2DC02-041E-4554-AC46-A3D75D0470E9.jpeg\" \/>\n\t<meta property=\"og:image:width\" content=\"1024\" \/>\n\t<meta property=\"og:image:height\" content=\"576\" \/>\n\t<meta property=\"og:image:type\" content=\"image\/jpeg\" \/>\n<meta name=\"author\" content=\"La R\u00e9daction\" \/>\n<meta name=\"twitter:label1\" content=\"\u00c9crit par\" \/>\n\t<meta name=\"twitter:data1\" content=\"La R\u00e9daction\" \/>\n\t<meta name=\"twitter:label2\" content=\"Dur\u00e9e de lecture estim\u00e9e\" \/>\n\t<meta name=\"twitter:data2\" content=\"4 minutes\" \/>\n<script type=\"application\/ld+json\" class=\"yoast-schema-graph\">{\"@context\":\"https:\/\/schema.org\",\"@graph\":[{\"@type\":\"Article\",\"@id\":\"https:\/\/universnews224.com\/index.php\/hadja-djene-conde-au-debat-citoyen-de-la-jeunesse-de-long-ajabd-il-faut-que-les-jeunes-osent-de-cree-leur-propre-emploi\/#article\",\"isPartOf\":{\"@id\":\"https:\/\/universnews224.com\/index.php\/hadja-djene-conde-au-debat-citoyen-de-la-jeunesse-de-long-ajabd-il-faut-que-les-jeunes-osent-de-cree-leur-propre-emploi\/\"},\"author\":{\"name\":\"La R\u00e9daction\",\"@id\":\"https:\/\/universnews224.com\/#\/schema\/person\/a4b7d4f94a4716df60456a491260485e\"},\"headline\":\"Hadja Dj\u00e9n\u00e8 Cond\u00e9 au d\u00e9bat citoyen de la jeunesse de l&rsquo;ONG (AJABD): \u00ab il faut que les jeunes osent de cr\u00e9\u00e9 leur propre emploi \u00bb\",\"datePublished\":\"2023-05-25T20:33:26+00:00\",\"dateModified\":\"2023-05-25T20:33:26+00:00\",\"mainEntityOfPage\":{\"@id\":\"https:\/\/universnews224.com\/index.php\/hadja-djene-conde-au-debat-citoyen-de-la-jeunesse-de-long-ajabd-il-faut-que-les-jeunes-osent-de-cree-leur-propre-emploi\/\"},\"wordCount\":585,\"publisher\":{\"@id\":\"https:\/\/universnews224.com\/#organization\"},\"keywords\":[\"La une\"],\"articleSection\":[\"ACTU\",\"SOCI\u00c9T\u00c9\"],\"inLanguage\":\"fr-FR\"},{\"@type\":\"WebPage\",\"@id\":\"https:\/\/universnews224.com\/index.php\/hadja-djene-conde-au-debat-citoyen-de-la-jeunesse-de-long-ajabd-il-faut-que-les-jeunes-osent-de-cree-leur-propre-emploi\/\",\"url\":\"https:\/\/universnews224.com\/index.php\/hadja-djene-conde-au-debat-citoyen-de-la-jeunesse-de-long-ajabd-il-faut-que-les-jeunes-osent-de-cree-leur-propre-emploi\/\",\"name\":\"Hadja Dj\u00e9n\u00e8 Cond\u00e9 au d\u00e9bat citoyen de la jeunesse de l'ONG (AJABD): \u00ab il faut que les jeunes osent de cr\u00e9\u00e9 leur propre emploi \u00bb - UNIVERSNEWS224\",\"isPartOf\":{\"@id\":\"https:\/\/universnews224.com\/#website\"},\"datePublished\":\"2023-05-25T20:33:26+00:00\",\"dateModified\":\"2023-05-25T20:33:26+00:00\",\"inLanguage\":\"fr-FR\",\"potentialAction\":[{\"@type\":\"ReadAction\",\"target\":[\"https:\/\/universnews224.com\/index.php\/hadja-djene-conde-au-debat-citoyen-de-la-jeunesse-de-long-ajabd-il-faut-que-les-jeunes-osent-de-cree-leur-propre-emploi\/\"]}]},{\"@type\":\"WebSite\",\"@id\":\"https:\/\/universnews224.com\/#website\",\"url\":\"https:\/\/universnews224.com\/\",\"name\":\"UNIVERSNEWS224\",\"description\":\"\",\"publisher\":{\"@id\":\"https:\/\/universnews224.com\/#organization\"},\"potentialAction\":[{\"@type\":\"SearchAction\",\"target\":{\"@type\":\"EntryPoint\",\"urlTemplate\":\"https:\/\/universnews224.com\/?s={search_term_string}\"},\"query-input\":\"required name=search_term_string\"}],\"inLanguage\":\"fr-FR\"},{\"@type\":\"Organization\",\"@id\":\"https:\/\/universnews224.com\/#organization\",\"name\":\"UNIVERSNEWS224\",\"url\":\"https:\/\/universnews224.com\/\",\"logo\":{\"@type\":\"ImageObject\",\"inLanguage\":\"fr-FR\",\"@id\":\"https:\/\/universnews224.com\/#\/schema\/logo\/image\/\",\"url\":\"https:\/\/universnews224.com\/wp-content\/uploads\/2022\/08\/cropped-cropped-logoban.jpg\",\"contentUrl\":\"https:\/\/universnews224.com\/wp-content\/uploads\/2022\/08\/cropped-cropped-logoban.jpg\",\"width\":1080,\"height\":138,\"caption\":\"UNIVERSNEWS224\"},\"image\":{\"@id\":\"https:\/\/universnews224.com\/#\/schema\/logo\/image\/\"}},{\"@type\":\"Person\",\"@id\":\"https:\/\/universnews224.com\/#\/schema\/person\/a4b7d4f94a4716df60456a491260485e\",\"name\":\"La R\u00e9daction\",\"image\":{\"@type\":\"ImageObject\",\"inLanguage\":\"fr-FR\",\"@id\":\"https:\/\/universnews224.com\/#\/schema\/person\/image\/\",\"url\":\"https:\/\/secure.gravatar.com\/avatar\/edb90acc7752b23e1b3307ad36c14f0d?s=96&d=mm&r=g\",\"contentUrl\":\"https:\/\/secure.gravatar.com\/avatar\/edb90acc7752b23e1b3307ad36c14f0d?s=96&d=mm&r=g\",\"caption\":\"La R\u00e9daction\"},\"sameAs\":[\"https:\/\/universnews224.com\"],\"url\":\"https:\/\/universnews224.com\/index.php\/author\/m-camara\/\"}]}<\/script>\n<!-- \/ Yoast SEO plugin. -->","yoast_head_json":{"title":"Hadja Dj\u00e9n\u00e8 Cond\u00e9 au d\u00e9bat citoyen de la jeunesse de l'ONG (AJABD): \u00ab il faut que les jeunes osent de cr\u00e9\u00e9 leur propre emploi \u00bb - UNIVERSNEWS224","robots":{"index":"index","follow":"follow","max-snippet":"max-snippet:-1","max-image-preview":"max-image-preview:large","max-video-preview":"max-video-preview:-1"},"canonical":"https:\/\/universnews224.com\/index.php\/hadja-djene-conde-au-debat-citoyen-de-la-jeunesse-de-long-ajabd-il-faut-que-les-jeunes-osent-de-cree-leur-propre-emploi\/","og_locale":"fr_FR","og_type":"article","og_title":"Hadja Dj\u00e9n\u00e8 Cond\u00e9 au d\u00e9bat citoyen de la jeunesse de l'ONG (AJABD): \u00ab il faut que les jeunes osent de cr\u00e9\u00e9 leur propre emploi \u00bb - UNIVERSNEWS224","og_description":"C&rsquo;est dans le cadre de la c\u00e9l\u00e9bration de la journ\u00e9e mondiale de l&rsquo;Afrique le 25","og_url":"https:\/\/universnews224.com\/index.php\/hadja-djene-conde-au-debat-citoyen-de-la-jeunesse-de-long-ajabd-il-faut-que-les-jeunes-osent-de-cree-leur-propre-emploi\/","og_site_name":"UNIVERSNEWS224","article_published_time":"2023-05-25T20:33:26+00:00","og_image":[{"width":1024,"height":576,"url":"https:\/\/universnews224.com\/wp-content\/uploads\/2023\/05\/AAE2DC02-041E-4554-AC46-A3D75D0470E9.jpeg","type":"image\/jpeg"}],"author":"La R\u00e9daction","twitter_misc":{"\u00c9crit par":"La R\u00e9daction","Dur\u00e9e de lecture estim\u00e9e":"4 minutes"},"schema":{"@context":"https:\/\/schema.org","@graph":[{"@type":"Article","@id":"https:\/\/universnews224.com\/index.php\/hadja-djene-conde-au-debat-citoyen-de-la-jeunesse-de-long-ajabd-il-faut-que-les-jeunes-osent-de-cree-leur-propre-emploi\/#article","isPartOf":{"@id":"https:\/\/universnews224.com\/index.php\/hadja-djene-conde-au-debat-citoyen-de-la-jeunesse-de-long-ajabd-il-faut-que-les-jeunes-osent-de-cree-leur-propre-emploi\/"},"author":{"name":"La R\u00e9daction","@id":"https:\/\/universnews224.com\/#\/schema\/person\/a4b7d4f94a4716df60456a491260485e"},"headline":"Hadja Dj\u00e9n\u00e8 Cond\u00e9 au d\u00e9bat citoyen de la jeunesse de l&rsquo;ONG (AJABD): \u00ab il faut que les jeunes osent de cr\u00e9\u00e9 leur propre emploi \u00bb","datePublished":"2023-05-25T20:33:26+00:00","dateModified":"2023-05-25T20:33:26+00:00","mainEntityOfPage":{"@id":"https:\/\/universnews224.com\/index.php\/hadja-djene-conde-au-debat-citoyen-de-la-jeunesse-de-long-ajabd-il-faut-que-les-jeunes-osent-de-cree-leur-propre-emploi\/"},"wordCount":585,"publisher":{"@id":"https:\/\/universnews224.com\/#organization"},"keywords":["La une"],"articleSection":["ACTU","SOCI\u00c9T\u00c9"],"inLanguage":"fr-FR"},{"@type":"WebPage","@id":"https:\/\/universnews224.com\/index.php\/hadja-djene-conde-au-debat-citoyen-de-la-jeunesse-de-long-ajabd-il-faut-que-les-jeunes-osent-de-cree-leur-propre-emploi\/","url":"https:\/\/universnews224.com\/index.php\/hadja-djene-conde-au-debat-citoyen-de-la-jeunesse-de-long-ajabd-il-faut-que-les-jeunes-osent-de-cree-leur-propre-emploi\/","name":"Hadja Dj\u00e9n\u00e8 Cond\u00e9 au d\u00e9bat citoyen de la jeunesse de l'ONG (AJABD): \u00ab il faut que les jeunes osent de cr\u00e9\u00e9 leur propre emploi \u00bb - UNIVERSNEWS224","isPartOf":{"@id":"https:\/\/universnews224.com\/#website"},"datePublished":"2023-05-25T20:33:26+00:00","dateModified":"2023-05-25T20:33:26+00:00","inLanguage":"fr-FR","potentialAction":[{"@type":"ReadAction","target":["https:\/\/universnews224.com\/index.php\/hadja-djene-conde-au-debat-citoyen-de-la-jeunesse-de-long-ajabd-il-faut-que-les-jeunes-osent-de-cree-leur-propre-emploi\/"]}]},{"@type":"WebSite","@id":"https:\/\/universnews224.com\/#website","url":"https:\/\/universnews224.com\/","name":"UNIVERSNEWS224","description":"","publisher":{"@id":"https:\/\/universnews224.com\/#organization"},"potentialAction":[{"@type":"SearchAction","target":{"@type":"EntryPoint","urlTemplate":"https:\/\/universnews224.com\/?s={search_term_string}"},"query-input":"required name=search_term_string"}],"inLanguage":"fr-FR"},{"@type":"Organization","@id":"https:\/\/universnews224.com\/#organization","name":"UNIVERSNEWS224","url":"https:\/\/universnews224.com\/","logo":{"@type":"ImageObject","inLanguage":"fr-FR","@id":"https:\/\/universnews224.com\/#\/schema\/logo\/image\/","url":"https:\/\/universnews224.com\/wp-content\/uploads\/2022\/08\/cropped-cropped-logoban.jpg","contentUrl":"https:\/\/universnews224.com\/wp-content\/uploads\/2022\/08\/cropped-cropped-logoban.jpg","width":1080,"height":138,"caption":"UNIVERSNEWS224"},"image":{"@id":"https:\/\/universnews224.com\/#\/schema\/logo\/image\/"}},{"@type":"Person","@id":"https:\/\/universnews224.com\/#\/schema\/person\/a4b7d4f94a4716df60456a491260485e","name":"La R\u00e9daction","image":{"@type":"ImageObject","inLanguage":"fr-FR","@id":"https:\/\/universnews224.com\/#\/schema\/person\/image\/","url":"https:\/\/secure.gravatar.com\/avatar\/edb90acc7752b23e1b3307ad36c14f0d?s=96&d=mm&r=g","contentUrl":"https:\/\/secure.gravatar.com\/avatar\/edb90acc7752b23e1b3307ad36c14f0d?s=96&d=mm&r=g","caption":"La R\u00e9daction"},"sameAs":["https:\/\/universnews224.com"],"url":"https:\/\/universnews224.com\/index.php\/author\/m-camara\/"}]}},"_links":{"self":[{"href":"https:\/\/universnews224.com\/index.php\/wp-json\/wp\/v2\/posts\/3606"}],"collection":[{"href":"https:\/\/universnews224.com\/index.php\/wp-json\/wp\/v2\/posts"}],"about":[{"href":"https:\/\/universnews224.com\/index.php\/wp-json\/wp\/v2\/types\/post"}],"author":[{"embeddable":true,"href":"https:\/\/universnews224.com\/index.php\/wp-json\/wp\/v2\/users\/2"}],"replies":[{"embeddable":true,"href":"https:\/\/universnews224.com\/index.php\/wp-json\/wp\/v2\/comments?post=3606"}],"version-history":[{"count":1,"href":"https:\/\/universnews224.com\/index.php\/wp-json\/wp\/v2\/posts\/3606\/revisions"}],"predecessor-version":[{"id":3611,"href":"https:\/\/universnews224.com\/index.php\/wp-json\/wp\/v2\/posts\/3606\/revisions\/3611"}],"wp:featuredmedia":[{"embeddable":true,"href":"https:\/\/universnews224.com\/index.php\/wp-json\/wp\/v2\/media\/3610"}],"wp:attachment":[{"href":"https:\/\/universnews224.com\/index.php\/wp-json\/wp\/v2\/media?parent=3606"}],"wp:term":[{"taxonomy":"category","embeddable":true,"href":"https:\/\/universnews224.com\/index.php\/wp-json\/wp\/v2\/categories?post=3606"},{"taxonomy":"post_tag","embeddable":true,"href":"https:\/\/universnews224.com\/index.php\/wp-json\/wp\/v2\/tags?post=3606"}],"curies":[{"name":"wp","href":"https:\/\/api.w.org\/{rel}","templated":true}]}}