{"id":3702,"date":"2023-06-08T15:39:46","date_gmt":"2023-06-08T14:39:46","guid":{"rendered":"https:\/\/universnews224.com\/?p=3702"},"modified":"2023-06-08T15:39:46","modified_gmt":"2023-06-08T14:39:46","slug":"aboubacar-soumah-previent-si-alpha-conde-se-tait-cest-plus-grave-que-sil-parle","status":"publish","type":"post","link":"https:\/\/universnews224.com\/index.php\/aboubacar-soumah-previent-si-alpha-conde-se-tait-cest-plus-grave-que-sil-parle\/","title":{"rendered":"Aboubacar Soumah pr\u00e9vient: \u00abSi Alpha Cond\u00e9 se tait, c\u2019est plus grave que s\u2019il parle\u00bb"},"content":{"rendered":"<p class=\"p1\">Membre tr\u00e8s actif des Forces Vives de Guin\u00e9e, une organisation compos\u00e9e des acteurs sociaux politiques qui continuent d\u2019accentuer la pression sur la junte au pouvoir en Guin\u00e9e, pour un retour \u00e0 l\u2019ordre constitutionnel, l\u2019ancien pr\u00e9sident, Alpha Cond\u00e9 reste silencieux ces derniers temps.<\/p>\n<p class=\"p1\"><span class=\"s1\">Un silence que moult observateurs de la sc\u00e8ne politique guin\u00e9enne consid\u00e8rent comme une sortie de rapprochement entre l\u2019ancien chef de l\u2019\u00c9tat guin\u00e9en et son tombeur le 05 septembre 2021, notamment avec la pr\u00e9sence de ce dernier \u00e0 l\u2019occasion de investiture du pr\u00e9sident Turc R\u00e9cep Tayyip Erdogan. Un pays dans lequel Alpha Cond\u00e9 depuis de son l\u2019\u00e9viction au pouvoir. <\/span><\/p>\n<p class=\"p1\"><span class=\"s1\">Interrog\u00e9 sur le silence pesant de l\u2019ancien locataire du palais S\u00e9koutour\u00e9ya par nos confr\u00e8res de Djoma m\u00e9dia, Aboubacar Soumah, leader du parti GDE soutient que le silence d\u2019Alpha Cond\u00e9 est plus \u00e0 craindre que sa prise de parole. <\/span><\/p>\n<p class=\"p1\"><span class=\"s1\">\u00abJe vais une chose, si Alpha Cond\u00e9 se tait, c\u2019est plus grave que s\u2019il parle. Et tout le temps qu\u2019Alpha Cond\u00e9 a fait comme combat dans ce pays, il l\u2019a fait \u00e0 l\u2019ext\u00e9rieur. L\u2019essentiel, ceux qui connaissent l\u2019histoire n\u2019ont qu\u2019\u00e0 vous parler. Les combats essentiels r\u00e9alis\u00e9s sur le terrain par Alpha Cond\u00e9 ont \u00e9t\u00e9 fait \u00e0 son insu, il n\u2019\u00e9tait pas physiquement. Le combat ce n\u2019est pas le fait que leader politique physiquement doit \u00eatre pr\u00e9sent sur le terrain. L\u2019essentiel c\u2019est d\u2019avoir les lieutenants efficaces, d\u00e9termin\u00e9s et engag\u00e9s a t-il martel\u00e9 avant de rassurer.<\/span><\/p>\n<p class=\"p1\"><span class=\"s1\">\u00abLe s\u00e9jour du Colonel Doumbouya en Turquie n\u2019est pas un \u00e9v\u00e9nement. Le s\u00e9jour du Colonel Doumbouya en Turquie ne constitue pas un frein par rapport \u00e0 l\u2019\u00e9volution des forces vives de Guin\u00e9e. Car, le pr\u00e9sident Alpha Cond\u00e9 est plus engag\u00e9 dans la lutte que nous menons a t-il rassur\u00e9 <\/span><\/p>\n<p class=\"p1\"><span class=\"s1\">Camara Mamadouba <\/span><\/p>\n<p class=\"p1\"><span class=\"s1\">611 46 04 10 <\/span><\/p>\n","protected":false},"excerpt":{"rendered":"<p>Membre tr\u00e8s actif des Forces Vives de Guin\u00e9e, une organisation compos\u00e9e des acteurs sociaux politiques<\/p>\n","protected":false},"author":2,"featured_media":3703,"comment_status":"closed","ping_status":"open","sticky":false,"template":"","format":"standard","meta":[],"categories":[3,4],"tags":[229],"yoast_head":"<!-- This site is optimized with the Yoast SEO plugin v19.13 - https:\/\/yoast.com\/wordpress\/plugins\/seo\/ -->\n<title>Aboubacar Soumah pr\u00e9vient: \u00abSi Alpha Cond\u00e9 se tait, c\u2019est plus grave que s\u2019il parle\u00bb - UNIVERSNEWS224<\/title>\n<meta name=\"robots\" content=\"index, follow, max-snippet:-1, max-image-preview:large, max-video-preview:-1\" \/>\n<link rel=\"canonical\" href=\"https:\/\/universnews224.com\/index.php\/aboubacar-soumah-previent-si-alpha-conde-se-tait-cest-plus-grave-que-sil-parle\/\" \/>\n<meta property=\"og:locale\" content=\"fr_FR\" \/>\n<meta property=\"og:type\" content=\"article\" \/>\n<meta property=\"og:title\" content=\"Aboubacar Soumah pr\u00e9vient: \u00abSi Alpha Cond\u00e9 se tait, c\u2019est plus grave que s\u2019il parle\u00bb - UNIVERSNEWS224\" \/>\n<meta property=\"og:description\" content=\"Membre tr\u00e8s actif des Forces Vives de Guin\u00e9e, une organisation compos\u00e9e des acteurs sociaux politiques\" \/>\n<meta property=\"og:url\" content=\"https:\/\/universnews224.com\/index.php\/aboubacar-soumah-previent-si-alpha-conde-se-tait-cest-plus-grave-que-sil-parle\/\" \/>\n<meta property=\"og:site_name\" content=\"UNIVERSNEWS224\" \/>\n<meta property=\"article:published_time\" content=\"2023-06-08T14:39:46+00:00\" \/>\n<meta property=\"og:image\" content=\"https:\/\/universnews224.com\/wp-content\/uploads\/2023\/06\/5DEAD35C-1BAA-4181-B514-5AF288A52D02.jpeg\" \/>\n\t<meta property=\"og:image:width\" content=\"1280\" \/>\n\t<meta property=\"og:image:height\" content=\"720\" \/>\n\t<meta property=\"og:image:type\" content=\"image\/jpeg\" \/>\n<meta name=\"author\" content=\"La R\u00e9daction\" \/>\n<meta name=\"twitter:label1\" content=\"\u00c9crit par\" \/>\n\t<meta name=\"twitter:data1\" content=\"La R\u00e9daction\" \/>\n\t<meta name=\"twitter:label2\" content=\"Dur\u00e9e de lecture estim\u00e9e\" \/>\n\t<meta name=\"twitter:data2\" content=\"2 minutes\" \/>\n<script type=\"application\/ld+json\" class=\"yoast-schema-graph\">{\"@context\":\"https:\/\/schema.org\",\"@graph\":[{\"@type\":\"Article\",\"@id\":\"https:\/\/universnews224.com\/index.php\/aboubacar-soumah-previent-si-alpha-conde-se-tait-cest-plus-grave-que-sil-parle\/#article\",\"isPartOf\":{\"@id\":\"https:\/\/universnews224.com\/index.php\/aboubacar-soumah-previent-si-alpha-conde-se-tait-cest-plus-grave-que-sil-parle\/\"},\"author\":{\"name\":\"La R\u00e9daction\",\"@id\":\"https:\/\/universnews224.com\/#\/schema\/person\/a4b7d4f94a4716df60456a491260485e\"},\"headline\":\"Aboubacar Soumah pr\u00e9vient: \u00abSi Alpha Cond\u00e9 se tait, c\u2019est plus grave que s\u2019il parle\u00bb\",\"datePublished\":\"2023-06-08T14:39:46+00:00\",\"dateModified\":\"2023-06-08T14:39:46+00:00\",\"mainEntityOfPage\":{\"@id\":\"https:\/\/universnews224.com\/index.php\/aboubacar-soumah-previent-si-alpha-conde-se-tait-cest-plus-grave-que-sil-parle\/\"},\"wordCount\":344,\"publisher\":{\"@id\":\"https:\/\/universnews224.com\/#organization\"},\"keywords\":[\"La une\"],\"articleSection\":[\"ACTU\",\"POLITIQUE\"],\"inLanguage\":\"fr-FR\"},{\"@type\":\"WebPage\",\"@id\":\"https:\/\/universnews224.com\/index.php\/aboubacar-soumah-previent-si-alpha-conde-se-tait-cest-plus-grave-que-sil-parle\/\",\"url\":\"https:\/\/universnews224.com\/index.php\/aboubacar-soumah-previent-si-alpha-conde-se-tait-cest-plus-grave-que-sil-parle\/\",\"name\":\"Aboubacar Soumah pr\u00e9vient: \u00abSi Alpha Cond\u00e9 se tait, c\u2019est plus grave que s\u2019il parle\u00bb - UNIVERSNEWS224\",\"isPartOf\":{\"@id\":\"https:\/\/universnews224.com\/#website\"},\"datePublished\":\"2023-06-08T14:39:46+00:00\",\"dateModified\":\"2023-06-08T14:39:46+00:00\",\"inLanguage\":\"fr-FR\",\"potentialAction\":[{\"@type\":\"ReadAction\",\"target\":[\"https:\/\/universnews224.com\/index.php\/aboubacar-soumah-previent-si-alpha-conde-se-tait-cest-plus-grave-que-sil-parle\/\"]}]},{\"@type\":\"WebSite\",\"@id\":\"https:\/\/universnews224.com\/#website\",\"url\":\"https:\/\/universnews224.com\/\",\"name\":\"UNIVERSNEWS224\",\"description\":\"\",\"publisher\":{\"@id\":\"https:\/\/universnews224.com\/#organization\"},\"potentialAction\":[{\"@type\":\"SearchAction\",\"target\":{\"@type\":\"EntryPoint\",\"urlTemplate\":\"https:\/\/universnews224.com\/?s={search_term_string}\"},\"query-input\":\"required name=search_term_string\"}],\"inLanguage\":\"fr-FR\"},{\"@type\":\"Organization\",\"@id\":\"https:\/\/universnews224.com\/#organization\",\"name\":\"UNIVERSNEWS224\",\"url\":\"https:\/\/universnews224.com\/\",\"logo\":{\"@type\":\"ImageObject\",\"inLanguage\":\"fr-FR\",\"@id\":\"https:\/\/universnews224.com\/#\/schema\/logo\/image\/\",\"url\":\"https:\/\/universnews224.com\/wp-content\/uploads\/2022\/08\/cropped-cropped-logoban.jpg\",\"contentUrl\":\"https:\/\/universnews224.com\/wp-content\/uploads\/2022\/08\/cropped-cropped-logoban.jpg\",\"width\":1080,\"height\":138,\"caption\":\"UNIVERSNEWS224\"},\"image\":{\"@id\":\"https:\/\/universnews224.com\/#\/schema\/logo\/image\/\"}},{\"@type\":\"Person\",\"@id\":\"https:\/\/universnews224.com\/#\/schema\/person\/a4b7d4f94a4716df60456a491260485e\",\"name\":\"La R\u00e9daction\",\"image\":{\"@type\":\"ImageObject\",\"inLanguage\":\"fr-FR\",\"@id\":\"https:\/\/universnews224.com\/#\/schema\/person\/image\/\",\"url\":\"https:\/\/secure.gravatar.com\/avatar\/edb90acc7752b23e1b3307ad36c14f0d?s=96&d=mm&r=g\",\"contentUrl\":\"https:\/\/secure.gravatar.com\/avatar\/edb90acc7752b23e1b3307ad36c14f0d?s=96&d=mm&r=g\",\"caption\":\"La R\u00e9daction\"},\"sameAs\":[\"https:\/\/universnews224.com\"],\"url\":\"https:\/\/universnews224.com\/index.php\/author\/m-camara\/\"}]}<\/script>\n<!-- \/ Yoast SEO plugin. -->","yoast_head_json":{"title":"Aboubacar Soumah pr\u00e9vient: \u00abSi Alpha Cond\u00e9 se tait, c\u2019est plus grave que s\u2019il parle\u00bb - UNIVERSNEWS224","robots":{"index":"index","follow":"follow","max-snippet":"max-snippet:-1","max-image-preview":"max-image-preview:large","max-video-preview":"max-video-preview:-1"},"canonical":"https:\/\/universnews224.com\/index.php\/aboubacar-soumah-previent-si-alpha-conde-se-tait-cest-plus-grave-que-sil-parle\/","og_locale":"fr_FR","og_type":"article","og_title":"Aboubacar Soumah pr\u00e9vient: \u00abSi Alpha Cond\u00e9 se tait, c\u2019est plus grave que s\u2019il parle\u00bb - UNIVERSNEWS224","og_description":"Membre tr\u00e8s actif des Forces Vives de Guin\u00e9e, une organisation compos\u00e9e des acteurs sociaux politiques","og_url":"https:\/\/universnews224.com\/index.php\/aboubacar-soumah-previent-si-alpha-conde-se-tait-cest-plus-grave-que-sil-parle\/","og_site_name":"UNIVERSNEWS224","article_published_time":"2023-06-08T14:39:46+00:00","og_image":[{"width":1280,"height":720,"url":"https:\/\/universnews224.com\/wp-content\/uploads\/2023\/06\/5DEAD35C-1BAA-4181-B514-5AF288A52D02.jpeg","type":"image\/jpeg"}],"author":"La R\u00e9daction","twitter_misc":{"\u00c9crit par":"La R\u00e9daction","Dur\u00e9e de lecture estim\u00e9e":"2 minutes"},"schema":{"@context":"https:\/\/schema.org","@graph":[{"@type":"Article","@id":"https:\/\/universnews224.com\/index.php\/aboubacar-soumah-previent-si-alpha-conde-se-tait-cest-plus-grave-que-sil-parle\/#article","isPartOf":{"@id":"https:\/\/universnews224.com\/index.php\/aboubacar-soumah-previent-si-alpha-conde-se-tait-cest-plus-grave-que-sil-parle\/"},"author":{"name":"La R\u00e9daction","@id":"https:\/\/universnews224.com\/#\/schema\/person\/a4b7d4f94a4716df60456a491260485e"},"headline":"Aboubacar Soumah pr\u00e9vient: \u00abSi Alpha Cond\u00e9 se tait, c\u2019est plus grave que s\u2019il parle\u00bb","datePublished":"2023-06-08T14:39:46+00:00","dateModified":"2023-06-08T14:39:46+00:00","mainEntityOfPage":{"@id":"https:\/\/universnews224.com\/index.php\/aboubacar-soumah-previent-si-alpha-conde-se-tait-cest-plus-grave-que-sil-parle\/"},"wordCount":344,"publisher":{"@id":"https:\/\/universnews224.com\/#organization"},"keywords":["La une"],"articleSection":["ACTU","POLITIQUE"],"inLanguage":"fr-FR"},{"@type":"WebPage","@id":"https:\/\/universnews224.com\/index.php\/aboubacar-soumah-previent-si-alpha-conde-se-tait-cest-plus-grave-que-sil-parle\/","url":"https:\/\/universnews224.com\/index.php\/aboubacar-soumah-previent-si-alpha-conde-se-tait-cest-plus-grave-que-sil-parle\/","name":"Aboubacar Soumah pr\u00e9vient: \u00abSi Alpha Cond\u00e9 se tait, c\u2019est plus grave que s\u2019il parle\u00bb - UNIVERSNEWS224","isPartOf":{"@id":"https:\/\/universnews224.com\/#website"},"datePublished":"2023-06-08T14:39:46+00:00","dateModified":"2023-06-08T14:39:46+00:00","inLanguage":"fr-FR","potentialAction":[{"@type":"ReadAction","target":["https:\/\/universnews224.com\/index.php\/aboubacar-soumah-previent-si-alpha-conde-se-tait-cest-plus-grave-que-sil-parle\/"]}]},{"@type":"WebSite","@id":"https:\/\/universnews224.com\/#website","url":"https:\/\/universnews224.com\/","name":"UNIVERSNEWS224","description":"","publisher":{"@id":"https:\/\/universnews224.com\/#organization"},"potentialAction":[{"@type":"SearchAction","target":{"@type":"EntryPoint","urlTemplate":"https:\/\/universnews224.com\/?s={search_term_string}"},"query-input":"required name=search_term_string"}],"inLanguage":"fr-FR"},{"@type":"Organization","@id":"https:\/\/universnews224.com\/#organization","name":"UNIVERSNEWS224","url":"https:\/\/universnews224.com\/","logo":{"@type":"ImageObject","inLanguage":"fr-FR","@id":"https:\/\/universnews224.com\/#\/schema\/logo\/image\/","url":"https:\/\/universnews224.com\/wp-content\/uploads\/2022\/08\/cropped-cropped-logoban.jpg","contentUrl":"https:\/\/universnews224.com\/wp-content\/uploads\/2022\/08\/cropped-cropped-logoban.jpg","width":1080,"height":138,"caption":"UNIVERSNEWS224"},"image":{"@id":"https:\/\/universnews224.com\/#\/schema\/logo\/image\/"}},{"@type":"Person","@id":"https:\/\/universnews224.com\/#\/schema\/person\/a4b7d4f94a4716df60456a491260485e","name":"La R\u00e9daction","image":{"@type":"ImageObject","inLanguage":"fr-FR","@id":"https:\/\/universnews224.com\/#\/schema\/person\/image\/","url":"https:\/\/secure.gravatar.com\/avatar\/edb90acc7752b23e1b3307ad36c14f0d?s=96&d=mm&r=g","contentUrl":"https:\/\/secure.gravatar.com\/avatar\/edb90acc7752b23e1b3307ad36c14f0d?s=96&d=mm&r=g","caption":"La R\u00e9daction"},"sameAs":["https:\/\/universnews224.com"],"url":"https:\/\/universnews224.com\/index.php\/author\/m-camara\/"}]}},"_links":{"self":[{"href":"https:\/\/universnews224.com\/index.php\/wp-json\/wp\/v2\/posts\/3702"}],"collection":[{"href":"https:\/\/universnews224.com\/index.php\/wp-json\/wp\/v2\/posts"}],"about":[{"href":"https:\/\/universnews224.com\/index.php\/wp-json\/wp\/v2\/types\/post"}],"author":[{"embeddable":true,"href":"https:\/\/universnews224.com\/index.php\/wp-json\/wp\/v2\/users\/2"}],"replies":[{"embeddable":true,"href":"https:\/\/universnews224.com\/index.php\/wp-json\/wp\/v2\/comments?post=3702"}],"version-history":[{"count":1,"href":"https:\/\/universnews224.com\/index.php\/wp-json\/wp\/v2\/posts\/3702\/revisions"}],"predecessor-version":[{"id":3704,"href":"https:\/\/universnews224.com\/index.php\/wp-json\/wp\/v2\/posts\/3702\/revisions\/3704"}],"wp:featuredmedia":[{"embeddable":true,"href":"https:\/\/universnews224.com\/index.php\/wp-json\/wp\/v2\/media\/3703"}],"wp:attachment":[{"href":"https:\/\/universnews224.com\/index.php\/wp-json\/wp\/v2\/media?parent=3702"}],"wp:term":[{"taxonomy":"category","embeddable":true,"href":"https:\/\/universnews224.com\/index.php\/wp-json\/wp\/v2\/categories?post=3702"},{"taxonomy":"post_tag","embeddable":true,"href":"https:\/\/universnews224.com\/index.php\/wp-json\/wp\/v2\/tags?post=3702"}],"curies":[{"name":"wp","href":"https:\/\/api.w.org\/{rel}","templated":true}]}}