{"id":3731,"date":"2023-06-13T23:28:42","date_gmt":"2023-06-13T22:28:42","guid":{"rendered":"https:\/\/universnews224.com\/?p=3731"},"modified":"2023-06-13T23:28:42","modified_gmt":"2023-06-13T22:28:42","slug":"crise-a-la-feguifoot-la-mission-conjointe-fifa-et-caf-se-rejouit-du-denouement-heureux","status":"publish","type":"post","link":"https:\/\/universnews224.com\/index.php\/crise-a-la-feguifoot-la-mission-conjointe-fifa-et-caf-se-rejouit-du-denouement-heureux\/","title":{"rendered":"Crise \u00e0 la FEGUIFOOT: la mission conjointe FIFA et CAF se r\u00e9jouit du d\u00e9nouement heureux."},"content":{"rendered":"<p class=\"p1\">Apr\u00e8s la r\u00e9solution de la crise qui secouait le football guin\u00e9en,sous la m\u00e9diation du premier ministre, le Comit\u00e9 de Normalisation, les Membres Statutaires et la mission conjointe FIFA et CAF se sont r\u00e9unis \u00e0 nouveau ce mardi, 13 juin 2023 dans un r\u00e9ceptif h\u00f4telier de la place.<\/p>\n<p class=\"p1\"><span class=\"s1\">Au terme de cette rencontre, un point de presse a \u00e9t\u00e9 anim\u00e9 par le CONOR et la mission conjointe FIFA et CAF. <\/span><\/p>\n<p class=\"p1\"><span class=\"s1\">Dans son discours de circonstance, Mariam Sy Diallo Satina a remerci\u00e9 toutes les personnes de bonne volont\u00e9 qui se sont impliqu\u00e9es pour la r\u00e9solution de cette crise qui minait le football guin\u00e9en. <\/span><\/p>\n<p class=\"p1\"><span class=\"s1\">\u00ab\u00c0 l\u2019issue des rencontres qui se sont tenues ces jours-ci entre les membres statutaires, le gouvernement et le (CONOR) o\u00f9 des accords ont \u00e9t\u00e9 obtenus pour vraiment pouvoir avancer dans le processus, en tant que pr\u00e9sidente du (CONOR), je ne peux remercier les protagonistes, le gouvernement, le premier ministre et le ministre des sports qui n\u2019ont m\u00e9nag\u00e9 aucun effort pour nous amener \u00e0 ce consensus que nous avons enfin obtenu et qui va nous permettre d\u2019adopter les statuts pour pouvoir avancer. La (FIFA) et la (CAF) qui \u00e9taient pr\u00e9vues sont arriv\u00e9es, cela a rendu les choses les plus faciles\u00bb, s\u2019est-elle r\u00e9jouie. <\/span><\/p>\n<p class=\"p1\"><span class=\"s1\">De son de c\u00f4t\u00e9, Rolf Tanner, Responsable gouvernance \u00e0 la FIFA pour l\u2019Afrique s\u2019est r\u00e9joui<span class=\"Apple-converted-space\">\u00a0 <\/span>cet accord et de l\u2019unit\u00e9 trouv\u00e9e entre le CONOR et les membres statutaires.<\/span><\/p>\n<p class=\"p1\"><span class=\"s1\">\u00abOn est tr\u00e8s heureux de voir qu\u2019un consensus \u00e0 pu \u00eatre trouv\u00e9 ces deux derniers<span class=\"Apple-converted-space\">\u00a0 <\/span>jours \u00e0 travers les discussions. C\u2019est une \u00e9tape importante pour la normalisation pour arriver \u00e0 la fin de son mandat. C\u2019est s\u00fbr que jusqu\u2019\u00e0 la fin du mandat, il y aura une \u00e9tape importante \u00e0 franchir. La premi\u00e8re \u00e9tant l\u2019adoption des nouveaux statuts. Ces statuts aussi sont conformes \u00e0 ce que la FIFA et la CAF attendent On est ravis de voir que ces statuts pourront \u00eatre bient\u00f4t adopt\u00e9s. Il y aura la mise en place des commissions \u00e9lectorales qui garantiront que le processus \u00e9lectoral soit ind\u00e9pendant, transparent et conduit de mani\u00e8re ad\u00e9quate selon les nouveaux statuts du nouveau code \u00e9lectoral de la F\u00e9d\u00e9ration. On va aussi aux \u00e9lections, au niveau inf\u00e9rieur, dans les districts, dans les ligues pour ensuite arriver aux \u00e9lections pour le nouveau comit\u00e9 ex\u00e9cutif. Et, on va les accompagner dans un processus de cheminement\u00bb, a t-il indiqu\u00e9. <\/span><\/p>\n<p class=\"p1\"><span class=\"s1\">Pour sa part, Fernandes Gelson, Directeur Afrique FIFA se dit satisfait de ce consensus. <\/span><\/p>\n<p class=\"p1\"><span class=\"s1\">\u00abJe tenais par cette occasion du fond du c\u0153ur, remercier le Comit\u00e9 de Normalisation pour le travail entrepris depuis qu\u2019il a \u00e9t\u00e9 nomm\u00e9. C\u2019est un travail qui est cons\u00e9quent. La r\u00e9vision des statuts dans une f\u00e9d\u00e9ration, ce n\u2019est jamais quelque chose de simple. Mais, c\u2019est quelque chose de fondamental si on veut aller vers un avenir radieux. Je dirais que je suis satisfait par rapport aux engagements du gouvernement, dans la mesure o\u00f9 le gouvernement souhaite supporter, appuyer, accompagner la f\u00e9d\u00e9ration guin\u00e9enne de football maintenant et \u00e0 l\u2019avenir\u00bb, a t-il martel\u00e9. <\/span><\/p>\n<p class=\"p1\"><span class=\"s1\">Camara Mamadouba <\/span><\/p>\n<p class=\"p1\"><span class=\"s1\">611 46 04 10 <\/span><\/p>\n","protected":false},"excerpt":{"rendered":"<p>Apr\u00e8s la r\u00e9solution de la crise qui secouait le football guin\u00e9en,sous la m\u00e9diation du premier<\/p>\n","protected":false},"author":2,"featured_media":3732,"comment_status":"closed","ping_status":"open","sticky":false,"template":"","format":"standard","meta":[],"categories":[3,9],"tags":[230,229],"yoast_head":"<!-- This site is optimized with the Yoast SEO plugin v19.13 - https:\/\/yoast.com\/wordpress\/plugins\/seo\/ -->\n<title>Crise \u00e0 la FEGUIFOOT: la mission conjointe FIFA et CAF se r\u00e9jouit du d\u00e9nouement heureux. - UNIVERSNEWS224<\/title>\n<meta name=\"robots\" content=\"index, follow, max-snippet:-1, max-image-preview:large, max-video-preview:-1\" \/>\n<link rel=\"canonical\" href=\"https:\/\/universnews224.com\/index.php\/crise-a-la-feguifoot-la-mission-conjointe-fifa-et-caf-se-rejouit-du-denouement-heureux\/\" \/>\n<meta property=\"og:locale\" content=\"fr_FR\" \/>\n<meta property=\"og:type\" content=\"article\" \/>\n<meta property=\"og:title\" content=\"Crise \u00e0 la FEGUIFOOT: la mission conjointe FIFA et CAF se r\u00e9jouit du d\u00e9nouement heureux. - UNIVERSNEWS224\" \/>\n<meta property=\"og:description\" content=\"Apr\u00e8s la r\u00e9solution de la crise qui secouait le football guin\u00e9en,sous la m\u00e9diation du premier\" \/>\n<meta property=\"og:url\" content=\"https:\/\/universnews224.com\/index.php\/crise-a-la-feguifoot-la-mission-conjointe-fifa-et-caf-se-rejouit-du-denouement-heureux\/\" \/>\n<meta property=\"og:site_name\" content=\"UNIVERSNEWS224\" \/>\n<meta property=\"article:published_time\" content=\"2023-06-13T22:28:42+00:00\" \/>\n<meta property=\"og:image\" content=\"https:\/\/universnews224.com\/wp-content\/uploads\/2023\/06\/BE0BC341-A139-4529-8FB2-4B89F2C1CB75.jpeg\" \/>\n\t<meta property=\"og:image:width\" content=\"1080\" \/>\n\t<meta property=\"og:image:height\" content=\"608\" \/>\n\t<meta property=\"og:image:type\" content=\"image\/jpeg\" \/>\n<meta name=\"author\" content=\"La R\u00e9daction\" \/>\n<meta name=\"twitter:label1\" content=\"\u00c9crit par\" \/>\n\t<meta name=\"twitter:data1\" content=\"La R\u00e9daction\" \/>\n\t<meta name=\"twitter:label2\" content=\"Dur\u00e9e de lecture estim\u00e9e\" \/>\n\t<meta name=\"twitter:data2\" content=\"3 minutes\" \/>\n<script type=\"application\/ld+json\" class=\"yoast-schema-graph\">{\"@context\":\"https:\/\/schema.org\",\"@graph\":[{\"@type\":\"Article\",\"@id\":\"https:\/\/universnews224.com\/index.php\/crise-a-la-feguifoot-la-mission-conjointe-fifa-et-caf-se-rejouit-du-denouement-heureux\/#article\",\"isPartOf\":{\"@id\":\"https:\/\/universnews224.com\/index.php\/crise-a-la-feguifoot-la-mission-conjointe-fifa-et-caf-se-rejouit-du-denouement-heureux\/\"},\"author\":{\"name\":\"La R\u00e9daction\",\"@id\":\"https:\/\/universnews224.com\/#\/schema\/person\/a4b7d4f94a4716df60456a491260485e\"},\"headline\":\"Crise \u00e0 la FEGUIFOOT: la mission conjointe FIFA et CAF se r\u00e9jouit du d\u00e9nouement heureux.\",\"datePublished\":\"2023-06-13T22:28:42+00:00\",\"dateModified\":\"2023-06-13T22:28:42+00:00\",\"mainEntityOfPage\":{\"@id\":\"https:\/\/universnews224.com\/index.php\/crise-a-la-feguifoot-la-mission-conjointe-fifa-et-caf-se-rejouit-du-denouement-heureux\/\"},\"wordCount\":552,\"publisher\":{\"@id\":\"https:\/\/universnews224.com\/#organization\"},\"keywords\":[\"La\",\"La une\"],\"articleSection\":[\"ACTU\",\"SPORT\"],\"inLanguage\":\"fr-FR\"},{\"@type\":\"WebPage\",\"@id\":\"https:\/\/universnews224.com\/index.php\/crise-a-la-feguifoot-la-mission-conjointe-fifa-et-caf-se-rejouit-du-denouement-heureux\/\",\"url\":\"https:\/\/universnews224.com\/index.php\/crise-a-la-feguifoot-la-mission-conjointe-fifa-et-caf-se-rejouit-du-denouement-heureux\/\",\"name\":\"Crise \u00e0 la FEGUIFOOT: la mission conjointe FIFA et CAF se r\u00e9jouit du d\u00e9nouement heureux. - UNIVERSNEWS224\",\"isPartOf\":{\"@id\":\"https:\/\/universnews224.com\/#website\"},\"datePublished\":\"2023-06-13T22:28:42+00:00\",\"dateModified\":\"2023-06-13T22:28:42+00:00\",\"inLanguage\":\"fr-FR\",\"potentialAction\":[{\"@type\":\"ReadAction\",\"target\":[\"https:\/\/universnews224.com\/index.php\/crise-a-la-feguifoot-la-mission-conjointe-fifa-et-caf-se-rejouit-du-denouement-heureux\/\"]}]},{\"@type\":\"WebSite\",\"@id\":\"https:\/\/universnews224.com\/#website\",\"url\":\"https:\/\/universnews224.com\/\",\"name\":\"UNIVERSNEWS224\",\"description\":\"\",\"publisher\":{\"@id\":\"https:\/\/universnews224.com\/#organization\"},\"potentialAction\":[{\"@type\":\"SearchAction\",\"target\":{\"@type\":\"EntryPoint\",\"urlTemplate\":\"https:\/\/universnews224.com\/?s={search_term_string}\"},\"query-input\":\"required name=search_term_string\"}],\"inLanguage\":\"fr-FR\"},{\"@type\":\"Organization\",\"@id\":\"https:\/\/universnews224.com\/#organization\",\"name\":\"UNIVERSNEWS224\",\"url\":\"https:\/\/universnews224.com\/\",\"logo\":{\"@type\":\"ImageObject\",\"inLanguage\":\"fr-FR\",\"@id\":\"https:\/\/universnews224.com\/#\/schema\/logo\/image\/\",\"url\":\"https:\/\/universnews224.com\/wp-content\/uploads\/2022\/08\/cropped-cropped-logoban.jpg\",\"contentUrl\":\"https:\/\/universnews224.com\/wp-content\/uploads\/2022\/08\/cropped-cropped-logoban.jpg\",\"width\":1080,\"height\":138,\"caption\":\"UNIVERSNEWS224\"},\"image\":{\"@id\":\"https:\/\/universnews224.com\/#\/schema\/logo\/image\/\"}},{\"@type\":\"Person\",\"@id\":\"https:\/\/universnews224.com\/#\/schema\/person\/a4b7d4f94a4716df60456a491260485e\",\"name\":\"La R\u00e9daction\",\"image\":{\"@type\":\"ImageObject\",\"inLanguage\":\"fr-FR\",\"@id\":\"https:\/\/universnews224.com\/#\/schema\/person\/image\/\",\"url\":\"https:\/\/secure.gravatar.com\/avatar\/edb90acc7752b23e1b3307ad36c14f0d?s=96&d=mm&r=g\",\"contentUrl\":\"https:\/\/secure.gravatar.com\/avatar\/edb90acc7752b23e1b3307ad36c14f0d?s=96&d=mm&r=g\",\"caption\":\"La R\u00e9daction\"},\"sameAs\":[\"https:\/\/universnews224.com\"],\"url\":\"https:\/\/universnews224.com\/index.php\/author\/m-camara\/\"}]}<\/script>\n<!-- \/ Yoast SEO plugin. -->","yoast_head_json":{"title":"Crise \u00e0 la FEGUIFOOT: la mission conjointe FIFA et CAF se r\u00e9jouit du d\u00e9nouement heureux. - UNIVERSNEWS224","robots":{"index":"index","follow":"follow","max-snippet":"max-snippet:-1","max-image-preview":"max-image-preview:large","max-video-preview":"max-video-preview:-1"},"canonical":"https:\/\/universnews224.com\/index.php\/crise-a-la-feguifoot-la-mission-conjointe-fifa-et-caf-se-rejouit-du-denouement-heureux\/","og_locale":"fr_FR","og_type":"article","og_title":"Crise \u00e0 la FEGUIFOOT: la mission conjointe FIFA et CAF se r\u00e9jouit du d\u00e9nouement heureux. - UNIVERSNEWS224","og_description":"Apr\u00e8s la r\u00e9solution de la crise qui secouait le football guin\u00e9en,sous la m\u00e9diation du premier","og_url":"https:\/\/universnews224.com\/index.php\/crise-a-la-feguifoot-la-mission-conjointe-fifa-et-caf-se-rejouit-du-denouement-heureux\/","og_site_name":"UNIVERSNEWS224","article_published_time":"2023-06-13T22:28:42+00:00","og_image":[{"width":1080,"height":608,"url":"https:\/\/universnews224.com\/wp-content\/uploads\/2023\/06\/BE0BC341-A139-4529-8FB2-4B89F2C1CB75.jpeg","type":"image\/jpeg"}],"author":"La R\u00e9daction","twitter_misc":{"\u00c9crit par":"La R\u00e9daction","Dur\u00e9e de lecture estim\u00e9e":"3 minutes"},"schema":{"@context":"https:\/\/schema.org","@graph":[{"@type":"Article","@id":"https:\/\/universnews224.com\/index.php\/crise-a-la-feguifoot-la-mission-conjointe-fifa-et-caf-se-rejouit-du-denouement-heureux\/#article","isPartOf":{"@id":"https:\/\/universnews224.com\/index.php\/crise-a-la-feguifoot-la-mission-conjointe-fifa-et-caf-se-rejouit-du-denouement-heureux\/"},"author":{"name":"La R\u00e9daction","@id":"https:\/\/universnews224.com\/#\/schema\/person\/a4b7d4f94a4716df60456a491260485e"},"headline":"Crise \u00e0 la FEGUIFOOT: la mission conjointe FIFA et CAF se r\u00e9jouit du d\u00e9nouement heureux.","datePublished":"2023-06-13T22:28:42+00:00","dateModified":"2023-06-13T22:28:42+00:00","mainEntityOfPage":{"@id":"https:\/\/universnews224.com\/index.php\/crise-a-la-feguifoot-la-mission-conjointe-fifa-et-caf-se-rejouit-du-denouement-heureux\/"},"wordCount":552,"publisher":{"@id":"https:\/\/universnews224.com\/#organization"},"keywords":["La","La une"],"articleSection":["ACTU","SPORT"],"inLanguage":"fr-FR"},{"@type":"WebPage","@id":"https:\/\/universnews224.com\/index.php\/crise-a-la-feguifoot-la-mission-conjointe-fifa-et-caf-se-rejouit-du-denouement-heureux\/","url":"https:\/\/universnews224.com\/index.php\/crise-a-la-feguifoot-la-mission-conjointe-fifa-et-caf-se-rejouit-du-denouement-heureux\/","name":"Crise \u00e0 la FEGUIFOOT: la mission conjointe FIFA et CAF se r\u00e9jouit du d\u00e9nouement heureux. - UNIVERSNEWS224","isPartOf":{"@id":"https:\/\/universnews224.com\/#website"},"datePublished":"2023-06-13T22:28:42+00:00","dateModified":"2023-06-13T22:28:42+00:00","inLanguage":"fr-FR","potentialAction":[{"@type":"ReadAction","target":["https:\/\/universnews224.com\/index.php\/crise-a-la-feguifoot-la-mission-conjointe-fifa-et-caf-se-rejouit-du-denouement-heureux\/"]}]},{"@type":"WebSite","@id":"https:\/\/universnews224.com\/#website","url":"https:\/\/universnews224.com\/","name":"UNIVERSNEWS224","description":"","publisher":{"@id":"https:\/\/universnews224.com\/#organization"},"potentialAction":[{"@type":"SearchAction","target":{"@type":"EntryPoint","urlTemplate":"https:\/\/universnews224.com\/?s={search_term_string}"},"query-input":"required name=search_term_string"}],"inLanguage":"fr-FR"},{"@type":"Organization","@id":"https:\/\/universnews224.com\/#organization","name":"UNIVERSNEWS224","url":"https:\/\/universnews224.com\/","logo":{"@type":"ImageObject","inLanguage":"fr-FR","@id":"https:\/\/universnews224.com\/#\/schema\/logo\/image\/","url":"https:\/\/universnews224.com\/wp-content\/uploads\/2022\/08\/cropped-cropped-logoban.jpg","contentUrl":"https:\/\/universnews224.com\/wp-content\/uploads\/2022\/08\/cropped-cropped-logoban.jpg","width":1080,"height":138,"caption":"UNIVERSNEWS224"},"image":{"@id":"https:\/\/universnews224.com\/#\/schema\/logo\/image\/"}},{"@type":"Person","@id":"https:\/\/universnews224.com\/#\/schema\/person\/a4b7d4f94a4716df60456a491260485e","name":"La R\u00e9daction","image":{"@type":"ImageObject","inLanguage":"fr-FR","@id":"https:\/\/universnews224.com\/#\/schema\/person\/image\/","url":"https:\/\/secure.gravatar.com\/avatar\/edb90acc7752b23e1b3307ad36c14f0d?s=96&d=mm&r=g","contentUrl":"https:\/\/secure.gravatar.com\/avatar\/edb90acc7752b23e1b3307ad36c14f0d?s=96&d=mm&r=g","caption":"La R\u00e9daction"},"sameAs":["https:\/\/universnews224.com"],"url":"https:\/\/universnews224.com\/index.php\/author\/m-camara\/"}]}},"_links":{"self":[{"href":"https:\/\/universnews224.com\/index.php\/wp-json\/wp\/v2\/posts\/3731"}],"collection":[{"href":"https:\/\/universnews224.com\/index.php\/wp-json\/wp\/v2\/posts"}],"about":[{"href":"https:\/\/universnews224.com\/index.php\/wp-json\/wp\/v2\/types\/post"}],"author":[{"embeddable":true,"href":"https:\/\/universnews224.com\/index.php\/wp-json\/wp\/v2\/users\/2"}],"replies":[{"embeddable":true,"href":"https:\/\/universnews224.com\/index.php\/wp-json\/wp\/v2\/comments?post=3731"}],"version-history":[{"count":1,"href":"https:\/\/universnews224.com\/index.php\/wp-json\/wp\/v2\/posts\/3731\/revisions"}],"predecessor-version":[{"id":3733,"href":"https:\/\/universnews224.com\/index.php\/wp-json\/wp\/v2\/posts\/3731\/revisions\/3733"}],"wp:featuredmedia":[{"embeddable":true,"href":"https:\/\/universnews224.com\/index.php\/wp-json\/wp\/v2\/media\/3732"}],"wp:attachment":[{"href":"https:\/\/universnews224.com\/index.php\/wp-json\/wp\/v2\/media?parent=3731"}],"wp:term":[{"taxonomy":"category","embeddable":true,"href":"https:\/\/universnews224.com\/index.php\/wp-json\/wp\/v2\/categories?post=3731"},{"taxonomy":"post_tag","embeddable":true,"href":"https:\/\/universnews224.com\/index.php\/wp-json\/wp\/v2\/tags?post=3731"}],"curies":[{"name":"wp","href":"https:\/\/api.w.org\/{rel}","templated":true}]}}