{"id":3734,"date":"2023-06-13T23:32:54","date_gmt":"2023-06-13T22:32:54","guid":{"rendered":"https:\/\/universnews224.com\/?p=3734"},"modified":"2023-06-13T23:32:54","modified_gmt":"2023-06-13T22:32:54","slug":"fonike-apres-sa-relaxe-cest-un-verdict-important-pour-nous-et-pour-nos-familles","status":"publish","type":"post","link":"https:\/\/universnews224.com\/index.php\/fonike-apres-sa-relaxe-cest-un-verdict-important-pour-nous-et-pour-nos-familles\/","title":{"rendered":"Fonik\u00e9 apr\u00e8s sa relaxe : \u00ab c\u2019est un verdict important pour nous et pour nos familles \u00bb"},"content":{"rendered":"<p>Ce mardi 13 juin 2023, le tribunal de Dixinn a renvoy\u00e9 Oumar Sylla alias Fonik\u00e9 Mangu\u00e8, Ibrahima Diallo et Saikou Yaya Barry des fins de la poursuite pour d\u00e9lits non constitu\u00e9s.<\/p>\n<p>Au sortir de la salle d\u2019audience, le coordinateur du FNDC a exprim\u00e9 toute sa joie d\u2019avoir \u00e9t\u00e9 blanchi en affirmant que ce verdict est important, important pour eux et important pour leurs diff\u00e9rentes familles.<\/p>\n<p><em>\u00ab\u00a0C\u2019est une grande victoire, c\u2019est la victoire de la d\u00e9mocratie sur la dictature. Ce verdict montre que nous avons fait dix (10) mois pour ne rien. Nous \u00e9tions en prison sur du faux, nous \u00e9tions des prises d\u2019otage. Le juge vient de prendre le grand courage, en donnant ce verdict historique. Ce qui est s\u00fbr, nous continuons le combat jusqu\u2019\u00e0 la victoire finale. Il est possible que je voyage d\u00e8s ce soir. Tout d\u00e9pend de mon emploi, je vais profiter quand m\u00eame pour aller me soigner parce que c\u2019est un homme malade que vous avez devant vous, vu le long emprisonnement dont nous avons \u00e9t\u00e9 victimes. C\u2019est un verdict important, important pour nous, important pour nos familles\u00a0\u00bb,<\/em> a-t-il dit<\/p>\n<p>M\u00eame s\u2019il pr\u00e9voit d\u2019aller se soigner notamment \u00e0 l\u2019\u00e9tranger, Fonik\u00e9 Mangu\u00e8 n\u2019entend pas baisser les bras quant au combat pour la d\u00e9mocratie. Il a invit\u00e9 les militants pro d\u00e9mocratie, \u00e0 se mobiliser et \u00e0 accomplir la mission jusqu\u2019\u00e0 la victoire finale.<\/p>\n<p><em>\u00ab\u00a0Je lance un appel \u00e0 l\u2019endroit de tous les camarades du FNDC, de tous les militants pro d\u00e9mocratie, de se mobiliser puisque le combat n\u2019est pas fini. Nous allons continuer le combat, jusqu\u2019\u00e0 la victoire finale. Nous ne reculerons jamais, c\u2019est une mission que nous avons et nous comptons la mener jusqu\u2019\u00e0 la victoire finale\u00a0\u00bb,<\/em> a-t-il lanc\u00e9.<\/p>\n<p>.<\/p>\n","protected":false},"excerpt":{"rendered":"<p>Ce mardi 13 juin 2023, le tribunal de Dixinn a renvoy\u00e9 Oumar Sylla alias Fonik\u00e9<\/p>\n","protected":false},"author":2,"featured_media":3735,"comment_status":"closed","ping_status":"open","sticky":false,"template":"","format":"standard","meta":[],"categories":[3,4],"tags":[229],"yoast_head":"<!-- This site is optimized with the Yoast SEO plugin v19.13 - https:\/\/yoast.com\/wordpress\/plugins\/seo\/ -->\n<title>Fonik\u00e9 apr\u00e8s sa relaxe : \u00ab c\u2019est un verdict important pour nous et pour nos familles \u00bb - UNIVERSNEWS224<\/title>\n<meta name=\"robots\" content=\"index, follow, max-snippet:-1, max-image-preview:large, max-video-preview:-1\" \/>\n<link rel=\"canonical\" href=\"https:\/\/universnews224.com\/index.php\/fonike-apres-sa-relaxe-cest-un-verdict-important-pour-nous-et-pour-nos-familles\/\" \/>\n<meta property=\"og:locale\" content=\"fr_FR\" \/>\n<meta property=\"og:type\" content=\"article\" \/>\n<meta property=\"og:title\" content=\"Fonik\u00e9 apr\u00e8s sa relaxe : \u00ab c\u2019est un verdict important pour nous et pour nos familles \u00bb - UNIVERSNEWS224\" \/>\n<meta property=\"og:description\" content=\"Ce mardi 13 juin 2023, le tribunal de Dixinn a renvoy\u00e9 Oumar Sylla alias Fonik\u00e9\" \/>\n<meta property=\"og:url\" content=\"https:\/\/universnews224.com\/index.php\/fonike-apres-sa-relaxe-cest-un-verdict-important-pour-nous-et-pour-nos-familles\/\" \/>\n<meta property=\"og:site_name\" content=\"UNIVERSNEWS224\" \/>\n<meta property=\"article:published_time\" content=\"2023-06-13T22:32:54+00:00\" \/>\n<meta property=\"og:image\" content=\"https:\/\/universnews224.com\/wp-content\/uploads\/2023\/06\/3E7D7C9C-C7AC-4CE1-872D-1004E0B00D2A.webp\" \/>\n\t<meta property=\"og:image:width\" content=\"700\" \/>\n\t<meta property=\"og:image:height\" content=\"375\" \/>\n\t<meta property=\"og:image:type\" content=\"image\/webp\" \/>\n<meta name=\"author\" content=\"La R\u00e9daction\" \/>\n<meta name=\"twitter:label1\" content=\"\u00c9crit par\" \/>\n\t<meta name=\"twitter:data1\" content=\"La R\u00e9daction\" \/>\n\t<meta name=\"twitter:label2\" content=\"Dur\u00e9e de lecture estim\u00e9e\" \/>\n\t<meta name=\"twitter:data2\" content=\"2 minutes\" \/>\n<script type=\"application\/ld+json\" class=\"yoast-schema-graph\">{\"@context\":\"https:\/\/schema.org\",\"@graph\":[{\"@type\":\"Article\",\"@id\":\"https:\/\/universnews224.com\/index.php\/fonike-apres-sa-relaxe-cest-un-verdict-important-pour-nous-et-pour-nos-familles\/#article\",\"isPartOf\":{\"@id\":\"https:\/\/universnews224.com\/index.php\/fonike-apres-sa-relaxe-cest-un-verdict-important-pour-nous-et-pour-nos-familles\/\"},\"author\":{\"name\":\"La R\u00e9daction\",\"@id\":\"https:\/\/universnews224.com\/#\/schema\/person\/a4b7d4f94a4716df60456a491260485e\"},\"headline\":\"Fonik\u00e9 apr\u00e8s sa relaxe : \u00ab c\u2019est un verdict important pour nous et pour nos familles \u00bb\",\"datePublished\":\"2023-06-13T22:32:54+00:00\",\"dateModified\":\"2023-06-13T22:32:54+00:00\",\"mainEntityOfPage\":{\"@id\":\"https:\/\/universnews224.com\/index.php\/fonike-apres-sa-relaxe-cest-un-verdict-important-pour-nous-et-pour-nos-familles\/\"},\"wordCount\":318,\"publisher\":{\"@id\":\"https:\/\/universnews224.com\/#organization\"},\"keywords\":[\"La une\"],\"articleSection\":[\"ACTU\",\"POLITIQUE\"],\"inLanguage\":\"fr-FR\"},{\"@type\":\"WebPage\",\"@id\":\"https:\/\/universnews224.com\/index.php\/fonike-apres-sa-relaxe-cest-un-verdict-important-pour-nous-et-pour-nos-familles\/\",\"url\":\"https:\/\/universnews224.com\/index.php\/fonike-apres-sa-relaxe-cest-un-verdict-important-pour-nous-et-pour-nos-familles\/\",\"name\":\"Fonik\u00e9 apr\u00e8s sa relaxe : \u00ab c\u2019est un verdict important pour nous et pour nos familles \u00bb - UNIVERSNEWS224\",\"isPartOf\":{\"@id\":\"https:\/\/universnews224.com\/#website\"},\"datePublished\":\"2023-06-13T22:32:54+00:00\",\"dateModified\":\"2023-06-13T22:32:54+00:00\",\"inLanguage\":\"fr-FR\",\"potentialAction\":[{\"@type\":\"ReadAction\",\"target\":[\"https:\/\/universnews224.com\/index.php\/fonike-apres-sa-relaxe-cest-un-verdict-important-pour-nous-et-pour-nos-familles\/\"]}]},{\"@type\":\"WebSite\",\"@id\":\"https:\/\/universnews224.com\/#website\",\"url\":\"https:\/\/universnews224.com\/\",\"name\":\"UNIVERSNEWS224\",\"description\":\"\",\"publisher\":{\"@id\":\"https:\/\/universnews224.com\/#organization\"},\"potentialAction\":[{\"@type\":\"SearchAction\",\"target\":{\"@type\":\"EntryPoint\",\"urlTemplate\":\"https:\/\/universnews224.com\/?s={search_term_string}\"},\"query-input\":\"required name=search_term_string\"}],\"inLanguage\":\"fr-FR\"},{\"@type\":\"Organization\",\"@id\":\"https:\/\/universnews224.com\/#organization\",\"name\":\"UNIVERSNEWS224\",\"url\":\"https:\/\/universnews224.com\/\",\"logo\":{\"@type\":\"ImageObject\",\"inLanguage\":\"fr-FR\",\"@id\":\"https:\/\/universnews224.com\/#\/schema\/logo\/image\/\",\"url\":\"https:\/\/universnews224.com\/wp-content\/uploads\/2022\/08\/cropped-cropped-logoban.jpg\",\"contentUrl\":\"https:\/\/universnews224.com\/wp-content\/uploads\/2022\/08\/cropped-cropped-logoban.jpg\",\"width\":1080,\"height\":138,\"caption\":\"UNIVERSNEWS224\"},\"image\":{\"@id\":\"https:\/\/universnews224.com\/#\/schema\/logo\/image\/\"}},{\"@type\":\"Person\",\"@id\":\"https:\/\/universnews224.com\/#\/schema\/person\/a4b7d4f94a4716df60456a491260485e\",\"name\":\"La R\u00e9daction\",\"image\":{\"@type\":\"ImageObject\",\"inLanguage\":\"fr-FR\",\"@id\":\"https:\/\/universnews224.com\/#\/schema\/person\/image\/\",\"url\":\"https:\/\/secure.gravatar.com\/avatar\/edb90acc7752b23e1b3307ad36c14f0d?s=96&d=mm&r=g\",\"contentUrl\":\"https:\/\/secure.gravatar.com\/avatar\/edb90acc7752b23e1b3307ad36c14f0d?s=96&d=mm&r=g\",\"caption\":\"La R\u00e9daction\"},\"sameAs\":[\"https:\/\/universnews224.com\"],\"url\":\"https:\/\/universnews224.com\/index.php\/author\/m-camara\/\"}]}<\/script>\n<!-- \/ Yoast SEO plugin. -->","yoast_head_json":{"title":"Fonik\u00e9 apr\u00e8s sa relaxe : \u00ab c\u2019est un verdict important pour nous et pour nos familles \u00bb - UNIVERSNEWS224","robots":{"index":"index","follow":"follow","max-snippet":"max-snippet:-1","max-image-preview":"max-image-preview:large","max-video-preview":"max-video-preview:-1"},"canonical":"https:\/\/universnews224.com\/index.php\/fonike-apres-sa-relaxe-cest-un-verdict-important-pour-nous-et-pour-nos-familles\/","og_locale":"fr_FR","og_type":"article","og_title":"Fonik\u00e9 apr\u00e8s sa relaxe : \u00ab c\u2019est un verdict important pour nous et pour nos familles \u00bb - UNIVERSNEWS224","og_description":"Ce mardi 13 juin 2023, le tribunal de Dixinn a renvoy\u00e9 Oumar Sylla alias Fonik\u00e9","og_url":"https:\/\/universnews224.com\/index.php\/fonike-apres-sa-relaxe-cest-un-verdict-important-pour-nous-et-pour-nos-familles\/","og_site_name":"UNIVERSNEWS224","article_published_time":"2023-06-13T22:32:54+00:00","og_image":[{"width":700,"height":375,"url":"https:\/\/universnews224.com\/wp-content\/uploads\/2023\/06\/3E7D7C9C-C7AC-4CE1-872D-1004E0B00D2A.webp","type":"image\/webp"}],"author":"La R\u00e9daction","twitter_misc":{"\u00c9crit par":"La R\u00e9daction","Dur\u00e9e de lecture estim\u00e9e":"2 minutes"},"schema":{"@context":"https:\/\/schema.org","@graph":[{"@type":"Article","@id":"https:\/\/universnews224.com\/index.php\/fonike-apres-sa-relaxe-cest-un-verdict-important-pour-nous-et-pour-nos-familles\/#article","isPartOf":{"@id":"https:\/\/universnews224.com\/index.php\/fonike-apres-sa-relaxe-cest-un-verdict-important-pour-nous-et-pour-nos-familles\/"},"author":{"name":"La R\u00e9daction","@id":"https:\/\/universnews224.com\/#\/schema\/person\/a4b7d4f94a4716df60456a491260485e"},"headline":"Fonik\u00e9 apr\u00e8s sa relaxe : \u00ab c\u2019est un verdict important pour nous et pour nos familles \u00bb","datePublished":"2023-06-13T22:32:54+00:00","dateModified":"2023-06-13T22:32:54+00:00","mainEntityOfPage":{"@id":"https:\/\/universnews224.com\/index.php\/fonike-apres-sa-relaxe-cest-un-verdict-important-pour-nous-et-pour-nos-familles\/"},"wordCount":318,"publisher":{"@id":"https:\/\/universnews224.com\/#organization"},"keywords":["La une"],"articleSection":["ACTU","POLITIQUE"],"inLanguage":"fr-FR"},{"@type":"WebPage","@id":"https:\/\/universnews224.com\/index.php\/fonike-apres-sa-relaxe-cest-un-verdict-important-pour-nous-et-pour-nos-familles\/","url":"https:\/\/universnews224.com\/index.php\/fonike-apres-sa-relaxe-cest-un-verdict-important-pour-nous-et-pour-nos-familles\/","name":"Fonik\u00e9 apr\u00e8s sa relaxe : \u00ab c\u2019est un verdict important pour nous et pour nos familles \u00bb - UNIVERSNEWS224","isPartOf":{"@id":"https:\/\/universnews224.com\/#website"},"datePublished":"2023-06-13T22:32:54+00:00","dateModified":"2023-06-13T22:32:54+00:00","inLanguage":"fr-FR","potentialAction":[{"@type":"ReadAction","target":["https:\/\/universnews224.com\/index.php\/fonike-apres-sa-relaxe-cest-un-verdict-important-pour-nous-et-pour-nos-familles\/"]}]},{"@type":"WebSite","@id":"https:\/\/universnews224.com\/#website","url":"https:\/\/universnews224.com\/","name":"UNIVERSNEWS224","description":"","publisher":{"@id":"https:\/\/universnews224.com\/#organization"},"potentialAction":[{"@type":"SearchAction","target":{"@type":"EntryPoint","urlTemplate":"https:\/\/universnews224.com\/?s={search_term_string}"},"query-input":"required name=search_term_string"}],"inLanguage":"fr-FR"},{"@type":"Organization","@id":"https:\/\/universnews224.com\/#organization","name":"UNIVERSNEWS224","url":"https:\/\/universnews224.com\/","logo":{"@type":"ImageObject","inLanguage":"fr-FR","@id":"https:\/\/universnews224.com\/#\/schema\/logo\/image\/","url":"https:\/\/universnews224.com\/wp-content\/uploads\/2022\/08\/cropped-cropped-logoban.jpg","contentUrl":"https:\/\/universnews224.com\/wp-content\/uploads\/2022\/08\/cropped-cropped-logoban.jpg","width":1080,"height":138,"caption":"UNIVERSNEWS224"},"image":{"@id":"https:\/\/universnews224.com\/#\/schema\/logo\/image\/"}},{"@type":"Person","@id":"https:\/\/universnews224.com\/#\/schema\/person\/a4b7d4f94a4716df60456a491260485e","name":"La R\u00e9daction","image":{"@type":"ImageObject","inLanguage":"fr-FR","@id":"https:\/\/universnews224.com\/#\/schema\/person\/image\/","url":"https:\/\/secure.gravatar.com\/avatar\/edb90acc7752b23e1b3307ad36c14f0d?s=96&d=mm&r=g","contentUrl":"https:\/\/secure.gravatar.com\/avatar\/edb90acc7752b23e1b3307ad36c14f0d?s=96&d=mm&r=g","caption":"La R\u00e9daction"},"sameAs":["https:\/\/universnews224.com"],"url":"https:\/\/universnews224.com\/index.php\/author\/m-camara\/"}]}},"_links":{"self":[{"href":"https:\/\/universnews224.com\/index.php\/wp-json\/wp\/v2\/posts\/3734"}],"collection":[{"href":"https:\/\/universnews224.com\/index.php\/wp-json\/wp\/v2\/posts"}],"about":[{"href":"https:\/\/universnews224.com\/index.php\/wp-json\/wp\/v2\/types\/post"}],"author":[{"embeddable":true,"href":"https:\/\/universnews224.com\/index.php\/wp-json\/wp\/v2\/users\/2"}],"replies":[{"embeddable":true,"href":"https:\/\/universnews224.com\/index.php\/wp-json\/wp\/v2\/comments?post=3734"}],"version-history":[{"count":1,"href":"https:\/\/universnews224.com\/index.php\/wp-json\/wp\/v2\/posts\/3734\/revisions"}],"predecessor-version":[{"id":3736,"href":"https:\/\/universnews224.com\/index.php\/wp-json\/wp\/v2\/posts\/3734\/revisions\/3736"}],"wp:featuredmedia":[{"embeddable":true,"href":"https:\/\/universnews224.com\/index.php\/wp-json\/wp\/v2\/media\/3735"}],"wp:attachment":[{"href":"https:\/\/universnews224.com\/index.php\/wp-json\/wp\/v2\/media?parent=3734"}],"wp:term":[{"taxonomy":"category","embeddable":true,"href":"https:\/\/universnews224.com\/index.php\/wp-json\/wp\/v2\/categories?post=3734"},{"taxonomy":"post_tag","embeddable":true,"href":"https:\/\/universnews224.com\/index.php\/wp-json\/wp\/v2\/tags?post=3734"}],"curies":[{"name":"wp","href":"https:\/\/api.w.org\/{rel}","templated":true}]}}