{"id":3743,"date":"2023-06-15T13:04:17","date_gmt":"2023-06-15T12:04:17","guid":{"rendered":"https:\/\/universnews224.com\/?p=3743"},"modified":"2023-06-15T13:04:17","modified_gmt":"2023-06-15T12:04:17","slug":"cellou-dalein-cest-la-junte-qui-ne-veut-pas-dialoguer-avec-les-partis-politiques-representatifs","status":"publish","type":"post","link":"https:\/\/universnews224.com\/index.php\/cellou-dalein-cest-la-junte-qui-ne-veut-pas-dialoguer-avec-les-partis-politiques-representatifs\/","title":{"rendered":"Cellou Dalein : \u00ab c\u2019est la junte qui ne veut pas dialoguer avec les partis politiques repr\u00e9sentatifs \u00bb"},"content":{"rendered":"<p>Dans une interview qu\u2019il a accord\u00e9e \u00e0 la DW, le pr\u00e9sident du parti UFDG est formel en ce qui concerne le dialogue politique. Mamadou Cellou Dalein Diallo estime que c\u2019est la junte qui ne veut pas dialoguer qu\u2019avec les partis qui partagent ses positions, mais pas avec ceux qui ont des avis contraires ou divergents.<\/p>\n<p><em>\u00ab\u00a0Ecoutez, c\u2019est la junte qui ne veut pas dialoguer avec les partis politiques repr\u00e9sentatifs. Mais le CNRD (Comit\u00e9 national du rassemblement pour le d\u00e9veloppement, ndlr), la junte au pouvoir, souhaite dialoguer avec les partis qui sont d\u2019accord avec eux sur tout. Il y a des partis qui n\u2019ont pas toujours particip\u00e9 aux \u00e9lections, qui n\u2019ont pas d\u2019exp\u00e9rience \u00e9lectorale, qui sont en fait de v\u00e9ritables comit\u00e9s de soutien \u00e0 la junte. Ils pr\u00e9f\u00e8rent dialoguer avec ceux-ci et non avec certains partis qui ont des r\u00e9serves ou des revendications par rapport \u00e0 leur position. C\u2019est \u00e7a le probl\u00e8me\u00a0\u00bb<\/em>, a-t-il r\u00e9pondu \u00e0 nos confr\u00e8res de la DW.<\/p>\n<p>Enfin, mart\u00e8le Cellou, la relation du pr\u00e9sident de l\u2019UFDG et de ses militants est bas\u00e9e sur la confiance et sur un projet de soci\u00e9t\u00e9 sur lequel ils sont d\u2019accord.<\/p>\n<p>Mosaiqueguin\u00e9e<\/p>\n","protected":false},"excerpt":{"rendered":"<p>Dans une interview qu\u2019il a accord\u00e9e \u00e0 la DW, le pr\u00e9sident du parti UFDG est<\/p>\n","protected":false},"author":2,"featured_media":3744,"comment_status":"closed","ping_status":"open","sticky":false,"template":"","format":"standard","meta":[],"categories":[3,4],"tags":[229],"yoast_head":"<!-- This site is optimized with the Yoast SEO plugin v19.13 - https:\/\/yoast.com\/wordpress\/plugins\/seo\/ -->\n<title>Cellou Dalein : \u00ab c\u2019est la junte qui ne veut pas dialoguer avec les partis politiques repr\u00e9sentatifs \u00bb - UNIVERSNEWS224<\/title>\n<meta name=\"robots\" content=\"index, follow, max-snippet:-1, max-image-preview:large, max-video-preview:-1\" \/>\n<link rel=\"canonical\" href=\"https:\/\/universnews224.com\/index.php\/cellou-dalein-cest-la-junte-qui-ne-veut-pas-dialoguer-avec-les-partis-politiques-representatifs\/\" \/>\n<meta property=\"og:locale\" content=\"fr_FR\" \/>\n<meta property=\"og:type\" content=\"article\" \/>\n<meta property=\"og:title\" content=\"Cellou Dalein : \u00ab c\u2019est la junte qui ne veut pas dialoguer avec les partis politiques repr\u00e9sentatifs \u00bb - UNIVERSNEWS224\" \/>\n<meta property=\"og:description\" content=\"Dans une interview qu\u2019il a accord\u00e9e \u00e0 la DW, le pr\u00e9sident du parti UFDG est\" \/>\n<meta property=\"og:url\" content=\"https:\/\/universnews224.com\/index.php\/cellou-dalein-cest-la-junte-qui-ne-veut-pas-dialoguer-avec-les-partis-politiques-representatifs\/\" \/>\n<meta property=\"og:site_name\" content=\"UNIVERSNEWS224\" \/>\n<meta property=\"article:published_time\" content=\"2023-06-15T12:04:17+00:00\" \/>\n<meta property=\"og:image\" content=\"https:\/\/universnews224.com\/wp-content\/uploads\/2023\/06\/C9616832-1ABB-4F20-81DA-B8A60681F418.jpeg\" \/>\n\t<meta property=\"og:image:width\" content=\"700\" \/>\n\t<meta property=\"og:image:height\" content=\"375\" \/>\n\t<meta property=\"og:image:type\" content=\"image\/jpeg\" \/>\n<meta name=\"author\" content=\"La R\u00e9daction\" \/>\n<meta name=\"twitter:label1\" content=\"\u00c9crit par\" \/>\n\t<meta name=\"twitter:data1\" content=\"La R\u00e9daction\" \/>\n\t<meta name=\"twitter:label2\" content=\"Dur\u00e9e de lecture estim\u00e9e\" \/>\n\t<meta name=\"twitter:data2\" content=\"1 minute\" \/>\n<script type=\"application\/ld+json\" class=\"yoast-schema-graph\">{\"@context\":\"https:\/\/schema.org\",\"@graph\":[{\"@type\":\"Article\",\"@id\":\"https:\/\/universnews224.com\/index.php\/cellou-dalein-cest-la-junte-qui-ne-veut-pas-dialoguer-avec-les-partis-politiques-representatifs\/#article\",\"isPartOf\":{\"@id\":\"https:\/\/universnews224.com\/index.php\/cellou-dalein-cest-la-junte-qui-ne-veut-pas-dialoguer-avec-les-partis-politiques-representatifs\/\"},\"author\":{\"name\":\"La R\u00e9daction\",\"@id\":\"https:\/\/universnews224.com\/#\/schema\/person\/a4b7d4f94a4716df60456a491260485e\"},\"headline\":\"Cellou Dalein : \u00ab c\u2019est la junte qui ne veut pas dialoguer avec les partis politiques repr\u00e9sentatifs \u00bb\",\"datePublished\":\"2023-06-15T12:04:17+00:00\",\"dateModified\":\"2023-06-15T12:04:17+00:00\",\"mainEntityOfPage\":{\"@id\":\"https:\/\/universnews224.com\/index.php\/cellou-dalein-cest-la-junte-qui-ne-veut-pas-dialoguer-avec-les-partis-politiques-representatifs\/\"},\"wordCount\":231,\"publisher\":{\"@id\":\"https:\/\/universnews224.com\/#organization\"},\"keywords\":[\"La une\"],\"articleSection\":[\"ACTU\",\"POLITIQUE\"],\"inLanguage\":\"fr-FR\"},{\"@type\":\"WebPage\",\"@id\":\"https:\/\/universnews224.com\/index.php\/cellou-dalein-cest-la-junte-qui-ne-veut-pas-dialoguer-avec-les-partis-politiques-representatifs\/\",\"url\":\"https:\/\/universnews224.com\/index.php\/cellou-dalein-cest-la-junte-qui-ne-veut-pas-dialoguer-avec-les-partis-politiques-representatifs\/\",\"name\":\"Cellou Dalein : \u00ab c\u2019est la junte qui ne veut pas dialoguer avec les partis politiques repr\u00e9sentatifs \u00bb - UNIVERSNEWS224\",\"isPartOf\":{\"@id\":\"https:\/\/universnews224.com\/#website\"},\"datePublished\":\"2023-06-15T12:04:17+00:00\",\"dateModified\":\"2023-06-15T12:04:17+00:00\",\"inLanguage\":\"fr-FR\",\"potentialAction\":[{\"@type\":\"ReadAction\",\"target\":[\"https:\/\/universnews224.com\/index.php\/cellou-dalein-cest-la-junte-qui-ne-veut-pas-dialoguer-avec-les-partis-politiques-representatifs\/\"]}]},{\"@type\":\"WebSite\",\"@id\":\"https:\/\/universnews224.com\/#website\",\"url\":\"https:\/\/universnews224.com\/\",\"name\":\"UNIVERSNEWS224\",\"description\":\"\",\"publisher\":{\"@id\":\"https:\/\/universnews224.com\/#organization\"},\"potentialAction\":[{\"@type\":\"SearchAction\",\"target\":{\"@type\":\"EntryPoint\",\"urlTemplate\":\"https:\/\/universnews224.com\/?s={search_term_string}\"},\"query-input\":\"required name=search_term_string\"}],\"inLanguage\":\"fr-FR\"},{\"@type\":\"Organization\",\"@id\":\"https:\/\/universnews224.com\/#organization\",\"name\":\"UNIVERSNEWS224\",\"url\":\"https:\/\/universnews224.com\/\",\"logo\":{\"@type\":\"ImageObject\",\"inLanguage\":\"fr-FR\",\"@id\":\"https:\/\/universnews224.com\/#\/schema\/logo\/image\/\",\"url\":\"https:\/\/universnews224.com\/wp-content\/uploads\/2022\/08\/cropped-cropped-logoban.jpg\",\"contentUrl\":\"https:\/\/universnews224.com\/wp-content\/uploads\/2022\/08\/cropped-cropped-logoban.jpg\",\"width\":1080,\"height\":138,\"caption\":\"UNIVERSNEWS224\"},\"image\":{\"@id\":\"https:\/\/universnews224.com\/#\/schema\/logo\/image\/\"}},{\"@type\":\"Person\",\"@id\":\"https:\/\/universnews224.com\/#\/schema\/person\/a4b7d4f94a4716df60456a491260485e\",\"name\":\"La R\u00e9daction\",\"image\":{\"@type\":\"ImageObject\",\"inLanguage\":\"fr-FR\",\"@id\":\"https:\/\/universnews224.com\/#\/schema\/person\/image\/\",\"url\":\"https:\/\/secure.gravatar.com\/avatar\/edb90acc7752b23e1b3307ad36c14f0d?s=96&d=mm&r=g\",\"contentUrl\":\"https:\/\/secure.gravatar.com\/avatar\/edb90acc7752b23e1b3307ad36c14f0d?s=96&d=mm&r=g\",\"caption\":\"La R\u00e9daction\"},\"sameAs\":[\"https:\/\/universnews224.com\"],\"url\":\"https:\/\/universnews224.com\/index.php\/author\/m-camara\/\"}]}<\/script>\n<!-- \/ Yoast SEO plugin. -->","yoast_head_json":{"title":"Cellou Dalein : \u00ab c\u2019est la junte qui ne veut pas dialoguer avec les partis politiques repr\u00e9sentatifs \u00bb - UNIVERSNEWS224","robots":{"index":"index","follow":"follow","max-snippet":"max-snippet:-1","max-image-preview":"max-image-preview:large","max-video-preview":"max-video-preview:-1"},"canonical":"https:\/\/universnews224.com\/index.php\/cellou-dalein-cest-la-junte-qui-ne-veut-pas-dialoguer-avec-les-partis-politiques-representatifs\/","og_locale":"fr_FR","og_type":"article","og_title":"Cellou Dalein : \u00ab c\u2019est la junte qui ne veut pas dialoguer avec les partis politiques repr\u00e9sentatifs \u00bb - UNIVERSNEWS224","og_description":"Dans une interview qu\u2019il a accord\u00e9e \u00e0 la DW, le pr\u00e9sident du parti UFDG est","og_url":"https:\/\/universnews224.com\/index.php\/cellou-dalein-cest-la-junte-qui-ne-veut-pas-dialoguer-avec-les-partis-politiques-representatifs\/","og_site_name":"UNIVERSNEWS224","article_published_time":"2023-06-15T12:04:17+00:00","og_image":[{"width":700,"height":375,"url":"https:\/\/universnews224.com\/wp-content\/uploads\/2023\/06\/C9616832-1ABB-4F20-81DA-B8A60681F418.jpeg","type":"image\/jpeg"}],"author":"La R\u00e9daction","twitter_misc":{"\u00c9crit par":"La R\u00e9daction","Dur\u00e9e de lecture estim\u00e9e":"1 minute"},"schema":{"@context":"https:\/\/schema.org","@graph":[{"@type":"Article","@id":"https:\/\/universnews224.com\/index.php\/cellou-dalein-cest-la-junte-qui-ne-veut-pas-dialoguer-avec-les-partis-politiques-representatifs\/#article","isPartOf":{"@id":"https:\/\/universnews224.com\/index.php\/cellou-dalein-cest-la-junte-qui-ne-veut-pas-dialoguer-avec-les-partis-politiques-representatifs\/"},"author":{"name":"La R\u00e9daction","@id":"https:\/\/universnews224.com\/#\/schema\/person\/a4b7d4f94a4716df60456a491260485e"},"headline":"Cellou Dalein : \u00ab c\u2019est la junte qui ne veut pas dialoguer avec les partis politiques repr\u00e9sentatifs \u00bb","datePublished":"2023-06-15T12:04:17+00:00","dateModified":"2023-06-15T12:04:17+00:00","mainEntityOfPage":{"@id":"https:\/\/universnews224.com\/index.php\/cellou-dalein-cest-la-junte-qui-ne-veut-pas-dialoguer-avec-les-partis-politiques-representatifs\/"},"wordCount":231,"publisher":{"@id":"https:\/\/universnews224.com\/#organization"},"keywords":["La une"],"articleSection":["ACTU","POLITIQUE"],"inLanguage":"fr-FR"},{"@type":"WebPage","@id":"https:\/\/universnews224.com\/index.php\/cellou-dalein-cest-la-junte-qui-ne-veut-pas-dialoguer-avec-les-partis-politiques-representatifs\/","url":"https:\/\/universnews224.com\/index.php\/cellou-dalein-cest-la-junte-qui-ne-veut-pas-dialoguer-avec-les-partis-politiques-representatifs\/","name":"Cellou Dalein : \u00ab c\u2019est la junte qui ne veut pas dialoguer avec les partis politiques repr\u00e9sentatifs \u00bb - UNIVERSNEWS224","isPartOf":{"@id":"https:\/\/universnews224.com\/#website"},"datePublished":"2023-06-15T12:04:17+00:00","dateModified":"2023-06-15T12:04:17+00:00","inLanguage":"fr-FR","potentialAction":[{"@type":"ReadAction","target":["https:\/\/universnews224.com\/index.php\/cellou-dalein-cest-la-junte-qui-ne-veut-pas-dialoguer-avec-les-partis-politiques-representatifs\/"]}]},{"@type":"WebSite","@id":"https:\/\/universnews224.com\/#website","url":"https:\/\/universnews224.com\/","name":"UNIVERSNEWS224","description":"","publisher":{"@id":"https:\/\/universnews224.com\/#organization"},"potentialAction":[{"@type":"SearchAction","target":{"@type":"EntryPoint","urlTemplate":"https:\/\/universnews224.com\/?s={search_term_string}"},"query-input":"required name=search_term_string"}],"inLanguage":"fr-FR"},{"@type":"Organization","@id":"https:\/\/universnews224.com\/#organization","name":"UNIVERSNEWS224","url":"https:\/\/universnews224.com\/","logo":{"@type":"ImageObject","inLanguage":"fr-FR","@id":"https:\/\/universnews224.com\/#\/schema\/logo\/image\/","url":"https:\/\/universnews224.com\/wp-content\/uploads\/2022\/08\/cropped-cropped-logoban.jpg","contentUrl":"https:\/\/universnews224.com\/wp-content\/uploads\/2022\/08\/cropped-cropped-logoban.jpg","width":1080,"height":138,"caption":"UNIVERSNEWS224"},"image":{"@id":"https:\/\/universnews224.com\/#\/schema\/logo\/image\/"}},{"@type":"Person","@id":"https:\/\/universnews224.com\/#\/schema\/person\/a4b7d4f94a4716df60456a491260485e","name":"La R\u00e9daction","image":{"@type":"ImageObject","inLanguage":"fr-FR","@id":"https:\/\/universnews224.com\/#\/schema\/person\/image\/","url":"https:\/\/secure.gravatar.com\/avatar\/edb90acc7752b23e1b3307ad36c14f0d?s=96&d=mm&r=g","contentUrl":"https:\/\/secure.gravatar.com\/avatar\/edb90acc7752b23e1b3307ad36c14f0d?s=96&d=mm&r=g","caption":"La R\u00e9daction"},"sameAs":["https:\/\/universnews224.com"],"url":"https:\/\/universnews224.com\/index.php\/author\/m-camara\/"}]}},"_links":{"self":[{"href":"https:\/\/universnews224.com\/index.php\/wp-json\/wp\/v2\/posts\/3743"}],"collection":[{"href":"https:\/\/universnews224.com\/index.php\/wp-json\/wp\/v2\/posts"}],"about":[{"href":"https:\/\/universnews224.com\/index.php\/wp-json\/wp\/v2\/types\/post"}],"author":[{"embeddable":true,"href":"https:\/\/universnews224.com\/index.php\/wp-json\/wp\/v2\/users\/2"}],"replies":[{"embeddable":true,"href":"https:\/\/universnews224.com\/index.php\/wp-json\/wp\/v2\/comments?post=3743"}],"version-history":[{"count":1,"href":"https:\/\/universnews224.com\/index.php\/wp-json\/wp\/v2\/posts\/3743\/revisions"}],"predecessor-version":[{"id":3745,"href":"https:\/\/universnews224.com\/index.php\/wp-json\/wp\/v2\/posts\/3743\/revisions\/3745"}],"wp:featuredmedia":[{"embeddable":true,"href":"https:\/\/universnews224.com\/index.php\/wp-json\/wp\/v2\/media\/3744"}],"wp:attachment":[{"href":"https:\/\/universnews224.com\/index.php\/wp-json\/wp\/v2\/media?parent=3743"}],"wp:term":[{"taxonomy":"category","embeddable":true,"href":"https:\/\/universnews224.com\/index.php\/wp-json\/wp\/v2\/categories?post=3743"},{"taxonomy":"post_tag","embeddable":true,"href":"https:\/\/universnews224.com\/index.php\/wp-json\/wp\/v2\/tags?post=3743"}],"curies":[{"name":"wp","href":"https:\/\/api.w.org\/{rel}","templated":true}]}}