{"id":3761,"date":"2023-06-19T12:33:07","date_gmt":"2023-06-19T11:33:07","guid":{"rendered":"https:\/\/universnews224.com\/?p=3761"},"modified":"2023-06-19T12:33:07","modified_gmt":"2023-06-19T11:33:07","slug":"kpc-candidat-pour-la-fgf-je-serai-toujours-la-pour-apporter-ma-contribution-mais-je-ne-serai-plus-jamais-candidat","status":"publish","type":"post","link":"https:\/\/universnews224.com\/index.php\/kpc-candidat-pour-la-fgf-je-serai-toujours-la-pour-apporter-ma-contribution-mais-je-ne-serai-plus-jamais-candidat\/","title":{"rendered":"KPC candidat pour la FGF: je serai toujours l\u00e0 pour apporter ma contribution, mais je ne serai plus jamais candidat. \u00bb"},"content":{"rendered":"<p class=\"p1\"><span class=\"s1\">Kerfalla Camara Kpc annonce une fois encore qu\u2019il ne sera pas candidat \u00e0 la t\u00eate de la F\u00e9d\u00e9ration guin\u00e9enne de football. Lors de l\u2019interview accord\u00e9e ce lundi matin \u00e0 l\u2019\u00e9mission \u00ab\u00a0Les Grandes Gueules\u00a0\u00bb sur les ondes de Radio Espace, Kerfalla Camara KPC, pr\u00e9sident du Hafia FC, a annonc\u00e9 qu\u2019il ne sera pas candidat \u00e0 la pr\u00e9sidence de la F\u00e9d\u00e9ration guin\u00e9enne de football. Invit\u00e9 \u00e0 l\u2019\u00e9mission tolk show pour discuter du sacre de son club, il a \u00e9galement abord\u00e9 la crise qui secoue le football guin\u00e9en.<\/span><\/p>\n<p class=\"p1\"><span class=\"s1\">L\u2019homme d\u2019affaires influent a exprim\u00e9 sa conviction quant \u00e0 sa capacit\u00e9 contributive au d\u00e9veloppement du football guin\u00e9en. Il a affirm\u00e9 : \u00ab\u00a0Je serai impliqu\u00e9 dans le choix d\u2019un candidat tr\u00e8s comp\u00e9tent et je serai toujours l\u00e0 pour apporter ma contribution, mais je ne serai plus jamais candidat.\u00a0\u00bb<\/span><\/p>\n<p class=\"p1\"><span class=\"s1\">Cette d\u00e9claration a \u00e9t\u00e9 faite depuis l\u2019\u00e9tranger, o\u00f9 KPC se trouve actuellement pour des raisons professionnelles. Sa position de ne pas briguer la pr\u00e9sidence de la F\u00e9d\u00e9ration guin\u00e9enne de football refl\u00e8te sa volont\u00e9 de jouer un r\u00f4le diff\u00e9rent, en soutenant le processus de s\u00e9lection d\u2019un candidat qualifi\u00e9 pour diriger l\u2019instance dirigeante du football guin\u00e9en.<\/span><\/p>\n<p class=\"p1\"><span class=\"s1\">Le PDG du Groupe Guicopres est reconnu pour son engagement envers le football guin\u00e9en, notamment en tant que pr\u00e9sident du Hafia FC, qui vient de remporter le titre de champion cette saison. Sa d\u00e9cision de ne pas se pr\u00e9senter \u00e0 la pr\u00e9sidence de la f\u00e9d\u00e9ration met en \u00e9vidence sa volont\u00e9 de contribuer de mani\u00e8re diff\u00e9rente, en mettant l\u2019accent sur le choix d\u2019un leader comp\u00e9tent et en offrant son soutien pour le d\u00e9veloppement du football dans le pays.<\/span><\/p>\n<p class=\"p1\"><span class=\"s1\">Cette annonce de KPC suscite de l\u2019int\u00e9r\u00eat et de la sp\u00e9culation quant \u00e0 la prochaine direction de la F\u00e9d\u00e9ration guin\u00e9enne de football. Les regards se tournent d\u00e9sormais vers la recherche d\u2019un candidat qualifi\u00e9 qui pourra relever les d\u00e9fis actuels et guider le football guin\u00e9en vers de nouveaux horizons.<\/span><\/p>\n<p class=\"p1\"><span class=\"s1\">Ahmadou Hamzah Bah<\/span><\/p>\n","protected":false},"excerpt":{"rendered":"<p>Kerfalla Camara Kpc annonce une fois encore qu\u2019il ne sera pas candidat \u00e0 la t\u00eate<\/p>\n","protected":false},"author":2,"featured_media":3762,"comment_status":"closed","ping_status":"open","sticky":false,"template":"","format":"standard","meta":[],"categories":[3,9],"tags":[229],"yoast_head":"<!-- This site is optimized with the Yoast SEO plugin v19.13 - https:\/\/yoast.com\/wordpress\/plugins\/seo\/ -->\n<title>KPC candidat pour la FGF: je serai toujours l\u00e0 pour apporter ma contribution, mais je ne serai plus jamais candidat. \u00bb - UNIVERSNEWS224<\/title>\n<meta name=\"robots\" content=\"index, follow, max-snippet:-1, max-image-preview:large, max-video-preview:-1\" \/>\n<link rel=\"canonical\" href=\"https:\/\/universnews224.com\/index.php\/kpc-candidat-pour-la-fgf-je-serai-toujours-la-pour-apporter-ma-contribution-mais-je-ne-serai-plus-jamais-candidat\/\" \/>\n<meta property=\"og:locale\" content=\"fr_FR\" \/>\n<meta property=\"og:type\" content=\"article\" \/>\n<meta property=\"og:title\" content=\"KPC candidat pour la FGF: je serai toujours l\u00e0 pour apporter ma contribution, mais je ne serai plus jamais candidat. \u00bb - UNIVERSNEWS224\" \/>\n<meta property=\"og:description\" content=\"Kerfalla Camara Kpc annonce une fois encore qu\u2019il ne sera pas candidat \u00e0 la t\u00eate\" \/>\n<meta property=\"og:url\" content=\"https:\/\/universnews224.com\/index.php\/kpc-candidat-pour-la-fgf-je-serai-toujours-la-pour-apporter-ma-contribution-mais-je-ne-serai-plus-jamais-candidat\/\" \/>\n<meta property=\"og:site_name\" content=\"UNIVERSNEWS224\" \/>\n<meta property=\"article:published_time\" content=\"2023-06-19T11:33:07+00:00\" \/>\n<meta property=\"og:image\" content=\"https:\/\/universnews224.com\/wp-content\/uploads\/2023\/06\/ADF779A8-6303-4EFE-9343-ED26A10A711A.jpeg\" \/>\n\t<meta property=\"og:image:width\" content=\"960\" \/>\n\t<meta property=\"og:image:height\" content=\"946\" \/>\n\t<meta property=\"og:image:type\" content=\"image\/jpeg\" \/>\n<meta name=\"author\" content=\"La R\u00e9daction\" \/>\n<meta name=\"twitter:label1\" content=\"\u00c9crit par\" \/>\n\t<meta name=\"twitter:data1\" content=\"La R\u00e9daction\" \/>\n\t<meta name=\"twitter:label2\" content=\"Dur\u00e9e de lecture estim\u00e9e\" \/>\n\t<meta name=\"twitter:data2\" content=\"2 minutes\" \/>\n<script type=\"application\/ld+json\" class=\"yoast-schema-graph\">{\"@context\":\"https:\/\/schema.org\",\"@graph\":[{\"@type\":\"Article\",\"@id\":\"https:\/\/universnews224.com\/index.php\/kpc-candidat-pour-la-fgf-je-serai-toujours-la-pour-apporter-ma-contribution-mais-je-ne-serai-plus-jamais-candidat\/#article\",\"isPartOf\":{\"@id\":\"https:\/\/universnews224.com\/index.php\/kpc-candidat-pour-la-fgf-je-serai-toujours-la-pour-apporter-ma-contribution-mais-je-ne-serai-plus-jamais-candidat\/\"},\"author\":{\"name\":\"La R\u00e9daction\",\"@id\":\"https:\/\/universnews224.com\/#\/schema\/person\/a4b7d4f94a4716df60456a491260485e\"},\"headline\":\"KPC candidat pour la FGF: je serai toujours l\u00e0 pour apporter ma contribution, mais je ne serai plus jamais candidat. \u00bb\",\"datePublished\":\"2023-06-19T11:33:07+00:00\",\"dateModified\":\"2023-06-19T11:33:07+00:00\",\"mainEntityOfPage\":{\"@id\":\"https:\/\/universnews224.com\/index.php\/kpc-candidat-pour-la-fgf-je-serai-toujours-la-pour-apporter-ma-contribution-mais-je-ne-serai-plus-jamais-candidat\/\"},\"wordCount\":386,\"publisher\":{\"@id\":\"https:\/\/universnews224.com\/#organization\"},\"keywords\":[\"La une\"],\"articleSection\":[\"ACTU\",\"SPORT\"],\"inLanguage\":\"fr-FR\"},{\"@type\":\"WebPage\",\"@id\":\"https:\/\/universnews224.com\/index.php\/kpc-candidat-pour-la-fgf-je-serai-toujours-la-pour-apporter-ma-contribution-mais-je-ne-serai-plus-jamais-candidat\/\",\"url\":\"https:\/\/universnews224.com\/index.php\/kpc-candidat-pour-la-fgf-je-serai-toujours-la-pour-apporter-ma-contribution-mais-je-ne-serai-plus-jamais-candidat\/\",\"name\":\"KPC candidat pour la FGF: je serai toujours l\u00e0 pour apporter ma contribution, mais je ne serai plus jamais candidat. \u00bb - UNIVERSNEWS224\",\"isPartOf\":{\"@id\":\"https:\/\/universnews224.com\/#website\"},\"datePublished\":\"2023-06-19T11:33:07+00:00\",\"dateModified\":\"2023-06-19T11:33:07+00:00\",\"inLanguage\":\"fr-FR\",\"potentialAction\":[{\"@type\":\"ReadAction\",\"target\":[\"https:\/\/universnews224.com\/index.php\/kpc-candidat-pour-la-fgf-je-serai-toujours-la-pour-apporter-ma-contribution-mais-je-ne-serai-plus-jamais-candidat\/\"]}]},{\"@type\":\"WebSite\",\"@id\":\"https:\/\/universnews224.com\/#website\",\"url\":\"https:\/\/universnews224.com\/\",\"name\":\"UNIVERSNEWS224\",\"description\":\"\",\"publisher\":{\"@id\":\"https:\/\/universnews224.com\/#organization\"},\"potentialAction\":[{\"@type\":\"SearchAction\",\"target\":{\"@type\":\"EntryPoint\",\"urlTemplate\":\"https:\/\/universnews224.com\/?s={search_term_string}\"},\"query-input\":\"required name=search_term_string\"}],\"inLanguage\":\"fr-FR\"},{\"@type\":\"Organization\",\"@id\":\"https:\/\/universnews224.com\/#organization\",\"name\":\"UNIVERSNEWS224\",\"url\":\"https:\/\/universnews224.com\/\",\"logo\":{\"@type\":\"ImageObject\",\"inLanguage\":\"fr-FR\",\"@id\":\"https:\/\/universnews224.com\/#\/schema\/logo\/image\/\",\"url\":\"https:\/\/universnews224.com\/wp-content\/uploads\/2022\/08\/cropped-cropped-logoban.jpg\",\"contentUrl\":\"https:\/\/universnews224.com\/wp-content\/uploads\/2022\/08\/cropped-cropped-logoban.jpg\",\"width\":1080,\"height\":138,\"caption\":\"UNIVERSNEWS224\"},\"image\":{\"@id\":\"https:\/\/universnews224.com\/#\/schema\/logo\/image\/\"}},{\"@type\":\"Person\",\"@id\":\"https:\/\/universnews224.com\/#\/schema\/person\/a4b7d4f94a4716df60456a491260485e\",\"name\":\"La R\u00e9daction\",\"image\":{\"@type\":\"ImageObject\",\"inLanguage\":\"fr-FR\",\"@id\":\"https:\/\/universnews224.com\/#\/schema\/person\/image\/\",\"url\":\"https:\/\/secure.gravatar.com\/avatar\/edb90acc7752b23e1b3307ad36c14f0d?s=96&d=mm&r=g\",\"contentUrl\":\"https:\/\/secure.gravatar.com\/avatar\/edb90acc7752b23e1b3307ad36c14f0d?s=96&d=mm&r=g\",\"caption\":\"La R\u00e9daction\"},\"sameAs\":[\"https:\/\/universnews224.com\"],\"url\":\"https:\/\/universnews224.com\/index.php\/author\/m-camara\/\"}]}<\/script>\n<!-- \/ Yoast SEO plugin. -->","yoast_head_json":{"title":"KPC candidat pour la FGF: je serai toujours l\u00e0 pour apporter ma contribution, mais je ne serai plus jamais candidat. \u00bb - UNIVERSNEWS224","robots":{"index":"index","follow":"follow","max-snippet":"max-snippet:-1","max-image-preview":"max-image-preview:large","max-video-preview":"max-video-preview:-1"},"canonical":"https:\/\/universnews224.com\/index.php\/kpc-candidat-pour-la-fgf-je-serai-toujours-la-pour-apporter-ma-contribution-mais-je-ne-serai-plus-jamais-candidat\/","og_locale":"fr_FR","og_type":"article","og_title":"KPC candidat pour la FGF: je serai toujours l\u00e0 pour apporter ma contribution, mais je ne serai plus jamais candidat. \u00bb - UNIVERSNEWS224","og_description":"Kerfalla Camara Kpc annonce une fois encore qu\u2019il ne sera pas candidat \u00e0 la t\u00eate","og_url":"https:\/\/universnews224.com\/index.php\/kpc-candidat-pour-la-fgf-je-serai-toujours-la-pour-apporter-ma-contribution-mais-je-ne-serai-plus-jamais-candidat\/","og_site_name":"UNIVERSNEWS224","article_published_time":"2023-06-19T11:33:07+00:00","og_image":[{"width":960,"height":946,"url":"https:\/\/universnews224.com\/wp-content\/uploads\/2023\/06\/ADF779A8-6303-4EFE-9343-ED26A10A711A.jpeg","type":"image\/jpeg"}],"author":"La R\u00e9daction","twitter_misc":{"\u00c9crit par":"La R\u00e9daction","Dur\u00e9e de lecture estim\u00e9e":"2 minutes"},"schema":{"@context":"https:\/\/schema.org","@graph":[{"@type":"Article","@id":"https:\/\/universnews224.com\/index.php\/kpc-candidat-pour-la-fgf-je-serai-toujours-la-pour-apporter-ma-contribution-mais-je-ne-serai-plus-jamais-candidat\/#article","isPartOf":{"@id":"https:\/\/universnews224.com\/index.php\/kpc-candidat-pour-la-fgf-je-serai-toujours-la-pour-apporter-ma-contribution-mais-je-ne-serai-plus-jamais-candidat\/"},"author":{"name":"La R\u00e9daction","@id":"https:\/\/universnews224.com\/#\/schema\/person\/a4b7d4f94a4716df60456a491260485e"},"headline":"KPC candidat pour la FGF: je serai toujours l\u00e0 pour apporter ma contribution, mais je ne serai plus jamais candidat. \u00bb","datePublished":"2023-06-19T11:33:07+00:00","dateModified":"2023-06-19T11:33:07+00:00","mainEntityOfPage":{"@id":"https:\/\/universnews224.com\/index.php\/kpc-candidat-pour-la-fgf-je-serai-toujours-la-pour-apporter-ma-contribution-mais-je-ne-serai-plus-jamais-candidat\/"},"wordCount":386,"publisher":{"@id":"https:\/\/universnews224.com\/#organization"},"keywords":["La une"],"articleSection":["ACTU","SPORT"],"inLanguage":"fr-FR"},{"@type":"WebPage","@id":"https:\/\/universnews224.com\/index.php\/kpc-candidat-pour-la-fgf-je-serai-toujours-la-pour-apporter-ma-contribution-mais-je-ne-serai-plus-jamais-candidat\/","url":"https:\/\/universnews224.com\/index.php\/kpc-candidat-pour-la-fgf-je-serai-toujours-la-pour-apporter-ma-contribution-mais-je-ne-serai-plus-jamais-candidat\/","name":"KPC candidat pour la FGF: je serai toujours l\u00e0 pour apporter ma contribution, mais je ne serai plus jamais candidat. \u00bb - UNIVERSNEWS224","isPartOf":{"@id":"https:\/\/universnews224.com\/#website"},"datePublished":"2023-06-19T11:33:07+00:00","dateModified":"2023-06-19T11:33:07+00:00","inLanguage":"fr-FR","potentialAction":[{"@type":"ReadAction","target":["https:\/\/universnews224.com\/index.php\/kpc-candidat-pour-la-fgf-je-serai-toujours-la-pour-apporter-ma-contribution-mais-je-ne-serai-plus-jamais-candidat\/"]}]},{"@type":"WebSite","@id":"https:\/\/universnews224.com\/#website","url":"https:\/\/universnews224.com\/","name":"UNIVERSNEWS224","description":"","publisher":{"@id":"https:\/\/universnews224.com\/#organization"},"potentialAction":[{"@type":"SearchAction","target":{"@type":"EntryPoint","urlTemplate":"https:\/\/universnews224.com\/?s={search_term_string}"},"query-input":"required name=search_term_string"}],"inLanguage":"fr-FR"},{"@type":"Organization","@id":"https:\/\/universnews224.com\/#organization","name":"UNIVERSNEWS224","url":"https:\/\/universnews224.com\/","logo":{"@type":"ImageObject","inLanguage":"fr-FR","@id":"https:\/\/universnews224.com\/#\/schema\/logo\/image\/","url":"https:\/\/universnews224.com\/wp-content\/uploads\/2022\/08\/cropped-cropped-logoban.jpg","contentUrl":"https:\/\/universnews224.com\/wp-content\/uploads\/2022\/08\/cropped-cropped-logoban.jpg","width":1080,"height":138,"caption":"UNIVERSNEWS224"},"image":{"@id":"https:\/\/universnews224.com\/#\/schema\/logo\/image\/"}},{"@type":"Person","@id":"https:\/\/universnews224.com\/#\/schema\/person\/a4b7d4f94a4716df60456a491260485e","name":"La R\u00e9daction","image":{"@type":"ImageObject","inLanguage":"fr-FR","@id":"https:\/\/universnews224.com\/#\/schema\/person\/image\/","url":"https:\/\/secure.gravatar.com\/avatar\/edb90acc7752b23e1b3307ad36c14f0d?s=96&d=mm&r=g","contentUrl":"https:\/\/secure.gravatar.com\/avatar\/edb90acc7752b23e1b3307ad36c14f0d?s=96&d=mm&r=g","caption":"La R\u00e9daction"},"sameAs":["https:\/\/universnews224.com"],"url":"https:\/\/universnews224.com\/index.php\/author\/m-camara\/"}]}},"_links":{"self":[{"href":"https:\/\/universnews224.com\/index.php\/wp-json\/wp\/v2\/posts\/3761"}],"collection":[{"href":"https:\/\/universnews224.com\/index.php\/wp-json\/wp\/v2\/posts"}],"about":[{"href":"https:\/\/universnews224.com\/index.php\/wp-json\/wp\/v2\/types\/post"}],"author":[{"embeddable":true,"href":"https:\/\/universnews224.com\/index.php\/wp-json\/wp\/v2\/users\/2"}],"replies":[{"embeddable":true,"href":"https:\/\/universnews224.com\/index.php\/wp-json\/wp\/v2\/comments?post=3761"}],"version-history":[{"count":1,"href":"https:\/\/universnews224.com\/index.php\/wp-json\/wp\/v2\/posts\/3761\/revisions"}],"predecessor-version":[{"id":3763,"href":"https:\/\/universnews224.com\/index.php\/wp-json\/wp\/v2\/posts\/3761\/revisions\/3763"}],"wp:featuredmedia":[{"embeddable":true,"href":"https:\/\/universnews224.com\/index.php\/wp-json\/wp\/v2\/media\/3762"}],"wp:attachment":[{"href":"https:\/\/universnews224.com\/index.php\/wp-json\/wp\/v2\/media?parent=3761"}],"wp:term":[{"taxonomy":"category","embeddable":true,"href":"https:\/\/universnews224.com\/index.php\/wp-json\/wp\/v2\/categories?post=3761"},{"taxonomy":"post_tag","embeddable":true,"href":"https:\/\/universnews224.com\/index.php\/wp-json\/wp\/v2\/tags?post=3761"}],"curies":[{"name":"wp","href":"https:\/\/api.w.org\/{rel}","templated":true}]}}