{"id":3783,"date":"2023-06-21T12:19:06","date_gmt":"2023-06-21T11:19:06","guid":{"rendered":"https:\/\/universnews224.com\/?p=3783"},"modified":"2023-06-21T12:19:06","modified_gmt":"2023-06-21T11:19:06","slug":"ousmane-gaoul-diallo-je-suis-candidat-au-perchoir-de-lufdg","status":"publish","type":"post","link":"https:\/\/universnews224.com\/index.php\/ousmane-gaoul-diallo-je-suis-candidat-au-perchoir-de-lufdg\/","title":{"rendered":"Ousmane Gaoul Diallo: \u00abJe suis candidat au perchoir de l\u2019UFDG\u00bb"},"content":{"rendered":"<p class=\"p1\">Invit\u00e9 de l\u2019\u00e9mission \u201cMirador\u201d de ce mercredi, 21 juin 2023, le ministre porte-parole du gouvernement Ousmane Gaoul Diallo a exprim\u00e9 sa volont\u00e9 de briguer le perchoir de l\u2019UFDG.<\/p>\n<p class=\"p1\"><span class=\"s1\">\u00abCellou Dalein a ses partisans qui tiennent mordicus \u00e0 lui, mais il y a d\u2019autres candidats potentiels aussi qui sont candidats au perchoir de l\u2019UFDG . Je pense qu\u2019on devrait cr\u00e9er un d\u00e9bat serein entre les candidats et c\u2019est aux militants d\u2019arbitrer. C\u2019est ainsi la d\u00e9mocratie.<br \/>\nCellou Dalein a pris la place de Mamadou que lui-m\u00eame a pris de quelqu\u2019un d\u2019autre. Je pense que cette tradition qu\u2019on veut montrer aux guin\u00e9ens doit \u00eatre encourag\u00e9e\u00bb, a t-il d\u00e9clar\u00e9 avant d\u2019annoncer: <\/span><\/p>\n<p class=\"p1\"><span class=\"s1\">Et l\u2019UGDG a tout int\u00e9r\u00eat \u00e0 apaiser le d\u00e9bat et \u00e0 l\u2019organiser de fa\u00e7on \u00e0 ce que les guin\u00e9ens puissent arbitrer entre nous. Moi Ousmane Gaoual, je veux \u00eatre \u00e0 sa place, absolument et de fa\u00e7on l\u00e9gitime. Je suis candidat au perchoir de l\u2019UFDG\u00bb, a t-il martel\u00e9. <\/span><\/p>\n<p class=\"p1\">\n","protected":false},"excerpt":{"rendered":"<p>Invit\u00e9 de l\u2019\u00e9mission \u201cMirador\u201d de ce mercredi, 21 juin 2023, le ministre porte-parole du gouvernement<\/p>\n","protected":false},"author":2,"featured_media":3784,"comment_status":"closed","ping_status":"open","sticky":false,"template":"","format":"standard","meta":[],"categories":[3,4],"tags":[229],"yoast_head":"<!-- This site is optimized with the Yoast SEO plugin v19.13 - https:\/\/yoast.com\/wordpress\/plugins\/seo\/ -->\n<title>Ousmane Gaoul Diallo: \u00abJe suis candidat au perchoir de l\u2019UFDG\u00bb - UNIVERSNEWS224<\/title>\n<meta name=\"robots\" content=\"index, follow, max-snippet:-1, max-image-preview:large, max-video-preview:-1\" \/>\n<link rel=\"canonical\" href=\"https:\/\/universnews224.com\/index.php\/ousmane-gaoul-diallo-je-suis-candidat-au-perchoir-de-lufdg\/\" \/>\n<meta property=\"og:locale\" content=\"fr_FR\" \/>\n<meta property=\"og:type\" content=\"article\" \/>\n<meta property=\"og:title\" content=\"Ousmane Gaoul Diallo: \u00abJe suis candidat au perchoir de l\u2019UFDG\u00bb - UNIVERSNEWS224\" \/>\n<meta property=\"og:description\" content=\"Invit\u00e9 de l\u2019\u00e9mission \u201cMirador\u201d de ce mercredi, 21 juin 2023, le ministre porte-parole du gouvernement\" \/>\n<meta property=\"og:url\" content=\"https:\/\/universnews224.com\/index.php\/ousmane-gaoul-diallo-je-suis-candidat-au-perchoir-de-lufdg\/\" \/>\n<meta property=\"og:site_name\" content=\"UNIVERSNEWS224\" \/>\n<meta property=\"article:published_time\" content=\"2023-06-21T11:19:06+00:00\" \/>\n<meta property=\"og:image\" content=\"https:\/\/universnews224.com\/wp-content\/uploads\/2023\/06\/001FB9D0-8FA0-4861-90E9-866E8D4BBF90.jpeg\" \/>\n\t<meta property=\"og:image:width\" content=\"765\" \/>\n\t<meta property=\"og:image:height\" content=\"582\" \/>\n\t<meta property=\"og:image:type\" content=\"image\/jpeg\" \/>\n<meta name=\"author\" content=\"La R\u00e9daction\" \/>\n<meta name=\"twitter:label1\" content=\"\u00c9crit par\" \/>\n\t<meta name=\"twitter:data1\" content=\"La R\u00e9daction\" \/>\n\t<meta name=\"twitter:label2\" content=\"Dur\u00e9e de lecture estim\u00e9e\" \/>\n\t<meta name=\"twitter:data2\" content=\"1 minute\" \/>\n<script type=\"application\/ld+json\" class=\"yoast-schema-graph\">{\"@context\":\"https:\/\/schema.org\",\"@graph\":[{\"@type\":\"Article\",\"@id\":\"https:\/\/universnews224.com\/index.php\/ousmane-gaoul-diallo-je-suis-candidat-au-perchoir-de-lufdg\/#article\",\"isPartOf\":{\"@id\":\"https:\/\/universnews224.com\/index.php\/ousmane-gaoul-diallo-je-suis-candidat-au-perchoir-de-lufdg\/\"},\"author\":{\"name\":\"La R\u00e9daction\",\"@id\":\"https:\/\/universnews224.com\/#\/schema\/person\/a4b7d4f94a4716df60456a491260485e\"},\"headline\":\"Ousmane Gaoul Diallo: \u00abJe suis candidat au perchoir de l\u2019UFDG\u00bb\",\"datePublished\":\"2023-06-21T11:19:06+00:00\",\"dateModified\":\"2023-06-21T11:19:06+00:00\",\"mainEntityOfPage\":{\"@id\":\"https:\/\/universnews224.com\/index.php\/ousmane-gaoul-diallo-je-suis-candidat-au-perchoir-de-lufdg\/\"},\"wordCount\":186,\"publisher\":{\"@id\":\"https:\/\/universnews224.com\/#organization\"},\"keywords\":[\"La une\"],\"articleSection\":[\"ACTU\",\"POLITIQUE\"],\"inLanguage\":\"fr-FR\"},{\"@type\":\"WebPage\",\"@id\":\"https:\/\/universnews224.com\/index.php\/ousmane-gaoul-diallo-je-suis-candidat-au-perchoir-de-lufdg\/\",\"url\":\"https:\/\/universnews224.com\/index.php\/ousmane-gaoul-diallo-je-suis-candidat-au-perchoir-de-lufdg\/\",\"name\":\"Ousmane Gaoul Diallo: \u00abJe suis candidat au perchoir de l\u2019UFDG\u00bb - UNIVERSNEWS224\",\"isPartOf\":{\"@id\":\"https:\/\/universnews224.com\/#website\"},\"datePublished\":\"2023-06-21T11:19:06+00:00\",\"dateModified\":\"2023-06-21T11:19:06+00:00\",\"inLanguage\":\"fr-FR\",\"potentialAction\":[{\"@type\":\"ReadAction\",\"target\":[\"https:\/\/universnews224.com\/index.php\/ousmane-gaoul-diallo-je-suis-candidat-au-perchoir-de-lufdg\/\"]}]},{\"@type\":\"WebSite\",\"@id\":\"https:\/\/universnews224.com\/#website\",\"url\":\"https:\/\/universnews224.com\/\",\"name\":\"UNIVERSNEWS224\",\"description\":\"\",\"publisher\":{\"@id\":\"https:\/\/universnews224.com\/#organization\"},\"potentialAction\":[{\"@type\":\"SearchAction\",\"target\":{\"@type\":\"EntryPoint\",\"urlTemplate\":\"https:\/\/universnews224.com\/?s={search_term_string}\"},\"query-input\":\"required name=search_term_string\"}],\"inLanguage\":\"fr-FR\"},{\"@type\":\"Organization\",\"@id\":\"https:\/\/universnews224.com\/#organization\",\"name\":\"UNIVERSNEWS224\",\"url\":\"https:\/\/universnews224.com\/\",\"logo\":{\"@type\":\"ImageObject\",\"inLanguage\":\"fr-FR\",\"@id\":\"https:\/\/universnews224.com\/#\/schema\/logo\/image\/\",\"url\":\"https:\/\/universnews224.com\/wp-content\/uploads\/2022\/08\/cropped-cropped-logoban.jpg\",\"contentUrl\":\"https:\/\/universnews224.com\/wp-content\/uploads\/2022\/08\/cropped-cropped-logoban.jpg\",\"width\":1080,\"height\":138,\"caption\":\"UNIVERSNEWS224\"},\"image\":{\"@id\":\"https:\/\/universnews224.com\/#\/schema\/logo\/image\/\"}},{\"@type\":\"Person\",\"@id\":\"https:\/\/universnews224.com\/#\/schema\/person\/a4b7d4f94a4716df60456a491260485e\",\"name\":\"La R\u00e9daction\",\"image\":{\"@type\":\"ImageObject\",\"inLanguage\":\"fr-FR\",\"@id\":\"https:\/\/universnews224.com\/#\/schema\/person\/image\/\",\"url\":\"https:\/\/secure.gravatar.com\/avatar\/edb90acc7752b23e1b3307ad36c14f0d?s=96&d=mm&r=g\",\"contentUrl\":\"https:\/\/secure.gravatar.com\/avatar\/edb90acc7752b23e1b3307ad36c14f0d?s=96&d=mm&r=g\",\"caption\":\"La R\u00e9daction\"},\"sameAs\":[\"https:\/\/universnews224.com\"],\"url\":\"https:\/\/universnews224.com\/index.php\/author\/m-camara\/\"}]}<\/script>\n<!-- \/ Yoast SEO plugin. -->","yoast_head_json":{"title":"Ousmane Gaoul Diallo: \u00abJe suis candidat au perchoir de l\u2019UFDG\u00bb - UNIVERSNEWS224","robots":{"index":"index","follow":"follow","max-snippet":"max-snippet:-1","max-image-preview":"max-image-preview:large","max-video-preview":"max-video-preview:-1"},"canonical":"https:\/\/universnews224.com\/index.php\/ousmane-gaoul-diallo-je-suis-candidat-au-perchoir-de-lufdg\/","og_locale":"fr_FR","og_type":"article","og_title":"Ousmane Gaoul Diallo: \u00abJe suis candidat au perchoir de l\u2019UFDG\u00bb - UNIVERSNEWS224","og_description":"Invit\u00e9 de l\u2019\u00e9mission \u201cMirador\u201d de ce mercredi, 21 juin 2023, le ministre porte-parole du gouvernement","og_url":"https:\/\/universnews224.com\/index.php\/ousmane-gaoul-diallo-je-suis-candidat-au-perchoir-de-lufdg\/","og_site_name":"UNIVERSNEWS224","article_published_time":"2023-06-21T11:19:06+00:00","og_image":[{"width":765,"height":582,"url":"https:\/\/universnews224.com\/wp-content\/uploads\/2023\/06\/001FB9D0-8FA0-4861-90E9-866E8D4BBF90.jpeg","type":"image\/jpeg"}],"author":"La R\u00e9daction","twitter_misc":{"\u00c9crit par":"La R\u00e9daction","Dur\u00e9e de lecture estim\u00e9e":"1 minute"},"schema":{"@context":"https:\/\/schema.org","@graph":[{"@type":"Article","@id":"https:\/\/universnews224.com\/index.php\/ousmane-gaoul-diallo-je-suis-candidat-au-perchoir-de-lufdg\/#article","isPartOf":{"@id":"https:\/\/universnews224.com\/index.php\/ousmane-gaoul-diallo-je-suis-candidat-au-perchoir-de-lufdg\/"},"author":{"name":"La R\u00e9daction","@id":"https:\/\/universnews224.com\/#\/schema\/person\/a4b7d4f94a4716df60456a491260485e"},"headline":"Ousmane Gaoul Diallo: \u00abJe suis candidat au perchoir de l\u2019UFDG\u00bb","datePublished":"2023-06-21T11:19:06+00:00","dateModified":"2023-06-21T11:19:06+00:00","mainEntityOfPage":{"@id":"https:\/\/universnews224.com\/index.php\/ousmane-gaoul-diallo-je-suis-candidat-au-perchoir-de-lufdg\/"},"wordCount":186,"publisher":{"@id":"https:\/\/universnews224.com\/#organization"},"keywords":["La une"],"articleSection":["ACTU","POLITIQUE"],"inLanguage":"fr-FR"},{"@type":"WebPage","@id":"https:\/\/universnews224.com\/index.php\/ousmane-gaoul-diallo-je-suis-candidat-au-perchoir-de-lufdg\/","url":"https:\/\/universnews224.com\/index.php\/ousmane-gaoul-diallo-je-suis-candidat-au-perchoir-de-lufdg\/","name":"Ousmane Gaoul Diallo: \u00abJe suis candidat au perchoir de l\u2019UFDG\u00bb - UNIVERSNEWS224","isPartOf":{"@id":"https:\/\/universnews224.com\/#website"},"datePublished":"2023-06-21T11:19:06+00:00","dateModified":"2023-06-21T11:19:06+00:00","inLanguage":"fr-FR","potentialAction":[{"@type":"ReadAction","target":["https:\/\/universnews224.com\/index.php\/ousmane-gaoul-diallo-je-suis-candidat-au-perchoir-de-lufdg\/"]}]},{"@type":"WebSite","@id":"https:\/\/universnews224.com\/#website","url":"https:\/\/universnews224.com\/","name":"UNIVERSNEWS224","description":"","publisher":{"@id":"https:\/\/universnews224.com\/#organization"},"potentialAction":[{"@type":"SearchAction","target":{"@type":"EntryPoint","urlTemplate":"https:\/\/universnews224.com\/?s={search_term_string}"},"query-input":"required name=search_term_string"}],"inLanguage":"fr-FR"},{"@type":"Organization","@id":"https:\/\/universnews224.com\/#organization","name":"UNIVERSNEWS224","url":"https:\/\/universnews224.com\/","logo":{"@type":"ImageObject","inLanguage":"fr-FR","@id":"https:\/\/universnews224.com\/#\/schema\/logo\/image\/","url":"https:\/\/universnews224.com\/wp-content\/uploads\/2022\/08\/cropped-cropped-logoban.jpg","contentUrl":"https:\/\/universnews224.com\/wp-content\/uploads\/2022\/08\/cropped-cropped-logoban.jpg","width":1080,"height":138,"caption":"UNIVERSNEWS224"},"image":{"@id":"https:\/\/universnews224.com\/#\/schema\/logo\/image\/"}},{"@type":"Person","@id":"https:\/\/universnews224.com\/#\/schema\/person\/a4b7d4f94a4716df60456a491260485e","name":"La R\u00e9daction","image":{"@type":"ImageObject","inLanguage":"fr-FR","@id":"https:\/\/universnews224.com\/#\/schema\/person\/image\/","url":"https:\/\/secure.gravatar.com\/avatar\/edb90acc7752b23e1b3307ad36c14f0d?s=96&d=mm&r=g","contentUrl":"https:\/\/secure.gravatar.com\/avatar\/edb90acc7752b23e1b3307ad36c14f0d?s=96&d=mm&r=g","caption":"La R\u00e9daction"},"sameAs":["https:\/\/universnews224.com"],"url":"https:\/\/universnews224.com\/index.php\/author\/m-camara\/"}]}},"_links":{"self":[{"href":"https:\/\/universnews224.com\/index.php\/wp-json\/wp\/v2\/posts\/3783"}],"collection":[{"href":"https:\/\/universnews224.com\/index.php\/wp-json\/wp\/v2\/posts"}],"about":[{"href":"https:\/\/universnews224.com\/index.php\/wp-json\/wp\/v2\/types\/post"}],"author":[{"embeddable":true,"href":"https:\/\/universnews224.com\/index.php\/wp-json\/wp\/v2\/users\/2"}],"replies":[{"embeddable":true,"href":"https:\/\/universnews224.com\/index.php\/wp-json\/wp\/v2\/comments?post=3783"}],"version-history":[{"count":1,"href":"https:\/\/universnews224.com\/index.php\/wp-json\/wp\/v2\/posts\/3783\/revisions"}],"predecessor-version":[{"id":3785,"href":"https:\/\/universnews224.com\/index.php\/wp-json\/wp\/v2\/posts\/3783\/revisions\/3785"}],"wp:featuredmedia":[{"embeddable":true,"href":"https:\/\/universnews224.com\/index.php\/wp-json\/wp\/v2\/media\/3784"}],"wp:attachment":[{"href":"https:\/\/universnews224.com\/index.php\/wp-json\/wp\/v2\/media?parent=3783"}],"wp:term":[{"taxonomy":"category","embeddable":true,"href":"https:\/\/universnews224.com\/index.php\/wp-json\/wp\/v2\/categories?post=3783"},{"taxonomy":"post_tag","embeddable":true,"href":"https:\/\/universnews224.com\/index.php\/wp-json\/wp\/v2\/tags?post=3783"}],"curies":[{"name":"wp","href":"https:\/\/api.w.org\/{rel}","templated":true}]}}