{"id":3803,"date":"2023-06-23T22:57:41","date_gmt":"2023-06-23T21:57:41","guid":{"rendered":"https:\/\/universnews224.com\/?p=3803"},"modified":"2023-06-23T22:57:41","modified_gmt":"2023-06-23T21:57:41","slug":"joachim-millimono-avertit-ousmane-gaoul-si-demain-a-un-congres-quelconque-il-sinvite-sans-y-etre-invite-il-sera-traite-comme-facteur-de-troubles","status":"publish","type":"post","link":"https:\/\/universnews224.com\/index.php\/joachim-millimono-avertit-ousmane-gaoul-si-demain-a-un-congres-quelconque-il-sinvite-sans-y-etre-invite-il-sera-traite-comme-facteur-de-troubles\/","title":{"rendered":"Joachim Millimono avertit Ousmane Gaoul: \u00abSi demain, \u00e0 un congr\u00e8s quelconque, il s\u2019invite sans y \u00eatre invit\u00e9, il sera trait\u00e9 comme facteur de troubles\u00bb"},"content":{"rendered":"<p class=\"p1\"><span class=\"s1\">Invit\u00e9 de l\u2019\u00e9mission \u00abMirador\u00bb de la radio Fim Fm,le responsable de communication de l\u2019Union des Forces D\u00e9mocratiques de Guin\u00e9e s\u2019est exprim\u00e9 ce vendredi, 23 juin 2023 sur les vell\u00e9it\u00e9s de l\u2019actuel ministre, porte-parole du gouvernement, Ousmane Gaoul Diallo, de briguer la t\u00eate de l\u2019UFDG au prochain congr\u00e8s. <\/span><\/p>\n<p class=\"p1\"><span class=\"s1\">Selon Joachim Baba Millimono, Ousmane Gaoul Diallo a \u00e9t\u00e9 exclu du parti , par cons\u00e9quent, il n\u2019est ni \u00e9ligible, ni \u00e9lecteur pour briguer les postes au sein de l\u2019UFDG. <\/span><\/p>\n<p class=\"p1\"><span class=\"s1\">\u00abLorsqu\u2019il \u00e9t\u00e9 exclu, il va deux (2) disponibilit\u00e9s: attaquer la d\u00e9cision au niveau du parti ou au niveau de la justice. La d\u00e9cision a \u00e9t\u00e9 prise le 1er juin 2022, nous sommes le 23 juin 2023. \u00c7a fait plus d\u2019un an, il vient parler de \u00e7a. \u00c0 l\u2019\u00e9poque, j\u2019ai d\u00e9fendu cette d\u00e9cision dans tous les m\u00e9dias, il n\u2019a pas daign\u00e9 faire un recours ni \u00e0 l\u2019interne et il n\u2019a pas \u00e9t\u00e9 en justice. Et plus d\u2019une ann\u00e9e apr\u00e8s, il vient de dire qu\u2019il ne veut briguer la t\u00eate de l\u2019UFDG. Il ne peut absolument rien, y compris en terme de recours judiciaire. \u00c0 partir du moment o\u00f9 il a \u00e9t\u00e9 exclu, conform\u00e9ment aux textes du parti , il ne peut ni \u00e9lecteur, ni \u00e9ligible \u00e0 quelques postes \u00e9lectifs \u00e0 l\u2019UFDG\u00bb <\/span><\/p>\n<p class=\"p1\"><span class=\"s1\">Poursuivant, le responsable de communication du parti dirig\u00e9 par Cellou Diallo hausse le ton en d\u00e9clarant ceci: <\/span><\/p>\n<p class=\"p1\"><span class=\"s1\">\u00abSi demain, \u00e0 une r\u00e9union quelconque, \u00e0 une assembl\u00e9e quelconque, \u00e0 un congr\u00e8s quelconque, il s\u2019invite sans y \u00eatre invit\u00e9, ayant perdu le statut de membre de l\u2019UFDG, il sera trait\u00e9 comme facteur de troubles\u00bb, a t-il soulign\u00e9 avant interpeller le CNRD et gouvernement rappeler Ousmane Gaoul \u00e0 l\u2019ordre <\/span><\/p>\n<p class=\"p1\"><span class=\"s1\">\u00abAlors que la charte de la transition interdit aux membres du gouvernement de candidater \u00e0 quelconque \u00e9lection, lui(Ousmane Gaoul), il d\u00e9clare vouloir briguer la t\u00eate d\u2019un parti politique, qui a pour objectif la conqu\u00eate du pouvoir, c\u2019est incongru. Et le gouvernement et le CNRD doivent se faire entendre et tirer toutes les cons\u00e9quences, nous<span class=\"Apple-converted-space\">\u00a0 <\/span>voulons les entendre. Faute de quoi, nous comprendrons qu\u2019il est en mission du CNRD qui sait qu\u2019il a \u00e9chou\u00e9 dans le projet d\u2019exclusion de Cellou Dalein Diallo \u00e0 travers le dossier judiciaire, Air Guin\u00e9e. Parce qu\u2019aujourd\u2019hui il y a m\u00eame des preuves mat\u00e9rielles du FMI qui blanchissent compl\u00e8tement Cellou Dalein Diallo\u00bb, a t-il martel\u00e9. <\/span><\/p>\n<p class=\"p1\"><span class=\"s1\">Camara Mamadouba <\/span><\/p>\n<p class=\"p1\"><span class=\"s1\">611 46 04 10 <\/span><\/p>\n","protected":false},"excerpt":{"rendered":"<p>Invit\u00e9 de l\u2019\u00e9mission \u00abMirador\u00bb de la radio Fim Fm,le responsable de communication de l\u2019Union des<\/p>\n","protected":false},"author":2,"featured_media":3804,"comment_status":"closed","ping_status":"open","sticky":false,"template":"","format":"standard","meta":[],"categories":[3,4],"tags":[229],"yoast_head":"<!-- This site is optimized with the Yoast SEO plugin v19.13 - https:\/\/yoast.com\/wordpress\/plugins\/seo\/ -->\n<title>Joachim Millimono avertit Ousmane Gaoul: \u00abSi demain, \u00e0 un congr\u00e8s quelconque, il s\u2019invite sans y \u00eatre invit\u00e9, il sera trait\u00e9 comme facteur de troubles\u00bb - UNIVERSNEWS224<\/title>\n<meta name=\"robots\" content=\"index, follow, max-snippet:-1, max-image-preview:large, max-video-preview:-1\" \/>\n<link rel=\"canonical\" href=\"https:\/\/universnews224.com\/index.php\/joachim-millimono-avertit-ousmane-gaoul-si-demain-a-un-congres-quelconque-il-sinvite-sans-y-etre-invite-il-sera-traite-comme-facteur-de-troubles\/\" \/>\n<meta property=\"og:locale\" content=\"fr_FR\" \/>\n<meta property=\"og:type\" content=\"article\" \/>\n<meta property=\"og:title\" content=\"Joachim Millimono avertit Ousmane Gaoul: \u00abSi demain, \u00e0 un congr\u00e8s quelconque, il s\u2019invite sans y \u00eatre invit\u00e9, il sera trait\u00e9 comme facteur de troubles\u00bb - UNIVERSNEWS224\" \/>\n<meta property=\"og:description\" content=\"Invit\u00e9 de l\u2019\u00e9mission \u00abMirador\u00bb de la radio Fim Fm,le responsable de communication de l\u2019Union des\" \/>\n<meta property=\"og:url\" content=\"https:\/\/universnews224.com\/index.php\/joachim-millimono-avertit-ousmane-gaoul-si-demain-a-un-congres-quelconque-il-sinvite-sans-y-etre-invite-il-sera-traite-comme-facteur-de-troubles\/\" \/>\n<meta property=\"og:site_name\" content=\"UNIVERSNEWS224\" \/>\n<meta property=\"article:published_time\" content=\"2023-06-23T21:57:41+00:00\" \/>\n<meta property=\"og:image\" content=\"https:\/\/universnews224.com\/wp-content\/uploads\/2023\/06\/4E827BCE-B67F-4C2B-8535-0B1F0BC69D8E.jpeg\" \/>\n\t<meta property=\"og:image:width\" content=\"1024\" \/>\n\t<meta property=\"og:image:height\" content=\"683\" \/>\n\t<meta property=\"og:image:type\" content=\"image\/jpeg\" \/>\n<meta name=\"author\" content=\"La R\u00e9daction\" \/>\n<meta name=\"twitter:label1\" content=\"\u00c9crit par\" \/>\n\t<meta name=\"twitter:data1\" content=\"La R\u00e9daction\" \/>\n\t<meta name=\"twitter:label2\" content=\"Dur\u00e9e de lecture estim\u00e9e\" \/>\n\t<meta name=\"twitter:data2\" content=\"2 minutes\" \/>\n<script type=\"application\/ld+json\" class=\"yoast-schema-graph\">{\"@context\":\"https:\/\/schema.org\",\"@graph\":[{\"@type\":\"Article\",\"@id\":\"https:\/\/universnews224.com\/index.php\/joachim-millimono-avertit-ousmane-gaoul-si-demain-a-un-congres-quelconque-il-sinvite-sans-y-etre-invite-il-sera-traite-comme-facteur-de-troubles\/#article\",\"isPartOf\":{\"@id\":\"https:\/\/universnews224.com\/index.php\/joachim-millimono-avertit-ousmane-gaoul-si-demain-a-un-congres-quelconque-il-sinvite-sans-y-etre-invite-il-sera-traite-comme-facteur-de-troubles\/\"},\"author\":{\"name\":\"La R\u00e9daction\",\"@id\":\"https:\/\/universnews224.com\/#\/schema\/person\/a4b7d4f94a4716df60456a491260485e\"},\"headline\":\"Joachim Millimono avertit Ousmane Gaoul: \u00abSi demain, \u00e0 un congr\u00e8s quelconque, il s\u2019invite sans y \u00eatre invit\u00e9, il sera trait\u00e9 comme facteur de troubles\u00bb\",\"datePublished\":\"2023-06-23T21:57:41+00:00\",\"dateModified\":\"2023-06-23T21:57:41+00:00\",\"mainEntityOfPage\":{\"@id\":\"https:\/\/universnews224.com\/index.php\/joachim-millimono-avertit-ousmane-gaoul-si-demain-a-un-congres-quelconque-il-sinvite-sans-y-etre-invite-il-sera-traite-comme-facteur-de-troubles\/\"},\"wordCount\":447,\"publisher\":{\"@id\":\"https:\/\/universnews224.com\/#organization\"},\"keywords\":[\"La une\"],\"articleSection\":[\"ACTU\",\"POLITIQUE\"],\"inLanguage\":\"fr-FR\"},{\"@type\":\"WebPage\",\"@id\":\"https:\/\/universnews224.com\/index.php\/joachim-millimono-avertit-ousmane-gaoul-si-demain-a-un-congres-quelconque-il-sinvite-sans-y-etre-invite-il-sera-traite-comme-facteur-de-troubles\/\",\"url\":\"https:\/\/universnews224.com\/index.php\/joachim-millimono-avertit-ousmane-gaoul-si-demain-a-un-congres-quelconque-il-sinvite-sans-y-etre-invite-il-sera-traite-comme-facteur-de-troubles\/\",\"name\":\"Joachim Millimono avertit Ousmane Gaoul: \u00abSi demain, \u00e0 un congr\u00e8s quelconque, il s\u2019invite sans y \u00eatre invit\u00e9, il sera trait\u00e9 comme facteur de troubles\u00bb - UNIVERSNEWS224\",\"isPartOf\":{\"@id\":\"https:\/\/universnews224.com\/#website\"},\"datePublished\":\"2023-06-23T21:57:41+00:00\",\"dateModified\":\"2023-06-23T21:57:41+00:00\",\"inLanguage\":\"fr-FR\",\"potentialAction\":[{\"@type\":\"ReadAction\",\"target\":[\"https:\/\/universnews224.com\/index.php\/joachim-millimono-avertit-ousmane-gaoul-si-demain-a-un-congres-quelconque-il-sinvite-sans-y-etre-invite-il-sera-traite-comme-facteur-de-troubles\/\"]}]},{\"@type\":\"WebSite\",\"@id\":\"https:\/\/universnews224.com\/#website\",\"url\":\"https:\/\/universnews224.com\/\",\"name\":\"UNIVERSNEWS224\",\"description\":\"\",\"publisher\":{\"@id\":\"https:\/\/universnews224.com\/#organization\"},\"potentialAction\":[{\"@type\":\"SearchAction\",\"target\":{\"@type\":\"EntryPoint\",\"urlTemplate\":\"https:\/\/universnews224.com\/?s={search_term_string}\"},\"query-input\":\"required name=search_term_string\"}],\"inLanguage\":\"fr-FR\"},{\"@type\":\"Organization\",\"@id\":\"https:\/\/universnews224.com\/#organization\",\"name\":\"UNIVERSNEWS224\",\"url\":\"https:\/\/universnews224.com\/\",\"logo\":{\"@type\":\"ImageObject\",\"inLanguage\":\"fr-FR\",\"@id\":\"https:\/\/universnews224.com\/#\/schema\/logo\/image\/\",\"url\":\"https:\/\/universnews224.com\/wp-content\/uploads\/2022\/08\/cropped-cropped-logoban.jpg\",\"contentUrl\":\"https:\/\/universnews224.com\/wp-content\/uploads\/2022\/08\/cropped-cropped-logoban.jpg\",\"width\":1080,\"height\":138,\"caption\":\"UNIVERSNEWS224\"},\"image\":{\"@id\":\"https:\/\/universnews224.com\/#\/schema\/logo\/image\/\"}},{\"@type\":\"Person\",\"@id\":\"https:\/\/universnews224.com\/#\/schema\/person\/a4b7d4f94a4716df60456a491260485e\",\"name\":\"La R\u00e9daction\",\"image\":{\"@type\":\"ImageObject\",\"inLanguage\":\"fr-FR\",\"@id\":\"https:\/\/universnews224.com\/#\/schema\/person\/image\/\",\"url\":\"https:\/\/secure.gravatar.com\/avatar\/edb90acc7752b23e1b3307ad36c14f0d?s=96&d=mm&r=g\",\"contentUrl\":\"https:\/\/secure.gravatar.com\/avatar\/edb90acc7752b23e1b3307ad36c14f0d?s=96&d=mm&r=g\",\"caption\":\"La R\u00e9daction\"},\"sameAs\":[\"https:\/\/universnews224.com\"],\"url\":\"https:\/\/universnews224.com\/index.php\/author\/m-camara\/\"}]}<\/script>\n<!-- \/ Yoast SEO plugin. -->","yoast_head_json":{"title":"Joachim Millimono avertit Ousmane Gaoul: \u00abSi demain, \u00e0 un congr\u00e8s quelconque, il s\u2019invite sans y \u00eatre invit\u00e9, il sera trait\u00e9 comme facteur de troubles\u00bb - UNIVERSNEWS224","robots":{"index":"index","follow":"follow","max-snippet":"max-snippet:-1","max-image-preview":"max-image-preview:large","max-video-preview":"max-video-preview:-1"},"canonical":"https:\/\/universnews224.com\/index.php\/joachim-millimono-avertit-ousmane-gaoul-si-demain-a-un-congres-quelconque-il-sinvite-sans-y-etre-invite-il-sera-traite-comme-facteur-de-troubles\/","og_locale":"fr_FR","og_type":"article","og_title":"Joachim Millimono avertit Ousmane Gaoul: \u00abSi demain, \u00e0 un congr\u00e8s quelconque, il s\u2019invite sans y \u00eatre invit\u00e9, il sera trait\u00e9 comme facteur de troubles\u00bb - UNIVERSNEWS224","og_description":"Invit\u00e9 de l\u2019\u00e9mission \u00abMirador\u00bb de la radio Fim Fm,le responsable de communication de l\u2019Union des","og_url":"https:\/\/universnews224.com\/index.php\/joachim-millimono-avertit-ousmane-gaoul-si-demain-a-un-congres-quelconque-il-sinvite-sans-y-etre-invite-il-sera-traite-comme-facteur-de-troubles\/","og_site_name":"UNIVERSNEWS224","article_published_time":"2023-06-23T21:57:41+00:00","og_image":[{"width":1024,"height":683,"url":"https:\/\/universnews224.com\/wp-content\/uploads\/2023\/06\/4E827BCE-B67F-4C2B-8535-0B1F0BC69D8E.jpeg","type":"image\/jpeg"}],"author":"La R\u00e9daction","twitter_misc":{"\u00c9crit par":"La R\u00e9daction","Dur\u00e9e de lecture estim\u00e9e":"2 minutes"},"schema":{"@context":"https:\/\/schema.org","@graph":[{"@type":"Article","@id":"https:\/\/universnews224.com\/index.php\/joachim-millimono-avertit-ousmane-gaoul-si-demain-a-un-congres-quelconque-il-sinvite-sans-y-etre-invite-il-sera-traite-comme-facteur-de-troubles\/#article","isPartOf":{"@id":"https:\/\/universnews224.com\/index.php\/joachim-millimono-avertit-ousmane-gaoul-si-demain-a-un-congres-quelconque-il-sinvite-sans-y-etre-invite-il-sera-traite-comme-facteur-de-troubles\/"},"author":{"name":"La R\u00e9daction","@id":"https:\/\/universnews224.com\/#\/schema\/person\/a4b7d4f94a4716df60456a491260485e"},"headline":"Joachim Millimono avertit Ousmane Gaoul: \u00abSi demain, \u00e0 un congr\u00e8s quelconque, il s\u2019invite sans y \u00eatre invit\u00e9, il sera trait\u00e9 comme facteur de troubles\u00bb","datePublished":"2023-06-23T21:57:41+00:00","dateModified":"2023-06-23T21:57:41+00:00","mainEntityOfPage":{"@id":"https:\/\/universnews224.com\/index.php\/joachim-millimono-avertit-ousmane-gaoul-si-demain-a-un-congres-quelconque-il-sinvite-sans-y-etre-invite-il-sera-traite-comme-facteur-de-troubles\/"},"wordCount":447,"publisher":{"@id":"https:\/\/universnews224.com\/#organization"},"keywords":["La une"],"articleSection":["ACTU","POLITIQUE"],"inLanguage":"fr-FR"},{"@type":"WebPage","@id":"https:\/\/universnews224.com\/index.php\/joachim-millimono-avertit-ousmane-gaoul-si-demain-a-un-congres-quelconque-il-sinvite-sans-y-etre-invite-il-sera-traite-comme-facteur-de-troubles\/","url":"https:\/\/universnews224.com\/index.php\/joachim-millimono-avertit-ousmane-gaoul-si-demain-a-un-congres-quelconque-il-sinvite-sans-y-etre-invite-il-sera-traite-comme-facteur-de-troubles\/","name":"Joachim Millimono avertit Ousmane Gaoul: \u00abSi demain, \u00e0 un congr\u00e8s quelconque, il s\u2019invite sans y \u00eatre invit\u00e9, il sera trait\u00e9 comme facteur de troubles\u00bb - UNIVERSNEWS224","isPartOf":{"@id":"https:\/\/universnews224.com\/#website"},"datePublished":"2023-06-23T21:57:41+00:00","dateModified":"2023-06-23T21:57:41+00:00","inLanguage":"fr-FR","potentialAction":[{"@type":"ReadAction","target":["https:\/\/universnews224.com\/index.php\/joachim-millimono-avertit-ousmane-gaoul-si-demain-a-un-congres-quelconque-il-sinvite-sans-y-etre-invite-il-sera-traite-comme-facteur-de-troubles\/"]}]},{"@type":"WebSite","@id":"https:\/\/universnews224.com\/#website","url":"https:\/\/universnews224.com\/","name":"UNIVERSNEWS224","description":"","publisher":{"@id":"https:\/\/universnews224.com\/#organization"},"potentialAction":[{"@type":"SearchAction","target":{"@type":"EntryPoint","urlTemplate":"https:\/\/universnews224.com\/?s={search_term_string}"},"query-input":"required name=search_term_string"}],"inLanguage":"fr-FR"},{"@type":"Organization","@id":"https:\/\/universnews224.com\/#organization","name":"UNIVERSNEWS224","url":"https:\/\/universnews224.com\/","logo":{"@type":"ImageObject","inLanguage":"fr-FR","@id":"https:\/\/universnews224.com\/#\/schema\/logo\/image\/","url":"https:\/\/universnews224.com\/wp-content\/uploads\/2022\/08\/cropped-cropped-logoban.jpg","contentUrl":"https:\/\/universnews224.com\/wp-content\/uploads\/2022\/08\/cropped-cropped-logoban.jpg","width":1080,"height":138,"caption":"UNIVERSNEWS224"},"image":{"@id":"https:\/\/universnews224.com\/#\/schema\/logo\/image\/"}},{"@type":"Person","@id":"https:\/\/universnews224.com\/#\/schema\/person\/a4b7d4f94a4716df60456a491260485e","name":"La R\u00e9daction","image":{"@type":"ImageObject","inLanguage":"fr-FR","@id":"https:\/\/universnews224.com\/#\/schema\/person\/image\/","url":"https:\/\/secure.gravatar.com\/avatar\/edb90acc7752b23e1b3307ad36c14f0d?s=96&d=mm&r=g","contentUrl":"https:\/\/secure.gravatar.com\/avatar\/edb90acc7752b23e1b3307ad36c14f0d?s=96&d=mm&r=g","caption":"La R\u00e9daction"},"sameAs":["https:\/\/universnews224.com"],"url":"https:\/\/universnews224.com\/index.php\/author\/m-camara\/"}]}},"_links":{"self":[{"href":"https:\/\/universnews224.com\/index.php\/wp-json\/wp\/v2\/posts\/3803"}],"collection":[{"href":"https:\/\/universnews224.com\/index.php\/wp-json\/wp\/v2\/posts"}],"about":[{"href":"https:\/\/universnews224.com\/index.php\/wp-json\/wp\/v2\/types\/post"}],"author":[{"embeddable":true,"href":"https:\/\/universnews224.com\/index.php\/wp-json\/wp\/v2\/users\/2"}],"replies":[{"embeddable":true,"href":"https:\/\/universnews224.com\/index.php\/wp-json\/wp\/v2\/comments?post=3803"}],"version-history":[{"count":1,"href":"https:\/\/universnews224.com\/index.php\/wp-json\/wp\/v2\/posts\/3803\/revisions"}],"predecessor-version":[{"id":3805,"href":"https:\/\/universnews224.com\/index.php\/wp-json\/wp\/v2\/posts\/3803\/revisions\/3805"}],"wp:featuredmedia":[{"embeddable":true,"href":"https:\/\/universnews224.com\/index.php\/wp-json\/wp\/v2\/media\/3804"}],"wp:attachment":[{"href":"https:\/\/universnews224.com\/index.php\/wp-json\/wp\/v2\/media?parent=3803"}],"wp:term":[{"taxonomy":"category","embeddable":true,"href":"https:\/\/universnews224.com\/index.php\/wp-json\/wp\/v2\/categories?post=3803"},{"taxonomy":"post_tag","embeddable":true,"href":"https:\/\/universnews224.com\/index.php\/wp-json\/wp\/v2\/tags?post=3803"}],"curies":[{"name":"wp","href":"https:\/\/api.w.org\/{rel}","templated":true}]}}