{"id":3812,"date":"2023-06-25T10:11:23","date_gmt":"2023-06-25T09:11:23","guid":{"rendered":"https:\/\/universnews224.com\/?p=3812"},"modified":"2023-06-25T10:11:23","modified_gmt":"2023-06-25T09:11:23","slug":"dr-bano-sow-previent-nous-avons-pris-lengagement-de-reprendre-les-manifestations-nous-le-ferons","status":"publish","type":"post","link":"https:\/\/universnews224.com\/index.php\/dr-bano-sow-previent-nous-avons-pris-lengagement-de-reprendre-les-manifestations-nous-le-ferons\/","title":{"rendered":"Dr. Bano Sow pr\u00e9vient : \u2018\u2019Nous avons pris l\u2019engagement de reprendre les manifestations, nous le ferons\u2019\u2019"},"content":{"rendered":"<p>En marge de l\u2019Assembl\u00e9e g\u00e9n\u00e9rale hebdomadaire de l\u2019Union des forces d\u00e9mocratiques de Guin\u00e9e (UFDG), ce samedi, 24 Juin 2023, Dr. Bano Sow, un des vice-pr\u00e9sidents de cette formation politique, a annonc\u00e9 la reprise des manifestations, juste apr\u00e8s la fin des examens nationaux et du p\u00e8lerinage \u00e0 la Mecque.<\/p>\n<p>Selon l\u2019ancien vice-pr\u00e9sident de la Commission \u00c9lectorale nationale ind\u00e9pendante (CENI), la d\u00e9cision de suspendre les manifestations a \u00e9t\u00e9 prise de commun accord avec les autres membres des forces vives de Guin\u00e9e. C\u2019est pourquoi, il pr\u00e9vient qu\u2019apr\u00e8s la fin des examens nationaux et du P\u00e8lerinage \u00e0 la Mecque, celles-ci vont reprendre sur toute l\u2019\u00e9tendue du territoire national.<\/p>\n<p>\u2018\u2019Rappelez-vous que les forces vives ont demand\u00e9 de suspendre les manifestations jusqu\u2019\u00e0 la fin des examens et du p\u00e8lerinage. Nous avons pris l\u2019engagement de reprendre les manifestations, nous le ferons. Il n\u2019y a rien qui nous emp\u00eacherait d\u2019exercer notre droit d\u2019avoir des manifestations pacifiques. L\u2019avantage de mettre les structures du parti en place, c\u2019est que, s\u2019ils nous montrent la force comme ils en ont l\u2019habitude, en sortant des blind\u00e9s, en sortant tout le camp, chaque comit\u00e9 de base organisera un sit-in dans son comit\u00e9 de base et ainsi, nous aurons toute la ville de Conakry o\u00f9 nous serons pr\u00e9sents. \u00c7a sera une autre forme de manifestation. Nous respecterons notre engagement. D\u00e8s la fin des examens et du p\u00e8lerinage, nous allons reprendre les manifestations au premier mot d\u2019ordre des forces vives\u2019\u2019, a averti ce haut responsable de l\u2019UFDG.<\/p>\n<p>Lerevelateur<\/p>\n","protected":false},"excerpt":{"rendered":"<p>En marge de l\u2019Assembl\u00e9e g\u00e9n\u00e9rale hebdomadaire de l\u2019Union des forces d\u00e9mocratiques de Guin\u00e9e (UFDG), ce<\/p>\n","protected":false},"author":2,"featured_media":3813,"comment_status":"closed","ping_status":"open","sticky":false,"template":"","format":"standard","meta":[],"categories":[3,4],"tags":[229],"yoast_head":"<!-- This site is optimized with the Yoast SEO plugin v19.13 - https:\/\/yoast.com\/wordpress\/plugins\/seo\/ -->\n<title>Dr. Bano Sow pr\u00e9vient : \u2018\u2019Nous avons pris l\u2019engagement de reprendre les manifestations, nous le ferons\u2019\u2019 - UNIVERSNEWS224<\/title>\n<meta name=\"robots\" content=\"index, follow, max-snippet:-1, max-image-preview:large, max-video-preview:-1\" \/>\n<link rel=\"canonical\" href=\"https:\/\/universnews224.com\/index.php\/dr-bano-sow-previent-nous-avons-pris-lengagement-de-reprendre-les-manifestations-nous-le-ferons\/\" \/>\n<meta property=\"og:locale\" content=\"fr_FR\" \/>\n<meta property=\"og:type\" content=\"article\" \/>\n<meta property=\"og:title\" content=\"Dr. Bano Sow pr\u00e9vient : \u2018\u2019Nous avons pris l\u2019engagement de reprendre les manifestations, nous le ferons\u2019\u2019 - UNIVERSNEWS224\" \/>\n<meta property=\"og:description\" content=\"En marge de l\u2019Assembl\u00e9e g\u00e9n\u00e9rale hebdomadaire de l\u2019Union des forces d\u00e9mocratiques de Guin\u00e9e (UFDG), ce\" \/>\n<meta property=\"og:url\" content=\"https:\/\/universnews224.com\/index.php\/dr-bano-sow-previent-nous-avons-pris-lengagement-de-reprendre-les-manifestations-nous-le-ferons\/\" \/>\n<meta property=\"og:site_name\" content=\"UNIVERSNEWS224\" \/>\n<meta property=\"article:published_time\" content=\"2023-06-25T09:11:23+00:00\" \/>\n<meta property=\"og:image\" content=\"https:\/\/universnews224.com\/wp-content\/uploads\/2023\/06\/021E8503-C25B-4170-8378-689498745BDC.png\" \/>\n\t<meta property=\"og:image:width\" content=\"384\" \/>\n\t<meta property=\"og:image:height\" content=\"255\" \/>\n\t<meta property=\"og:image:type\" content=\"image\/png\" \/>\n<meta name=\"author\" content=\"La R\u00e9daction\" \/>\n<meta name=\"twitter:label1\" content=\"\u00c9crit par\" \/>\n\t<meta name=\"twitter:data1\" content=\"La R\u00e9daction\" \/>\n\t<meta name=\"twitter:label2\" content=\"Dur\u00e9e de lecture estim\u00e9e\" \/>\n\t<meta name=\"twitter:data2\" content=\"2 minutes\" \/>\n<script type=\"application\/ld+json\" class=\"yoast-schema-graph\">{\"@context\":\"https:\/\/schema.org\",\"@graph\":[{\"@type\":\"Article\",\"@id\":\"https:\/\/universnews224.com\/index.php\/dr-bano-sow-previent-nous-avons-pris-lengagement-de-reprendre-les-manifestations-nous-le-ferons\/#article\",\"isPartOf\":{\"@id\":\"https:\/\/universnews224.com\/index.php\/dr-bano-sow-previent-nous-avons-pris-lengagement-de-reprendre-les-manifestations-nous-le-ferons\/\"},\"author\":{\"name\":\"La R\u00e9daction\",\"@id\":\"https:\/\/universnews224.com\/#\/schema\/person\/a4b7d4f94a4716df60456a491260485e\"},\"headline\":\"Dr. Bano Sow pr\u00e9vient : \u2018\u2019Nous avons pris l\u2019engagement de reprendre les manifestations, nous le ferons\u2019\u2019\",\"datePublished\":\"2023-06-25T09:11:23+00:00\",\"dateModified\":\"2023-06-25T09:11:23+00:00\",\"mainEntityOfPage\":{\"@id\":\"https:\/\/universnews224.com\/index.php\/dr-bano-sow-previent-nous-avons-pris-lengagement-de-reprendre-les-manifestations-nous-le-ferons\/\"},\"wordCount\":292,\"publisher\":{\"@id\":\"https:\/\/universnews224.com\/#organization\"},\"keywords\":[\"La une\"],\"articleSection\":[\"ACTU\",\"POLITIQUE\"],\"inLanguage\":\"fr-FR\"},{\"@type\":\"WebPage\",\"@id\":\"https:\/\/universnews224.com\/index.php\/dr-bano-sow-previent-nous-avons-pris-lengagement-de-reprendre-les-manifestations-nous-le-ferons\/\",\"url\":\"https:\/\/universnews224.com\/index.php\/dr-bano-sow-previent-nous-avons-pris-lengagement-de-reprendre-les-manifestations-nous-le-ferons\/\",\"name\":\"Dr. Bano Sow pr\u00e9vient : \u2018\u2019Nous avons pris l\u2019engagement de reprendre les manifestations, nous le ferons\u2019\u2019 - UNIVERSNEWS224\",\"isPartOf\":{\"@id\":\"https:\/\/universnews224.com\/#website\"},\"datePublished\":\"2023-06-25T09:11:23+00:00\",\"dateModified\":\"2023-06-25T09:11:23+00:00\",\"inLanguage\":\"fr-FR\",\"potentialAction\":[{\"@type\":\"ReadAction\",\"target\":[\"https:\/\/universnews224.com\/index.php\/dr-bano-sow-previent-nous-avons-pris-lengagement-de-reprendre-les-manifestations-nous-le-ferons\/\"]}]},{\"@type\":\"WebSite\",\"@id\":\"https:\/\/universnews224.com\/#website\",\"url\":\"https:\/\/universnews224.com\/\",\"name\":\"UNIVERSNEWS224\",\"description\":\"\",\"publisher\":{\"@id\":\"https:\/\/universnews224.com\/#organization\"},\"potentialAction\":[{\"@type\":\"SearchAction\",\"target\":{\"@type\":\"EntryPoint\",\"urlTemplate\":\"https:\/\/universnews224.com\/?s={search_term_string}\"},\"query-input\":\"required name=search_term_string\"}],\"inLanguage\":\"fr-FR\"},{\"@type\":\"Organization\",\"@id\":\"https:\/\/universnews224.com\/#organization\",\"name\":\"UNIVERSNEWS224\",\"url\":\"https:\/\/universnews224.com\/\",\"logo\":{\"@type\":\"ImageObject\",\"inLanguage\":\"fr-FR\",\"@id\":\"https:\/\/universnews224.com\/#\/schema\/logo\/image\/\",\"url\":\"https:\/\/universnews224.com\/wp-content\/uploads\/2022\/08\/cropped-cropped-logoban.jpg\",\"contentUrl\":\"https:\/\/universnews224.com\/wp-content\/uploads\/2022\/08\/cropped-cropped-logoban.jpg\",\"width\":1080,\"height\":138,\"caption\":\"UNIVERSNEWS224\"},\"image\":{\"@id\":\"https:\/\/universnews224.com\/#\/schema\/logo\/image\/\"}},{\"@type\":\"Person\",\"@id\":\"https:\/\/universnews224.com\/#\/schema\/person\/a4b7d4f94a4716df60456a491260485e\",\"name\":\"La R\u00e9daction\",\"image\":{\"@type\":\"ImageObject\",\"inLanguage\":\"fr-FR\",\"@id\":\"https:\/\/universnews224.com\/#\/schema\/person\/image\/\",\"url\":\"https:\/\/secure.gravatar.com\/avatar\/edb90acc7752b23e1b3307ad36c14f0d?s=96&d=mm&r=g\",\"contentUrl\":\"https:\/\/secure.gravatar.com\/avatar\/edb90acc7752b23e1b3307ad36c14f0d?s=96&d=mm&r=g\",\"caption\":\"La R\u00e9daction\"},\"sameAs\":[\"https:\/\/universnews224.com\"],\"url\":\"https:\/\/universnews224.com\/index.php\/author\/m-camara\/\"}]}<\/script>\n<!-- \/ Yoast SEO plugin. -->","yoast_head_json":{"title":"Dr. Bano Sow pr\u00e9vient : \u2018\u2019Nous avons pris l\u2019engagement de reprendre les manifestations, nous le ferons\u2019\u2019 - UNIVERSNEWS224","robots":{"index":"index","follow":"follow","max-snippet":"max-snippet:-1","max-image-preview":"max-image-preview:large","max-video-preview":"max-video-preview:-1"},"canonical":"https:\/\/universnews224.com\/index.php\/dr-bano-sow-previent-nous-avons-pris-lengagement-de-reprendre-les-manifestations-nous-le-ferons\/","og_locale":"fr_FR","og_type":"article","og_title":"Dr. Bano Sow pr\u00e9vient : \u2018\u2019Nous avons pris l\u2019engagement de reprendre les manifestations, nous le ferons\u2019\u2019 - UNIVERSNEWS224","og_description":"En marge de l\u2019Assembl\u00e9e g\u00e9n\u00e9rale hebdomadaire de l\u2019Union des forces d\u00e9mocratiques de Guin\u00e9e (UFDG), ce","og_url":"https:\/\/universnews224.com\/index.php\/dr-bano-sow-previent-nous-avons-pris-lengagement-de-reprendre-les-manifestations-nous-le-ferons\/","og_site_name":"UNIVERSNEWS224","article_published_time":"2023-06-25T09:11:23+00:00","og_image":[{"width":384,"height":255,"url":"https:\/\/universnews224.com\/wp-content\/uploads\/2023\/06\/021E8503-C25B-4170-8378-689498745BDC.png","type":"image\/png"}],"author":"La R\u00e9daction","twitter_misc":{"\u00c9crit par":"La R\u00e9daction","Dur\u00e9e de lecture estim\u00e9e":"2 minutes"},"schema":{"@context":"https:\/\/schema.org","@graph":[{"@type":"Article","@id":"https:\/\/universnews224.com\/index.php\/dr-bano-sow-previent-nous-avons-pris-lengagement-de-reprendre-les-manifestations-nous-le-ferons\/#article","isPartOf":{"@id":"https:\/\/universnews224.com\/index.php\/dr-bano-sow-previent-nous-avons-pris-lengagement-de-reprendre-les-manifestations-nous-le-ferons\/"},"author":{"name":"La R\u00e9daction","@id":"https:\/\/universnews224.com\/#\/schema\/person\/a4b7d4f94a4716df60456a491260485e"},"headline":"Dr. Bano Sow pr\u00e9vient : \u2018\u2019Nous avons pris l\u2019engagement de reprendre les manifestations, nous le ferons\u2019\u2019","datePublished":"2023-06-25T09:11:23+00:00","dateModified":"2023-06-25T09:11:23+00:00","mainEntityOfPage":{"@id":"https:\/\/universnews224.com\/index.php\/dr-bano-sow-previent-nous-avons-pris-lengagement-de-reprendre-les-manifestations-nous-le-ferons\/"},"wordCount":292,"publisher":{"@id":"https:\/\/universnews224.com\/#organization"},"keywords":["La une"],"articleSection":["ACTU","POLITIQUE"],"inLanguage":"fr-FR"},{"@type":"WebPage","@id":"https:\/\/universnews224.com\/index.php\/dr-bano-sow-previent-nous-avons-pris-lengagement-de-reprendre-les-manifestations-nous-le-ferons\/","url":"https:\/\/universnews224.com\/index.php\/dr-bano-sow-previent-nous-avons-pris-lengagement-de-reprendre-les-manifestations-nous-le-ferons\/","name":"Dr. Bano Sow pr\u00e9vient : \u2018\u2019Nous avons pris l\u2019engagement de reprendre les manifestations, nous le ferons\u2019\u2019 - UNIVERSNEWS224","isPartOf":{"@id":"https:\/\/universnews224.com\/#website"},"datePublished":"2023-06-25T09:11:23+00:00","dateModified":"2023-06-25T09:11:23+00:00","inLanguage":"fr-FR","potentialAction":[{"@type":"ReadAction","target":["https:\/\/universnews224.com\/index.php\/dr-bano-sow-previent-nous-avons-pris-lengagement-de-reprendre-les-manifestations-nous-le-ferons\/"]}]},{"@type":"WebSite","@id":"https:\/\/universnews224.com\/#website","url":"https:\/\/universnews224.com\/","name":"UNIVERSNEWS224","description":"","publisher":{"@id":"https:\/\/universnews224.com\/#organization"},"potentialAction":[{"@type":"SearchAction","target":{"@type":"EntryPoint","urlTemplate":"https:\/\/universnews224.com\/?s={search_term_string}"},"query-input":"required name=search_term_string"}],"inLanguage":"fr-FR"},{"@type":"Organization","@id":"https:\/\/universnews224.com\/#organization","name":"UNIVERSNEWS224","url":"https:\/\/universnews224.com\/","logo":{"@type":"ImageObject","inLanguage":"fr-FR","@id":"https:\/\/universnews224.com\/#\/schema\/logo\/image\/","url":"https:\/\/universnews224.com\/wp-content\/uploads\/2022\/08\/cropped-cropped-logoban.jpg","contentUrl":"https:\/\/universnews224.com\/wp-content\/uploads\/2022\/08\/cropped-cropped-logoban.jpg","width":1080,"height":138,"caption":"UNIVERSNEWS224"},"image":{"@id":"https:\/\/universnews224.com\/#\/schema\/logo\/image\/"}},{"@type":"Person","@id":"https:\/\/universnews224.com\/#\/schema\/person\/a4b7d4f94a4716df60456a491260485e","name":"La R\u00e9daction","image":{"@type":"ImageObject","inLanguage":"fr-FR","@id":"https:\/\/universnews224.com\/#\/schema\/person\/image\/","url":"https:\/\/secure.gravatar.com\/avatar\/edb90acc7752b23e1b3307ad36c14f0d?s=96&d=mm&r=g","contentUrl":"https:\/\/secure.gravatar.com\/avatar\/edb90acc7752b23e1b3307ad36c14f0d?s=96&d=mm&r=g","caption":"La R\u00e9daction"},"sameAs":["https:\/\/universnews224.com"],"url":"https:\/\/universnews224.com\/index.php\/author\/m-camara\/"}]}},"_links":{"self":[{"href":"https:\/\/universnews224.com\/index.php\/wp-json\/wp\/v2\/posts\/3812"}],"collection":[{"href":"https:\/\/universnews224.com\/index.php\/wp-json\/wp\/v2\/posts"}],"about":[{"href":"https:\/\/universnews224.com\/index.php\/wp-json\/wp\/v2\/types\/post"}],"author":[{"embeddable":true,"href":"https:\/\/universnews224.com\/index.php\/wp-json\/wp\/v2\/users\/2"}],"replies":[{"embeddable":true,"href":"https:\/\/universnews224.com\/index.php\/wp-json\/wp\/v2\/comments?post=3812"}],"version-history":[{"count":1,"href":"https:\/\/universnews224.com\/index.php\/wp-json\/wp\/v2\/posts\/3812\/revisions"}],"predecessor-version":[{"id":3814,"href":"https:\/\/universnews224.com\/index.php\/wp-json\/wp\/v2\/posts\/3812\/revisions\/3814"}],"wp:featuredmedia":[{"embeddable":true,"href":"https:\/\/universnews224.com\/index.php\/wp-json\/wp\/v2\/media\/3813"}],"wp:attachment":[{"href":"https:\/\/universnews224.com\/index.php\/wp-json\/wp\/v2\/media?parent=3812"}],"wp:term":[{"taxonomy":"category","embeddable":true,"href":"https:\/\/universnews224.com\/index.php\/wp-json\/wp\/v2\/categories?post=3812"},{"taxonomy":"post_tag","embeddable":true,"href":"https:\/\/universnews224.com\/index.php\/wp-json\/wp\/v2\/tags?post=3812"}],"curies":[{"name":"wp","href":"https:\/\/api.w.org\/{rel}","templated":true}]}}