{"id":3817,"date":"2023-06-26T18:20:53","date_gmt":"2023-06-26T17:20:53","guid":{"rendered":"https:\/\/universnews224.com\/?p=3817"},"modified":"2023-06-26T18:20:53","modified_gmt":"2023-06-26T17:20:53","slug":"ousmane-gaoul-sur-le-retour-de-cellou-en-guineeil-viendra-quand-il-voudra-et-dans-les-conditions-quil-voudra","status":"publish","type":"post","link":"https:\/\/universnews224.com\/index.php\/ousmane-gaoul-sur-le-retour-de-cellou-en-guineeil-viendra-quand-il-voudra-et-dans-les-conditions-quil-voudra\/","title":{"rendered":"Ousmane Gaoul sur le retour de Cellou en Guin\u00e9e:\u00abIl viendra quand il voudra et dans les conditions qu\u2019il voudra\u00bb"},"content":{"rendered":"<p class=\"p1\">Le ministre porte-parole du gouvernement, Ousmane Gaoul Diallo s\u2019est prononc\u00e9 sur le retour annonc\u00e9 du leader de l\u2019Union des Forces D\u00e9mocratiques de Guin\u00e9e (UFDG), Elhadj Cellou Dalein Diallo.<\/p>\n<p class=\"p1\"><span class=\"s1\">Invit\u00e9 de l\u2019\u00e9mission \u00abMirador\u00bb de la radio Fim Fm le 21 juin dernier, le ministre des Postes, de T\u00e9l\u00e9communication et l\u2019Economie Num\u00e9rique a indiqu\u00e9 le pr\u00e9sident de l\u2019UFDG est librement de rentrer en Guin\u00e9e quand il souhaite. <\/span><\/p>\n<p class=\"p1\"><span class=\"s1\">\u00abCellou Dalein est parti ici librement, le jour o\u00f9 qu\u2019il d\u00e9cidera de rentrer, il n y a pas aucune interdiction par les autorit\u00e9s \u00e0 Cellou de ne pas retourner en Guin\u00e9e. Il viendra quand il voudra et dans les conditions qu\u2019il voudra, parce que cela d\u00e9pend de lui. Et je pense que \u00e7a c\u2019est un droit personnel, qu\u2019il veut exercer le moment qu\u2019il aura choisi. Je n\u2019ai pas de commentaire sur \u00e7a. Parce que s\u2019il y avait des dispositions de l\u2019Etat pour l\u2019interdire de venir, on allait en faire un \u00e9v\u00e9nement, mais il y a aucune disposition qui interdit \u00e0 Cellou de rentrer en Guin\u00e9e\u00bb, a t-il martel\u00e9. <\/span><\/p>\n<p class=\"p1\"><span class=\"s1\">Camara Mamadouba <\/span><\/p>\n<p class=\"p1\"><span class=\"s1\">611 46 04 10 <\/span><\/p>\n","protected":false},"excerpt":{"rendered":"<p>Le ministre porte-parole du gouvernement, Ousmane Gaoul Diallo s\u2019est prononc\u00e9 sur le retour annonc\u00e9 du<\/p>\n","protected":false},"author":2,"featured_media":3784,"comment_status":"closed","ping_status":"open","sticky":false,"template":"","format":"standard","meta":[],"categories":[3,4],"tags":[229],"yoast_head":"<!-- This site is optimized with the Yoast SEO plugin v19.13 - https:\/\/yoast.com\/wordpress\/plugins\/seo\/ -->\n<title>Ousmane Gaoul sur le retour de Cellou en Guin\u00e9e:\u00abIl viendra quand il voudra et dans les conditions qu\u2019il voudra\u00bb - UNIVERSNEWS224<\/title>\n<meta name=\"robots\" content=\"index, follow, max-snippet:-1, max-image-preview:large, max-video-preview:-1\" \/>\n<link rel=\"canonical\" href=\"https:\/\/universnews224.com\/index.php\/ousmane-gaoul-sur-le-retour-de-cellou-en-guineeil-viendra-quand-il-voudra-et-dans-les-conditions-quil-voudra\/\" \/>\n<meta property=\"og:locale\" content=\"fr_FR\" \/>\n<meta property=\"og:type\" content=\"article\" \/>\n<meta property=\"og:title\" content=\"Ousmane Gaoul sur le retour de Cellou en Guin\u00e9e:\u00abIl viendra quand il voudra et dans les conditions qu\u2019il voudra\u00bb - UNIVERSNEWS224\" \/>\n<meta property=\"og:description\" content=\"Le ministre porte-parole du gouvernement, Ousmane Gaoul Diallo s\u2019est prononc\u00e9 sur le retour annonc\u00e9 du\" \/>\n<meta property=\"og:url\" content=\"https:\/\/universnews224.com\/index.php\/ousmane-gaoul-sur-le-retour-de-cellou-en-guineeil-viendra-quand-il-voudra-et-dans-les-conditions-quil-voudra\/\" \/>\n<meta property=\"og:site_name\" content=\"UNIVERSNEWS224\" \/>\n<meta property=\"article:published_time\" content=\"2023-06-26T17:20:53+00:00\" \/>\n<meta property=\"og:image\" content=\"https:\/\/universnews224.com\/wp-content\/uploads\/2023\/06\/001FB9D0-8FA0-4861-90E9-866E8D4BBF90.jpeg\" \/>\n\t<meta property=\"og:image:width\" content=\"765\" \/>\n\t<meta property=\"og:image:height\" content=\"582\" \/>\n\t<meta property=\"og:image:type\" content=\"image\/jpeg\" \/>\n<meta name=\"author\" content=\"La R\u00e9daction\" \/>\n<meta name=\"twitter:label1\" content=\"\u00c9crit par\" \/>\n\t<meta name=\"twitter:data1\" content=\"La R\u00e9daction\" \/>\n\t<meta name=\"twitter:label2\" content=\"Dur\u00e9e de lecture estim\u00e9e\" \/>\n\t<meta name=\"twitter:data2\" content=\"1 minute\" \/>\n<script type=\"application\/ld+json\" class=\"yoast-schema-graph\">{\"@context\":\"https:\/\/schema.org\",\"@graph\":[{\"@type\":\"Article\",\"@id\":\"https:\/\/universnews224.com\/index.php\/ousmane-gaoul-sur-le-retour-de-cellou-en-guineeil-viendra-quand-il-voudra-et-dans-les-conditions-quil-voudra\/#article\",\"isPartOf\":{\"@id\":\"https:\/\/universnews224.com\/index.php\/ousmane-gaoul-sur-le-retour-de-cellou-en-guineeil-viendra-quand-il-voudra-et-dans-les-conditions-quil-voudra\/\"},\"author\":{\"name\":\"La R\u00e9daction\",\"@id\":\"https:\/\/universnews224.com\/#\/schema\/person\/a4b7d4f94a4716df60456a491260485e\"},\"headline\":\"Ousmane Gaoul sur le retour de Cellou en Guin\u00e9e:\u00abIl viendra quand il voudra et dans les conditions qu\u2019il voudra\u00bb\",\"datePublished\":\"2023-06-26T17:20:53+00:00\",\"dateModified\":\"2023-06-26T17:20:53+00:00\",\"mainEntityOfPage\":{\"@id\":\"https:\/\/universnews224.com\/index.php\/ousmane-gaoul-sur-le-retour-de-cellou-en-guineeil-viendra-quand-il-voudra-et-dans-les-conditions-quil-voudra\/\"},\"wordCount\":221,\"publisher\":{\"@id\":\"https:\/\/universnews224.com\/#organization\"},\"keywords\":[\"La une\"],\"articleSection\":[\"ACTU\",\"POLITIQUE\"],\"inLanguage\":\"fr-FR\"},{\"@type\":\"WebPage\",\"@id\":\"https:\/\/universnews224.com\/index.php\/ousmane-gaoul-sur-le-retour-de-cellou-en-guineeil-viendra-quand-il-voudra-et-dans-les-conditions-quil-voudra\/\",\"url\":\"https:\/\/universnews224.com\/index.php\/ousmane-gaoul-sur-le-retour-de-cellou-en-guineeil-viendra-quand-il-voudra-et-dans-les-conditions-quil-voudra\/\",\"name\":\"Ousmane Gaoul sur le retour de Cellou en Guin\u00e9e:\u00abIl viendra quand il voudra et dans les conditions qu\u2019il voudra\u00bb - UNIVERSNEWS224\",\"isPartOf\":{\"@id\":\"https:\/\/universnews224.com\/#website\"},\"datePublished\":\"2023-06-26T17:20:53+00:00\",\"dateModified\":\"2023-06-26T17:20:53+00:00\",\"inLanguage\":\"fr-FR\",\"potentialAction\":[{\"@type\":\"ReadAction\",\"target\":[\"https:\/\/universnews224.com\/index.php\/ousmane-gaoul-sur-le-retour-de-cellou-en-guineeil-viendra-quand-il-voudra-et-dans-les-conditions-quil-voudra\/\"]}]},{\"@type\":\"WebSite\",\"@id\":\"https:\/\/universnews224.com\/#website\",\"url\":\"https:\/\/universnews224.com\/\",\"name\":\"UNIVERSNEWS224\",\"description\":\"\",\"publisher\":{\"@id\":\"https:\/\/universnews224.com\/#organization\"},\"potentialAction\":[{\"@type\":\"SearchAction\",\"target\":{\"@type\":\"EntryPoint\",\"urlTemplate\":\"https:\/\/universnews224.com\/?s={search_term_string}\"},\"query-input\":\"required name=search_term_string\"}],\"inLanguage\":\"fr-FR\"},{\"@type\":\"Organization\",\"@id\":\"https:\/\/universnews224.com\/#organization\",\"name\":\"UNIVERSNEWS224\",\"url\":\"https:\/\/universnews224.com\/\",\"logo\":{\"@type\":\"ImageObject\",\"inLanguage\":\"fr-FR\",\"@id\":\"https:\/\/universnews224.com\/#\/schema\/logo\/image\/\",\"url\":\"https:\/\/universnews224.com\/wp-content\/uploads\/2022\/08\/cropped-cropped-logoban.jpg\",\"contentUrl\":\"https:\/\/universnews224.com\/wp-content\/uploads\/2022\/08\/cropped-cropped-logoban.jpg\",\"width\":1080,\"height\":138,\"caption\":\"UNIVERSNEWS224\"},\"image\":{\"@id\":\"https:\/\/universnews224.com\/#\/schema\/logo\/image\/\"}},{\"@type\":\"Person\",\"@id\":\"https:\/\/universnews224.com\/#\/schema\/person\/a4b7d4f94a4716df60456a491260485e\",\"name\":\"La R\u00e9daction\",\"image\":{\"@type\":\"ImageObject\",\"inLanguage\":\"fr-FR\",\"@id\":\"https:\/\/universnews224.com\/#\/schema\/person\/image\/\",\"url\":\"https:\/\/secure.gravatar.com\/avatar\/edb90acc7752b23e1b3307ad36c14f0d?s=96&d=mm&r=g\",\"contentUrl\":\"https:\/\/secure.gravatar.com\/avatar\/edb90acc7752b23e1b3307ad36c14f0d?s=96&d=mm&r=g\",\"caption\":\"La R\u00e9daction\"},\"sameAs\":[\"https:\/\/universnews224.com\"],\"url\":\"https:\/\/universnews224.com\/index.php\/author\/m-camara\/\"}]}<\/script>\n<!-- \/ Yoast SEO plugin. -->","yoast_head_json":{"title":"Ousmane Gaoul sur le retour de Cellou en Guin\u00e9e:\u00abIl viendra quand il voudra et dans les conditions qu\u2019il voudra\u00bb - UNIVERSNEWS224","robots":{"index":"index","follow":"follow","max-snippet":"max-snippet:-1","max-image-preview":"max-image-preview:large","max-video-preview":"max-video-preview:-1"},"canonical":"https:\/\/universnews224.com\/index.php\/ousmane-gaoul-sur-le-retour-de-cellou-en-guineeil-viendra-quand-il-voudra-et-dans-les-conditions-quil-voudra\/","og_locale":"fr_FR","og_type":"article","og_title":"Ousmane Gaoul sur le retour de Cellou en Guin\u00e9e:\u00abIl viendra quand il voudra et dans les conditions qu\u2019il voudra\u00bb - UNIVERSNEWS224","og_description":"Le ministre porte-parole du gouvernement, Ousmane Gaoul Diallo s\u2019est prononc\u00e9 sur le retour annonc\u00e9 du","og_url":"https:\/\/universnews224.com\/index.php\/ousmane-gaoul-sur-le-retour-de-cellou-en-guineeil-viendra-quand-il-voudra-et-dans-les-conditions-quil-voudra\/","og_site_name":"UNIVERSNEWS224","article_published_time":"2023-06-26T17:20:53+00:00","og_image":[{"width":765,"height":582,"url":"https:\/\/universnews224.com\/wp-content\/uploads\/2023\/06\/001FB9D0-8FA0-4861-90E9-866E8D4BBF90.jpeg","type":"image\/jpeg"}],"author":"La R\u00e9daction","twitter_misc":{"\u00c9crit par":"La R\u00e9daction","Dur\u00e9e de lecture estim\u00e9e":"1 minute"},"schema":{"@context":"https:\/\/schema.org","@graph":[{"@type":"Article","@id":"https:\/\/universnews224.com\/index.php\/ousmane-gaoul-sur-le-retour-de-cellou-en-guineeil-viendra-quand-il-voudra-et-dans-les-conditions-quil-voudra\/#article","isPartOf":{"@id":"https:\/\/universnews224.com\/index.php\/ousmane-gaoul-sur-le-retour-de-cellou-en-guineeil-viendra-quand-il-voudra-et-dans-les-conditions-quil-voudra\/"},"author":{"name":"La R\u00e9daction","@id":"https:\/\/universnews224.com\/#\/schema\/person\/a4b7d4f94a4716df60456a491260485e"},"headline":"Ousmane Gaoul sur le retour de Cellou en Guin\u00e9e:\u00abIl viendra quand il voudra et dans les conditions qu\u2019il voudra\u00bb","datePublished":"2023-06-26T17:20:53+00:00","dateModified":"2023-06-26T17:20:53+00:00","mainEntityOfPage":{"@id":"https:\/\/universnews224.com\/index.php\/ousmane-gaoul-sur-le-retour-de-cellou-en-guineeil-viendra-quand-il-voudra-et-dans-les-conditions-quil-voudra\/"},"wordCount":221,"publisher":{"@id":"https:\/\/universnews224.com\/#organization"},"keywords":["La une"],"articleSection":["ACTU","POLITIQUE"],"inLanguage":"fr-FR"},{"@type":"WebPage","@id":"https:\/\/universnews224.com\/index.php\/ousmane-gaoul-sur-le-retour-de-cellou-en-guineeil-viendra-quand-il-voudra-et-dans-les-conditions-quil-voudra\/","url":"https:\/\/universnews224.com\/index.php\/ousmane-gaoul-sur-le-retour-de-cellou-en-guineeil-viendra-quand-il-voudra-et-dans-les-conditions-quil-voudra\/","name":"Ousmane Gaoul sur le retour de Cellou en Guin\u00e9e:\u00abIl viendra quand il voudra et dans les conditions qu\u2019il voudra\u00bb - UNIVERSNEWS224","isPartOf":{"@id":"https:\/\/universnews224.com\/#website"},"datePublished":"2023-06-26T17:20:53+00:00","dateModified":"2023-06-26T17:20:53+00:00","inLanguage":"fr-FR","potentialAction":[{"@type":"ReadAction","target":["https:\/\/universnews224.com\/index.php\/ousmane-gaoul-sur-le-retour-de-cellou-en-guineeil-viendra-quand-il-voudra-et-dans-les-conditions-quil-voudra\/"]}]},{"@type":"WebSite","@id":"https:\/\/universnews224.com\/#website","url":"https:\/\/universnews224.com\/","name":"UNIVERSNEWS224","description":"","publisher":{"@id":"https:\/\/universnews224.com\/#organization"},"potentialAction":[{"@type":"SearchAction","target":{"@type":"EntryPoint","urlTemplate":"https:\/\/universnews224.com\/?s={search_term_string}"},"query-input":"required name=search_term_string"}],"inLanguage":"fr-FR"},{"@type":"Organization","@id":"https:\/\/universnews224.com\/#organization","name":"UNIVERSNEWS224","url":"https:\/\/universnews224.com\/","logo":{"@type":"ImageObject","inLanguage":"fr-FR","@id":"https:\/\/universnews224.com\/#\/schema\/logo\/image\/","url":"https:\/\/universnews224.com\/wp-content\/uploads\/2022\/08\/cropped-cropped-logoban.jpg","contentUrl":"https:\/\/universnews224.com\/wp-content\/uploads\/2022\/08\/cropped-cropped-logoban.jpg","width":1080,"height":138,"caption":"UNIVERSNEWS224"},"image":{"@id":"https:\/\/universnews224.com\/#\/schema\/logo\/image\/"}},{"@type":"Person","@id":"https:\/\/universnews224.com\/#\/schema\/person\/a4b7d4f94a4716df60456a491260485e","name":"La R\u00e9daction","image":{"@type":"ImageObject","inLanguage":"fr-FR","@id":"https:\/\/universnews224.com\/#\/schema\/person\/image\/","url":"https:\/\/secure.gravatar.com\/avatar\/edb90acc7752b23e1b3307ad36c14f0d?s=96&d=mm&r=g","contentUrl":"https:\/\/secure.gravatar.com\/avatar\/edb90acc7752b23e1b3307ad36c14f0d?s=96&d=mm&r=g","caption":"La R\u00e9daction"},"sameAs":["https:\/\/universnews224.com"],"url":"https:\/\/universnews224.com\/index.php\/author\/m-camara\/"}]}},"_links":{"self":[{"href":"https:\/\/universnews224.com\/index.php\/wp-json\/wp\/v2\/posts\/3817"}],"collection":[{"href":"https:\/\/universnews224.com\/index.php\/wp-json\/wp\/v2\/posts"}],"about":[{"href":"https:\/\/universnews224.com\/index.php\/wp-json\/wp\/v2\/types\/post"}],"author":[{"embeddable":true,"href":"https:\/\/universnews224.com\/index.php\/wp-json\/wp\/v2\/users\/2"}],"replies":[{"embeddable":true,"href":"https:\/\/universnews224.com\/index.php\/wp-json\/wp\/v2\/comments?post=3817"}],"version-history":[{"count":1,"href":"https:\/\/universnews224.com\/index.php\/wp-json\/wp\/v2\/posts\/3817\/revisions"}],"predecessor-version":[{"id":3819,"href":"https:\/\/universnews224.com\/index.php\/wp-json\/wp\/v2\/posts\/3817\/revisions\/3819"}],"wp:featuredmedia":[{"embeddable":true,"href":"https:\/\/universnews224.com\/index.php\/wp-json\/wp\/v2\/media\/3784"}],"wp:attachment":[{"href":"https:\/\/universnews224.com\/index.php\/wp-json\/wp\/v2\/media?parent=3817"}],"wp:term":[{"taxonomy":"category","embeddable":true,"href":"https:\/\/universnews224.com\/index.php\/wp-json\/wp\/v2\/categories?post=3817"},{"taxonomy":"post_tag","embeddable":true,"href":"https:\/\/universnews224.com\/index.php\/wp-json\/wp\/v2\/tags?post=3817"}],"curies":[{"name":"wp","href":"https:\/\/api.w.org\/{rel}","templated":true}]}}