{"id":3832,"date":"2023-06-28T15:13:48","date_gmt":"2023-06-28T14:13:48","guid":{"rendered":"https:\/\/universnews224.com\/?p=3832"},"modified":"2023-06-28T15:13:48","modified_gmt":"2023-06-28T14:13:48","slug":"fete-de-tabaski-2023-colonel-mamadi-doumbouya-est-arrive-a-kankan","status":"publish","type":"post","link":"https:\/\/universnews224.com\/index.php\/fete-de-tabaski-2023-colonel-mamadi-doumbouya-est-arrive-a-kankan\/","title":{"rendered":"F\u00eate de Tabaski 2023: Colonel Mamadi Doumbouya est arriv\u00e9 \u00e0 Kankan"},"content":{"rendered":"<p class=\"p2\"><span class=\"s2\">Le Chef de l\u2019Etat, le colonel Mamadi Doumbouya vient d\u2019arriver ce mardi 27 juin dans la capitale de la Haute Guin\u00e9e (Kankan) \u00e0 la veille de la f\u00eate de Tabaski et la grande danse traditionnelle mamaya pr\u00e9vue pour demain mercredi 28 juin 2023. <\/span><\/p>\n<p class=\"p2\"><span class=\"s2\">Apr\u00e8s une large discussion entre les filles et fils de la localit\u00e9 de Nabaya. Une forte d\u00e9l\u00e9gation s\u2019est mobilis\u00e9e de Conakry pour Kankan. L\u2019objectif de cette d\u00e9l\u00e9gation, c\u2019est venir faire la<span class=\"Apple-converted-space\">\u00a0 <\/span>sensibilisation entre les ressortissants militants et sympathisants de l&rsquo;ex pr\u00e9sident Alpha Cond\u00e9, avant l&rsquo;arriv\u00e9 du pr\u00e9sident de la transition Colonel Mamadi Doumbouya. Cette question de sensibilisation de porte en porte<span class=\"Apple-converted-space\">\u00a0 <\/span>consiste \u00e0 dimunier le col\u00e8re qui existent au c\u0153ur des Nabayaka, suite<span class=\"Apple-converted-space\">\u00a0 <\/span>\u00e0 la prise du pouvoir du colonel Mamadi Doumbouya dont certaines jusqu&rsquo;\u00e0 pr\u00e9sent non pas encore accept\u00e9 et reconnue<span class=\"Apple-converted-space\">\u00a0 <\/span>comme pr\u00e9sident de la Guin\u00e9e. <\/span><\/p>\n<p class=\"p2\"><span class=\"s2\">La Pr\u00e9sidence de la transition indique que cette visite officielle \u00e0 Kankan est une premi\u00e8re du genre depuis son av\u00e8nement au pouvoir en septembre 2021. Et s\u2019inscrit dans le cadre de la c\u00e9l\u00e9bration de la f\u00eate de Tabaski une retrouvaille entre amis et fr\u00e8res enfin de renforcer une fois encore la coh\u00e9sion sociale, la paix et l&rsquo;harmonie entre les populations de sa ville natale. Une fiert\u00e9 pour le pr\u00e9sident d&rsquo;\u00eatre chez lui \u00e0 c\u00f4t\u00e9 de sa famille<\/span><\/p>\n<p class=\"p2\"><span class=\"s2\">Alass Sylla<\/span><\/p>\n","protected":false},"excerpt":{"rendered":"<p>Le Chef de l\u2019Etat, le colonel Mamadi Doumbouya vient d\u2019arriver ce mardi 27 juin dans<\/p>\n","protected":false},"author":2,"featured_media":3833,"comment_status":"closed","ping_status":"open","sticky":false,"template":"","format":"standard","meta":[],"categories":[3,4],"tags":[229],"yoast_head":"<!-- This site is optimized with the Yoast SEO plugin v19.13 - https:\/\/yoast.com\/wordpress\/plugins\/seo\/ -->\n<title>F\u00eate de Tabaski 2023: Colonel Mamadi Doumbouya est arriv\u00e9 \u00e0 Kankan - UNIVERSNEWS224<\/title>\n<meta name=\"robots\" content=\"index, follow, max-snippet:-1, max-image-preview:large, max-video-preview:-1\" \/>\n<link rel=\"canonical\" href=\"https:\/\/universnews224.com\/index.php\/fete-de-tabaski-2023-colonel-mamadi-doumbouya-est-arrive-a-kankan\/\" \/>\n<meta property=\"og:locale\" content=\"fr_FR\" \/>\n<meta property=\"og:type\" content=\"article\" \/>\n<meta property=\"og:title\" content=\"F\u00eate de Tabaski 2023: Colonel Mamadi Doumbouya est arriv\u00e9 \u00e0 Kankan - UNIVERSNEWS224\" \/>\n<meta property=\"og:description\" content=\"Le Chef de l\u2019Etat, le colonel Mamadi Doumbouya vient d\u2019arriver ce mardi 27 juin dans\" \/>\n<meta property=\"og:url\" content=\"https:\/\/universnews224.com\/index.php\/fete-de-tabaski-2023-colonel-mamadi-doumbouya-est-arrive-a-kankan\/\" \/>\n<meta property=\"og:site_name\" content=\"UNIVERSNEWS224\" \/>\n<meta property=\"article:published_time\" content=\"2023-06-28T14:13:48+00:00\" \/>\n<meta property=\"og:image\" content=\"https:\/\/universnews224.com\/wp-content\/uploads\/2023\/06\/7F4FAD2C-775A-4F16-B1A2-AF56D7137F99.png\" \/>\n\t<meta property=\"og:image:width\" content=\"384\" \/>\n\t<meta property=\"og:image:height\" content=\"172\" \/>\n\t<meta property=\"og:image:type\" content=\"image\/png\" \/>\n<meta name=\"author\" content=\"La R\u00e9daction\" \/>\n<meta name=\"twitter:label1\" content=\"\u00c9crit par\" \/>\n\t<meta name=\"twitter:data1\" content=\"La R\u00e9daction\" \/>\n\t<meta name=\"twitter:label2\" content=\"Dur\u00e9e de lecture estim\u00e9e\" \/>\n\t<meta name=\"twitter:data2\" content=\"2 minutes\" \/>\n<script type=\"application\/ld+json\" class=\"yoast-schema-graph\">{\"@context\":\"https:\/\/schema.org\",\"@graph\":[{\"@type\":\"Article\",\"@id\":\"https:\/\/universnews224.com\/index.php\/fete-de-tabaski-2023-colonel-mamadi-doumbouya-est-arrive-a-kankan\/#article\",\"isPartOf\":{\"@id\":\"https:\/\/universnews224.com\/index.php\/fete-de-tabaski-2023-colonel-mamadi-doumbouya-est-arrive-a-kankan\/\"},\"author\":{\"name\":\"La R\u00e9daction\",\"@id\":\"https:\/\/universnews224.com\/#\/schema\/person\/a4b7d4f94a4716df60456a491260485e\"},\"headline\":\"F\u00eate de Tabaski 2023: Colonel Mamadi Doumbouya est arriv\u00e9 \u00e0 Kankan\",\"datePublished\":\"2023-06-28T14:13:48+00:00\",\"dateModified\":\"2023-06-28T14:13:48+00:00\",\"mainEntityOfPage\":{\"@id\":\"https:\/\/universnews224.com\/index.php\/fete-de-tabaski-2023-colonel-mamadi-doumbouya-est-arrive-a-kankan\/\"},\"wordCount\":253,\"publisher\":{\"@id\":\"https:\/\/universnews224.com\/#organization\"},\"keywords\":[\"La une\"],\"articleSection\":[\"ACTU\",\"POLITIQUE\"],\"inLanguage\":\"fr-FR\"},{\"@type\":\"WebPage\",\"@id\":\"https:\/\/universnews224.com\/index.php\/fete-de-tabaski-2023-colonel-mamadi-doumbouya-est-arrive-a-kankan\/\",\"url\":\"https:\/\/universnews224.com\/index.php\/fete-de-tabaski-2023-colonel-mamadi-doumbouya-est-arrive-a-kankan\/\",\"name\":\"F\u00eate de Tabaski 2023: Colonel Mamadi Doumbouya est arriv\u00e9 \u00e0 Kankan - UNIVERSNEWS224\",\"isPartOf\":{\"@id\":\"https:\/\/universnews224.com\/#website\"},\"datePublished\":\"2023-06-28T14:13:48+00:00\",\"dateModified\":\"2023-06-28T14:13:48+00:00\",\"inLanguage\":\"fr-FR\",\"potentialAction\":[{\"@type\":\"ReadAction\",\"target\":[\"https:\/\/universnews224.com\/index.php\/fete-de-tabaski-2023-colonel-mamadi-doumbouya-est-arrive-a-kankan\/\"]}]},{\"@type\":\"WebSite\",\"@id\":\"https:\/\/universnews224.com\/#website\",\"url\":\"https:\/\/universnews224.com\/\",\"name\":\"UNIVERSNEWS224\",\"description\":\"\",\"publisher\":{\"@id\":\"https:\/\/universnews224.com\/#organization\"},\"potentialAction\":[{\"@type\":\"SearchAction\",\"target\":{\"@type\":\"EntryPoint\",\"urlTemplate\":\"https:\/\/universnews224.com\/?s={search_term_string}\"},\"query-input\":\"required name=search_term_string\"}],\"inLanguage\":\"fr-FR\"},{\"@type\":\"Organization\",\"@id\":\"https:\/\/universnews224.com\/#organization\",\"name\":\"UNIVERSNEWS224\",\"url\":\"https:\/\/universnews224.com\/\",\"logo\":{\"@type\":\"ImageObject\",\"inLanguage\":\"fr-FR\",\"@id\":\"https:\/\/universnews224.com\/#\/schema\/logo\/image\/\",\"url\":\"https:\/\/universnews224.com\/wp-content\/uploads\/2022\/08\/cropped-cropped-logoban.jpg\",\"contentUrl\":\"https:\/\/universnews224.com\/wp-content\/uploads\/2022\/08\/cropped-cropped-logoban.jpg\",\"width\":1080,\"height\":138,\"caption\":\"UNIVERSNEWS224\"},\"image\":{\"@id\":\"https:\/\/universnews224.com\/#\/schema\/logo\/image\/\"}},{\"@type\":\"Person\",\"@id\":\"https:\/\/universnews224.com\/#\/schema\/person\/a4b7d4f94a4716df60456a491260485e\",\"name\":\"La R\u00e9daction\",\"image\":{\"@type\":\"ImageObject\",\"inLanguage\":\"fr-FR\",\"@id\":\"https:\/\/universnews224.com\/#\/schema\/person\/image\/\",\"url\":\"https:\/\/secure.gravatar.com\/avatar\/edb90acc7752b23e1b3307ad36c14f0d?s=96&d=mm&r=g\",\"contentUrl\":\"https:\/\/secure.gravatar.com\/avatar\/edb90acc7752b23e1b3307ad36c14f0d?s=96&d=mm&r=g\",\"caption\":\"La R\u00e9daction\"},\"sameAs\":[\"https:\/\/universnews224.com\"],\"url\":\"https:\/\/universnews224.com\/index.php\/author\/m-camara\/\"}]}<\/script>\n<!-- \/ Yoast SEO plugin. -->","yoast_head_json":{"title":"F\u00eate de Tabaski 2023: Colonel Mamadi Doumbouya est arriv\u00e9 \u00e0 Kankan - UNIVERSNEWS224","robots":{"index":"index","follow":"follow","max-snippet":"max-snippet:-1","max-image-preview":"max-image-preview:large","max-video-preview":"max-video-preview:-1"},"canonical":"https:\/\/universnews224.com\/index.php\/fete-de-tabaski-2023-colonel-mamadi-doumbouya-est-arrive-a-kankan\/","og_locale":"fr_FR","og_type":"article","og_title":"F\u00eate de Tabaski 2023: Colonel Mamadi Doumbouya est arriv\u00e9 \u00e0 Kankan - UNIVERSNEWS224","og_description":"Le Chef de l\u2019Etat, le colonel Mamadi Doumbouya vient d\u2019arriver ce mardi 27 juin dans","og_url":"https:\/\/universnews224.com\/index.php\/fete-de-tabaski-2023-colonel-mamadi-doumbouya-est-arrive-a-kankan\/","og_site_name":"UNIVERSNEWS224","article_published_time":"2023-06-28T14:13:48+00:00","og_image":[{"width":384,"height":172,"url":"https:\/\/universnews224.com\/wp-content\/uploads\/2023\/06\/7F4FAD2C-775A-4F16-B1A2-AF56D7137F99.png","type":"image\/png"}],"author":"La R\u00e9daction","twitter_misc":{"\u00c9crit par":"La R\u00e9daction","Dur\u00e9e de lecture estim\u00e9e":"2 minutes"},"schema":{"@context":"https:\/\/schema.org","@graph":[{"@type":"Article","@id":"https:\/\/universnews224.com\/index.php\/fete-de-tabaski-2023-colonel-mamadi-doumbouya-est-arrive-a-kankan\/#article","isPartOf":{"@id":"https:\/\/universnews224.com\/index.php\/fete-de-tabaski-2023-colonel-mamadi-doumbouya-est-arrive-a-kankan\/"},"author":{"name":"La R\u00e9daction","@id":"https:\/\/universnews224.com\/#\/schema\/person\/a4b7d4f94a4716df60456a491260485e"},"headline":"F\u00eate de Tabaski 2023: Colonel Mamadi Doumbouya est arriv\u00e9 \u00e0 Kankan","datePublished":"2023-06-28T14:13:48+00:00","dateModified":"2023-06-28T14:13:48+00:00","mainEntityOfPage":{"@id":"https:\/\/universnews224.com\/index.php\/fete-de-tabaski-2023-colonel-mamadi-doumbouya-est-arrive-a-kankan\/"},"wordCount":253,"publisher":{"@id":"https:\/\/universnews224.com\/#organization"},"keywords":["La une"],"articleSection":["ACTU","POLITIQUE"],"inLanguage":"fr-FR"},{"@type":"WebPage","@id":"https:\/\/universnews224.com\/index.php\/fete-de-tabaski-2023-colonel-mamadi-doumbouya-est-arrive-a-kankan\/","url":"https:\/\/universnews224.com\/index.php\/fete-de-tabaski-2023-colonel-mamadi-doumbouya-est-arrive-a-kankan\/","name":"F\u00eate de Tabaski 2023: Colonel Mamadi Doumbouya est arriv\u00e9 \u00e0 Kankan - UNIVERSNEWS224","isPartOf":{"@id":"https:\/\/universnews224.com\/#website"},"datePublished":"2023-06-28T14:13:48+00:00","dateModified":"2023-06-28T14:13:48+00:00","inLanguage":"fr-FR","potentialAction":[{"@type":"ReadAction","target":["https:\/\/universnews224.com\/index.php\/fete-de-tabaski-2023-colonel-mamadi-doumbouya-est-arrive-a-kankan\/"]}]},{"@type":"WebSite","@id":"https:\/\/universnews224.com\/#website","url":"https:\/\/universnews224.com\/","name":"UNIVERSNEWS224","description":"","publisher":{"@id":"https:\/\/universnews224.com\/#organization"},"potentialAction":[{"@type":"SearchAction","target":{"@type":"EntryPoint","urlTemplate":"https:\/\/universnews224.com\/?s={search_term_string}"},"query-input":"required name=search_term_string"}],"inLanguage":"fr-FR"},{"@type":"Organization","@id":"https:\/\/universnews224.com\/#organization","name":"UNIVERSNEWS224","url":"https:\/\/universnews224.com\/","logo":{"@type":"ImageObject","inLanguage":"fr-FR","@id":"https:\/\/universnews224.com\/#\/schema\/logo\/image\/","url":"https:\/\/universnews224.com\/wp-content\/uploads\/2022\/08\/cropped-cropped-logoban.jpg","contentUrl":"https:\/\/universnews224.com\/wp-content\/uploads\/2022\/08\/cropped-cropped-logoban.jpg","width":1080,"height":138,"caption":"UNIVERSNEWS224"},"image":{"@id":"https:\/\/universnews224.com\/#\/schema\/logo\/image\/"}},{"@type":"Person","@id":"https:\/\/universnews224.com\/#\/schema\/person\/a4b7d4f94a4716df60456a491260485e","name":"La R\u00e9daction","image":{"@type":"ImageObject","inLanguage":"fr-FR","@id":"https:\/\/universnews224.com\/#\/schema\/person\/image\/","url":"https:\/\/secure.gravatar.com\/avatar\/edb90acc7752b23e1b3307ad36c14f0d?s=96&d=mm&r=g","contentUrl":"https:\/\/secure.gravatar.com\/avatar\/edb90acc7752b23e1b3307ad36c14f0d?s=96&d=mm&r=g","caption":"La R\u00e9daction"},"sameAs":["https:\/\/universnews224.com"],"url":"https:\/\/universnews224.com\/index.php\/author\/m-camara\/"}]}},"_links":{"self":[{"href":"https:\/\/universnews224.com\/index.php\/wp-json\/wp\/v2\/posts\/3832"}],"collection":[{"href":"https:\/\/universnews224.com\/index.php\/wp-json\/wp\/v2\/posts"}],"about":[{"href":"https:\/\/universnews224.com\/index.php\/wp-json\/wp\/v2\/types\/post"}],"author":[{"embeddable":true,"href":"https:\/\/universnews224.com\/index.php\/wp-json\/wp\/v2\/users\/2"}],"replies":[{"embeddable":true,"href":"https:\/\/universnews224.com\/index.php\/wp-json\/wp\/v2\/comments?post=3832"}],"version-history":[{"count":1,"href":"https:\/\/universnews224.com\/index.php\/wp-json\/wp\/v2\/posts\/3832\/revisions"}],"predecessor-version":[{"id":3834,"href":"https:\/\/universnews224.com\/index.php\/wp-json\/wp\/v2\/posts\/3832\/revisions\/3834"}],"wp:featuredmedia":[{"embeddable":true,"href":"https:\/\/universnews224.com\/index.php\/wp-json\/wp\/v2\/media\/3833"}],"wp:attachment":[{"href":"https:\/\/universnews224.com\/index.php\/wp-json\/wp\/v2\/media?parent=3832"}],"wp:term":[{"taxonomy":"category","embeddable":true,"href":"https:\/\/universnews224.com\/index.php\/wp-json\/wp\/v2\/categories?post=3832"},{"taxonomy":"post_tag","embeddable":true,"href":"https:\/\/universnews224.com\/index.php\/wp-json\/wp\/v2\/tags?post=3832"}],"curies":[{"name":"wp","href":"https:\/\/api.w.org\/{rel}","templated":true}]}}