{"id":3835,"date":"2023-06-28T15:23:17","date_gmt":"2023-06-28T14:23:17","guid":{"rendered":"https:\/\/universnews224.com\/?p=3835"},"modified":"2023-06-28T15:23:17","modified_gmt":"2023-06-28T14:23:17","slug":"celebration-de-la-fete-de-laid-el-kebir-imam-de-la-grande-mosquee-de-mafanco-appelle-a-la-paix-et-a-lunite-nationale","status":"publish","type":"post","link":"https:\/\/universnews224.com\/index.php\/celebration-de-la-fete-de-laid-el-kebir-imam-de-la-grande-mosquee-de-mafanco-appelle-a-la-paix-et-a-lunite-nationale\/","title":{"rendered":"C\u00e9l\u00e9bration de la f\u00eate de l\u2019A\u00efd El Kebir: imam de la grande mosqu\u00e9e de Mafanco appelle \u00e0 la paix et \u00e0 l\u2019unit\u00e9 nationale."},"content":{"rendered":"<p class=\"p1\">Les fid\u00e8les musulmans de Guin\u00e9e, \u00e0 l\u2019instar des leurs coreligionnaires du monde ont c\u00e9l\u00e9br\u00e9 ce mercredi, 28 juin la f\u00eate de l\u2019A\u00efd El Kebir ou la f\u00eate de Tabaski. Une f\u00eate au cours de laquelle tout musulman qui a les moyens, doit immoler un mouton en guise de sacrifice.<\/p>\n<p class=\"p1\"><span class=\"s1\">\u00c0 Mafanco dans la commune de Matam, c\u2019est la grande mosqu\u00e9e dudit quartier qui a servi de cadre \u00e0 la pri\u00e8re.<\/span><\/p>\n<p class=\"p1\"><span class=\"s1\">Dans son sermon du jour, El Hadj Aboubacar Sylla, premier imam de la grande mosqu\u00e9e de Mafanco a invit\u00e9 les guin\u00e9ens \u00e0 la paix et \u00e0 l\u2019unit\u00e9 nationale, car t-il sans elles aucun d\u00e9veloppement n\u2019est possible. <\/span><\/p>\n<p class=\"p1\"><span class=\"s1\">\u00abOn ne peut pas rien faire dans le pays sans paix et l\u2019unit\u00e9 nationale. On ne peut pas parler d\u00e9veloppement sans la paix et l\u2019unit\u00e9 nationale. Si on dit aujourd\u2019hui, je vais aller f\u00eater dans mon village \u00e0 Kankan, \u00e0 Kindia, \u00e0 Bok\u00e9, c\u2019est qu\u2019il y a paix et l\u2019unit\u00e9 nationale dans le pays. Regardez ce qui se passe aujourd\u2019hui au Soudan et dans les autres pays en guerre, ceux-l\u00e0 ne peuvent pas accomplir leur devoir religieux aujourd\u2019hui parce que tout simplement, ils sont en guerre. C\u2019est pourquoi, je demande \u00e0 tous les guin\u00e9ens \u00e0 la paix et \u00e0 l\u2019unit\u00e9 nationale, car sans elles, il n y pas de d\u00e9veloppement\u00bb, a t-il martel\u00e9. <\/span><\/p>\n<p class=\"p1\"><span class=\"s1\">Camara Mamadouba <\/span><\/p>\n<p class=\"p1\"><span class=\"s1\">611 46 04 10 <\/span><\/p>\n","protected":false},"excerpt":{"rendered":"<p>Les fid\u00e8les musulmans de Guin\u00e9e, \u00e0 l\u2019instar des leurs coreligionnaires du monde ont c\u00e9l\u00e9br\u00e9 ce<\/p>\n","protected":false},"author":2,"featured_media":3836,"comment_status":"closed","ping_status":"open","sticky":false,"template":"","format":"standard","meta":[],"categories":[3,5],"tags":[229],"yoast_head":"<!-- This site is optimized with the Yoast SEO plugin v19.13 - https:\/\/yoast.com\/wordpress\/plugins\/seo\/ -->\n<title>C\u00e9l\u00e9bration de la f\u00eate de l\u2019A\u00efd El Kebir: imam de la grande mosqu\u00e9e de Mafanco appelle \u00e0 la paix et \u00e0 l\u2019unit\u00e9 nationale. - UNIVERSNEWS224<\/title>\n<meta name=\"robots\" content=\"index, follow, max-snippet:-1, max-image-preview:large, max-video-preview:-1\" \/>\n<link rel=\"canonical\" href=\"https:\/\/universnews224.com\/index.php\/celebration-de-la-fete-de-laid-el-kebir-imam-de-la-grande-mosquee-de-mafanco-appelle-a-la-paix-et-a-lunite-nationale\/\" \/>\n<meta property=\"og:locale\" content=\"fr_FR\" \/>\n<meta property=\"og:type\" content=\"article\" \/>\n<meta property=\"og:title\" content=\"C\u00e9l\u00e9bration de la f\u00eate de l\u2019A\u00efd El Kebir: imam de la grande mosqu\u00e9e de Mafanco appelle \u00e0 la paix et \u00e0 l\u2019unit\u00e9 nationale. - UNIVERSNEWS224\" \/>\n<meta property=\"og:description\" content=\"Les fid\u00e8les musulmans de Guin\u00e9e, \u00e0 l\u2019instar des leurs coreligionnaires du monde ont c\u00e9l\u00e9br\u00e9 ce\" \/>\n<meta property=\"og:url\" content=\"https:\/\/universnews224.com\/index.php\/celebration-de-la-fete-de-laid-el-kebir-imam-de-la-grande-mosquee-de-mafanco-appelle-a-la-paix-et-a-lunite-nationale\/\" \/>\n<meta property=\"og:site_name\" content=\"UNIVERSNEWS224\" \/>\n<meta property=\"article:published_time\" content=\"2023-06-28T14:23:17+00:00\" \/>\n<meta property=\"og:image\" content=\"https:\/\/universnews224.com\/wp-content\/uploads\/2023\/06\/CB5EF629-55A1-4BDE-9A1A-F77A7B0B712C.jpeg\" \/>\n\t<meta property=\"og:image:width\" content=\"318\" \/>\n\t<meta property=\"og:image:height\" content=\"150\" \/>\n\t<meta property=\"og:image:type\" content=\"image\/jpeg\" \/>\n<meta name=\"author\" content=\"La R\u00e9daction\" \/>\n<meta name=\"twitter:label1\" content=\"\u00c9crit par\" \/>\n\t<meta name=\"twitter:data1\" content=\"La R\u00e9daction\" \/>\n\t<meta name=\"twitter:label2\" content=\"Dur\u00e9e de lecture estim\u00e9e\" \/>\n\t<meta name=\"twitter:data2\" content=\"2 minutes\" \/>\n<script type=\"application\/ld+json\" class=\"yoast-schema-graph\">{\"@context\":\"https:\/\/schema.org\",\"@graph\":[{\"@type\":\"Article\",\"@id\":\"https:\/\/universnews224.com\/index.php\/celebration-de-la-fete-de-laid-el-kebir-imam-de-la-grande-mosquee-de-mafanco-appelle-a-la-paix-et-a-lunite-nationale\/#article\",\"isPartOf\":{\"@id\":\"https:\/\/universnews224.com\/index.php\/celebration-de-la-fete-de-laid-el-kebir-imam-de-la-grande-mosquee-de-mafanco-appelle-a-la-paix-et-a-lunite-nationale\/\"},\"author\":{\"name\":\"La R\u00e9daction\",\"@id\":\"https:\/\/universnews224.com\/#\/schema\/person\/a4b7d4f94a4716df60456a491260485e\"},\"headline\":\"C\u00e9l\u00e9bration de la f\u00eate de l\u2019A\u00efd El Kebir: imam de la grande mosqu\u00e9e de Mafanco appelle \u00e0 la paix et \u00e0 l\u2019unit\u00e9 nationale.\",\"datePublished\":\"2023-06-28T14:23:17+00:00\",\"dateModified\":\"2023-06-28T14:23:17+00:00\",\"mainEntityOfPage\":{\"@id\":\"https:\/\/universnews224.com\/index.php\/celebration-de-la-fete-de-laid-el-kebir-imam-de-la-grande-mosquee-de-mafanco-appelle-a-la-paix-et-a-lunite-nationale\/\"},\"wordCount\":269,\"publisher\":{\"@id\":\"https:\/\/universnews224.com\/#organization\"},\"keywords\":[\"La une\"],\"articleSection\":[\"ACTU\",\"SOCI\u00c9T\u00c9\"],\"inLanguage\":\"fr-FR\"},{\"@type\":\"WebPage\",\"@id\":\"https:\/\/universnews224.com\/index.php\/celebration-de-la-fete-de-laid-el-kebir-imam-de-la-grande-mosquee-de-mafanco-appelle-a-la-paix-et-a-lunite-nationale\/\",\"url\":\"https:\/\/universnews224.com\/index.php\/celebration-de-la-fete-de-laid-el-kebir-imam-de-la-grande-mosquee-de-mafanco-appelle-a-la-paix-et-a-lunite-nationale\/\",\"name\":\"C\u00e9l\u00e9bration de la f\u00eate de l\u2019A\u00efd El Kebir: imam de la grande mosqu\u00e9e de Mafanco appelle \u00e0 la paix et \u00e0 l\u2019unit\u00e9 nationale. - UNIVERSNEWS224\",\"isPartOf\":{\"@id\":\"https:\/\/universnews224.com\/#website\"},\"datePublished\":\"2023-06-28T14:23:17+00:00\",\"dateModified\":\"2023-06-28T14:23:17+00:00\",\"inLanguage\":\"fr-FR\",\"potentialAction\":[{\"@type\":\"ReadAction\",\"target\":[\"https:\/\/universnews224.com\/index.php\/celebration-de-la-fete-de-laid-el-kebir-imam-de-la-grande-mosquee-de-mafanco-appelle-a-la-paix-et-a-lunite-nationale\/\"]}]},{\"@type\":\"WebSite\",\"@id\":\"https:\/\/universnews224.com\/#website\",\"url\":\"https:\/\/universnews224.com\/\",\"name\":\"UNIVERSNEWS224\",\"description\":\"\",\"publisher\":{\"@id\":\"https:\/\/universnews224.com\/#organization\"},\"potentialAction\":[{\"@type\":\"SearchAction\",\"target\":{\"@type\":\"EntryPoint\",\"urlTemplate\":\"https:\/\/universnews224.com\/?s={search_term_string}\"},\"query-input\":\"required name=search_term_string\"}],\"inLanguage\":\"fr-FR\"},{\"@type\":\"Organization\",\"@id\":\"https:\/\/universnews224.com\/#organization\",\"name\":\"UNIVERSNEWS224\",\"url\":\"https:\/\/universnews224.com\/\",\"logo\":{\"@type\":\"ImageObject\",\"inLanguage\":\"fr-FR\",\"@id\":\"https:\/\/universnews224.com\/#\/schema\/logo\/image\/\",\"url\":\"https:\/\/universnews224.com\/wp-content\/uploads\/2022\/08\/cropped-cropped-logoban.jpg\",\"contentUrl\":\"https:\/\/universnews224.com\/wp-content\/uploads\/2022\/08\/cropped-cropped-logoban.jpg\",\"width\":1080,\"height\":138,\"caption\":\"UNIVERSNEWS224\"},\"image\":{\"@id\":\"https:\/\/universnews224.com\/#\/schema\/logo\/image\/\"}},{\"@type\":\"Person\",\"@id\":\"https:\/\/universnews224.com\/#\/schema\/person\/a4b7d4f94a4716df60456a491260485e\",\"name\":\"La R\u00e9daction\",\"image\":{\"@type\":\"ImageObject\",\"inLanguage\":\"fr-FR\",\"@id\":\"https:\/\/universnews224.com\/#\/schema\/person\/image\/\",\"url\":\"https:\/\/secure.gravatar.com\/avatar\/edb90acc7752b23e1b3307ad36c14f0d?s=96&d=mm&r=g\",\"contentUrl\":\"https:\/\/secure.gravatar.com\/avatar\/edb90acc7752b23e1b3307ad36c14f0d?s=96&d=mm&r=g\",\"caption\":\"La R\u00e9daction\"},\"sameAs\":[\"https:\/\/universnews224.com\"],\"url\":\"https:\/\/universnews224.com\/index.php\/author\/m-camara\/\"}]}<\/script>\n<!-- \/ Yoast SEO plugin. -->","yoast_head_json":{"title":"C\u00e9l\u00e9bration de la f\u00eate de l\u2019A\u00efd El Kebir: imam de la grande mosqu\u00e9e de Mafanco appelle \u00e0 la paix et \u00e0 l\u2019unit\u00e9 nationale. - UNIVERSNEWS224","robots":{"index":"index","follow":"follow","max-snippet":"max-snippet:-1","max-image-preview":"max-image-preview:large","max-video-preview":"max-video-preview:-1"},"canonical":"https:\/\/universnews224.com\/index.php\/celebration-de-la-fete-de-laid-el-kebir-imam-de-la-grande-mosquee-de-mafanco-appelle-a-la-paix-et-a-lunite-nationale\/","og_locale":"fr_FR","og_type":"article","og_title":"C\u00e9l\u00e9bration de la f\u00eate de l\u2019A\u00efd El Kebir: imam de la grande mosqu\u00e9e de Mafanco appelle \u00e0 la paix et \u00e0 l\u2019unit\u00e9 nationale. - UNIVERSNEWS224","og_description":"Les fid\u00e8les musulmans de Guin\u00e9e, \u00e0 l\u2019instar des leurs coreligionnaires du monde ont c\u00e9l\u00e9br\u00e9 ce","og_url":"https:\/\/universnews224.com\/index.php\/celebration-de-la-fete-de-laid-el-kebir-imam-de-la-grande-mosquee-de-mafanco-appelle-a-la-paix-et-a-lunite-nationale\/","og_site_name":"UNIVERSNEWS224","article_published_time":"2023-06-28T14:23:17+00:00","og_image":[{"width":318,"height":150,"url":"https:\/\/universnews224.com\/wp-content\/uploads\/2023\/06\/CB5EF629-55A1-4BDE-9A1A-F77A7B0B712C.jpeg","type":"image\/jpeg"}],"author":"La R\u00e9daction","twitter_misc":{"\u00c9crit par":"La R\u00e9daction","Dur\u00e9e de lecture estim\u00e9e":"2 minutes"},"schema":{"@context":"https:\/\/schema.org","@graph":[{"@type":"Article","@id":"https:\/\/universnews224.com\/index.php\/celebration-de-la-fete-de-laid-el-kebir-imam-de-la-grande-mosquee-de-mafanco-appelle-a-la-paix-et-a-lunite-nationale\/#article","isPartOf":{"@id":"https:\/\/universnews224.com\/index.php\/celebration-de-la-fete-de-laid-el-kebir-imam-de-la-grande-mosquee-de-mafanco-appelle-a-la-paix-et-a-lunite-nationale\/"},"author":{"name":"La R\u00e9daction","@id":"https:\/\/universnews224.com\/#\/schema\/person\/a4b7d4f94a4716df60456a491260485e"},"headline":"C\u00e9l\u00e9bration de la f\u00eate de l\u2019A\u00efd El Kebir: imam de la grande mosqu\u00e9e de Mafanco appelle \u00e0 la paix et \u00e0 l\u2019unit\u00e9 nationale.","datePublished":"2023-06-28T14:23:17+00:00","dateModified":"2023-06-28T14:23:17+00:00","mainEntityOfPage":{"@id":"https:\/\/universnews224.com\/index.php\/celebration-de-la-fete-de-laid-el-kebir-imam-de-la-grande-mosquee-de-mafanco-appelle-a-la-paix-et-a-lunite-nationale\/"},"wordCount":269,"publisher":{"@id":"https:\/\/universnews224.com\/#organization"},"keywords":["La une"],"articleSection":["ACTU","SOCI\u00c9T\u00c9"],"inLanguage":"fr-FR"},{"@type":"WebPage","@id":"https:\/\/universnews224.com\/index.php\/celebration-de-la-fete-de-laid-el-kebir-imam-de-la-grande-mosquee-de-mafanco-appelle-a-la-paix-et-a-lunite-nationale\/","url":"https:\/\/universnews224.com\/index.php\/celebration-de-la-fete-de-laid-el-kebir-imam-de-la-grande-mosquee-de-mafanco-appelle-a-la-paix-et-a-lunite-nationale\/","name":"C\u00e9l\u00e9bration de la f\u00eate de l\u2019A\u00efd El Kebir: imam de la grande mosqu\u00e9e de Mafanco appelle \u00e0 la paix et \u00e0 l\u2019unit\u00e9 nationale. - UNIVERSNEWS224","isPartOf":{"@id":"https:\/\/universnews224.com\/#website"},"datePublished":"2023-06-28T14:23:17+00:00","dateModified":"2023-06-28T14:23:17+00:00","inLanguage":"fr-FR","potentialAction":[{"@type":"ReadAction","target":["https:\/\/universnews224.com\/index.php\/celebration-de-la-fete-de-laid-el-kebir-imam-de-la-grande-mosquee-de-mafanco-appelle-a-la-paix-et-a-lunite-nationale\/"]}]},{"@type":"WebSite","@id":"https:\/\/universnews224.com\/#website","url":"https:\/\/universnews224.com\/","name":"UNIVERSNEWS224","description":"","publisher":{"@id":"https:\/\/universnews224.com\/#organization"},"potentialAction":[{"@type":"SearchAction","target":{"@type":"EntryPoint","urlTemplate":"https:\/\/universnews224.com\/?s={search_term_string}"},"query-input":"required name=search_term_string"}],"inLanguage":"fr-FR"},{"@type":"Organization","@id":"https:\/\/universnews224.com\/#organization","name":"UNIVERSNEWS224","url":"https:\/\/universnews224.com\/","logo":{"@type":"ImageObject","inLanguage":"fr-FR","@id":"https:\/\/universnews224.com\/#\/schema\/logo\/image\/","url":"https:\/\/universnews224.com\/wp-content\/uploads\/2022\/08\/cropped-cropped-logoban.jpg","contentUrl":"https:\/\/universnews224.com\/wp-content\/uploads\/2022\/08\/cropped-cropped-logoban.jpg","width":1080,"height":138,"caption":"UNIVERSNEWS224"},"image":{"@id":"https:\/\/universnews224.com\/#\/schema\/logo\/image\/"}},{"@type":"Person","@id":"https:\/\/universnews224.com\/#\/schema\/person\/a4b7d4f94a4716df60456a491260485e","name":"La R\u00e9daction","image":{"@type":"ImageObject","inLanguage":"fr-FR","@id":"https:\/\/universnews224.com\/#\/schema\/person\/image\/","url":"https:\/\/secure.gravatar.com\/avatar\/edb90acc7752b23e1b3307ad36c14f0d?s=96&d=mm&r=g","contentUrl":"https:\/\/secure.gravatar.com\/avatar\/edb90acc7752b23e1b3307ad36c14f0d?s=96&d=mm&r=g","caption":"La R\u00e9daction"},"sameAs":["https:\/\/universnews224.com"],"url":"https:\/\/universnews224.com\/index.php\/author\/m-camara\/"}]}},"_links":{"self":[{"href":"https:\/\/universnews224.com\/index.php\/wp-json\/wp\/v2\/posts\/3835"}],"collection":[{"href":"https:\/\/universnews224.com\/index.php\/wp-json\/wp\/v2\/posts"}],"about":[{"href":"https:\/\/universnews224.com\/index.php\/wp-json\/wp\/v2\/types\/post"}],"author":[{"embeddable":true,"href":"https:\/\/universnews224.com\/index.php\/wp-json\/wp\/v2\/users\/2"}],"replies":[{"embeddable":true,"href":"https:\/\/universnews224.com\/index.php\/wp-json\/wp\/v2\/comments?post=3835"}],"version-history":[{"count":1,"href":"https:\/\/universnews224.com\/index.php\/wp-json\/wp\/v2\/posts\/3835\/revisions"}],"predecessor-version":[{"id":3837,"href":"https:\/\/universnews224.com\/index.php\/wp-json\/wp\/v2\/posts\/3835\/revisions\/3837"}],"wp:featuredmedia":[{"embeddable":true,"href":"https:\/\/universnews224.com\/index.php\/wp-json\/wp\/v2\/media\/3836"}],"wp:attachment":[{"href":"https:\/\/universnews224.com\/index.php\/wp-json\/wp\/v2\/media?parent=3835"}],"wp:term":[{"taxonomy":"category","embeddable":true,"href":"https:\/\/universnews224.com\/index.php\/wp-json\/wp\/v2\/categories?post=3835"},{"taxonomy":"post_tag","embeddable":true,"href":"https:\/\/universnews224.com\/index.php\/wp-json\/wp\/v2\/tags?post=3835"}],"curies":[{"name":"wp","href":"https:\/\/api.w.org\/{rel}","templated":true}]}}