{"id":3845,"date":"2023-06-30T13:34:01","date_gmt":"2023-06-30T12:34:01","guid":{"rendered":"https:\/\/universnews224.com\/?p=3845"},"modified":"2023-06-30T13:34:01","modified_gmt":"2023-06-30T12:34:01","slug":"mamaya-2023-a-kankan-hadja-djene-conde-satisfaite-de-la-presence-du-president-mamadi-doumbouya","status":"publish","type":"post","link":"https:\/\/universnews224.com\/index.php\/mamaya-2023-a-kankan-hadja-djene-conde-satisfaite-de-la-presence-du-president-mamadi-doumbouya\/","title":{"rendered":"Mamaya 2023 \u00e0 Kankan : Hadja Dj\u00e8n\u00e8 Cond\u00e9 satisfaite de la pr\u00e9sence du pr\u00e9sident Mamadi Doumbouya"},"content":{"rendered":"<p class=\"p2\"><a href=\"https:\/\/universnews224.com\/wp-content\/uploads\/2023\/06\/4D1DCBD4-DBEA-44D2-A800-476A6F63A3C8.jpeg\"><img loading=\"lazy\" class=\"alignnone size-medium wp-image-3848\" src=\"https:\/\/universnews224.com\/wp-content\/uploads\/2023\/06\/4D1DCBD4-DBEA-44D2-A800-476A6F63A3C8-300x169.jpeg\" alt=\"\" width=\"300\" height=\"169\" srcset=\"https:\/\/universnews224.com\/wp-content\/uploads\/2023\/06\/4D1DCBD4-DBEA-44D2-A800-476A6F63A3C8-300x169.jpeg 300w, https:\/\/universnews224.com\/wp-content\/uploads\/2023\/06\/4D1DCBD4-DBEA-44D2-A800-476A6F63A3C8-768x432.jpeg 768w, https:\/\/universnews224.com\/wp-content\/uploads\/2023\/06\/4D1DCBD4-DBEA-44D2-A800-476A6F63A3C8-800x450.jpeg 800w, https:\/\/universnews224.com\/wp-content\/uploads\/2023\/06\/4D1DCBD4-DBEA-44D2-A800-476A6F63A3C8.jpeg 1024w\" sizes=\"(max-width: 300px) 100vw, 300px\" \/><\/a>La l\u00e9gendaire danse des hommes \u00e9l\u00e9gants, \u00a0\u00bbMamaya\u00a0\u00bb qui est le plus grand rendez-vous culturel de la Haute Guin\u00e9e, a finalement \u00e9t\u00e9 c\u00e9l\u00e9br\u00e9e ce jeudi 29 juin 2023, en pr\u00e9sence du pr\u00e9sident de la transition Colonel Mamadi Doumbouya accompagn\u00e9 de son \u00e9pouse et quelques membres du gouvernement qui, ont r\u00e9pondus \u00e0 l&rsquo;invitation de la plus grande structure organisateurs de cette ann\u00e9e S\u00e8d\u00e8 Dandiya N\u00b04 dans l&rsquo;enceinte de l&rsquo;ancien\u00a0 a\u00e9roport de Kankan.<\/p>\n<p class=\"p2\"><span class=\"s2\">Une organisation \u00e0 caract\u00e8re social qui regroupe les ressortissants de la localit\u00e9, fera son retour.<\/span><\/p>\n<p class=\"p2\"><span class=\"s2\">Dans son intervention, Mme Hadja Dj\u00e8n\u00e8 Cond\u00e9 l&rsquo;une des organisatrice de l&rsquo;\u00e9v\u00e9nement, pr\u00e9sidente par int\u00e9rim de CONAFEG ne cache pas sa joie pour la premi\u00e8re journ\u00e9e de mamaya \u00e0 Kankan.<a href=\"https:\/\/universnews224.com\/wp-content\/uploads\/2023\/06\/B093DC3E-ED16-4100-931E-F8F2D4485467.jpeg\"><img loading=\"lazy\" class=\"alignnone size-medium wp-image-3846\" src=\"https:\/\/universnews224.com\/wp-content\/uploads\/2023\/06\/B093DC3E-ED16-4100-931E-F8F2D4485467-300x169.jpeg\" alt=\"\" width=\"300\" height=\"169\" srcset=\"https:\/\/universnews224.com\/wp-content\/uploads\/2023\/06\/B093DC3E-ED16-4100-931E-F8F2D4485467-300x169.jpeg 300w, https:\/\/universnews224.com\/wp-content\/uploads\/2023\/06\/B093DC3E-ED16-4100-931E-F8F2D4485467-768x432.jpeg 768w, https:\/\/universnews224.com\/wp-content\/uploads\/2023\/06\/B093DC3E-ED16-4100-931E-F8F2D4485467-800x450.jpeg 800w, https:\/\/universnews224.com\/wp-content\/uploads\/2023\/06\/B093DC3E-ED16-4100-931E-F8F2D4485467.jpeg 1024w\" sizes=\"(max-width: 300px) 100vw, 300px\" \/><\/a><\/span><\/p>\n<p class=\"p2\"><span class=\"s2\">\u00ab Je suis vraiment contente et satisfaite, c&rsquo;est une grand jour pour nous, de venir assister \u00e0 cette c\u00e9r\u00e9monie, car ce qui s\u2019est pass\u00e9 aujourd&rsquo;hui est la premi\u00e8re ici parce qu\u2019il y a eu la pr\u00e9sence du pr\u00e9sident de la transition accompagn\u00e9 de sa femme et ces enfants. Aujourd&rsquo;hui, il y a plus de personnes dehors que dedans, donc c&rsquo;est une joie qui est tr\u00e8s importante. Je rends gr\u00e2ce \u00e0 Allah qui a fait que nous avons pu avoir ce beau monde et nous passons que \u00e7a va continuer. \u00c0 ce qui concernant les manquements enregistr\u00e9s pour la journ\u00e9e d&rsquo;aujourd&rsquo;hui, sera corrig\u00e9 demain, vous savez, toute organisation le d\u00e9but n&rsquo;est pas facile, c&rsquo;est vraiment qu&rsquo;il y&rsquo;a eu des rat\u00e9s mais nous allons les corrig\u00e9. La journ\u00e9e de demain vendredi sera d\u00e9di\u00e9 \u00e0 la for\u00eat qui ont fait un grand d\u00e9placement sous la direction de l&rsquo;\u00e9pouse de monsieur le premier ministre chef du gouvernement Bernard Goumou qui vont faire aussi leurs prestations \u00e0 leurs mani\u00e8re comme d&rsquo;habitude \u00bb, a conclu Hadja Dj\u00e8n\u00e8 Cond\u00e9 l&rsquo;une des organisatrice de cette \u00e9v\u00e9nement.<a href=\"https:\/\/universnews224.com\/wp-content\/uploads\/2023\/06\/E96A363D-C353-40C0-A073-57BF04E0713A.jpeg\"><img loading=\"lazy\" class=\"alignnone size-medium wp-image-3847\" src=\"https:\/\/universnews224.com\/wp-content\/uploads\/2023\/06\/E96A363D-C353-40C0-A073-57BF04E0713A-300x169.jpeg\" alt=\"\" width=\"300\" height=\"169\" srcset=\"https:\/\/universnews224.com\/wp-content\/uploads\/2023\/06\/E96A363D-C353-40C0-A073-57BF04E0713A-300x169.jpeg 300w, https:\/\/universnews224.com\/wp-content\/uploads\/2023\/06\/E96A363D-C353-40C0-A073-57BF04E0713A-768x432.jpeg 768w, https:\/\/universnews224.com\/wp-content\/uploads\/2023\/06\/E96A363D-C353-40C0-A073-57BF04E0713A-800x450.jpeg 800w, https:\/\/universnews224.com\/wp-content\/uploads\/2023\/06\/E96A363D-C353-40C0-A073-57BF04E0713A.jpeg 1024w\" sizes=\"(max-width: 300px) 100vw, 300px\" \/><\/a><\/span><\/p>\n<p class=\"p2\"><span class=\"s2\">Il est a noter que cette danse traditionnelle de la Mamaya, reconnue aujourd\u2019hui comme un patrimoine culturel national, a \u00e9t\u00e9 apport\u00e9 du Mali par des fils et filles du Nabaya depuis 1936 et a pris une grande ampleur dans les ann\u00e9es de 1946-1947.<\/span><\/p>\n<p class=\"p2\"><span class=\"s2\">Sana Sylla<\/span><\/p>\n","protected":false},"excerpt":{"rendered":"<p>La l\u00e9gendaire danse des hommes \u00e9l\u00e9gants, \u00a0\u00bbMamaya\u00a0\u00bb qui est le plus grand rendez-vous culturel de<\/p>\n","protected":false},"author":2,"featured_media":3849,"comment_status":"closed","ping_status":"open","sticky":false,"template":"","format":"standard","meta":[],"categories":[3,4],"tags":[229],"yoast_head":"<!-- This site is optimized with the Yoast SEO plugin v19.13 - https:\/\/yoast.com\/wordpress\/plugins\/seo\/ -->\n<title>Mamaya 2023 \u00e0 Kankan : Hadja Dj\u00e8n\u00e8 Cond\u00e9 satisfaite de la pr\u00e9sence du pr\u00e9sident Mamadi Doumbouya - UNIVERSNEWS224<\/title>\n<meta name=\"robots\" content=\"index, follow, max-snippet:-1, max-image-preview:large, max-video-preview:-1\" \/>\n<link rel=\"canonical\" href=\"https:\/\/universnews224.com\/index.php\/mamaya-2023-a-kankan-hadja-djene-conde-satisfaite-de-la-presence-du-president-mamadi-doumbouya\/\" \/>\n<meta property=\"og:locale\" content=\"fr_FR\" \/>\n<meta property=\"og:type\" content=\"article\" \/>\n<meta property=\"og:title\" content=\"Mamaya 2023 \u00e0 Kankan : Hadja Dj\u00e8n\u00e8 Cond\u00e9 satisfaite de la pr\u00e9sence du pr\u00e9sident Mamadi Doumbouya - UNIVERSNEWS224\" \/>\n<meta property=\"og:description\" content=\"La l\u00e9gendaire danse des hommes \u00e9l\u00e9gants, \u00a0\u00bbMamaya\u00a0\u00bb qui est le plus grand rendez-vous culturel de\" \/>\n<meta property=\"og:url\" content=\"https:\/\/universnews224.com\/index.php\/mamaya-2023-a-kankan-hadja-djene-conde-satisfaite-de-la-presence-du-president-mamadi-doumbouya\/\" \/>\n<meta property=\"og:site_name\" content=\"UNIVERSNEWS224\" \/>\n<meta property=\"article:published_time\" content=\"2023-06-30T12:34:01+00:00\" \/>\n<meta property=\"og:image\" content=\"https:\/\/universnews224.com\/wp-content\/uploads\/2023\/06\/05A7ED5C-A951-4A2E-8600-433728A70946.jpeg\" \/>\n\t<meta property=\"og:image:width\" content=\"1024\" \/>\n\t<meta property=\"og:image:height\" content=\"576\" \/>\n\t<meta property=\"og:image:type\" content=\"image\/jpeg\" \/>\n<meta name=\"author\" content=\"La R\u00e9daction\" \/>\n<meta name=\"twitter:label1\" content=\"\u00c9crit par\" \/>\n\t<meta name=\"twitter:data1\" content=\"La R\u00e9daction\" \/>\n\t<meta name=\"twitter:label2\" content=\"Dur\u00e9e de lecture estim\u00e9e\" \/>\n\t<meta name=\"twitter:data2\" content=\"3 minutes\" \/>\n<script type=\"application\/ld+json\" class=\"yoast-schema-graph\">{\"@context\":\"https:\/\/schema.org\",\"@graph\":[{\"@type\":\"Article\",\"@id\":\"https:\/\/universnews224.com\/index.php\/mamaya-2023-a-kankan-hadja-djene-conde-satisfaite-de-la-presence-du-president-mamadi-doumbouya\/#article\",\"isPartOf\":{\"@id\":\"https:\/\/universnews224.com\/index.php\/mamaya-2023-a-kankan-hadja-djene-conde-satisfaite-de-la-presence-du-president-mamadi-doumbouya\/\"},\"author\":{\"name\":\"La R\u00e9daction\",\"@id\":\"https:\/\/universnews224.com\/#\/schema\/person\/a4b7d4f94a4716df60456a491260485e\"},\"headline\":\"Mamaya 2023 \u00e0 Kankan : Hadja Dj\u00e8n\u00e8 Cond\u00e9 satisfaite de la pr\u00e9sence du pr\u00e9sident Mamadi Doumbouya\",\"datePublished\":\"2023-06-30T12:34:01+00:00\",\"dateModified\":\"2023-06-30T12:34:01+00:00\",\"mainEntityOfPage\":{\"@id\":\"https:\/\/universnews224.com\/index.php\/mamaya-2023-a-kankan-hadja-djene-conde-satisfaite-de-la-presence-du-president-mamadi-doumbouya\/\"},\"wordCount\":384,\"publisher\":{\"@id\":\"https:\/\/universnews224.com\/#organization\"},\"keywords\":[\"La une\"],\"articleSection\":[\"ACTU\",\"POLITIQUE\"],\"inLanguage\":\"fr-FR\"},{\"@type\":\"WebPage\",\"@id\":\"https:\/\/universnews224.com\/index.php\/mamaya-2023-a-kankan-hadja-djene-conde-satisfaite-de-la-presence-du-president-mamadi-doumbouya\/\",\"url\":\"https:\/\/universnews224.com\/index.php\/mamaya-2023-a-kankan-hadja-djene-conde-satisfaite-de-la-presence-du-president-mamadi-doumbouya\/\",\"name\":\"Mamaya 2023 \u00e0 Kankan : Hadja Dj\u00e8n\u00e8 Cond\u00e9 satisfaite de la pr\u00e9sence du pr\u00e9sident Mamadi Doumbouya - UNIVERSNEWS224\",\"isPartOf\":{\"@id\":\"https:\/\/universnews224.com\/#website\"},\"datePublished\":\"2023-06-30T12:34:01+00:00\",\"dateModified\":\"2023-06-30T12:34:01+00:00\",\"inLanguage\":\"fr-FR\",\"potentialAction\":[{\"@type\":\"ReadAction\",\"target\":[\"https:\/\/universnews224.com\/index.php\/mamaya-2023-a-kankan-hadja-djene-conde-satisfaite-de-la-presence-du-president-mamadi-doumbouya\/\"]}]},{\"@type\":\"WebSite\",\"@id\":\"https:\/\/universnews224.com\/#website\",\"url\":\"https:\/\/universnews224.com\/\",\"name\":\"UNIVERSNEWS224\",\"description\":\"\",\"publisher\":{\"@id\":\"https:\/\/universnews224.com\/#organization\"},\"potentialAction\":[{\"@type\":\"SearchAction\",\"target\":{\"@type\":\"EntryPoint\",\"urlTemplate\":\"https:\/\/universnews224.com\/?s={search_term_string}\"},\"query-input\":\"required name=search_term_string\"}],\"inLanguage\":\"fr-FR\"},{\"@type\":\"Organization\",\"@id\":\"https:\/\/universnews224.com\/#organization\",\"name\":\"UNIVERSNEWS224\",\"url\":\"https:\/\/universnews224.com\/\",\"logo\":{\"@type\":\"ImageObject\",\"inLanguage\":\"fr-FR\",\"@id\":\"https:\/\/universnews224.com\/#\/schema\/logo\/image\/\",\"url\":\"https:\/\/universnews224.com\/wp-content\/uploads\/2022\/08\/cropped-cropped-logoban.jpg\",\"contentUrl\":\"https:\/\/universnews224.com\/wp-content\/uploads\/2022\/08\/cropped-cropped-logoban.jpg\",\"width\":1080,\"height\":138,\"caption\":\"UNIVERSNEWS224\"},\"image\":{\"@id\":\"https:\/\/universnews224.com\/#\/schema\/logo\/image\/\"}},{\"@type\":\"Person\",\"@id\":\"https:\/\/universnews224.com\/#\/schema\/person\/a4b7d4f94a4716df60456a491260485e\",\"name\":\"La R\u00e9daction\",\"image\":{\"@type\":\"ImageObject\",\"inLanguage\":\"fr-FR\",\"@id\":\"https:\/\/universnews224.com\/#\/schema\/person\/image\/\",\"url\":\"https:\/\/secure.gravatar.com\/avatar\/edb90acc7752b23e1b3307ad36c14f0d?s=96&d=mm&r=g\",\"contentUrl\":\"https:\/\/secure.gravatar.com\/avatar\/edb90acc7752b23e1b3307ad36c14f0d?s=96&d=mm&r=g\",\"caption\":\"La R\u00e9daction\"},\"sameAs\":[\"https:\/\/universnews224.com\"],\"url\":\"https:\/\/universnews224.com\/index.php\/author\/m-camara\/\"}]}<\/script>\n<!-- \/ Yoast SEO plugin. -->","yoast_head_json":{"title":"Mamaya 2023 \u00e0 Kankan : Hadja Dj\u00e8n\u00e8 Cond\u00e9 satisfaite de la pr\u00e9sence du pr\u00e9sident Mamadi Doumbouya - UNIVERSNEWS224","robots":{"index":"index","follow":"follow","max-snippet":"max-snippet:-1","max-image-preview":"max-image-preview:large","max-video-preview":"max-video-preview:-1"},"canonical":"https:\/\/universnews224.com\/index.php\/mamaya-2023-a-kankan-hadja-djene-conde-satisfaite-de-la-presence-du-president-mamadi-doumbouya\/","og_locale":"fr_FR","og_type":"article","og_title":"Mamaya 2023 \u00e0 Kankan : Hadja Dj\u00e8n\u00e8 Cond\u00e9 satisfaite de la pr\u00e9sence du pr\u00e9sident Mamadi Doumbouya - UNIVERSNEWS224","og_description":"La l\u00e9gendaire danse des hommes \u00e9l\u00e9gants, \u00a0\u00bbMamaya\u00a0\u00bb qui est le plus grand rendez-vous culturel de","og_url":"https:\/\/universnews224.com\/index.php\/mamaya-2023-a-kankan-hadja-djene-conde-satisfaite-de-la-presence-du-president-mamadi-doumbouya\/","og_site_name":"UNIVERSNEWS224","article_published_time":"2023-06-30T12:34:01+00:00","og_image":[{"width":1024,"height":576,"url":"https:\/\/universnews224.com\/wp-content\/uploads\/2023\/06\/05A7ED5C-A951-4A2E-8600-433728A70946.jpeg","type":"image\/jpeg"}],"author":"La R\u00e9daction","twitter_misc":{"\u00c9crit par":"La R\u00e9daction","Dur\u00e9e de lecture estim\u00e9e":"3 minutes"},"schema":{"@context":"https:\/\/schema.org","@graph":[{"@type":"Article","@id":"https:\/\/universnews224.com\/index.php\/mamaya-2023-a-kankan-hadja-djene-conde-satisfaite-de-la-presence-du-president-mamadi-doumbouya\/#article","isPartOf":{"@id":"https:\/\/universnews224.com\/index.php\/mamaya-2023-a-kankan-hadja-djene-conde-satisfaite-de-la-presence-du-president-mamadi-doumbouya\/"},"author":{"name":"La R\u00e9daction","@id":"https:\/\/universnews224.com\/#\/schema\/person\/a4b7d4f94a4716df60456a491260485e"},"headline":"Mamaya 2023 \u00e0 Kankan : Hadja Dj\u00e8n\u00e8 Cond\u00e9 satisfaite de la pr\u00e9sence du pr\u00e9sident Mamadi Doumbouya","datePublished":"2023-06-30T12:34:01+00:00","dateModified":"2023-06-30T12:34:01+00:00","mainEntityOfPage":{"@id":"https:\/\/universnews224.com\/index.php\/mamaya-2023-a-kankan-hadja-djene-conde-satisfaite-de-la-presence-du-president-mamadi-doumbouya\/"},"wordCount":384,"publisher":{"@id":"https:\/\/universnews224.com\/#organization"},"keywords":["La une"],"articleSection":["ACTU","POLITIQUE"],"inLanguage":"fr-FR"},{"@type":"WebPage","@id":"https:\/\/universnews224.com\/index.php\/mamaya-2023-a-kankan-hadja-djene-conde-satisfaite-de-la-presence-du-president-mamadi-doumbouya\/","url":"https:\/\/universnews224.com\/index.php\/mamaya-2023-a-kankan-hadja-djene-conde-satisfaite-de-la-presence-du-president-mamadi-doumbouya\/","name":"Mamaya 2023 \u00e0 Kankan : Hadja Dj\u00e8n\u00e8 Cond\u00e9 satisfaite de la pr\u00e9sence du pr\u00e9sident Mamadi Doumbouya - UNIVERSNEWS224","isPartOf":{"@id":"https:\/\/universnews224.com\/#website"},"datePublished":"2023-06-30T12:34:01+00:00","dateModified":"2023-06-30T12:34:01+00:00","inLanguage":"fr-FR","potentialAction":[{"@type":"ReadAction","target":["https:\/\/universnews224.com\/index.php\/mamaya-2023-a-kankan-hadja-djene-conde-satisfaite-de-la-presence-du-president-mamadi-doumbouya\/"]}]},{"@type":"WebSite","@id":"https:\/\/universnews224.com\/#website","url":"https:\/\/universnews224.com\/","name":"UNIVERSNEWS224","description":"","publisher":{"@id":"https:\/\/universnews224.com\/#organization"},"potentialAction":[{"@type":"SearchAction","target":{"@type":"EntryPoint","urlTemplate":"https:\/\/universnews224.com\/?s={search_term_string}"},"query-input":"required name=search_term_string"}],"inLanguage":"fr-FR"},{"@type":"Organization","@id":"https:\/\/universnews224.com\/#organization","name":"UNIVERSNEWS224","url":"https:\/\/universnews224.com\/","logo":{"@type":"ImageObject","inLanguage":"fr-FR","@id":"https:\/\/universnews224.com\/#\/schema\/logo\/image\/","url":"https:\/\/universnews224.com\/wp-content\/uploads\/2022\/08\/cropped-cropped-logoban.jpg","contentUrl":"https:\/\/universnews224.com\/wp-content\/uploads\/2022\/08\/cropped-cropped-logoban.jpg","width":1080,"height":138,"caption":"UNIVERSNEWS224"},"image":{"@id":"https:\/\/universnews224.com\/#\/schema\/logo\/image\/"}},{"@type":"Person","@id":"https:\/\/universnews224.com\/#\/schema\/person\/a4b7d4f94a4716df60456a491260485e","name":"La R\u00e9daction","image":{"@type":"ImageObject","inLanguage":"fr-FR","@id":"https:\/\/universnews224.com\/#\/schema\/person\/image\/","url":"https:\/\/secure.gravatar.com\/avatar\/edb90acc7752b23e1b3307ad36c14f0d?s=96&d=mm&r=g","contentUrl":"https:\/\/secure.gravatar.com\/avatar\/edb90acc7752b23e1b3307ad36c14f0d?s=96&d=mm&r=g","caption":"La R\u00e9daction"},"sameAs":["https:\/\/universnews224.com"],"url":"https:\/\/universnews224.com\/index.php\/author\/m-camara\/"}]}},"_links":{"self":[{"href":"https:\/\/universnews224.com\/index.php\/wp-json\/wp\/v2\/posts\/3845"}],"collection":[{"href":"https:\/\/universnews224.com\/index.php\/wp-json\/wp\/v2\/posts"}],"about":[{"href":"https:\/\/universnews224.com\/index.php\/wp-json\/wp\/v2\/types\/post"}],"author":[{"embeddable":true,"href":"https:\/\/universnews224.com\/index.php\/wp-json\/wp\/v2\/users\/2"}],"replies":[{"embeddable":true,"href":"https:\/\/universnews224.com\/index.php\/wp-json\/wp\/v2\/comments?post=3845"}],"version-history":[{"count":1,"href":"https:\/\/universnews224.com\/index.php\/wp-json\/wp\/v2\/posts\/3845\/revisions"}],"predecessor-version":[{"id":3850,"href":"https:\/\/universnews224.com\/index.php\/wp-json\/wp\/v2\/posts\/3845\/revisions\/3850"}],"wp:featuredmedia":[{"embeddable":true,"href":"https:\/\/universnews224.com\/index.php\/wp-json\/wp\/v2\/media\/3849"}],"wp:attachment":[{"href":"https:\/\/universnews224.com\/index.php\/wp-json\/wp\/v2\/media?parent=3845"}],"wp:term":[{"taxonomy":"category","embeddable":true,"href":"https:\/\/universnews224.com\/index.php\/wp-json\/wp\/v2\/categories?post=3845"},{"taxonomy":"post_tag","embeddable":true,"href":"https:\/\/universnews224.com\/index.php\/wp-json\/wp\/v2\/tags?post=3845"}],"curies":[{"name":"wp","href":"https:\/\/api.w.org\/{rel}","templated":true}]}}