{"id":3851,"date":"2023-07-02T00:05:49","date_gmt":"2023-07-01T23:05:49","guid":{"rendered":"https:\/\/universnews224.com\/?p=3851"},"modified":"2023-07-02T00:05:49","modified_gmt":"2023-07-01T23:05:49","slug":"acte-2-de-la-grand-mamaya-a-kankan-la-cheffe-de-cabinet-adele-camara-satisfait-de-lorganisation","status":"publish","type":"post","link":"https:\/\/universnews224.com\/index.php\/acte-2-de-la-grand-mamaya-a-kankan-la-cheffe-de-cabinet-adele-camara-satisfait-de-lorganisation\/","title":{"rendered":"Acte 2 de la grand Mamaya \u00e0 Kankan : la cheffe de cabinet Adele Camara satisfait de l&rsquo;organisation"},"content":{"rendered":"<p>Organis\u00e9e tous les lendemains de la f\u00eate de tabaski, la traditionnelle danse \u2018\u2019Mamaya\u2019\u2019 des hommes \u00e9l\u00e9gants, se poursuit ce vendredi 30 juin 2023 dans l&rsquo;enceinte de l&rsquo;ancien a\u00e9roport de Kankan en pr\u00e9sence du pr\u00e9sident de la transition Colonel Mamadi Doumbouya accompagn\u00e9 de sa famille, Mme l&rsquo;\u00e9pouse du pr\u00e9sident ministre Bernard Goumou et quelques membres du gouvernement.<\/p>\n<p>Cette manifestation de la danse traditionnelle organis\u00e9e par S\u00e8d\u00e8 Dandiya N\u00b04 a d\u00e9di\u00e9 cette fois ci la deuxi\u00e8me journ\u00e9e de danse \u00e0 la communaut\u00e9 foresti\u00e8re fortement mobilis\u00e9s pour venir soutenir et accompagn\u00e9 initiative de la population de Kankan nabaya dans leur danse traditionnelle vecteur de retrouvailles, de paix et de l&rsquo;unit\u00e9 nationale entre les filles et fils du pays.<\/p>\n<p>Pour sa premi\u00e8re fois d&rsquo;\u00eatre \u00e0 Kankan, assister \u00e0 la grande c\u00e9r\u00e9monie de Mamaya, la cheffe de cabinet du Minist\u00e8re de L&rsquo;Information et de la Communication Adele Camara tr\u00e8s fi\u00e8re et satisfait d&rsquo;\u00eatre parmi les invit\u00e9s de marque.<\/p>\n<p>\u00ab Je suis tr\u00e8s contente pour cette deuxi\u00e8me journ\u00e9e, j&rsquo;avoue vraiment que, \u00e7a \u00e9t\u00e9 une grande r\u00e9ussite, du c\u00f4t\u00e9 organisationnel par rapport \u00e0 hier, j&rsquo;ai remarqu\u00e9 que pratiquement tout le monde \u00e9taient en uniforme alors qu&rsquo;hier y&rsquo;avais un grand engouement. Donc c&rsquo;est n&rsquo;\u00e9tait pas facile de g\u00e9rer la foule, mais aujourd&rsquo;hui l&rsquo;uniforme \u00e9taient l\u00e0, on a puis avoir les pas de danse les gens ont puisse se mobiliser pour les pas de danse et m\u00eame le pr\u00e9sident \u00e9tait l\u00e0 avec toutes sa famille, quelques membres du gouvernement et les hauts cadres de l&rsquo;administration&#8230; Vraiment en quelques sortes \u00e7a \u00e9t\u00e9 une r\u00e9ussite, les petites incidents technique, mais bon, se sont les al\u00e9as du m\u00e9tier on peut pas g\u00e9rer la technique mais cas cela ne tienne \u00e9v\u00e9nement a \u00e9t\u00e9 vraiment une r\u00e9ussite \u00bb, a d\u00e9clar\u00e9 Mme Adele.<br \/>\nEt d&rsquo;ajouter, elle dira que, \u00ab Kankan c&rsquo;est chez tout le monde car la Guin\u00e9e c&rsquo;est une famille, aujourd&rsquo;hui tout le monde est l\u00e0 Soussou, Malink\u00e9, Toma, kissi, Baga et tant d&rsquo;autres venir c\u00e9l\u00e9brer avec vous la Mamaya. Et moi personnellement c&rsquo;est ma premi\u00e8re fois de participer mais avoue que je suis vraiment s\u00e9duite \u00e9merveill\u00e9 par rapport de ce que j&rsquo;ai vu. ET je vais recommand\u00e9 \u00e0 ce qui sont rest\u00e9s \u00e0 Conakry de venir l&rsquo;ann\u00e9e prochaine c\u00e9l\u00e9br\u00e9 ensemble la Mamaya avec l&rsquo;ensemble de la population de Kankan \u00bb, a lanc\u00e9 Mme la cheffe de cabinet.<\/p>\n<p>Sana Sylla depuis Kankan.<\/p>\n","protected":false},"excerpt":{"rendered":"<p>Organis\u00e9e tous les lendemains de la f\u00eate de tabaski, la traditionnelle danse \u2018\u2019Mamaya\u2019\u2019 des hommes<\/p>\n","protected":false},"author":2,"featured_media":3852,"comment_status":"closed","ping_status":"open","sticky":false,"template":"","format":"standard","meta":[],"categories":[3,5],"tags":[229],"yoast_head":"<!-- This site is optimized with the Yoast SEO plugin v19.13 - https:\/\/yoast.com\/wordpress\/plugins\/seo\/ -->\n<title>Acte 2 de la grand Mamaya \u00e0 Kankan : la cheffe de cabinet Adele Camara satisfait de l&#039;organisation - UNIVERSNEWS224<\/title>\n<meta name=\"robots\" content=\"index, follow, max-snippet:-1, max-image-preview:large, max-video-preview:-1\" \/>\n<link rel=\"canonical\" href=\"https:\/\/universnews224.com\/index.php\/acte-2-de-la-grand-mamaya-a-kankan-la-cheffe-de-cabinet-adele-camara-satisfait-de-lorganisation\/\" \/>\n<meta property=\"og:locale\" content=\"fr_FR\" \/>\n<meta property=\"og:type\" content=\"article\" \/>\n<meta property=\"og:title\" content=\"Acte 2 de la grand Mamaya \u00e0 Kankan : la cheffe de cabinet Adele Camara satisfait de l&#039;organisation - UNIVERSNEWS224\" \/>\n<meta property=\"og:description\" content=\"Organis\u00e9e tous les lendemains de la f\u00eate de tabaski, la traditionnelle danse \u2018\u2019Mamaya\u2019\u2019 des hommes\" \/>\n<meta property=\"og:url\" content=\"https:\/\/universnews224.com\/index.php\/acte-2-de-la-grand-mamaya-a-kankan-la-cheffe-de-cabinet-adele-camara-satisfait-de-lorganisation\/\" \/>\n<meta property=\"og:site_name\" content=\"UNIVERSNEWS224\" \/>\n<meta property=\"article:published_time\" content=\"2023-07-01T23:05:49+00:00\" \/>\n<meta property=\"og:image\" content=\"https:\/\/universnews224.com\/wp-content\/uploads\/2023\/07\/FE8105E2-762A-49C2-83FD-8ADB800E88DB.jpeg\" \/>\n\t<meta property=\"og:image:width\" content=\"1024\" \/>\n\t<meta property=\"og:image:height\" content=\"576\" \/>\n\t<meta property=\"og:image:type\" content=\"image\/jpeg\" \/>\n<meta name=\"author\" content=\"La R\u00e9daction\" \/>\n<meta name=\"twitter:label1\" content=\"\u00c9crit par\" \/>\n\t<meta name=\"twitter:data1\" content=\"La R\u00e9daction\" \/>\n\t<meta name=\"twitter:label2\" content=\"Dur\u00e9e de lecture estim\u00e9e\" \/>\n\t<meta name=\"twitter:data2\" content=\"2 minutes\" \/>\n<script type=\"application\/ld+json\" class=\"yoast-schema-graph\">{\"@context\":\"https:\/\/schema.org\",\"@graph\":[{\"@type\":\"Article\",\"@id\":\"https:\/\/universnews224.com\/index.php\/acte-2-de-la-grand-mamaya-a-kankan-la-cheffe-de-cabinet-adele-camara-satisfait-de-lorganisation\/#article\",\"isPartOf\":{\"@id\":\"https:\/\/universnews224.com\/index.php\/acte-2-de-la-grand-mamaya-a-kankan-la-cheffe-de-cabinet-adele-camara-satisfait-de-lorganisation\/\"},\"author\":{\"name\":\"La R\u00e9daction\",\"@id\":\"https:\/\/universnews224.com\/#\/schema\/person\/a4b7d4f94a4716df60456a491260485e\"},\"headline\":\"Acte 2 de la grand Mamaya \u00e0 Kankan : la cheffe de cabinet Adele Camara satisfait de l&rsquo;organisation\",\"datePublished\":\"2023-07-01T23:05:49+00:00\",\"dateModified\":\"2023-07-01T23:05:49+00:00\",\"mainEntityOfPage\":{\"@id\":\"https:\/\/universnews224.com\/index.php\/acte-2-de-la-grand-mamaya-a-kankan-la-cheffe-de-cabinet-adele-camara-satisfait-de-lorganisation\/\"},\"wordCount\":440,\"publisher\":{\"@id\":\"https:\/\/universnews224.com\/#organization\"},\"keywords\":[\"La une\"],\"articleSection\":[\"ACTU\",\"SOCI\u00c9T\u00c9\"],\"inLanguage\":\"fr-FR\"},{\"@type\":\"WebPage\",\"@id\":\"https:\/\/universnews224.com\/index.php\/acte-2-de-la-grand-mamaya-a-kankan-la-cheffe-de-cabinet-adele-camara-satisfait-de-lorganisation\/\",\"url\":\"https:\/\/universnews224.com\/index.php\/acte-2-de-la-grand-mamaya-a-kankan-la-cheffe-de-cabinet-adele-camara-satisfait-de-lorganisation\/\",\"name\":\"Acte 2 de la grand Mamaya \u00e0 Kankan : la cheffe de cabinet Adele Camara satisfait de l'organisation - UNIVERSNEWS224\",\"isPartOf\":{\"@id\":\"https:\/\/universnews224.com\/#website\"},\"datePublished\":\"2023-07-01T23:05:49+00:00\",\"dateModified\":\"2023-07-01T23:05:49+00:00\",\"inLanguage\":\"fr-FR\",\"potentialAction\":[{\"@type\":\"ReadAction\",\"target\":[\"https:\/\/universnews224.com\/index.php\/acte-2-de-la-grand-mamaya-a-kankan-la-cheffe-de-cabinet-adele-camara-satisfait-de-lorganisation\/\"]}]},{\"@type\":\"WebSite\",\"@id\":\"https:\/\/universnews224.com\/#website\",\"url\":\"https:\/\/universnews224.com\/\",\"name\":\"UNIVERSNEWS224\",\"description\":\"\",\"publisher\":{\"@id\":\"https:\/\/universnews224.com\/#organization\"},\"potentialAction\":[{\"@type\":\"SearchAction\",\"target\":{\"@type\":\"EntryPoint\",\"urlTemplate\":\"https:\/\/universnews224.com\/?s={search_term_string}\"},\"query-input\":\"required name=search_term_string\"}],\"inLanguage\":\"fr-FR\"},{\"@type\":\"Organization\",\"@id\":\"https:\/\/universnews224.com\/#organization\",\"name\":\"UNIVERSNEWS224\",\"url\":\"https:\/\/universnews224.com\/\",\"logo\":{\"@type\":\"ImageObject\",\"inLanguage\":\"fr-FR\",\"@id\":\"https:\/\/universnews224.com\/#\/schema\/logo\/image\/\",\"url\":\"https:\/\/universnews224.com\/wp-content\/uploads\/2022\/08\/cropped-cropped-logoban.jpg\",\"contentUrl\":\"https:\/\/universnews224.com\/wp-content\/uploads\/2022\/08\/cropped-cropped-logoban.jpg\",\"width\":1080,\"height\":138,\"caption\":\"UNIVERSNEWS224\"},\"image\":{\"@id\":\"https:\/\/universnews224.com\/#\/schema\/logo\/image\/\"}},{\"@type\":\"Person\",\"@id\":\"https:\/\/universnews224.com\/#\/schema\/person\/a4b7d4f94a4716df60456a491260485e\",\"name\":\"La R\u00e9daction\",\"image\":{\"@type\":\"ImageObject\",\"inLanguage\":\"fr-FR\",\"@id\":\"https:\/\/universnews224.com\/#\/schema\/person\/image\/\",\"url\":\"https:\/\/secure.gravatar.com\/avatar\/edb90acc7752b23e1b3307ad36c14f0d?s=96&d=mm&r=g\",\"contentUrl\":\"https:\/\/secure.gravatar.com\/avatar\/edb90acc7752b23e1b3307ad36c14f0d?s=96&d=mm&r=g\",\"caption\":\"La R\u00e9daction\"},\"sameAs\":[\"https:\/\/universnews224.com\"],\"url\":\"https:\/\/universnews224.com\/index.php\/author\/m-camara\/\"}]}<\/script>\n<!-- \/ Yoast SEO plugin. -->","yoast_head_json":{"title":"Acte 2 de la grand Mamaya \u00e0 Kankan : la cheffe de cabinet Adele Camara satisfait de l'organisation - UNIVERSNEWS224","robots":{"index":"index","follow":"follow","max-snippet":"max-snippet:-1","max-image-preview":"max-image-preview:large","max-video-preview":"max-video-preview:-1"},"canonical":"https:\/\/universnews224.com\/index.php\/acte-2-de-la-grand-mamaya-a-kankan-la-cheffe-de-cabinet-adele-camara-satisfait-de-lorganisation\/","og_locale":"fr_FR","og_type":"article","og_title":"Acte 2 de la grand Mamaya \u00e0 Kankan : la cheffe de cabinet Adele Camara satisfait de l'organisation - UNIVERSNEWS224","og_description":"Organis\u00e9e tous les lendemains de la f\u00eate de tabaski, la traditionnelle danse \u2018\u2019Mamaya\u2019\u2019 des hommes","og_url":"https:\/\/universnews224.com\/index.php\/acte-2-de-la-grand-mamaya-a-kankan-la-cheffe-de-cabinet-adele-camara-satisfait-de-lorganisation\/","og_site_name":"UNIVERSNEWS224","article_published_time":"2023-07-01T23:05:49+00:00","og_image":[{"width":1024,"height":576,"url":"https:\/\/universnews224.com\/wp-content\/uploads\/2023\/07\/FE8105E2-762A-49C2-83FD-8ADB800E88DB.jpeg","type":"image\/jpeg"}],"author":"La R\u00e9daction","twitter_misc":{"\u00c9crit par":"La R\u00e9daction","Dur\u00e9e de lecture estim\u00e9e":"2 minutes"},"schema":{"@context":"https:\/\/schema.org","@graph":[{"@type":"Article","@id":"https:\/\/universnews224.com\/index.php\/acte-2-de-la-grand-mamaya-a-kankan-la-cheffe-de-cabinet-adele-camara-satisfait-de-lorganisation\/#article","isPartOf":{"@id":"https:\/\/universnews224.com\/index.php\/acte-2-de-la-grand-mamaya-a-kankan-la-cheffe-de-cabinet-adele-camara-satisfait-de-lorganisation\/"},"author":{"name":"La R\u00e9daction","@id":"https:\/\/universnews224.com\/#\/schema\/person\/a4b7d4f94a4716df60456a491260485e"},"headline":"Acte 2 de la grand Mamaya \u00e0 Kankan : la cheffe de cabinet Adele Camara satisfait de l&rsquo;organisation","datePublished":"2023-07-01T23:05:49+00:00","dateModified":"2023-07-01T23:05:49+00:00","mainEntityOfPage":{"@id":"https:\/\/universnews224.com\/index.php\/acte-2-de-la-grand-mamaya-a-kankan-la-cheffe-de-cabinet-adele-camara-satisfait-de-lorganisation\/"},"wordCount":440,"publisher":{"@id":"https:\/\/universnews224.com\/#organization"},"keywords":["La une"],"articleSection":["ACTU","SOCI\u00c9T\u00c9"],"inLanguage":"fr-FR"},{"@type":"WebPage","@id":"https:\/\/universnews224.com\/index.php\/acte-2-de-la-grand-mamaya-a-kankan-la-cheffe-de-cabinet-adele-camara-satisfait-de-lorganisation\/","url":"https:\/\/universnews224.com\/index.php\/acte-2-de-la-grand-mamaya-a-kankan-la-cheffe-de-cabinet-adele-camara-satisfait-de-lorganisation\/","name":"Acte 2 de la grand Mamaya \u00e0 Kankan : la cheffe de cabinet Adele Camara satisfait de l'organisation - UNIVERSNEWS224","isPartOf":{"@id":"https:\/\/universnews224.com\/#website"},"datePublished":"2023-07-01T23:05:49+00:00","dateModified":"2023-07-01T23:05:49+00:00","inLanguage":"fr-FR","potentialAction":[{"@type":"ReadAction","target":["https:\/\/universnews224.com\/index.php\/acte-2-de-la-grand-mamaya-a-kankan-la-cheffe-de-cabinet-adele-camara-satisfait-de-lorganisation\/"]}]},{"@type":"WebSite","@id":"https:\/\/universnews224.com\/#website","url":"https:\/\/universnews224.com\/","name":"UNIVERSNEWS224","description":"","publisher":{"@id":"https:\/\/universnews224.com\/#organization"},"potentialAction":[{"@type":"SearchAction","target":{"@type":"EntryPoint","urlTemplate":"https:\/\/universnews224.com\/?s={search_term_string}"},"query-input":"required name=search_term_string"}],"inLanguage":"fr-FR"},{"@type":"Organization","@id":"https:\/\/universnews224.com\/#organization","name":"UNIVERSNEWS224","url":"https:\/\/universnews224.com\/","logo":{"@type":"ImageObject","inLanguage":"fr-FR","@id":"https:\/\/universnews224.com\/#\/schema\/logo\/image\/","url":"https:\/\/universnews224.com\/wp-content\/uploads\/2022\/08\/cropped-cropped-logoban.jpg","contentUrl":"https:\/\/universnews224.com\/wp-content\/uploads\/2022\/08\/cropped-cropped-logoban.jpg","width":1080,"height":138,"caption":"UNIVERSNEWS224"},"image":{"@id":"https:\/\/universnews224.com\/#\/schema\/logo\/image\/"}},{"@type":"Person","@id":"https:\/\/universnews224.com\/#\/schema\/person\/a4b7d4f94a4716df60456a491260485e","name":"La R\u00e9daction","image":{"@type":"ImageObject","inLanguage":"fr-FR","@id":"https:\/\/universnews224.com\/#\/schema\/person\/image\/","url":"https:\/\/secure.gravatar.com\/avatar\/edb90acc7752b23e1b3307ad36c14f0d?s=96&d=mm&r=g","contentUrl":"https:\/\/secure.gravatar.com\/avatar\/edb90acc7752b23e1b3307ad36c14f0d?s=96&d=mm&r=g","caption":"La R\u00e9daction"},"sameAs":["https:\/\/universnews224.com"],"url":"https:\/\/universnews224.com\/index.php\/author\/m-camara\/"}]}},"_links":{"self":[{"href":"https:\/\/universnews224.com\/index.php\/wp-json\/wp\/v2\/posts\/3851"}],"collection":[{"href":"https:\/\/universnews224.com\/index.php\/wp-json\/wp\/v2\/posts"}],"about":[{"href":"https:\/\/universnews224.com\/index.php\/wp-json\/wp\/v2\/types\/post"}],"author":[{"embeddable":true,"href":"https:\/\/universnews224.com\/index.php\/wp-json\/wp\/v2\/users\/2"}],"replies":[{"embeddable":true,"href":"https:\/\/universnews224.com\/index.php\/wp-json\/wp\/v2\/comments?post=3851"}],"version-history":[{"count":1,"href":"https:\/\/universnews224.com\/index.php\/wp-json\/wp\/v2\/posts\/3851\/revisions"}],"predecessor-version":[{"id":3853,"href":"https:\/\/universnews224.com\/index.php\/wp-json\/wp\/v2\/posts\/3851\/revisions\/3853"}],"wp:featuredmedia":[{"embeddable":true,"href":"https:\/\/universnews224.com\/index.php\/wp-json\/wp\/v2\/media\/3852"}],"wp:attachment":[{"href":"https:\/\/universnews224.com\/index.php\/wp-json\/wp\/v2\/media?parent=3851"}],"wp:term":[{"taxonomy":"category","embeddable":true,"href":"https:\/\/universnews224.com\/index.php\/wp-json\/wp\/v2\/categories?post=3851"},{"taxonomy":"post_tag","embeddable":true,"href":"https:\/\/universnews224.com\/index.php\/wp-json\/wp\/v2\/tags?post=3851"}],"curies":[{"name":"wp","href":"https:\/\/api.w.org\/{rel}","templated":true}]}}