{"id":3858,"date":"2023-07-02T00:26:52","date_gmt":"2023-07-01T23:26:52","guid":{"rendered":"https:\/\/universnews224.com\/?p=3858"},"modified":"2023-07-02T00:26:52","modified_gmt":"2023-07-01T23:26:52","slug":"economie-guineenne-se-porte-t-elle-bien-voici-lavis-dun-economiste","status":"publish","type":"post","link":"https:\/\/universnews224.com\/index.php\/economie-guineenne-se-porte-t-elle-bien-voici-lavis-dun-economiste\/","title":{"rendered":"\u00c9conomie guin\u00e9enne se porte t-elle bien: voici l\u2019avis d\u2019un \u00e9conomiste."},"content":{"rendered":"<p class=\"p1\"><span class=\"s1\">Lors de la derni\u00e8re session du conseil des ministres, en date du 22 juin 2023, les ministres du pool financier ont le point de l\u2019exercice budg\u00e9taire de 2023 pour la p\u00e9riode, allant du 1er janvier au 18 juin 2023. <\/span><\/p>\n<p class=\"p1\"><span class=\"s1\">Au cours de cet exercice, les ministres de l\u2019\u00e9conomie et des finances, celui du budget et le gouverneur de la banque centrale, ont annonc\u00e9 la bonne sant\u00e9 de l\u2019\u00e9conomie guin\u00e9enne. Cela s\u2019explique selon eux, par l\u2019appr\u00e9ciation de la monnaie nationale face au dollar, la balance sup\u00e9rieure \u00e0 l\u2019exportation et la ma\u00eetrise de l\u2019inflation. <\/span><\/p>\n<p class=\"p1\"><span class=\"s1\">Selon Mohamed Camara, \u00e9conomiste ,cette performance s\u2019explique par le fait, l\u2019\u00e9conomie guin\u00e9enne a enregistr\u00e9 du bon score lors des assembl\u00e9es annuelles de la BAD, gr\u00e2ce aux r\u00e9formes engag\u00e9es par les autorit\u00e9s de la transition. <\/span><\/p>\n<p class=\"p1\"><span class=\"s1\">\u00abPar rapport au contenu, il y a un mois lors des assembl\u00e9es annuelles de la BAD( Banque Africaine de D\u00e9veloppement) \u00e0 Charm el-Cheikh en \u00c9gypte, la BAD a notifi\u00e9 \u00e0 la Guin\u00e9e qu\u2019elle sort de la liste des pays fragiles. Parce que, avant, il y a eu une \u00e9valuation des structures institutionnelles de la Guin\u00e9e pour mesurer sa capacit\u00e9 de r\u00e9silience face \u00e0 la crise de Covid et d\u2019autres chocs, endog\u00e8nes et exog\u00e8nes sur l\u2019\u00e9conomie. Et la Guin\u00e9e a eu le bon score. Ce n\u2019est que de droit, quand les ministres du pool financier annoncent que l\u2019\u00e9conomie guin\u00e9enne se porte bien, cela est d\u00e9j\u00e0 v\u00e9rifi\u00e9 par le score obtenu lors de cette \u00e9valuation et qui est m\u00eame reconnu par les institutions supranationales\u00bb, a t-il indiqu\u00e9. <\/span><\/p>\n<p class=\"p1\"><span class=\"s1\">\u00c0 la question de savoir, malgr\u00e9 cette bonne sant\u00e9 de l\u2019\u00e9conomie guin\u00e9enne, pourquoi, cela ne se r\u00e9percute sur le panier de la m\u00e9nag\u00e8re, l\u2019\u00e9conomiste explique les raisons. <\/span><\/p>\n<p class=\"p1\"><span class=\"s1\">\u00abLa question des revenus est une question fondamentale pour les pays en voie de d\u00e9veloppement comme la Guin\u00e9e. Aujourd\u2019hui, si je n\u2019ai pas le prix de mon mouton et de quoi payer les habits de f\u00eate pour ma famille et qu\u2019on dise que l\u2019\u00e9conomie du pays se porte bien, moi je dirai non. Mais, par contre, ce dont on parle, quand on \u00e9value les politiques publiques, on regarde d\u2019abord: le gouvernement a mis accent fort sur la r\u00e9alisation des infrastructures. Qui dit r\u00e9alisation des infrastructures, dit cr\u00e9ation d\u2019emploi parce qu\u2019il y a des gens qui font avoir du travail gr\u00e2ce \u00e0 ces chantiers et qui font avoir un revenu avec. Pour la majorit\u00e9 des guin\u00e9ens qui se d\u00e9brouillent parce qu\u2019on a une \u00e9conomie informelle, qui font dans les petits commerces, des petites activit\u00e9s qui ne sont pas d\u2019abord encr\u00e9s dans la structure r\u00e9elle de l\u2019\u00e9conomie.Ceux-l\u00e0<span class=\"Apple-converted-space\">\u00a0 <\/span>subissent les effets de la crise de Covid, ils ont beaucoup de difficult\u00e9s.Pour se faire, le gouvernement a trouv\u00e9 un m\u00e9canisme pour aider ces personnes. C\u2019est pourquoi, on parle de m\u00e9canisme de transfert de l\u2019ANIES et la distribution des engrais aux agriculteurs. \u00c7a peut permettre \u00e0 ceux qui ont eu des chocs, gr\u00e2ce aux crises de Covid et d\u2019autres maladies , qu\u2019ils puissent avoir de l\u2019argent pour mieux vivre et sortir de ce qu\u2019on l\u2019extr\u00eame pauvret\u00e9\u00bb, a t-il martel\u00e9 chez nos confr\u00e8res Fim Fm. <\/span><\/p>\n<p class=\"p1\"><span class=\"s1\">Camara Mamadouba <\/span><\/p>\n<p class=\"p1\"><span class=\"s1\">611 46 04 10 <\/span><\/p>\n","protected":false},"excerpt":{"rendered":"<p>Lors de la derni\u00e8re session du conseil des ministres, en date du 22 juin 2023,<\/p>\n","protected":false},"author":2,"featured_media":3859,"comment_status":"closed","ping_status":"open","sticky":false,"template":"","format":"standard","meta":[],"categories":[3,17],"tags":[229],"yoast_head":"<!-- This site is optimized with the Yoast SEO plugin v19.13 - https:\/\/yoast.com\/wordpress\/plugins\/seo\/ -->\n<title>\u00c9conomie guin\u00e9enne se porte t-elle bien: voici l\u2019avis d\u2019un \u00e9conomiste. - UNIVERSNEWS224<\/title>\n<meta name=\"robots\" content=\"index, follow, max-snippet:-1, max-image-preview:large, max-video-preview:-1\" \/>\n<link rel=\"canonical\" href=\"https:\/\/universnews224.com\/index.php\/economie-guineenne-se-porte-t-elle-bien-voici-lavis-dun-economiste\/\" \/>\n<meta property=\"og:locale\" content=\"fr_FR\" \/>\n<meta property=\"og:type\" content=\"article\" \/>\n<meta property=\"og:title\" content=\"\u00c9conomie guin\u00e9enne se porte t-elle bien: voici l\u2019avis d\u2019un \u00e9conomiste. - UNIVERSNEWS224\" \/>\n<meta property=\"og:description\" content=\"Lors de la derni\u00e8re session du conseil des ministres, en date du 22 juin 2023,\" \/>\n<meta property=\"og:url\" content=\"https:\/\/universnews224.com\/index.php\/economie-guineenne-se-porte-t-elle-bien-voici-lavis-dun-economiste\/\" \/>\n<meta property=\"og:site_name\" content=\"UNIVERSNEWS224\" \/>\n<meta property=\"article:published_time\" content=\"2023-07-01T23:26:52+00:00\" \/>\n<meta property=\"og:image\" content=\"https:\/\/universnews224.com\/wp-content\/uploads\/2023\/07\/CF200BE0-475D-41D5-BD36-90105311A9F2.jpeg\" \/>\n\t<meta property=\"og:image:width\" content=\"720\" \/>\n\t<meta property=\"og:image:height\" content=\"570\" \/>\n\t<meta property=\"og:image:type\" content=\"image\/jpeg\" \/>\n<meta name=\"author\" content=\"La R\u00e9daction\" \/>\n<meta name=\"twitter:label1\" content=\"\u00c9crit par\" \/>\n\t<meta name=\"twitter:data1\" content=\"La R\u00e9daction\" \/>\n\t<meta name=\"twitter:label2\" content=\"Dur\u00e9e de lecture estim\u00e9e\" \/>\n\t<meta name=\"twitter:data2\" content=\"3 minutes\" \/>\n<script type=\"application\/ld+json\" class=\"yoast-schema-graph\">{\"@context\":\"https:\/\/schema.org\",\"@graph\":[{\"@type\":\"Article\",\"@id\":\"https:\/\/universnews224.com\/index.php\/economie-guineenne-se-porte-t-elle-bien-voici-lavis-dun-economiste\/#article\",\"isPartOf\":{\"@id\":\"https:\/\/universnews224.com\/index.php\/economie-guineenne-se-porte-t-elle-bien-voici-lavis-dun-economiste\/\"},\"author\":{\"name\":\"La R\u00e9daction\",\"@id\":\"https:\/\/universnews224.com\/#\/schema\/person\/a4b7d4f94a4716df60456a491260485e\"},\"headline\":\"\u00c9conomie guin\u00e9enne se porte t-elle bien: voici l\u2019avis d\u2019un \u00e9conomiste.\",\"datePublished\":\"2023-07-01T23:26:52+00:00\",\"dateModified\":\"2023-07-01T23:26:52+00:00\",\"mainEntityOfPage\":{\"@id\":\"https:\/\/universnews224.com\/index.php\/economie-guineenne-se-porte-t-elle-bien-voici-lavis-dun-economiste\/\"},\"wordCount\":591,\"publisher\":{\"@id\":\"https:\/\/universnews224.com\/#organization\"},\"keywords\":[\"La une\"],\"articleSection\":[\"ACTU\",\"GRANDS DOSSIERS\"],\"inLanguage\":\"fr-FR\"},{\"@type\":\"WebPage\",\"@id\":\"https:\/\/universnews224.com\/index.php\/economie-guineenne-se-porte-t-elle-bien-voici-lavis-dun-economiste\/\",\"url\":\"https:\/\/universnews224.com\/index.php\/economie-guineenne-se-porte-t-elle-bien-voici-lavis-dun-economiste\/\",\"name\":\"\u00c9conomie guin\u00e9enne se porte t-elle bien: voici l\u2019avis d\u2019un \u00e9conomiste. - UNIVERSNEWS224\",\"isPartOf\":{\"@id\":\"https:\/\/universnews224.com\/#website\"},\"datePublished\":\"2023-07-01T23:26:52+00:00\",\"dateModified\":\"2023-07-01T23:26:52+00:00\",\"inLanguage\":\"fr-FR\",\"potentialAction\":[{\"@type\":\"ReadAction\",\"target\":[\"https:\/\/universnews224.com\/index.php\/economie-guineenne-se-porte-t-elle-bien-voici-lavis-dun-economiste\/\"]}]},{\"@type\":\"WebSite\",\"@id\":\"https:\/\/universnews224.com\/#website\",\"url\":\"https:\/\/universnews224.com\/\",\"name\":\"UNIVERSNEWS224\",\"description\":\"\",\"publisher\":{\"@id\":\"https:\/\/universnews224.com\/#organization\"},\"potentialAction\":[{\"@type\":\"SearchAction\",\"target\":{\"@type\":\"EntryPoint\",\"urlTemplate\":\"https:\/\/universnews224.com\/?s={search_term_string}\"},\"query-input\":\"required name=search_term_string\"}],\"inLanguage\":\"fr-FR\"},{\"@type\":\"Organization\",\"@id\":\"https:\/\/universnews224.com\/#organization\",\"name\":\"UNIVERSNEWS224\",\"url\":\"https:\/\/universnews224.com\/\",\"logo\":{\"@type\":\"ImageObject\",\"inLanguage\":\"fr-FR\",\"@id\":\"https:\/\/universnews224.com\/#\/schema\/logo\/image\/\",\"url\":\"https:\/\/universnews224.com\/wp-content\/uploads\/2022\/08\/cropped-cropped-logoban.jpg\",\"contentUrl\":\"https:\/\/universnews224.com\/wp-content\/uploads\/2022\/08\/cropped-cropped-logoban.jpg\",\"width\":1080,\"height\":138,\"caption\":\"UNIVERSNEWS224\"},\"image\":{\"@id\":\"https:\/\/universnews224.com\/#\/schema\/logo\/image\/\"}},{\"@type\":\"Person\",\"@id\":\"https:\/\/universnews224.com\/#\/schema\/person\/a4b7d4f94a4716df60456a491260485e\",\"name\":\"La R\u00e9daction\",\"image\":{\"@type\":\"ImageObject\",\"inLanguage\":\"fr-FR\",\"@id\":\"https:\/\/universnews224.com\/#\/schema\/person\/image\/\",\"url\":\"https:\/\/secure.gravatar.com\/avatar\/edb90acc7752b23e1b3307ad36c14f0d?s=96&d=mm&r=g\",\"contentUrl\":\"https:\/\/secure.gravatar.com\/avatar\/edb90acc7752b23e1b3307ad36c14f0d?s=96&d=mm&r=g\",\"caption\":\"La R\u00e9daction\"},\"sameAs\":[\"https:\/\/universnews224.com\"],\"url\":\"https:\/\/universnews224.com\/index.php\/author\/m-camara\/\"}]}<\/script>\n<!-- \/ Yoast SEO plugin. -->","yoast_head_json":{"title":"\u00c9conomie guin\u00e9enne se porte t-elle bien: voici l\u2019avis d\u2019un \u00e9conomiste. - UNIVERSNEWS224","robots":{"index":"index","follow":"follow","max-snippet":"max-snippet:-1","max-image-preview":"max-image-preview:large","max-video-preview":"max-video-preview:-1"},"canonical":"https:\/\/universnews224.com\/index.php\/economie-guineenne-se-porte-t-elle-bien-voici-lavis-dun-economiste\/","og_locale":"fr_FR","og_type":"article","og_title":"\u00c9conomie guin\u00e9enne se porte t-elle bien: voici l\u2019avis d\u2019un \u00e9conomiste. - UNIVERSNEWS224","og_description":"Lors de la derni\u00e8re session du conseil des ministres, en date du 22 juin 2023,","og_url":"https:\/\/universnews224.com\/index.php\/economie-guineenne-se-porte-t-elle-bien-voici-lavis-dun-economiste\/","og_site_name":"UNIVERSNEWS224","article_published_time":"2023-07-01T23:26:52+00:00","og_image":[{"width":720,"height":570,"url":"https:\/\/universnews224.com\/wp-content\/uploads\/2023\/07\/CF200BE0-475D-41D5-BD36-90105311A9F2.jpeg","type":"image\/jpeg"}],"author":"La R\u00e9daction","twitter_misc":{"\u00c9crit par":"La R\u00e9daction","Dur\u00e9e de lecture estim\u00e9e":"3 minutes"},"schema":{"@context":"https:\/\/schema.org","@graph":[{"@type":"Article","@id":"https:\/\/universnews224.com\/index.php\/economie-guineenne-se-porte-t-elle-bien-voici-lavis-dun-economiste\/#article","isPartOf":{"@id":"https:\/\/universnews224.com\/index.php\/economie-guineenne-se-porte-t-elle-bien-voici-lavis-dun-economiste\/"},"author":{"name":"La R\u00e9daction","@id":"https:\/\/universnews224.com\/#\/schema\/person\/a4b7d4f94a4716df60456a491260485e"},"headline":"\u00c9conomie guin\u00e9enne se porte t-elle bien: voici l\u2019avis d\u2019un \u00e9conomiste.","datePublished":"2023-07-01T23:26:52+00:00","dateModified":"2023-07-01T23:26:52+00:00","mainEntityOfPage":{"@id":"https:\/\/universnews224.com\/index.php\/economie-guineenne-se-porte-t-elle-bien-voici-lavis-dun-economiste\/"},"wordCount":591,"publisher":{"@id":"https:\/\/universnews224.com\/#organization"},"keywords":["La une"],"articleSection":["ACTU","GRANDS DOSSIERS"],"inLanguage":"fr-FR"},{"@type":"WebPage","@id":"https:\/\/universnews224.com\/index.php\/economie-guineenne-se-porte-t-elle-bien-voici-lavis-dun-economiste\/","url":"https:\/\/universnews224.com\/index.php\/economie-guineenne-se-porte-t-elle-bien-voici-lavis-dun-economiste\/","name":"\u00c9conomie guin\u00e9enne se porte t-elle bien: voici l\u2019avis d\u2019un \u00e9conomiste. - UNIVERSNEWS224","isPartOf":{"@id":"https:\/\/universnews224.com\/#website"},"datePublished":"2023-07-01T23:26:52+00:00","dateModified":"2023-07-01T23:26:52+00:00","inLanguage":"fr-FR","potentialAction":[{"@type":"ReadAction","target":["https:\/\/universnews224.com\/index.php\/economie-guineenne-se-porte-t-elle-bien-voici-lavis-dun-economiste\/"]}]},{"@type":"WebSite","@id":"https:\/\/universnews224.com\/#website","url":"https:\/\/universnews224.com\/","name":"UNIVERSNEWS224","description":"","publisher":{"@id":"https:\/\/universnews224.com\/#organization"},"potentialAction":[{"@type":"SearchAction","target":{"@type":"EntryPoint","urlTemplate":"https:\/\/universnews224.com\/?s={search_term_string}"},"query-input":"required name=search_term_string"}],"inLanguage":"fr-FR"},{"@type":"Organization","@id":"https:\/\/universnews224.com\/#organization","name":"UNIVERSNEWS224","url":"https:\/\/universnews224.com\/","logo":{"@type":"ImageObject","inLanguage":"fr-FR","@id":"https:\/\/universnews224.com\/#\/schema\/logo\/image\/","url":"https:\/\/universnews224.com\/wp-content\/uploads\/2022\/08\/cropped-cropped-logoban.jpg","contentUrl":"https:\/\/universnews224.com\/wp-content\/uploads\/2022\/08\/cropped-cropped-logoban.jpg","width":1080,"height":138,"caption":"UNIVERSNEWS224"},"image":{"@id":"https:\/\/universnews224.com\/#\/schema\/logo\/image\/"}},{"@type":"Person","@id":"https:\/\/universnews224.com\/#\/schema\/person\/a4b7d4f94a4716df60456a491260485e","name":"La R\u00e9daction","image":{"@type":"ImageObject","inLanguage":"fr-FR","@id":"https:\/\/universnews224.com\/#\/schema\/person\/image\/","url":"https:\/\/secure.gravatar.com\/avatar\/edb90acc7752b23e1b3307ad36c14f0d?s=96&d=mm&r=g","contentUrl":"https:\/\/secure.gravatar.com\/avatar\/edb90acc7752b23e1b3307ad36c14f0d?s=96&d=mm&r=g","caption":"La R\u00e9daction"},"sameAs":["https:\/\/universnews224.com"],"url":"https:\/\/universnews224.com\/index.php\/author\/m-camara\/"}]}},"_links":{"self":[{"href":"https:\/\/universnews224.com\/index.php\/wp-json\/wp\/v2\/posts\/3858"}],"collection":[{"href":"https:\/\/universnews224.com\/index.php\/wp-json\/wp\/v2\/posts"}],"about":[{"href":"https:\/\/universnews224.com\/index.php\/wp-json\/wp\/v2\/types\/post"}],"author":[{"embeddable":true,"href":"https:\/\/universnews224.com\/index.php\/wp-json\/wp\/v2\/users\/2"}],"replies":[{"embeddable":true,"href":"https:\/\/universnews224.com\/index.php\/wp-json\/wp\/v2\/comments?post=3858"}],"version-history":[{"count":1,"href":"https:\/\/universnews224.com\/index.php\/wp-json\/wp\/v2\/posts\/3858\/revisions"}],"predecessor-version":[{"id":3860,"href":"https:\/\/universnews224.com\/index.php\/wp-json\/wp\/v2\/posts\/3858\/revisions\/3860"}],"wp:featuredmedia":[{"embeddable":true,"href":"https:\/\/universnews224.com\/index.php\/wp-json\/wp\/v2\/media\/3859"}],"wp:attachment":[{"href":"https:\/\/universnews224.com\/index.php\/wp-json\/wp\/v2\/media?parent=3858"}],"wp:term":[{"taxonomy":"category","embeddable":true,"href":"https:\/\/universnews224.com\/index.php\/wp-json\/wp\/v2\/categories?post=3858"},{"taxonomy":"post_tag","embeddable":true,"href":"https:\/\/universnews224.com\/index.php\/wp-json\/wp\/v2\/tags?post=3858"}],"curies":[{"name":"wp","href":"https:\/\/api.w.org\/{rel}","templated":true}]}}