{"id":3874,"date":"2023-07-03T23:32:33","date_gmt":"2023-07-03T22:32:33","guid":{"rendered":"https:\/\/universnews224.com\/?p=3874"},"modified":"2023-07-03T23:32:33","modified_gmt":"2023-07-03T22:32:33","slug":"senegal-le-president-macky-sall-ne-briguera-pas-un-troisieme-mandat","status":"publish","type":"post","link":"https:\/\/universnews224.com\/index.php\/senegal-le-president-macky-sall-ne-briguera-pas-un-troisieme-mandat\/","title":{"rendered":"S\u00e9n\u00e9gal : le pr\u00e9sident Macky Sall ne briguera pas un troisi\u00e8me mandat"},"content":{"rendered":"<div class=\"jeg_share_top_container\">\n<div class=\"jeg_share_button clearfix\">\n<div class=\"jeg_sharelist\"><\/div>\n<\/div>\n<\/div>\n<div class=\"jeg_ad jeg_article jnews_content_top_ads \">\n<div class=\"ads-wrapper \"><\/div>\n<\/div>\n<div class=\"entry-content no-share\">\n<div class=\"jeg_share_button share-float jeg_sticky_share clearfix share-monocrhome\">\n<div class=\"jeg_share_float_container\"><\/div>\n<\/div>\n<div class=\"content-inner \">\n<p>En s\u2019exprimant ce lundi 03 juillet 2023 sur la radio t\u00e9l\u00e9vision s\u00e9n\u00e9galaise, le pr\u00e9sident Macky Sall a officiellement annonc\u00e9 qu\u2019il ne briguera pas un troisi\u00e8me mandat en 2024.<\/p>\n<p><em><b data-removefontsize=\"true\" data-originalcomputedfontsize=\"16\">\u00ab Mes chers compatriotes, ma d\u00e9cision, longuement m\u00fbrie et r\u00e9fl\u00e9chie, c\u2019est de ne pas \u00eatre candidat \u00e0 l\u2019\u00e9lection pr\u00e9sidentielle de f\u00e9vrier 2024. Et cela, m\u00eame si la Constitution me donne le droit. (\u2026). Je sais que cette d\u00e9cision surprendra tous ceux et celles, nombreux, dont je connais l\u2019admiration, la confiance et la fid\u00e9lit\u00e9 sinc\u00e8re. Elle surprendra aussi ceux et celles qui souhaitent me voir encore guider la construction du S\u00e9n\u00e9gal qui prouve de plus en plus ses marques, mais le S\u00e9n\u00e9gal me d\u00e9passe et il est rempli de leaders capables de pousser le pays vers l\u2019\u00e9mergence \u00bb, <\/b><\/em>a-t-il d\u00e9clar\u00e9 \u00e0 la t\u00e9l\u00e9vision.<\/p>\n<p>Cette annonce officielle devrait ainsi mettre fin aux violences qui ont \u00e9maill\u00e9 le S\u00e9n\u00e9gal depuis plusieurs mois faisant 16 morts officiellement et de nombreux d\u00e9g\u00e2ts mat\u00e9riels.<br \/>\nLa veille de cette d\u00e9claration, Ousmane Sonko, son principal opposant avait appel\u00e9 les s\u00e9n\u00e9galais \u00e0 terminer le combat contre un troisi\u00e8me mandat de Macky Sall.<\/p>\n<p>&nbsp;<\/p>\n<\/div>\n<\/div>\n","protected":false},"excerpt":{"rendered":"<p>En s\u2019exprimant ce lundi 03 juillet 2023 sur la radio t\u00e9l\u00e9vision s\u00e9n\u00e9galaise, le pr\u00e9sident Macky<\/p>\n","protected":false},"author":2,"featured_media":3875,"comment_status":"closed","ping_status":"open","sticky":false,"template":"","format":"standard","meta":[],"categories":[1],"tags":[229],"yoast_head":"<!-- This site is optimized with the Yoast SEO plugin v19.13 - https:\/\/yoast.com\/wordpress\/plugins\/seo\/ -->\n<title>S\u00e9n\u00e9gal : le pr\u00e9sident Macky Sall ne briguera pas un troisi\u00e8me mandat - UNIVERSNEWS224<\/title>\n<meta name=\"robots\" content=\"index, follow, max-snippet:-1, max-image-preview:large, max-video-preview:-1\" \/>\n<link rel=\"canonical\" href=\"https:\/\/universnews224.com\/index.php\/senegal-le-president-macky-sall-ne-briguera-pas-un-troisieme-mandat\/\" \/>\n<meta property=\"og:locale\" content=\"fr_FR\" \/>\n<meta property=\"og:type\" content=\"article\" \/>\n<meta property=\"og:title\" content=\"S\u00e9n\u00e9gal : le pr\u00e9sident Macky Sall ne briguera pas un troisi\u00e8me mandat - UNIVERSNEWS224\" \/>\n<meta property=\"og:description\" content=\"En s\u2019exprimant ce lundi 03 juillet 2023 sur la radio t\u00e9l\u00e9vision s\u00e9n\u00e9galaise, le pr\u00e9sident Macky\" \/>\n<meta property=\"og:url\" content=\"https:\/\/universnews224.com\/index.php\/senegal-le-president-macky-sall-ne-briguera-pas-un-troisieme-mandat\/\" \/>\n<meta property=\"og:site_name\" content=\"UNIVERSNEWS224\" \/>\n<meta property=\"article:published_time\" content=\"2023-07-03T22:32:33+00:00\" \/>\n<meta property=\"og:image\" content=\"https:\/\/universnews224.com\/wp-content\/uploads\/2023\/07\/C3342643-B6AF-4220-B134-D3B139E15FCF.jpeg\" \/>\n\t<meta property=\"og:image:width\" content=\"750\" \/>\n\t<meta property=\"og:image:height\" content=\"420\" \/>\n\t<meta property=\"og:image:type\" content=\"image\/jpeg\" \/>\n<meta name=\"author\" content=\"La R\u00e9daction\" \/>\n<meta name=\"twitter:label1\" content=\"\u00c9crit par\" \/>\n\t<meta name=\"twitter:data1\" content=\"La R\u00e9daction\" \/>\n\t<meta name=\"twitter:label2\" content=\"Dur\u00e9e de lecture estim\u00e9e\" \/>\n\t<meta name=\"twitter:data2\" content=\"1 minute\" \/>\n<script type=\"application\/ld+json\" class=\"yoast-schema-graph\">{\"@context\":\"https:\/\/schema.org\",\"@graph\":[{\"@type\":\"Article\",\"@id\":\"https:\/\/universnews224.com\/index.php\/senegal-le-president-macky-sall-ne-briguera-pas-un-troisieme-mandat\/#article\",\"isPartOf\":{\"@id\":\"https:\/\/universnews224.com\/index.php\/senegal-le-president-macky-sall-ne-briguera-pas-un-troisieme-mandat\/\"},\"author\":{\"name\":\"La R\u00e9daction\",\"@id\":\"https:\/\/universnews224.com\/#\/schema\/person\/a4b7d4f94a4716df60456a491260485e\"},\"headline\":\"S\u00e9n\u00e9gal : le pr\u00e9sident Macky Sall ne briguera pas un troisi\u00e8me mandat\",\"datePublished\":\"2023-07-03T22:32:33+00:00\",\"dateModified\":\"2023-07-03T22:32:33+00:00\",\"mainEntityOfPage\":{\"@id\":\"https:\/\/universnews224.com\/index.php\/senegal-le-president-macky-sall-ne-briguera-pas-un-troisieme-mandat\/\"},\"wordCount\":225,\"publisher\":{\"@id\":\"https:\/\/universnews224.com\/#organization\"},\"keywords\":[\"La une\"],\"inLanguage\":\"fr-FR\"},{\"@type\":\"WebPage\",\"@id\":\"https:\/\/universnews224.com\/index.php\/senegal-le-president-macky-sall-ne-briguera-pas-un-troisieme-mandat\/\",\"url\":\"https:\/\/universnews224.com\/index.php\/senegal-le-president-macky-sall-ne-briguera-pas-un-troisieme-mandat\/\",\"name\":\"S\u00e9n\u00e9gal : le pr\u00e9sident Macky Sall ne briguera pas un troisi\u00e8me mandat - UNIVERSNEWS224\",\"isPartOf\":{\"@id\":\"https:\/\/universnews224.com\/#website\"},\"datePublished\":\"2023-07-03T22:32:33+00:00\",\"dateModified\":\"2023-07-03T22:32:33+00:00\",\"inLanguage\":\"fr-FR\",\"potentialAction\":[{\"@type\":\"ReadAction\",\"target\":[\"https:\/\/universnews224.com\/index.php\/senegal-le-president-macky-sall-ne-briguera-pas-un-troisieme-mandat\/\"]}]},{\"@type\":\"WebSite\",\"@id\":\"https:\/\/universnews224.com\/#website\",\"url\":\"https:\/\/universnews224.com\/\",\"name\":\"UNIVERSNEWS224\",\"description\":\"\",\"publisher\":{\"@id\":\"https:\/\/universnews224.com\/#organization\"},\"potentialAction\":[{\"@type\":\"SearchAction\",\"target\":{\"@type\":\"EntryPoint\",\"urlTemplate\":\"https:\/\/universnews224.com\/?s={search_term_string}\"},\"query-input\":\"required name=search_term_string\"}],\"inLanguage\":\"fr-FR\"},{\"@type\":\"Organization\",\"@id\":\"https:\/\/universnews224.com\/#organization\",\"name\":\"UNIVERSNEWS224\",\"url\":\"https:\/\/universnews224.com\/\",\"logo\":{\"@type\":\"ImageObject\",\"inLanguage\":\"fr-FR\",\"@id\":\"https:\/\/universnews224.com\/#\/schema\/logo\/image\/\",\"url\":\"https:\/\/universnews224.com\/wp-content\/uploads\/2022\/08\/cropped-cropped-logoban.jpg\",\"contentUrl\":\"https:\/\/universnews224.com\/wp-content\/uploads\/2022\/08\/cropped-cropped-logoban.jpg\",\"width\":1080,\"height\":138,\"caption\":\"UNIVERSNEWS224\"},\"image\":{\"@id\":\"https:\/\/universnews224.com\/#\/schema\/logo\/image\/\"}},{\"@type\":\"Person\",\"@id\":\"https:\/\/universnews224.com\/#\/schema\/person\/a4b7d4f94a4716df60456a491260485e\",\"name\":\"La R\u00e9daction\",\"image\":{\"@type\":\"ImageObject\",\"inLanguage\":\"fr-FR\",\"@id\":\"https:\/\/universnews224.com\/#\/schema\/person\/image\/\",\"url\":\"https:\/\/secure.gravatar.com\/avatar\/edb90acc7752b23e1b3307ad36c14f0d?s=96&d=mm&r=g\",\"contentUrl\":\"https:\/\/secure.gravatar.com\/avatar\/edb90acc7752b23e1b3307ad36c14f0d?s=96&d=mm&r=g\",\"caption\":\"La R\u00e9daction\"},\"sameAs\":[\"https:\/\/universnews224.com\"],\"url\":\"https:\/\/universnews224.com\/index.php\/author\/m-camara\/\"}]}<\/script>\n<!-- \/ Yoast SEO plugin. -->","yoast_head_json":{"title":"S\u00e9n\u00e9gal : le pr\u00e9sident Macky Sall ne briguera pas un troisi\u00e8me mandat - UNIVERSNEWS224","robots":{"index":"index","follow":"follow","max-snippet":"max-snippet:-1","max-image-preview":"max-image-preview:large","max-video-preview":"max-video-preview:-1"},"canonical":"https:\/\/universnews224.com\/index.php\/senegal-le-president-macky-sall-ne-briguera-pas-un-troisieme-mandat\/","og_locale":"fr_FR","og_type":"article","og_title":"S\u00e9n\u00e9gal : le pr\u00e9sident Macky Sall ne briguera pas un troisi\u00e8me mandat - UNIVERSNEWS224","og_description":"En s\u2019exprimant ce lundi 03 juillet 2023 sur la radio t\u00e9l\u00e9vision s\u00e9n\u00e9galaise, le pr\u00e9sident Macky","og_url":"https:\/\/universnews224.com\/index.php\/senegal-le-president-macky-sall-ne-briguera-pas-un-troisieme-mandat\/","og_site_name":"UNIVERSNEWS224","article_published_time":"2023-07-03T22:32:33+00:00","og_image":[{"width":750,"height":420,"url":"https:\/\/universnews224.com\/wp-content\/uploads\/2023\/07\/C3342643-B6AF-4220-B134-D3B139E15FCF.jpeg","type":"image\/jpeg"}],"author":"La R\u00e9daction","twitter_misc":{"\u00c9crit par":"La R\u00e9daction","Dur\u00e9e de lecture estim\u00e9e":"1 minute"},"schema":{"@context":"https:\/\/schema.org","@graph":[{"@type":"Article","@id":"https:\/\/universnews224.com\/index.php\/senegal-le-president-macky-sall-ne-briguera-pas-un-troisieme-mandat\/#article","isPartOf":{"@id":"https:\/\/universnews224.com\/index.php\/senegal-le-president-macky-sall-ne-briguera-pas-un-troisieme-mandat\/"},"author":{"name":"La R\u00e9daction","@id":"https:\/\/universnews224.com\/#\/schema\/person\/a4b7d4f94a4716df60456a491260485e"},"headline":"S\u00e9n\u00e9gal : le pr\u00e9sident Macky Sall ne briguera pas un troisi\u00e8me mandat","datePublished":"2023-07-03T22:32:33+00:00","dateModified":"2023-07-03T22:32:33+00:00","mainEntityOfPage":{"@id":"https:\/\/universnews224.com\/index.php\/senegal-le-president-macky-sall-ne-briguera-pas-un-troisieme-mandat\/"},"wordCount":225,"publisher":{"@id":"https:\/\/universnews224.com\/#organization"},"keywords":["La une"],"inLanguage":"fr-FR"},{"@type":"WebPage","@id":"https:\/\/universnews224.com\/index.php\/senegal-le-president-macky-sall-ne-briguera-pas-un-troisieme-mandat\/","url":"https:\/\/universnews224.com\/index.php\/senegal-le-president-macky-sall-ne-briguera-pas-un-troisieme-mandat\/","name":"S\u00e9n\u00e9gal : le pr\u00e9sident Macky Sall ne briguera pas un troisi\u00e8me mandat - UNIVERSNEWS224","isPartOf":{"@id":"https:\/\/universnews224.com\/#website"},"datePublished":"2023-07-03T22:32:33+00:00","dateModified":"2023-07-03T22:32:33+00:00","inLanguage":"fr-FR","potentialAction":[{"@type":"ReadAction","target":["https:\/\/universnews224.com\/index.php\/senegal-le-president-macky-sall-ne-briguera-pas-un-troisieme-mandat\/"]}]},{"@type":"WebSite","@id":"https:\/\/universnews224.com\/#website","url":"https:\/\/universnews224.com\/","name":"UNIVERSNEWS224","description":"","publisher":{"@id":"https:\/\/universnews224.com\/#organization"},"potentialAction":[{"@type":"SearchAction","target":{"@type":"EntryPoint","urlTemplate":"https:\/\/universnews224.com\/?s={search_term_string}"},"query-input":"required name=search_term_string"}],"inLanguage":"fr-FR"},{"@type":"Organization","@id":"https:\/\/universnews224.com\/#organization","name":"UNIVERSNEWS224","url":"https:\/\/universnews224.com\/","logo":{"@type":"ImageObject","inLanguage":"fr-FR","@id":"https:\/\/universnews224.com\/#\/schema\/logo\/image\/","url":"https:\/\/universnews224.com\/wp-content\/uploads\/2022\/08\/cropped-cropped-logoban.jpg","contentUrl":"https:\/\/universnews224.com\/wp-content\/uploads\/2022\/08\/cropped-cropped-logoban.jpg","width":1080,"height":138,"caption":"UNIVERSNEWS224"},"image":{"@id":"https:\/\/universnews224.com\/#\/schema\/logo\/image\/"}},{"@type":"Person","@id":"https:\/\/universnews224.com\/#\/schema\/person\/a4b7d4f94a4716df60456a491260485e","name":"La R\u00e9daction","image":{"@type":"ImageObject","inLanguage":"fr-FR","@id":"https:\/\/universnews224.com\/#\/schema\/person\/image\/","url":"https:\/\/secure.gravatar.com\/avatar\/edb90acc7752b23e1b3307ad36c14f0d?s=96&d=mm&r=g","contentUrl":"https:\/\/secure.gravatar.com\/avatar\/edb90acc7752b23e1b3307ad36c14f0d?s=96&d=mm&r=g","caption":"La R\u00e9daction"},"sameAs":["https:\/\/universnews224.com"],"url":"https:\/\/universnews224.com\/index.php\/author\/m-camara\/"}]}},"_links":{"self":[{"href":"https:\/\/universnews224.com\/index.php\/wp-json\/wp\/v2\/posts\/3874"}],"collection":[{"href":"https:\/\/universnews224.com\/index.php\/wp-json\/wp\/v2\/posts"}],"about":[{"href":"https:\/\/universnews224.com\/index.php\/wp-json\/wp\/v2\/types\/post"}],"author":[{"embeddable":true,"href":"https:\/\/universnews224.com\/index.php\/wp-json\/wp\/v2\/users\/2"}],"replies":[{"embeddable":true,"href":"https:\/\/universnews224.com\/index.php\/wp-json\/wp\/v2\/comments?post=3874"}],"version-history":[{"count":1,"href":"https:\/\/universnews224.com\/index.php\/wp-json\/wp\/v2\/posts\/3874\/revisions"}],"predecessor-version":[{"id":3876,"href":"https:\/\/universnews224.com\/index.php\/wp-json\/wp\/v2\/posts\/3874\/revisions\/3876"}],"wp:featuredmedia":[{"embeddable":true,"href":"https:\/\/universnews224.com\/index.php\/wp-json\/wp\/v2\/media\/3875"}],"wp:attachment":[{"href":"https:\/\/universnews224.com\/index.php\/wp-json\/wp\/v2\/media?parent=3874"}],"wp:term":[{"taxonomy":"category","embeddable":true,"href":"https:\/\/universnews224.com\/index.php\/wp-json\/wp\/v2\/categories?post=3874"},{"taxonomy":"post_tag","embeddable":true,"href":"https:\/\/universnews224.com\/index.php\/wp-json\/wp\/v2\/tags?post=3874"}],"curies":[{"name":"wp","href":"https:\/\/api.w.org\/{rel}","templated":true}]}}