{"id":3888,"date":"2023-07-07T16:13:32","date_gmt":"2023-07-07T15:13:32","guid":{"rendered":"https:\/\/universnews224.com\/?p=3888"},"modified":"2023-07-07T16:13:32","modified_gmt":"2023-07-07T15:13:32","slug":"reprise-annoncee-des-manifestations-forces-vives-de-guinee-il-y-a-des-gens-qui-meritent-daller-en-prison-boubacar-siddighi-diallo","status":"publish","type":"post","link":"https:\/\/universnews224.com\/index.php\/reprise-annoncee-des-manifestations-forces-vives-de-guinee-il-y-a-des-gens-qui-meritent-daller-en-prison-boubacar-siddighi-diallo\/","title":{"rendered":"Reprise annonc\u00e9e des manifestations forces vives de Guin\u00e9e: \u201cIl y a des gens qui m\u00e9ritent d\u2019aller en prison\u201d, Boubacar Siddighi Diallo."},"content":{"rendered":"<p class=\"p1\"><span class=\"s1\">Apr\u00e8s une tr\u00eave d\u2019un mois ,pour permettre le bon d\u00e9roulement du p\u00e8lerinage et des examens nationaux, les Forces vives de Guin\u00e9e ont annonc\u00e9 la reprise des manifestations dans les prochains jours, pour exiger l\u2019ouverture d\u2019un nouveau cadre de dialogue avec les acteurs majeurs de la sc\u00e8ne politique guin\u00e9enne,afin d\u2019un retour rapide \u00e0 l\u2019ordre constitutionnel. <\/span><\/p>\n<p class=\"p1\"><span class=\"s1\">Pour Boubacar Siddighi Diallo, pr\u00e9sident du parti de l\u2019Union pour un Mouvement Populaire (UMP), les Forces vives de Guin\u00e9e ne doivent pas se lever aujourd\u2019hui contre le CNRD, pour la simple raison que, ce sont les m\u00eames acteurs qui \u00e9taient les premiers \u00e0 applaudir le coup d\u2019\u00c9tat. <\/span><\/p>\n<p class=\"p1\"><span class=\"s1\">\u201cJe pense qu\u2019il y a des gens qui m\u00e9ritent d\u2019aller en prison. Vous ne pouvez pas applaudir une chose le matin et le soir la combattre. Il y avait eu un coup d\u2019\u00c9tat dans ce pays, de Boulbinet \u00e0 Yomou, les gens ont applaudi. La majeure partie de ces forces vives a tap\u00e9 la poitrine pour dire que, c\u2019est notre combat qui a abouti \u00e0 ce coup d\u2019\u00c9tat. Et pour qu\u2019elles ne soient pas satisfaites, elles peuvent remettre en cause la fragilit\u00e9 de la coh\u00e9sion sociale, vous pensez que ce n\u2019est pas de la folie \u00e7a?Vouloir menacer<span class=\"Apple-converted-space\">\u00a0 <\/span>de descendre dans la rue et d\u2019avoir la responsabilit\u00e9 de dire que notre pays est sur une pente, il risque de tomber dans un gouffre. Il appartient \u00e0 chaque guin\u00e9en de tirer le bateau vers le bon port, mais pas de l\u2019anticiper dans le gouffre\u201d, a t-il indiqu\u00e9 et d\u2019ajouter: <\/span><\/p>\n<p class=\"p1\"><span class=\"s1\">\u201cLorsque les gens ont applaudi le coup d\u2019\u00c9tat, c\u2019est dans l\u2019id\u00e9e qu\u2019ils disaient \u00eatre dans une situation de non droit, alors qu\u2019on \u00e9tait dans un r\u00e9gime constitutionnel, il y a des \u00e9lections et tout. Ils ont soutenu le coup d\u2019\u00c9tat, mais ils ne savent m\u00eame pas d\u00e9finir dans quel concept qu\u2019ils ont accept\u00e9 ce coup d\u2019\u00c9tat. Eux, ils parlent de transition, ceux qui ont fait le coup d\u2019\u00c9tat parlent de r\u00e9fondation.Lorsque vous prenez une posture, vous devez l\u2019assumer pour le respect de nos compatriotes. Lorsqu\u2019une \u00e9lite politique se r\u00e9unit pour d\u00e9fendre in\u00e9gal, ils doivent l\u2019assumer, a martel\u00e9 cet ancien d\u00e9put\u00e9 sur les ondes de Djoma m\u00e9dia dans l\u2019\u00e9mission les pol\u00e9mistes. <\/span><\/p>\n<p class=\"p1\"><span class=\"s1\">Camara Mamadouba <\/span><\/p>\n<p class=\"p1\"><span class=\"s1\">611 46 04 10 <\/span><\/p>\n","protected":false},"excerpt":{"rendered":"<p>Apr\u00e8s une tr\u00eave d\u2019un mois ,pour permettre le bon d\u00e9roulement du p\u00e8lerinage et des examens<\/p>\n","protected":false},"author":2,"featured_media":3883,"comment_status":"closed","ping_status":"open","sticky":false,"template":"","format":"standard","meta":[],"categories":[3,4],"tags":[229],"yoast_head":"<!-- This site is optimized with the Yoast SEO plugin v19.13 - https:\/\/yoast.com\/wordpress\/plugins\/seo\/ -->\n<title>Reprise annonc\u00e9e des manifestations forces vives de Guin\u00e9e: \u201cIl y a des gens qui m\u00e9ritent d\u2019aller en prison\u201d, Boubacar Siddighi Diallo. - UNIVERSNEWS224<\/title>\n<meta name=\"robots\" content=\"index, follow, max-snippet:-1, max-image-preview:large, max-video-preview:-1\" \/>\n<link rel=\"canonical\" href=\"https:\/\/universnews224.com\/index.php\/reprise-annoncee-des-manifestations-forces-vives-de-guinee-il-y-a-des-gens-qui-meritent-daller-en-prison-boubacar-siddighi-diallo\/\" \/>\n<meta property=\"og:locale\" content=\"fr_FR\" \/>\n<meta property=\"og:type\" content=\"article\" \/>\n<meta property=\"og:title\" content=\"Reprise annonc\u00e9e des manifestations forces vives de Guin\u00e9e: \u201cIl y a des gens qui m\u00e9ritent d\u2019aller en prison\u201d, Boubacar Siddighi Diallo. - UNIVERSNEWS224\" \/>\n<meta property=\"og:description\" content=\"Apr\u00e8s une tr\u00eave d\u2019un mois ,pour permettre le bon d\u00e9roulement du p\u00e8lerinage et des examens\" \/>\n<meta property=\"og:url\" content=\"https:\/\/universnews224.com\/index.php\/reprise-annoncee-des-manifestations-forces-vives-de-guinee-il-y-a-des-gens-qui-meritent-daller-en-prison-boubacar-siddighi-diallo\/\" \/>\n<meta property=\"og:site_name\" content=\"UNIVERSNEWS224\" \/>\n<meta property=\"article:published_time\" content=\"2023-07-07T15:13:32+00:00\" \/>\n<meta property=\"og:image\" content=\"https:\/\/universnews224.com\/wp-content\/uploads\/2023\/07\/547BC6CE-CC84-4931-A0F5-4657F3E265D6.jpeg\" \/>\n\t<meta property=\"og:image:width\" content=\"960\" \/>\n\t<meta property=\"og:image:height\" content=\"720\" \/>\n\t<meta property=\"og:image:type\" content=\"image\/jpeg\" \/>\n<meta name=\"author\" content=\"La R\u00e9daction\" \/>\n<meta name=\"twitter:label1\" content=\"\u00c9crit par\" \/>\n\t<meta name=\"twitter:data1\" content=\"La R\u00e9daction\" \/>\n\t<meta name=\"twitter:label2\" content=\"Dur\u00e9e de lecture estim\u00e9e\" \/>\n\t<meta name=\"twitter:data2\" content=\"2 minutes\" \/>\n<script type=\"application\/ld+json\" class=\"yoast-schema-graph\">{\"@context\":\"https:\/\/schema.org\",\"@graph\":[{\"@type\":\"Article\",\"@id\":\"https:\/\/universnews224.com\/index.php\/reprise-annoncee-des-manifestations-forces-vives-de-guinee-il-y-a-des-gens-qui-meritent-daller-en-prison-boubacar-siddighi-diallo\/#article\",\"isPartOf\":{\"@id\":\"https:\/\/universnews224.com\/index.php\/reprise-annoncee-des-manifestations-forces-vives-de-guinee-il-y-a-des-gens-qui-meritent-daller-en-prison-boubacar-siddighi-diallo\/\"},\"author\":{\"name\":\"La R\u00e9daction\",\"@id\":\"https:\/\/universnews224.com\/#\/schema\/person\/a4b7d4f94a4716df60456a491260485e\"},\"headline\":\"Reprise annonc\u00e9e des manifestations forces vives de Guin\u00e9e: \u201cIl y a des gens qui m\u00e9ritent d\u2019aller en prison\u201d, Boubacar Siddighi Diallo.\",\"datePublished\":\"2023-07-07T15:13:32+00:00\",\"dateModified\":\"2023-07-07T15:13:32+00:00\",\"mainEntityOfPage\":{\"@id\":\"https:\/\/universnews224.com\/index.php\/reprise-annoncee-des-manifestations-forces-vives-de-guinee-il-y-a-des-gens-qui-meritent-daller-en-prison-boubacar-siddighi-diallo\/\"},\"wordCount\":438,\"publisher\":{\"@id\":\"https:\/\/universnews224.com\/#organization\"},\"keywords\":[\"La une\"],\"articleSection\":[\"ACTU\",\"POLITIQUE\"],\"inLanguage\":\"fr-FR\"},{\"@type\":\"WebPage\",\"@id\":\"https:\/\/universnews224.com\/index.php\/reprise-annoncee-des-manifestations-forces-vives-de-guinee-il-y-a-des-gens-qui-meritent-daller-en-prison-boubacar-siddighi-diallo\/\",\"url\":\"https:\/\/universnews224.com\/index.php\/reprise-annoncee-des-manifestations-forces-vives-de-guinee-il-y-a-des-gens-qui-meritent-daller-en-prison-boubacar-siddighi-diallo\/\",\"name\":\"Reprise annonc\u00e9e des manifestations forces vives de Guin\u00e9e: \u201cIl y a des gens qui m\u00e9ritent d\u2019aller en prison\u201d, Boubacar Siddighi Diallo. - UNIVERSNEWS224\",\"isPartOf\":{\"@id\":\"https:\/\/universnews224.com\/#website\"},\"datePublished\":\"2023-07-07T15:13:32+00:00\",\"dateModified\":\"2023-07-07T15:13:32+00:00\",\"inLanguage\":\"fr-FR\",\"potentialAction\":[{\"@type\":\"ReadAction\",\"target\":[\"https:\/\/universnews224.com\/index.php\/reprise-annoncee-des-manifestations-forces-vives-de-guinee-il-y-a-des-gens-qui-meritent-daller-en-prison-boubacar-siddighi-diallo\/\"]}]},{\"@type\":\"WebSite\",\"@id\":\"https:\/\/universnews224.com\/#website\",\"url\":\"https:\/\/universnews224.com\/\",\"name\":\"UNIVERSNEWS224\",\"description\":\"\",\"publisher\":{\"@id\":\"https:\/\/universnews224.com\/#organization\"},\"potentialAction\":[{\"@type\":\"SearchAction\",\"target\":{\"@type\":\"EntryPoint\",\"urlTemplate\":\"https:\/\/universnews224.com\/?s={search_term_string}\"},\"query-input\":\"required name=search_term_string\"}],\"inLanguage\":\"fr-FR\"},{\"@type\":\"Organization\",\"@id\":\"https:\/\/universnews224.com\/#organization\",\"name\":\"UNIVERSNEWS224\",\"url\":\"https:\/\/universnews224.com\/\",\"logo\":{\"@type\":\"ImageObject\",\"inLanguage\":\"fr-FR\",\"@id\":\"https:\/\/universnews224.com\/#\/schema\/logo\/image\/\",\"url\":\"https:\/\/universnews224.com\/wp-content\/uploads\/2022\/08\/cropped-cropped-logoban.jpg\",\"contentUrl\":\"https:\/\/universnews224.com\/wp-content\/uploads\/2022\/08\/cropped-cropped-logoban.jpg\",\"width\":1080,\"height\":138,\"caption\":\"UNIVERSNEWS224\"},\"image\":{\"@id\":\"https:\/\/universnews224.com\/#\/schema\/logo\/image\/\"}},{\"@type\":\"Person\",\"@id\":\"https:\/\/universnews224.com\/#\/schema\/person\/a4b7d4f94a4716df60456a491260485e\",\"name\":\"La R\u00e9daction\",\"image\":{\"@type\":\"ImageObject\",\"inLanguage\":\"fr-FR\",\"@id\":\"https:\/\/universnews224.com\/#\/schema\/person\/image\/\",\"url\":\"https:\/\/secure.gravatar.com\/avatar\/edb90acc7752b23e1b3307ad36c14f0d?s=96&d=mm&r=g\",\"contentUrl\":\"https:\/\/secure.gravatar.com\/avatar\/edb90acc7752b23e1b3307ad36c14f0d?s=96&d=mm&r=g\",\"caption\":\"La R\u00e9daction\"},\"sameAs\":[\"https:\/\/universnews224.com\"],\"url\":\"https:\/\/universnews224.com\/index.php\/author\/m-camara\/\"}]}<\/script>\n<!-- \/ Yoast SEO plugin. -->","yoast_head_json":{"title":"Reprise annonc\u00e9e des manifestations forces vives de Guin\u00e9e: \u201cIl y a des gens qui m\u00e9ritent d\u2019aller en prison\u201d, Boubacar Siddighi Diallo. - UNIVERSNEWS224","robots":{"index":"index","follow":"follow","max-snippet":"max-snippet:-1","max-image-preview":"max-image-preview:large","max-video-preview":"max-video-preview:-1"},"canonical":"https:\/\/universnews224.com\/index.php\/reprise-annoncee-des-manifestations-forces-vives-de-guinee-il-y-a-des-gens-qui-meritent-daller-en-prison-boubacar-siddighi-diallo\/","og_locale":"fr_FR","og_type":"article","og_title":"Reprise annonc\u00e9e des manifestations forces vives de Guin\u00e9e: \u201cIl y a des gens qui m\u00e9ritent d\u2019aller en prison\u201d, Boubacar Siddighi Diallo. - UNIVERSNEWS224","og_description":"Apr\u00e8s une tr\u00eave d\u2019un mois ,pour permettre le bon d\u00e9roulement du p\u00e8lerinage et des examens","og_url":"https:\/\/universnews224.com\/index.php\/reprise-annoncee-des-manifestations-forces-vives-de-guinee-il-y-a-des-gens-qui-meritent-daller-en-prison-boubacar-siddighi-diallo\/","og_site_name":"UNIVERSNEWS224","article_published_time":"2023-07-07T15:13:32+00:00","og_image":[{"width":960,"height":720,"url":"https:\/\/universnews224.com\/wp-content\/uploads\/2023\/07\/547BC6CE-CC84-4931-A0F5-4657F3E265D6.jpeg","type":"image\/jpeg"}],"author":"La R\u00e9daction","twitter_misc":{"\u00c9crit par":"La R\u00e9daction","Dur\u00e9e de lecture estim\u00e9e":"2 minutes"},"schema":{"@context":"https:\/\/schema.org","@graph":[{"@type":"Article","@id":"https:\/\/universnews224.com\/index.php\/reprise-annoncee-des-manifestations-forces-vives-de-guinee-il-y-a-des-gens-qui-meritent-daller-en-prison-boubacar-siddighi-diallo\/#article","isPartOf":{"@id":"https:\/\/universnews224.com\/index.php\/reprise-annoncee-des-manifestations-forces-vives-de-guinee-il-y-a-des-gens-qui-meritent-daller-en-prison-boubacar-siddighi-diallo\/"},"author":{"name":"La R\u00e9daction","@id":"https:\/\/universnews224.com\/#\/schema\/person\/a4b7d4f94a4716df60456a491260485e"},"headline":"Reprise annonc\u00e9e des manifestations forces vives de Guin\u00e9e: \u201cIl y a des gens qui m\u00e9ritent d\u2019aller en prison\u201d, Boubacar Siddighi Diallo.","datePublished":"2023-07-07T15:13:32+00:00","dateModified":"2023-07-07T15:13:32+00:00","mainEntityOfPage":{"@id":"https:\/\/universnews224.com\/index.php\/reprise-annoncee-des-manifestations-forces-vives-de-guinee-il-y-a-des-gens-qui-meritent-daller-en-prison-boubacar-siddighi-diallo\/"},"wordCount":438,"publisher":{"@id":"https:\/\/universnews224.com\/#organization"},"keywords":["La une"],"articleSection":["ACTU","POLITIQUE"],"inLanguage":"fr-FR"},{"@type":"WebPage","@id":"https:\/\/universnews224.com\/index.php\/reprise-annoncee-des-manifestations-forces-vives-de-guinee-il-y-a-des-gens-qui-meritent-daller-en-prison-boubacar-siddighi-diallo\/","url":"https:\/\/universnews224.com\/index.php\/reprise-annoncee-des-manifestations-forces-vives-de-guinee-il-y-a-des-gens-qui-meritent-daller-en-prison-boubacar-siddighi-diallo\/","name":"Reprise annonc\u00e9e des manifestations forces vives de Guin\u00e9e: \u201cIl y a des gens qui m\u00e9ritent d\u2019aller en prison\u201d, Boubacar Siddighi Diallo. - UNIVERSNEWS224","isPartOf":{"@id":"https:\/\/universnews224.com\/#website"},"datePublished":"2023-07-07T15:13:32+00:00","dateModified":"2023-07-07T15:13:32+00:00","inLanguage":"fr-FR","potentialAction":[{"@type":"ReadAction","target":["https:\/\/universnews224.com\/index.php\/reprise-annoncee-des-manifestations-forces-vives-de-guinee-il-y-a-des-gens-qui-meritent-daller-en-prison-boubacar-siddighi-diallo\/"]}]},{"@type":"WebSite","@id":"https:\/\/universnews224.com\/#website","url":"https:\/\/universnews224.com\/","name":"UNIVERSNEWS224","description":"","publisher":{"@id":"https:\/\/universnews224.com\/#organization"},"potentialAction":[{"@type":"SearchAction","target":{"@type":"EntryPoint","urlTemplate":"https:\/\/universnews224.com\/?s={search_term_string}"},"query-input":"required name=search_term_string"}],"inLanguage":"fr-FR"},{"@type":"Organization","@id":"https:\/\/universnews224.com\/#organization","name":"UNIVERSNEWS224","url":"https:\/\/universnews224.com\/","logo":{"@type":"ImageObject","inLanguage":"fr-FR","@id":"https:\/\/universnews224.com\/#\/schema\/logo\/image\/","url":"https:\/\/universnews224.com\/wp-content\/uploads\/2022\/08\/cropped-cropped-logoban.jpg","contentUrl":"https:\/\/universnews224.com\/wp-content\/uploads\/2022\/08\/cropped-cropped-logoban.jpg","width":1080,"height":138,"caption":"UNIVERSNEWS224"},"image":{"@id":"https:\/\/universnews224.com\/#\/schema\/logo\/image\/"}},{"@type":"Person","@id":"https:\/\/universnews224.com\/#\/schema\/person\/a4b7d4f94a4716df60456a491260485e","name":"La R\u00e9daction","image":{"@type":"ImageObject","inLanguage":"fr-FR","@id":"https:\/\/universnews224.com\/#\/schema\/person\/image\/","url":"https:\/\/secure.gravatar.com\/avatar\/edb90acc7752b23e1b3307ad36c14f0d?s=96&d=mm&r=g","contentUrl":"https:\/\/secure.gravatar.com\/avatar\/edb90acc7752b23e1b3307ad36c14f0d?s=96&d=mm&r=g","caption":"La R\u00e9daction"},"sameAs":["https:\/\/universnews224.com"],"url":"https:\/\/universnews224.com\/index.php\/author\/m-camara\/"}]}},"_links":{"self":[{"href":"https:\/\/universnews224.com\/index.php\/wp-json\/wp\/v2\/posts\/3888"}],"collection":[{"href":"https:\/\/universnews224.com\/index.php\/wp-json\/wp\/v2\/posts"}],"about":[{"href":"https:\/\/universnews224.com\/index.php\/wp-json\/wp\/v2\/types\/post"}],"author":[{"embeddable":true,"href":"https:\/\/universnews224.com\/index.php\/wp-json\/wp\/v2\/users\/2"}],"replies":[{"embeddable":true,"href":"https:\/\/universnews224.com\/index.php\/wp-json\/wp\/v2\/comments?post=3888"}],"version-history":[{"count":1,"href":"https:\/\/universnews224.com\/index.php\/wp-json\/wp\/v2\/posts\/3888\/revisions"}],"predecessor-version":[{"id":3889,"href":"https:\/\/universnews224.com\/index.php\/wp-json\/wp\/v2\/posts\/3888\/revisions\/3889"}],"wp:featuredmedia":[{"embeddable":true,"href":"https:\/\/universnews224.com\/index.php\/wp-json\/wp\/v2\/media\/3883"}],"wp:attachment":[{"href":"https:\/\/universnews224.com\/index.php\/wp-json\/wp\/v2\/media?parent=3888"}],"wp:term":[{"taxonomy":"category","embeddable":true,"href":"https:\/\/universnews224.com\/index.php\/wp-json\/wp\/v2\/categories?post=3888"},{"taxonomy":"post_tag","embeddable":true,"href":"https:\/\/universnews224.com\/index.php\/wp-json\/wp\/v2\/tags?post=3888"}],"curies":[{"name":"wp","href":"https:\/\/api.w.org\/{rel}","templated":true}]}}