{"id":3919,"date":"2023-07-12T22:44:50","date_gmt":"2023-07-12T21:44:50","guid":{"rendered":"https:\/\/universnews224.com\/?p=3919"},"modified":"2023-07-12T22:44:50","modified_gmt":"2023-07-12T21:44:50","slug":"la-cherte-des-prix-dimmatriculation-et-de-re-immatriculation-ces-tarifs-nont-pas-ete-fixes-par-dsd-moustapha-kaba","status":"publish","type":"post","link":"https:\/\/universnews224.com\/index.php\/la-cherte-des-prix-dimmatriculation-et-de-re-immatriculation-ces-tarifs-nont-pas-ete-fixes-par-dsd-moustapha-kaba\/","title":{"rendered":"La chert\u00e9 des prix d\u2019immatriculation et de r\u00e9-immatriculation: \u201cCes tarifs n\u2019ont pas \u00e9t\u00e9 fix\u00e9s par DSD\u00a0\u00bb, Moustapha Kaba."},"content":{"rendered":"<p class=\"p1\"><span class=\"s1\">Les prix exorbitants des plaques d\u2019immatriculation et de r\u00e9-immatriculation des engins roulant continuent de susciter des r\u00e9actions au sein de l\u2019opinion. <\/span><\/p>\n<p class=\"p1\"><span class=\"s1\">Pour tenter de comprendre comment ces tarifs ont \u00e9t\u00e9 fix\u00e9s, nos confr\u00e8res de radio Fim Fm ont invit\u00e9 hier mardi, le Directeur g\u00e9n\u00e9ral adjoint de l\u2019entreprise DSD. <\/span><\/p>\n<p class=\"p1\"><span class=\"s1\">Dans sa communication, Moustapha Kaba a laiss\u00e9 entendre que ces prix n\u2019ont pas \u00e9t\u00e9 fix\u00e9s par entreprise. <\/span><\/p>\n<p class=\"p1\"><span class=\"s1\">\u201cCes tarifs n\u2019ont pas \u00e9t\u00e9 fix\u00e9s par DSD. Ce sont des tarifs qui ont fix\u00e9s par l\u2019\u00c9tat \u00e0 travers un arr\u00eat\u00e9 conjoint, minist\u00e8re des finances et des transports. C\u2019est l\u2019arr\u00eat\u00e9 N\u00ba1 650 date de 30 juin 2021 qui fixe tous les tarifs, les redevances par rapport \u00e0 l\u2019immaturculation et \u00e0 la re-immatriculations.C\u2019est agriff\u00e9 \u00e0 ces tarifs, les tarifs des vignettes. Tout le monde sait qu\u2019habituellement, chaque ann\u00e9e les usagers prenaient ce qu\u2019on appelle la TIV\u00bb, avant de revenir la d\u00e9composition des tarifs. <\/span><\/p>\n<p class=\"p1\"><span class=\"s1\">\u201cJe vais vous parler de la d\u00e9composition des tarifs parce que les gens font l\u2019amalgame. Ils prennent le prix des plaques, ils mettent dans le paquetage; le prix des immatriculations, le prix des vignettes, l\u2019emboutisseur. Donc, ce sont trois (3) op\u00e9rations distinctes et il y a l\u2019enr\u00f4lement des v\u00e9hicules qu\u2019on appelle commun\u00e9ment la carte grise qui est d\u00e9livr\u00e9 enfin. Ces tarifs ont \u00e9t\u00e9 \u00e9galement fix\u00e9s par l\u2019\u00c9tat. Ensuite, il y a le prix des vignettes qui sont les taxes de l\u2019\u00c9tat. Le troisi\u00e8me op\u00e9rateur, ce sont emboutisseurs. Quand vous avez votre num\u00e9ro d\u2019immatriculation commun\u00e9ment appel\u00e9 carte grise, vous allez chez emboutisseur. L\u2019emboutisseur qui a d\u00e9j\u00e0 achet\u00e9 sa plaque, qui revend aux usagers et qui engrave les num\u00e9ros sur la plaque qui fixe sur le v\u00e9hicule. Donc, (trois 3) op\u00e9rations distinctes, trois (3) prix distincts. L\u2019immatriculation, les vignettes et l\u2019emboutissage \u00e0 travers l\u2019\u00c9tat\u201d, a t-il indiqu\u00e9.<\/span><\/p>\n<p class=\"p1\"><span class=\"s1\">Poursuivant, le Directeur g\u00e9n\u00e9ral adjoint de DSD a soulign\u00e9 que ces prix exorbitants ne sont pas la faute de son entreprise. <\/span><\/p>\n<p class=\"p1\"><span class=\"s1\">\u201cCe que les gens oublient, partout o\u00f9 il y a une rentabilit\u00e9, il y a des cockers. Ce sont ceux-l\u00e0 qui augmentent les tarifs. Quand je prends une moto 125 CC co\u00fbte 500 mille francs guin\u00e9ens pour immatriculation et 400 mille francs guin\u00e9ens pour la re-immatriculation et pour la vignette 60 mille franc guin\u00e9en. L\u2019emboutisseur, il le fait \u00e0 120 mille franc guin\u00e9en, la plaque. Si vous cumulez tout \u00e7a, vous \u00eates \u00e0 l\u2019entourage de 670 mille franc guin\u00e9en. Mais, le cockers qui est l\u00e0, dira \u00e0 peut \u00eatre \u00e0 l\u2019usager, donnez-moi 1 million. J\u2019explique tout \u00e7a pour que la population prenne que ces tarifs exorbitants qu\u2019on clame \u00e7a et l\u00e0, ne sont pas de DSD. DSD a affich\u00e9 dans tous les centres d\u2019immatriculation\u201d, a t-il martel\u00e9. <\/span><\/p>\n<p class=\"p1\"><span class=\"s1\">Camara Mamadouba <\/span><\/p>\n<p class=\"p1\"><span class=\"s1\">611 46 04 10 <\/span><\/p>\n","protected":false},"excerpt":{"rendered":"<p>Les prix exorbitants des plaques d\u2019immatriculation et de r\u00e9-immatriculation des engins roulant continuent de susciter<\/p>\n","protected":false},"author":2,"featured_media":3920,"comment_status":"closed","ping_status":"open","sticky":false,"template":"","format":"standard","meta":[],"categories":[3,5],"tags":[229],"yoast_head":"<!-- This site is optimized with the Yoast SEO plugin v19.13 - https:\/\/yoast.com\/wordpress\/plugins\/seo\/ -->\n<title>La chert\u00e9 des prix d\u2019immatriculation et de r\u00e9-immatriculation: \u201cCes tarifs n\u2019ont pas \u00e9t\u00e9 fix\u00e9s par DSD&quot;, Moustapha Kaba. - UNIVERSNEWS224<\/title>\n<meta name=\"robots\" content=\"index, follow, max-snippet:-1, max-image-preview:large, max-video-preview:-1\" \/>\n<link rel=\"canonical\" href=\"https:\/\/universnews224.com\/index.php\/la-cherte-des-prix-dimmatriculation-et-de-re-immatriculation-ces-tarifs-nont-pas-ete-fixes-par-dsd-moustapha-kaba\/\" \/>\n<meta property=\"og:locale\" content=\"fr_FR\" \/>\n<meta property=\"og:type\" content=\"article\" \/>\n<meta property=\"og:title\" content=\"La chert\u00e9 des prix d\u2019immatriculation et de r\u00e9-immatriculation: \u201cCes tarifs n\u2019ont pas \u00e9t\u00e9 fix\u00e9s par DSD&quot;, Moustapha Kaba. - UNIVERSNEWS224\" \/>\n<meta property=\"og:description\" content=\"Les prix exorbitants des plaques d\u2019immatriculation et de r\u00e9-immatriculation des engins roulant continuent de susciter\" \/>\n<meta property=\"og:url\" content=\"https:\/\/universnews224.com\/index.php\/la-cherte-des-prix-dimmatriculation-et-de-re-immatriculation-ces-tarifs-nont-pas-ete-fixes-par-dsd-moustapha-kaba\/\" \/>\n<meta property=\"og:site_name\" content=\"UNIVERSNEWS224\" \/>\n<meta property=\"article:published_time\" content=\"2023-07-12T21:44:50+00:00\" \/>\n<meta property=\"og:image\" content=\"https:\/\/universnews224.com\/wp-content\/uploads\/2023\/07\/F8C52671-EEB1-4531-A9B5-B3B699893A10.jpeg\" \/>\n\t<meta property=\"og:image:width\" content=\"384\" \/>\n\t<meta property=\"og:image:height\" content=\"208\" \/>\n\t<meta property=\"og:image:type\" content=\"image\/jpeg\" \/>\n<meta name=\"author\" content=\"La R\u00e9daction\" \/>\n<meta name=\"twitter:label1\" content=\"\u00c9crit par\" \/>\n\t<meta name=\"twitter:data1\" content=\"La R\u00e9daction\" \/>\n\t<meta name=\"twitter:label2\" content=\"Dur\u00e9e de lecture estim\u00e9e\" \/>\n\t<meta name=\"twitter:data2\" content=\"3 minutes\" \/>\n<script type=\"application\/ld+json\" class=\"yoast-schema-graph\">{\"@context\":\"https:\/\/schema.org\",\"@graph\":[{\"@type\":\"Article\",\"@id\":\"https:\/\/universnews224.com\/index.php\/la-cherte-des-prix-dimmatriculation-et-de-re-immatriculation-ces-tarifs-nont-pas-ete-fixes-par-dsd-moustapha-kaba\/#article\",\"isPartOf\":{\"@id\":\"https:\/\/universnews224.com\/index.php\/la-cherte-des-prix-dimmatriculation-et-de-re-immatriculation-ces-tarifs-nont-pas-ete-fixes-par-dsd-moustapha-kaba\/\"},\"author\":{\"name\":\"La R\u00e9daction\",\"@id\":\"https:\/\/universnews224.com\/#\/schema\/person\/a4b7d4f94a4716df60456a491260485e\"},\"headline\":\"La chert\u00e9 des prix d\u2019immatriculation et de r\u00e9-immatriculation: \u201cCes tarifs n\u2019ont pas \u00e9t\u00e9 fix\u00e9s par DSD\u00a0\u00bb, Moustapha Kaba.\",\"datePublished\":\"2023-07-12T21:44:50+00:00\",\"dateModified\":\"2023-07-12T21:44:50+00:00\",\"mainEntityOfPage\":{\"@id\":\"https:\/\/universnews224.com\/index.php\/la-cherte-des-prix-dimmatriculation-et-de-re-immatriculation-ces-tarifs-nont-pas-ete-fixes-par-dsd-moustapha-kaba\/\"},\"wordCount\":509,\"publisher\":{\"@id\":\"https:\/\/universnews224.com\/#organization\"},\"keywords\":[\"La une\"],\"articleSection\":[\"ACTU\",\"SOCI\u00c9T\u00c9\"],\"inLanguage\":\"fr-FR\"},{\"@type\":\"WebPage\",\"@id\":\"https:\/\/universnews224.com\/index.php\/la-cherte-des-prix-dimmatriculation-et-de-re-immatriculation-ces-tarifs-nont-pas-ete-fixes-par-dsd-moustapha-kaba\/\",\"url\":\"https:\/\/universnews224.com\/index.php\/la-cherte-des-prix-dimmatriculation-et-de-re-immatriculation-ces-tarifs-nont-pas-ete-fixes-par-dsd-moustapha-kaba\/\",\"name\":\"La chert\u00e9 des prix d\u2019immatriculation et de r\u00e9-immatriculation: \u201cCes tarifs n\u2019ont pas \u00e9t\u00e9 fix\u00e9s par DSD\\\", Moustapha Kaba. - UNIVERSNEWS224\",\"isPartOf\":{\"@id\":\"https:\/\/universnews224.com\/#website\"},\"datePublished\":\"2023-07-12T21:44:50+00:00\",\"dateModified\":\"2023-07-12T21:44:50+00:00\",\"inLanguage\":\"fr-FR\",\"potentialAction\":[{\"@type\":\"ReadAction\",\"target\":[\"https:\/\/universnews224.com\/index.php\/la-cherte-des-prix-dimmatriculation-et-de-re-immatriculation-ces-tarifs-nont-pas-ete-fixes-par-dsd-moustapha-kaba\/\"]}]},{\"@type\":\"WebSite\",\"@id\":\"https:\/\/universnews224.com\/#website\",\"url\":\"https:\/\/universnews224.com\/\",\"name\":\"UNIVERSNEWS224\",\"description\":\"\",\"publisher\":{\"@id\":\"https:\/\/universnews224.com\/#organization\"},\"potentialAction\":[{\"@type\":\"SearchAction\",\"target\":{\"@type\":\"EntryPoint\",\"urlTemplate\":\"https:\/\/universnews224.com\/?s={search_term_string}\"},\"query-input\":\"required name=search_term_string\"}],\"inLanguage\":\"fr-FR\"},{\"@type\":\"Organization\",\"@id\":\"https:\/\/universnews224.com\/#organization\",\"name\":\"UNIVERSNEWS224\",\"url\":\"https:\/\/universnews224.com\/\",\"logo\":{\"@type\":\"ImageObject\",\"inLanguage\":\"fr-FR\",\"@id\":\"https:\/\/universnews224.com\/#\/schema\/logo\/image\/\",\"url\":\"https:\/\/universnews224.com\/wp-content\/uploads\/2022\/08\/cropped-cropped-logoban.jpg\",\"contentUrl\":\"https:\/\/universnews224.com\/wp-content\/uploads\/2022\/08\/cropped-cropped-logoban.jpg\",\"width\":1080,\"height\":138,\"caption\":\"UNIVERSNEWS224\"},\"image\":{\"@id\":\"https:\/\/universnews224.com\/#\/schema\/logo\/image\/\"}},{\"@type\":\"Person\",\"@id\":\"https:\/\/universnews224.com\/#\/schema\/person\/a4b7d4f94a4716df60456a491260485e\",\"name\":\"La R\u00e9daction\",\"image\":{\"@type\":\"ImageObject\",\"inLanguage\":\"fr-FR\",\"@id\":\"https:\/\/universnews224.com\/#\/schema\/person\/image\/\",\"url\":\"https:\/\/secure.gravatar.com\/avatar\/edb90acc7752b23e1b3307ad36c14f0d?s=96&d=mm&r=g\",\"contentUrl\":\"https:\/\/secure.gravatar.com\/avatar\/edb90acc7752b23e1b3307ad36c14f0d?s=96&d=mm&r=g\",\"caption\":\"La R\u00e9daction\"},\"sameAs\":[\"https:\/\/universnews224.com\"],\"url\":\"https:\/\/universnews224.com\/index.php\/author\/m-camara\/\"}]}<\/script>\n<!-- \/ Yoast SEO plugin. -->","yoast_head_json":{"title":"La chert\u00e9 des prix d\u2019immatriculation et de r\u00e9-immatriculation: \u201cCes tarifs n\u2019ont pas \u00e9t\u00e9 fix\u00e9s par DSD\", Moustapha Kaba. - UNIVERSNEWS224","robots":{"index":"index","follow":"follow","max-snippet":"max-snippet:-1","max-image-preview":"max-image-preview:large","max-video-preview":"max-video-preview:-1"},"canonical":"https:\/\/universnews224.com\/index.php\/la-cherte-des-prix-dimmatriculation-et-de-re-immatriculation-ces-tarifs-nont-pas-ete-fixes-par-dsd-moustapha-kaba\/","og_locale":"fr_FR","og_type":"article","og_title":"La chert\u00e9 des prix d\u2019immatriculation et de r\u00e9-immatriculation: \u201cCes tarifs n\u2019ont pas \u00e9t\u00e9 fix\u00e9s par DSD\", Moustapha Kaba. - UNIVERSNEWS224","og_description":"Les prix exorbitants des plaques d\u2019immatriculation et de r\u00e9-immatriculation des engins roulant continuent de susciter","og_url":"https:\/\/universnews224.com\/index.php\/la-cherte-des-prix-dimmatriculation-et-de-re-immatriculation-ces-tarifs-nont-pas-ete-fixes-par-dsd-moustapha-kaba\/","og_site_name":"UNIVERSNEWS224","article_published_time":"2023-07-12T21:44:50+00:00","og_image":[{"width":384,"height":208,"url":"https:\/\/universnews224.com\/wp-content\/uploads\/2023\/07\/F8C52671-EEB1-4531-A9B5-B3B699893A10.jpeg","type":"image\/jpeg"}],"author":"La R\u00e9daction","twitter_misc":{"\u00c9crit par":"La R\u00e9daction","Dur\u00e9e de lecture estim\u00e9e":"3 minutes"},"schema":{"@context":"https:\/\/schema.org","@graph":[{"@type":"Article","@id":"https:\/\/universnews224.com\/index.php\/la-cherte-des-prix-dimmatriculation-et-de-re-immatriculation-ces-tarifs-nont-pas-ete-fixes-par-dsd-moustapha-kaba\/#article","isPartOf":{"@id":"https:\/\/universnews224.com\/index.php\/la-cherte-des-prix-dimmatriculation-et-de-re-immatriculation-ces-tarifs-nont-pas-ete-fixes-par-dsd-moustapha-kaba\/"},"author":{"name":"La R\u00e9daction","@id":"https:\/\/universnews224.com\/#\/schema\/person\/a4b7d4f94a4716df60456a491260485e"},"headline":"La chert\u00e9 des prix d\u2019immatriculation et de r\u00e9-immatriculation: \u201cCes tarifs n\u2019ont pas \u00e9t\u00e9 fix\u00e9s par DSD\u00a0\u00bb, Moustapha Kaba.","datePublished":"2023-07-12T21:44:50+00:00","dateModified":"2023-07-12T21:44:50+00:00","mainEntityOfPage":{"@id":"https:\/\/universnews224.com\/index.php\/la-cherte-des-prix-dimmatriculation-et-de-re-immatriculation-ces-tarifs-nont-pas-ete-fixes-par-dsd-moustapha-kaba\/"},"wordCount":509,"publisher":{"@id":"https:\/\/universnews224.com\/#organization"},"keywords":["La une"],"articleSection":["ACTU","SOCI\u00c9T\u00c9"],"inLanguage":"fr-FR"},{"@type":"WebPage","@id":"https:\/\/universnews224.com\/index.php\/la-cherte-des-prix-dimmatriculation-et-de-re-immatriculation-ces-tarifs-nont-pas-ete-fixes-par-dsd-moustapha-kaba\/","url":"https:\/\/universnews224.com\/index.php\/la-cherte-des-prix-dimmatriculation-et-de-re-immatriculation-ces-tarifs-nont-pas-ete-fixes-par-dsd-moustapha-kaba\/","name":"La chert\u00e9 des prix d\u2019immatriculation et de r\u00e9-immatriculation: \u201cCes tarifs n\u2019ont pas \u00e9t\u00e9 fix\u00e9s par DSD\", Moustapha Kaba. - UNIVERSNEWS224","isPartOf":{"@id":"https:\/\/universnews224.com\/#website"},"datePublished":"2023-07-12T21:44:50+00:00","dateModified":"2023-07-12T21:44:50+00:00","inLanguage":"fr-FR","potentialAction":[{"@type":"ReadAction","target":["https:\/\/universnews224.com\/index.php\/la-cherte-des-prix-dimmatriculation-et-de-re-immatriculation-ces-tarifs-nont-pas-ete-fixes-par-dsd-moustapha-kaba\/"]}]},{"@type":"WebSite","@id":"https:\/\/universnews224.com\/#website","url":"https:\/\/universnews224.com\/","name":"UNIVERSNEWS224","description":"","publisher":{"@id":"https:\/\/universnews224.com\/#organization"},"potentialAction":[{"@type":"SearchAction","target":{"@type":"EntryPoint","urlTemplate":"https:\/\/universnews224.com\/?s={search_term_string}"},"query-input":"required name=search_term_string"}],"inLanguage":"fr-FR"},{"@type":"Organization","@id":"https:\/\/universnews224.com\/#organization","name":"UNIVERSNEWS224","url":"https:\/\/universnews224.com\/","logo":{"@type":"ImageObject","inLanguage":"fr-FR","@id":"https:\/\/universnews224.com\/#\/schema\/logo\/image\/","url":"https:\/\/universnews224.com\/wp-content\/uploads\/2022\/08\/cropped-cropped-logoban.jpg","contentUrl":"https:\/\/universnews224.com\/wp-content\/uploads\/2022\/08\/cropped-cropped-logoban.jpg","width":1080,"height":138,"caption":"UNIVERSNEWS224"},"image":{"@id":"https:\/\/universnews224.com\/#\/schema\/logo\/image\/"}},{"@type":"Person","@id":"https:\/\/universnews224.com\/#\/schema\/person\/a4b7d4f94a4716df60456a491260485e","name":"La R\u00e9daction","image":{"@type":"ImageObject","inLanguage":"fr-FR","@id":"https:\/\/universnews224.com\/#\/schema\/person\/image\/","url":"https:\/\/secure.gravatar.com\/avatar\/edb90acc7752b23e1b3307ad36c14f0d?s=96&d=mm&r=g","contentUrl":"https:\/\/secure.gravatar.com\/avatar\/edb90acc7752b23e1b3307ad36c14f0d?s=96&d=mm&r=g","caption":"La R\u00e9daction"},"sameAs":["https:\/\/universnews224.com"],"url":"https:\/\/universnews224.com\/index.php\/author\/m-camara\/"}]}},"_links":{"self":[{"href":"https:\/\/universnews224.com\/index.php\/wp-json\/wp\/v2\/posts\/3919"}],"collection":[{"href":"https:\/\/universnews224.com\/index.php\/wp-json\/wp\/v2\/posts"}],"about":[{"href":"https:\/\/universnews224.com\/index.php\/wp-json\/wp\/v2\/types\/post"}],"author":[{"embeddable":true,"href":"https:\/\/universnews224.com\/index.php\/wp-json\/wp\/v2\/users\/2"}],"replies":[{"embeddable":true,"href":"https:\/\/universnews224.com\/index.php\/wp-json\/wp\/v2\/comments?post=3919"}],"version-history":[{"count":1,"href":"https:\/\/universnews224.com\/index.php\/wp-json\/wp\/v2\/posts\/3919\/revisions"}],"predecessor-version":[{"id":3921,"href":"https:\/\/universnews224.com\/index.php\/wp-json\/wp\/v2\/posts\/3919\/revisions\/3921"}],"wp:featuredmedia":[{"embeddable":true,"href":"https:\/\/universnews224.com\/index.php\/wp-json\/wp\/v2\/media\/3920"}],"wp:attachment":[{"href":"https:\/\/universnews224.com\/index.php\/wp-json\/wp\/v2\/media?parent=3919"}],"wp:term":[{"taxonomy":"category","embeddable":true,"href":"https:\/\/universnews224.com\/index.php\/wp-json\/wp\/v2\/categories?post=3919"},{"taxonomy":"post_tag","embeddable":true,"href":"https:\/\/universnews224.com\/index.php\/wp-json\/wp\/v2\/tags?post=3919"}],"curies":[{"name":"wp","href":"https:\/\/api.w.org\/{rel}","templated":true}]}}