{"id":3929,"date":"2023-07-14T12:57:25","date_gmt":"2023-07-14T11:57:25","guid":{"rendered":"https:\/\/universnews224.com\/?p=3929"},"modified":"2023-07-14T12:57:25","modified_gmt":"2023-07-14T11:57:25","slug":"guinee-deux-militaires-radies-des-effectifs-de-larmee","status":"publish","type":"post","link":"https:\/\/universnews224.com\/index.php\/guinee-deux-militaires-radies-des-effectifs-de-larmee\/","title":{"rendered":"Guin\u00e9e : deux militaires radi\u00e9s des effectifs de l\u2019arm\u00e9e"},"content":{"rendered":"<p>Deux (2) \u00e9l\u00e9ments du groupement des forces sp\u00e9ciales ont \u00e9t\u00e9 radi\u00e9 de l\u2019arm\u00e9e guin\u00e9enne, ce jeudi 13 juillet 2023.<\/p>\n<p>Il s\u2019agit du Sous-lieutenant Thierno Boubacar Diallo et de l\u2019Adjudant Mamadou Aliou Diallo. L\u2019un a \u00e9t\u00e9 radi\u00e9 pour vol d\u2019argent et l\u2019autre pour d\u00e9sertion.<\/p>\n<p>Le d\u00e9cret pris par le pr\u00e9sident de la transition, le Colonel Mamadi Doumbouya a \u00e9t\u00e9 rendu public ce soir sur les antennes de la RTG.<\/p>\n","protected":false},"excerpt":{"rendered":"<p>Deux (2) \u00e9l\u00e9ments du groupement des forces sp\u00e9ciales ont \u00e9t\u00e9 radi\u00e9 de l\u2019arm\u00e9e guin\u00e9enne, ce<\/p>\n","protected":false},"author":2,"featured_media":3928,"comment_status":"closed","ping_status":"open","sticky":false,"template":"","format":"standard","meta":[],"categories":[1],"tags":[229],"yoast_head":"<!-- This site is optimized with the Yoast SEO plugin v19.13 - https:\/\/yoast.com\/wordpress\/plugins\/seo\/ -->\n<title>Guin\u00e9e : deux militaires radi\u00e9s des effectifs de l\u2019arm\u00e9e - UNIVERSNEWS224<\/title>\n<meta name=\"robots\" content=\"index, follow, max-snippet:-1, max-image-preview:large, max-video-preview:-1\" \/>\n<link rel=\"canonical\" href=\"https:\/\/universnews224.com\/index.php\/guinee-deux-militaires-radies-des-effectifs-de-larmee\/\" \/>\n<meta property=\"og:locale\" content=\"fr_FR\" \/>\n<meta property=\"og:type\" content=\"article\" \/>\n<meta property=\"og:title\" content=\"Guin\u00e9e : deux militaires radi\u00e9s des effectifs de l\u2019arm\u00e9e - UNIVERSNEWS224\" \/>\n<meta property=\"og:description\" content=\"Deux (2) \u00e9l\u00e9ments du groupement des forces sp\u00e9ciales ont \u00e9t\u00e9 radi\u00e9 de l\u2019arm\u00e9e guin\u00e9enne, ce\" \/>\n<meta property=\"og:url\" content=\"https:\/\/universnews224.com\/index.php\/guinee-deux-militaires-radies-des-effectifs-de-larmee\/\" \/>\n<meta property=\"og:site_name\" content=\"UNIVERSNEWS224\" \/>\n<meta property=\"article:published_time\" content=\"2023-07-14T11:57:25+00:00\" \/>\n<meta property=\"og:image\" content=\"https:\/\/universnews224.com\/wp-content\/uploads\/2023\/07\/226B8A7B-1F56-4F2B-BC4A-8EAE4ABA6048.jpeg\" \/>\n\t<meta property=\"og:image:width\" content=\"712\" \/>\n\t<meta property=\"og:image:height\" content=\"375\" \/>\n\t<meta property=\"og:image:type\" content=\"image\/jpeg\" \/>\n<meta name=\"author\" content=\"La R\u00e9daction\" \/>\n<meta name=\"twitter:label1\" content=\"\u00c9crit par\" \/>\n\t<meta name=\"twitter:data1\" content=\"La R\u00e9daction\" \/>\n\t<meta name=\"twitter:label2\" content=\"Dur\u00e9e de lecture estim\u00e9e\" \/>\n\t<meta name=\"twitter:data2\" content=\"1 minute\" \/>\n<script type=\"application\/ld+json\" class=\"yoast-schema-graph\">{\"@context\":\"https:\/\/schema.org\",\"@graph\":[{\"@type\":\"Article\",\"@id\":\"https:\/\/universnews224.com\/index.php\/guinee-deux-militaires-radies-des-effectifs-de-larmee\/#article\",\"isPartOf\":{\"@id\":\"https:\/\/universnews224.com\/index.php\/guinee-deux-militaires-radies-des-effectifs-de-larmee\/\"},\"author\":{\"name\":\"La R\u00e9daction\",\"@id\":\"https:\/\/universnews224.com\/#\/schema\/person\/a4b7d4f94a4716df60456a491260485e\"},\"headline\":\"Guin\u00e9e : deux militaires radi\u00e9s des effectifs de l\u2019arm\u00e9e\",\"datePublished\":\"2023-07-14T11:57:25+00:00\",\"dateModified\":\"2023-07-14T11:57:25+00:00\",\"mainEntityOfPage\":{\"@id\":\"https:\/\/universnews224.com\/index.php\/guinee-deux-militaires-radies-des-effectifs-de-larmee\/\"},\"wordCount\":90,\"publisher\":{\"@id\":\"https:\/\/universnews224.com\/#organization\"},\"keywords\":[\"La une\"],\"inLanguage\":\"fr-FR\"},{\"@type\":\"WebPage\",\"@id\":\"https:\/\/universnews224.com\/index.php\/guinee-deux-militaires-radies-des-effectifs-de-larmee\/\",\"url\":\"https:\/\/universnews224.com\/index.php\/guinee-deux-militaires-radies-des-effectifs-de-larmee\/\",\"name\":\"Guin\u00e9e : deux militaires radi\u00e9s des effectifs de l\u2019arm\u00e9e - UNIVERSNEWS224\",\"isPartOf\":{\"@id\":\"https:\/\/universnews224.com\/#website\"},\"datePublished\":\"2023-07-14T11:57:25+00:00\",\"dateModified\":\"2023-07-14T11:57:25+00:00\",\"inLanguage\":\"fr-FR\",\"potentialAction\":[{\"@type\":\"ReadAction\",\"target\":[\"https:\/\/universnews224.com\/index.php\/guinee-deux-militaires-radies-des-effectifs-de-larmee\/\"]}]},{\"@type\":\"WebSite\",\"@id\":\"https:\/\/universnews224.com\/#website\",\"url\":\"https:\/\/universnews224.com\/\",\"name\":\"UNIVERSNEWS224\",\"description\":\"\",\"publisher\":{\"@id\":\"https:\/\/universnews224.com\/#organization\"},\"potentialAction\":[{\"@type\":\"SearchAction\",\"target\":{\"@type\":\"EntryPoint\",\"urlTemplate\":\"https:\/\/universnews224.com\/?s={search_term_string}\"},\"query-input\":\"required name=search_term_string\"}],\"inLanguage\":\"fr-FR\"},{\"@type\":\"Organization\",\"@id\":\"https:\/\/universnews224.com\/#organization\",\"name\":\"UNIVERSNEWS224\",\"url\":\"https:\/\/universnews224.com\/\",\"logo\":{\"@type\":\"ImageObject\",\"inLanguage\":\"fr-FR\",\"@id\":\"https:\/\/universnews224.com\/#\/schema\/logo\/image\/\",\"url\":\"https:\/\/universnews224.com\/wp-content\/uploads\/2022\/08\/cropped-cropped-logoban.jpg\",\"contentUrl\":\"https:\/\/universnews224.com\/wp-content\/uploads\/2022\/08\/cropped-cropped-logoban.jpg\",\"width\":1080,\"height\":138,\"caption\":\"UNIVERSNEWS224\"},\"image\":{\"@id\":\"https:\/\/universnews224.com\/#\/schema\/logo\/image\/\"}},{\"@type\":\"Person\",\"@id\":\"https:\/\/universnews224.com\/#\/schema\/person\/a4b7d4f94a4716df60456a491260485e\",\"name\":\"La R\u00e9daction\",\"image\":{\"@type\":\"ImageObject\",\"inLanguage\":\"fr-FR\",\"@id\":\"https:\/\/universnews224.com\/#\/schema\/person\/image\/\",\"url\":\"https:\/\/secure.gravatar.com\/avatar\/edb90acc7752b23e1b3307ad36c14f0d?s=96&d=mm&r=g\",\"contentUrl\":\"https:\/\/secure.gravatar.com\/avatar\/edb90acc7752b23e1b3307ad36c14f0d?s=96&d=mm&r=g\",\"caption\":\"La R\u00e9daction\"},\"sameAs\":[\"https:\/\/universnews224.com\"],\"url\":\"https:\/\/universnews224.com\/index.php\/author\/m-camara\/\"}]}<\/script>\n<!-- \/ Yoast SEO plugin. -->","yoast_head_json":{"title":"Guin\u00e9e : deux militaires radi\u00e9s des effectifs de l\u2019arm\u00e9e - UNIVERSNEWS224","robots":{"index":"index","follow":"follow","max-snippet":"max-snippet:-1","max-image-preview":"max-image-preview:large","max-video-preview":"max-video-preview:-1"},"canonical":"https:\/\/universnews224.com\/index.php\/guinee-deux-militaires-radies-des-effectifs-de-larmee\/","og_locale":"fr_FR","og_type":"article","og_title":"Guin\u00e9e : deux militaires radi\u00e9s des effectifs de l\u2019arm\u00e9e - UNIVERSNEWS224","og_description":"Deux (2) \u00e9l\u00e9ments du groupement des forces sp\u00e9ciales ont \u00e9t\u00e9 radi\u00e9 de l\u2019arm\u00e9e guin\u00e9enne, ce","og_url":"https:\/\/universnews224.com\/index.php\/guinee-deux-militaires-radies-des-effectifs-de-larmee\/","og_site_name":"UNIVERSNEWS224","article_published_time":"2023-07-14T11:57:25+00:00","og_image":[{"width":712,"height":375,"url":"https:\/\/universnews224.com\/wp-content\/uploads\/2023\/07\/226B8A7B-1F56-4F2B-BC4A-8EAE4ABA6048.jpeg","type":"image\/jpeg"}],"author":"La R\u00e9daction","twitter_misc":{"\u00c9crit par":"La R\u00e9daction","Dur\u00e9e de lecture estim\u00e9e":"1 minute"},"schema":{"@context":"https:\/\/schema.org","@graph":[{"@type":"Article","@id":"https:\/\/universnews224.com\/index.php\/guinee-deux-militaires-radies-des-effectifs-de-larmee\/#article","isPartOf":{"@id":"https:\/\/universnews224.com\/index.php\/guinee-deux-militaires-radies-des-effectifs-de-larmee\/"},"author":{"name":"La R\u00e9daction","@id":"https:\/\/universnews224.com\/#\/schema\/person\/a4b7d4f94a4716df60456a491260485e"},"headline":"Guin\u00e9e : deux militaires radi\u00e9s des effectifs de l\u2019arm\u00e9e","datePublished":"2023-07-14T11:57:25+00:00","dateModified":"2023-07-14T11:57:25+00:00","mainEntityOfPage":{"@id":"https:\/\/universnews224.com\/index.php\/guinee-deux-militaires-radies-des-effectifs-de-larmee\/"},"wordCount":90,"publisher":{"@id":"https:\/\/universnews224.com\/#organization"},"keywords":["La une"],"inLanguage":"fr-FR"},{"@type":"WebPage","@id":"https:\/\/universnews224.com\/index.php\/guinee-deux-militaires-radies-des-effectifs-de-larmee\/","url":"https:\/\/universnews224.com\/index.php\/guinee-deux-militaires-radies-des-effectifs-de-larmee\/","name":"Guin\u00e9e : deux militaires radi\u00e9s des effectifs de l\u2019arm\u00e9e - UNIVERSNEWS224","isPartOf":{"@id":"https:\/\/universnews224.com\/#website"},"datePublished":"2023-07-14T11:57:25+00:00","dateModified":"2023-07-14T11:57:25+00:00","inLanguage":"fr-FR","potentialAction":[{"@type":"ReadAction","target":["https:\/\/universnews224.com\/index.php\/guinee-deux-militaires-radies-des-effectifs-de-larmee\/"]}]},{"@type":"WebSite","@id":"https:\/\/universnews224.com\/#website","url":"https:\/\/universnews224.com\/","name":"UNIVERSNEWS224","description":"","publisher":{"@id":"https:\/\/universnews224.com\/#organization"},"potentialAction":[{"@type":"SearchAction","target":{"@type":"EntryPoint","urlTemplate":"https:\/\/universnews224.com\/?s={search_term_string}"},"query-input":"required name=search_term_string"}],"inLanguage":"fr-FR"},{"@type":"Organization","@id":"https:\/\/universnews224.com\/#organization","name":"UNIVERSNEWS224","url":"https:\/\/universnews224.com\/","logo":{"@type":"ImageObject","inLanguage":"fr-FR","@id":"https:\/\/universnews224.com\/#\/schema\/logo\/image\/","url":"https:\/\/universnews224.com\/wp-content\/uploads\/2022\/08\/cropped-cropped-logoban.jpg","contentUrl":"https:\/\/universnews224.com\/wp-content\/uploads\/2022\/08\/cropped-cropped-logoban.jpg","width":1080,"height":138,"caption":"UNIVERSNEWS224"},"image":{"@id":"https:\/\/universnews224.com\/#\/schema\/logo\/image\/"}},{"@type":"Person","@id":"https:\/\/universnews224.com\/#\/schema\/person\/a4b7d4f94a4716df60456a491260485e","name":"La R\u00e9daction","image":{"@type":"ImageObject","inLanguage":"fr-FR","@id":"https:\/\/universnews224.com\/#\/schema\/person\/image\/","url":"https:\/\/secure.gravatar.com\/avatar\/edb90acc7752b23e1b3307ad36c14f0d?s=96&d=mm&r=g","contentUrl":"https:\/\/secure.gravatar.com\/avatar\/edb90acc7752b23e1b3307ad36c14f0d?s=96&d=mm&r=g","caption":"La R\u00e9daction"},"sameAs":["https:\/\/universnews224.com"],"url":"https:\/\/universnews224.com\/index.php\/author\/m-camara\/"}]}},"_links":{"self":[{"href":"https:\/\/universnews224.com\/index.php\/wp-json\/wp\/v2\/posts\/3929"}],"collection":[{"href":"https:\/\/universnews224.com\/index.php\/wp-json\/wp\/v2\/posts"}],"about":[{"href":"https:\/\/universnews224.com\/index.php\/wp-json\/wp\/v2\/types\/post"}],"author":[{"embeddable":true,"href":"https:\/\/universnews224.com\/index.php\/wp-json\/wp\/v2\/users\/2"}],"replies":[{"embeddable":true,"href":"https:\/\/universnews224.com\/index.php\/wp-json\/wp\/v2\/comments?post=3929"}],"version-history":[{"count":1,"href":"https:\/\/universnews224.com\/index.php\/wp-json\/wp\/v2\/posts\/3929\/revisions"}],"predecessor-version":[{"id":3930,"href":"https:\/\/universnews224.com\/index.php\/wp-json\/wp\/v2\/posts\/3929\/revisions\/3930"}],"wp:featuredmedia":[{"embeddable":true,"href":"https:\/\/universnews224.com\/index.php\/wp-json\/wp\/v2\/media\/3928"}],"wp:attachment":[{"href":"https:\/\/universnews224.com\/index.php\/wp-json\/wp\/v2\/media?parent=3929"}],"wp:term":[{"taxonomy":"category","embeddable":true,"href":"https:\/\/universnews224.com\/index.php\/wp-json\/wp\/v2\/categories?post=3929"},{"taxonomy":"post_tag","embeddable":true,"href":"https:\/\/universnews224.com\/index.php\/wp-json\/wp\/v2\/tags?post=3929"}],"curies":[{"name":"wp","href":"https:\/\/api.w.org\/{rel}","templated":true}]}}