{"id":3931,"date":"2023-07-14T21:56:21","date_gmt":"2023-07-14T20:56:21","guid":{"rendered":"https:\/\/universnews224.com\/?p=3931"},"modified":"2023-07-14T21:56:21","modified_gmt":"2023-07-14T20:56:21","slug":"1eme-edition-du-forum-economique-les-organisateurs-annoncent-les-couleurs","status":"publish","type":"post","link":"https:\/\/universnews224.com\/index.php\/1eme-edition-du-forum-economique-les-organisateurs-annoncent-les-couleurs\/","title":{"rendered":"1\u00e8me \u00e9dition du Forum \u00c9conomique : Les organisateurs annoncent les couleurs."},"content":{"rendered":"<p class=\"p2\">En pr\u00e9lude de la premi\u00e8re \u00e9dition du Forum \u00c9conomique de Guin\u00e9e qui se tiendra les 19 au 21 juillet prochain , les responsables de la structure organisatrice \u00e0 travers son commissaire g\u00e9n\u00e9ral M. Alice Dor\u00e9 et les\u00a0 partenaires de l\u2019\u00e9v\u00e9nement ont anim\u00e9 une conf\u00e9rence de presse ce vendredi 14 juillet 2023 a Conakry pour annoncer les couleurs.<\/p>\n<p class=\"p2\"><span class=\"s2\">Plac\u00e9 sous le th\u00e8me :<span class=\"Apple-converted-space\">\u00a0 <\/span>\u00a0\u00bb La Refondation Economie en P\u00e9riode Transition D\u00e9fis et Perspectives\u00a0\u00bb , la premi\u00e8re \u00e9dition du Forum de l&rsquo;\u00e9conomie, est un \u00e9v\u00e9nement qui r\u00e9unira \u00e0 Conakry diff\u00e9rents acteurs du d\u00e9veloppement socio-\u00e9conomique de notre pays afin de pouvoir faire la cartographie de l&rsquo;univers des affaires en Guin\u00e9e, mais aussi faire pr\u00e9senter \u00e9cosyst\u00e8mes et les opportunit\u00e9s qu\u2019offrent les nouvelles autorit\u00e9s<span class=\"Apple-converted-space\">\u00a0 <\/span>pour un d\u00e9collage \u00e9conomique de la Guin\u00e9e.<\/span><\/p>\n<p class=\"p2\"><span class=\"s2\">Parlant du forum et ces objectif, le commissaire g\u00e9n\u00e9ral M. Alice Dor\u00e9 , a indiqu\u00e9 au cours de cette conf\u00e9rence de presse que:<a href=\"https:\/\/universnews224.com\/wp-content\/uploads\/2023\/07\/3D2A3E2D-6AAA-40AD-B7A8-CDDC8038B107.jpeg\"><img loading=\"lazy\" class=\"alignnone size-medium wp-image-3932\" src=\"https:\/\/universnews224.com\/wp-content\/uploads\/2023\/07\/3D2A3E2D-6AAA-40AD-B7A8-CDDC8038B107-300x169.jpeg\" alt=\"\" width=\"300\" height=\"169\" srcset=\"https:\/\/universnews224.com\/wp-content\/uploads\/2023\/07\/3D2A3E2D-6AAA-40AD-B7A8-CDDC8038B107-300x169.jpeg 300w, https:\/\/universnews224.com\/wp-content\/uploads\/2023\/07\/3D2A3E2D-6AAA-40AD-B7A8-CDDC8038B107-768x432.jpeg 768w, https:\/\/universnews224.com\/wp-content\/uploads\/2023\/07\/3D2A3E2D-6AAA-40AD-B7A8-CDDC8038B107-800x450.jpeg 800w, https:\/\/universnews224.com\/wp-content\/uploads\/2023\/07\/3D2A3E2D-6AAA-40AD-B7A8-CDDC8038B107.jpeg 1024w\" sizes=\"(max-width: 300px) 100vw, 300px\" \/><\/a><\/span><\/p>\n<p class=\"p2\"><span class=\"s2\">\u00ab Ce forum est n\u00e9 pour pouvoir faire la cartographie de l&rsquo;univers des affaires en Guin\u00e9e mais aussi \u00e9galement faire pr\u00e9senter \u00e9cosyst\u00e8mes et les opportunit\u00e9s qu\u2019offrent les nouvelles autorit\u00e9s car de nos jours tous les d\u00e9partements sont en face de refondation. Donc il est de notre devoir entant que entrepreneur de saisir cette opportunit\u00e9 pour pouvoir accompagner<span class=\"Apple-converted-space\">\u00a0 <\/span>les nouvelles autorit\u00e9s, c&rsquo;est dans se sens qu&rsquo;on puisse remettre \u00e0 nouveau, pr\u00e9senter<span class=\"Apple-converted-space\">\u00a0 <\/span>un \u00e9cosyst\u00e8me qui peut favoriser \u00e0 l&rsquo;ensemble des acteurs qui vivent autour de l&rsquo;\u00e9conomie guin\u00e9enne. Le th\u00e8me de cette rencontre est \u00a0\u00bb La Refondation Economie en P\u00e9riode Transition D\u00e9fis et Perspectives\u00a0\u00bb , avec les pays invit\u00e9s la C\u00f4te d&rsquo;Ivoire et la Turquie,<span class=\"Apple-converted-space\">\u00a0 <\/span>du 19 au 21 juillet va se tenir alors la 1\u00e8re \u00e9dition du forum \u00e9conomique de Guin\u00e9e, qui tourne autour de neuf p\u00f4les, pour une premi\u00e8re \u00e9dition quatre p\u00f4les sera mise en valeur \u00e0 savoir le p\u00f4le Industriel, Agriculture, Mine mais aussi le p\u00f4le innovation avec les diff\u00e9rentes fili\u00e8res \u00bb. <\/span><\/p>\n<p class=\"p2\"><span class=\"s2\">L\u2019\u00e9v\u00e8nement pr\u00e9vu les 19 au 21 juillet 2023 r\u00e9unira entre autres les hommes d&rsquo;affaires, les parties prenantes, les acteurs entrepreneurs, mais aussi les pays de la sous r\u00e9gion tel que la C\u00f4te d&rsquo;Ivoire et la Turquie<\/span><\/p>\n<p class=\"p2\"><span class=\"s2\">.<a href=\"https:\/\/universnews224.com\/wp-content\/uploads\/2023\/07\/0BBBBBC1-2DCB-42D2-8D7B-09C16EED991F.jpeg\"><img loading=\"lazy\" class=\"alignnone size-medium wp-image-3933\" src=\"https:\/\/universnews224.com\/wp-content\/uploads\/2023\/07\/0BBBBBC1-2DCB-42D2-8D7B-09C16EED991F-300x169.jpeg\" alt=\"\" width=\"300\" height=\"169\" srcset=\"https:\/\/universnews224.com\/wp-content\/uploads\/2023\/07\/0BBBBBC1-2DCB-42D2-8D7B-09C16EED991F-300x169.jpeg 300w, https:\/\/universnews224.com\/wp-content\/uploads\/2023\/07\/0BBBBBC1-2DCB-42D2-8D7B-09C16EED991F-768x432.jpeg 768w, https:\/\/universnews224.com\/wp-content\/uploads\/2023\/07\/0BBBBBC1-2DCB-42D2-8D7B-09C16EED991F-800x450.jpeg 800w, https:\/\/universnews224.com\/wp-content\/uploads\/2023\/07\/0BBBBBC1-2DCB-42D2-8D7B-09C16EED991F.jpeg 1024w\" sizes=\"(max-width: 300px) 100vw, 300px\" \/><\/a><\/span><\/p>\n<p class=\"p2\"><span class=\"s2\">\u00abCette rencontre ne sera pas pour nous la derni\u00e8re on le fera \u00e0 chaque ann\u00e9e<\/span>pour qu&rsquo;on puisse mettre en \u0153uvre les difficult\u00e9s que rencontrent les diff\u00e9rents hommes d&rsquo;affaires. J&rsquo;invitent les acteurs entrepreneurs qui ne sont pas avec nous de bien vouloir prendre part \u00e0 cette c\u00e9r\u00e9monie, aujourd&rsquo;hui nous avons \u00e0 faire avec une nouvelle autorit\u00e9s si vous avez remarqu\u00e9 aujourd&rsquo;hui on sent \u00e0 tout les nouveaux un changement, donc \u00e9tant guin\u00e9en c&rsquo;est de notre devoir d&rsquo;accompagner ces autorit\u00e9s et faire comprendre que si toutefois beaucoup estimaient qu&rsquo;hier on peut pas investir en Guin\u00e9e, a cause des discussions et les difficult\u00e9s, il est maintenant possible. Aujourd&rsquo;hui notre objectif est la cr\u00e9ation de la mise \u00e0 relation de tout les acteurs autour de l&rsquo;\u00e9conomie guin\u00e9en \u00e0 travers le priv\u00e9, l&rsquo;\u00e9tat et les investisseurs et pourquoi pas la presse nationaux, c&rsquo;est l&rsquo;optique de cette grande rencontre \u00bb, a affirm\u00e9 le commissaire g\u00e9n\u00e9ral.<\/p>\n<p class=\"p2\"><span class=\"s2\">De son c\u00f4t\u00e9, M. Sagno Nyanga directeur relation publique et commerciale se r\u00e9jouit de la qualit\u00e9 du d\u00e9bat et fait appel au autres de faire la promotion de l&rsquo;\u00e9conomie guin\u00e9en.<\/span><\/p>\n<p class=\"p2\"><span class=\"s2\">\u00abNous nous r\u00e9jouissons franchement, parce qu&rsquo;on s&rsquo;en vraiment de l&rsquo;engouement, et le forum qui doit avoir lieu les 19 au 21 juillet, fera du bien donc j&rsquo;appelle \u00e0 tout les nouveaux les acteurs, les parties prenantes que la Guin\u00e9e est une famille et c&rsquo;est ce qu&rsquo;on a toujours dit, c&rsquo;est notre plate tournante sur lequel il faut se baser pour progresser. Je lui ai vu de loin comme un pays qui n&rsquo;est pas tr\u00e8s int\u00e9ressant en mati\u00e8re d&rsquo;\u00e9conomie et il n&rsquo;est pas diversifier encore car tout est acc\u00e9s sur le secteur minier et pourtant il faut se battre pour pouvoir contribuer \u00e0 toutes ces questions de diversit\u00e9, nous avons cette question d&rsquo;infrastructures qu&rsquo;il ne faut pas laisser, les questions d&rsquo;investissement dans l&rsquo;\u00e9ducation epuis dans la formation des jeunes qui va d\u00e9boucher tout se qui est durabilit\u00e9. Nous avons besoin que les gens contunie \u00e0 am\u00e9liorer notre syst\u00e8me de gouvernance pour qu&rsquo;on puisse aller tr\u00e8s loin \u00e0 l&rsquo;image de beaucoup de pays de la sous r\u00e9gion nous souhaiterions qu&rsquo;\u00e0 partir de ce forum qu&rsquo;on puisse mettre un pas en avant pour que notre pays puisse progresser \u00bb, a lanc\u00e9 M. Nyanga.<\/span><\/p>\n<p class=\"p2\"><span class=\"s2\">Sana Sylla.<\/span><\/p>\n","protected":false},"excerpt":{"rendered":"<p>En pr\u00e9lude de la premi\u00e8re \u00e9dition du Forum \u00c9conomique de Guin\u00e9e qui se tiendra les<\/p>\n","protected":false},"author":2,"featured_media":3932,"comment_status":"closed","ping_status":"open","sticky":false,"template":"","format":"standard","meta":[],"categories":[3,5],"tags":[229],"yoast_head":"<!-- This site is optimized with the Yoast SEO plugin v19.13 - https:\/\/yoast.com\/wordpress\/plugins\/seo\/ -->\n<title>1\u00e8me \u00e9dition du Forum \u00c9conomique : Les organisateurs annoncent les couleurs. - UNIVERSNEWS224<\/title>\n<meta name=\"robots\" content=\"index, follow, max-snippet:-1, max-image-preview:large, max-video-preview:-1\" \/>\n<link rel=\"canonical\" href=\"https:\/\/universnews224.com\/index.php\/1eme-edition-du-forum-economique-les-organisateurs-annoncent-les-couleurs\/\" \/>\n<meta property=\"og:locale\" content=\"fr_FR\" \/>\n<meta property=\"og:type\" content=\"article\" \/>\n<meta property=\"og:title\" content=\"1\u00e8me \u00e9dition du Forum \u00c9conomique : Les organisateurs annoncent les couleurs. - UNIVERSNEWS224\" \/>\n<meta property=\"og:description\" content=\"En pr\u00e9lude de la premi\u00e8re \u00e9dition du Forum \u00c9conomique de Guin\u00e9e qui se tiendra les\" \/>\n<meta property=\"og:url\" content=\"https:\/\/universnews224.com\/index.php\/1eme-edition-du-forum-economique-les-organisateurs-annoncent-les-couleurs\/\" \/>\n<meta property=\"og:site_name\" content=\"UNIVERSNEWS224\" \/>\n<meta property=\"article:published_time\" content=\"2023-07-14T20:56:21+00:00\" \/>\n<meta property=\"og:image\" content=\"https:\/\/universnews224.com\/wp-content\/uploads\/2023\/07\/3D2A3E2D-6AAA-40AD-B7A8-CDDC8038B107.jpeg\" \/>\n\t<meta property=\"og:image:width\" content=\"1024\" \/>\n\t<meta property=\"og:image:height\" content=\"576\" \/>\n\t<meta property=\"og:image:type\" content=\"image\/jpeg\" \/>\n<meta name=\"author\" content=\"La R\u00e9daction\" \/>\n<meta name=\"twitter:label1\" content=\"\u00c9crit par\" \/>\n\t<meta name=\"twitter:data1\" content=\"La R\u00e9daction\" \/>\n\t<meta name=\"twitter:label2\" content=\"Dur\u00e9e de lecture estim\u00e9e\" \/>\n\t<meta name=\"twitter:data2\" content=\"5 minutes\" \/>\n<script type=\"application\/ld+json\" class=\"yoast-schema-graph\">{\"@context\":\"https:\/\/schema.org\",\"@graph\":[{\"@type\":\"Article\",\"@id\":\"https:\/\/universnews224.com\/index.php\/1eme-edition-du-forum-economique-les-organisateurs-annoncent-les-couleurs\/#article\",\"isPartOf\":{\"@id\":\"https:\/\/universnews224.com\/index.php\/1eme-edition-du-forum-economique-les-organisateurs-annoncent-les-couleurs\/\"},\"author\":{\"name\":\"La R\u00e9daction\",\"@id\":\"https:\/\/universnews224.com\/#\/schema\/person\/a4b7d4f94a4716df60456a491260485e\"},\"headline\":\"1\u00e8me \u00e9dition du Forum \u00c9conomique : Les organisateurs annoncent les couleurs.\",\"datePublished\":\"2023-07-14T20:56:21+00:00\",\"dateModified\":\"2023-07-14T20:56:21+00:00\",\"mainEntityOfPage\":{\"@id\":\"https:\/\/universnews224.com\/index.php\/1eme-edition-du-forum-economique-les-organisateurs-annoncent-les-couleurs\/\"},\"wordCount\":788,\"publisher\":{\"@id\":\"https:\/\/universnews224.com\/#organization\"},\"keywords\":[\"La une\"],\"articleSection\":[\"ACTU\",\"SOCI\u00c9T\u00c9\"],\"inLanguage\":\"fr-FR\"},{\"@type\":\"WebPage\",\"@id\":\"https:\/\/universnews224.com\/index.php\/1eme-edition-du-forum-economique-les-organisateurs-annoncent-les-couleurs\/\",\"url\":\"https:\/\/universnews224.com\/index.php\/1eme-edition-du-forum-economique-les-organisateurs-annoncent-les-couleurs\/\",\"name\":\"1\u00e8me \u00e9dition du Forum \u00c9conomique : Les organisateurs annoncent les couleurs. - UNIVERSNEWS224\",\"isPartOf\":{\"@id\":\"https:\/\/universnews224.com\/#website\"},\"datePublished\":\"2023-07-14T20:56:21+00:00\",\"dateModified\":\"2023-07-14T20:56:21+00:00\",\"inLanguage\":\"fr-FR\",\"potentialAction\":[{\"@type\":\"ReadAction\",\"target\":[\"https:\/\/universnews224.com\/index.php\/1eme-edition-du-forum-economique-les-organisateurs-annoncent-les-couleurs\/\"]}]},{\"@type\":\"WebSite\",\"@id\":\"https:\/\/universnews224.com\/#website\",\"url\":\"https:\/\/universnews224.com\/\",\"name\":\"UNIVERSNEWS224\",\"description\":\"\",\"publisher\":{\"@id\":\"https:\/\/universnews224.com\/#organization\"},\"potentialAction\":[{\"@type\":\"SearchAction\",\"target\":{\"@type\":\"EntryPoint\",\"urlTemplate\":\"https:\/\/universnews224.com\/?s={search_term_string}\"},\"query-input\":\"required name=search_term_string\"}],\"inLanguage\":\"fr-FR\"},{\"@type\":\"Organization\",\"@id\":\"https:\/\/universnews224.com\/#organization\",\"name\":\"UNIVERSNEWS224\",\"url\":\"https:\/\/universnews224.com\/\",\"logo\":{\"@type\":\"ImageObject\",\"inLanguage\":\"fr-FR\",\"@id\":\"https:\/\/universnews224.com\/#\/schema\/logo\/image\/\",\"url\":\"https:\/\/universnews224.com\/wp-content\/uploads\/2022\/08\/cropped-cropped-logoban.jpg\",\"contentUrl\":\"https:\/\/universnews224.com\/wp-content\/uploads\/2022\/08\/cropped-cropped-logoban.jpg\",\"width\":1080,\"height\":138,\"caption\":\"UNIVERSNEWS224\"},\"image\":{\"@id\":\"https:\/\/universnews224.com\/#\/schema\/logo\/image\/\"}},{\"@type\":\"Person\",\"@id\":\"https:\/\/universnews224.com\/#\/schema\/person\/a4b7d4f94a4716df60456a491260485e\",\"name\":\"La R\u00e9daction\",\"image\":{\"@type\":\"ImageObject\",\"inLanguage\":\"fr-FR\",\"@id\":\"https:\/\/universnews224.com\/#\/schema\/person\/image\/\",\"url\":\"https:\/\/secure.gravatar.com\/avatar\/edb90acc7752b23e1b3307ad36c14f0d?s=96&d=mm&r=g\",\"contentUrl\":\"https:\/\/secure.gravatar.com\/avatar\/edb90acc7752b23e1b3307ad36c14f0d?s=96&d=mm&r=g\",\"caption\":\"La R\u00e9daction\"},\"sameAs\":[\"https:\/\/universnews224.com\"],\"url\":\"https:\/\/universnews224.com\/index.php\/author\/m-camara\/\"}]}<\/script>\n<!-- \/ Yoast SEO plugin. -->","yoast_head_json":{"title":"1\u00e8me \u00e9dition du Forum \u00c9conomique : Les organisateurs annoncent les couleurs. - UNIVERSNEWS224","robots":{"index":"index","follow":"follow","max-snippet":"max-snippet:-1","max-image-preview":"max-image-preview:large","max-video-preview":"max-video-preview:-1"},"canonical":"https:\/\/universnews224.com\/index.php\/1eme-edition-du-forum-economique-les-organisateurs-annoncent-les-couleurs\/","og_locale":"fr_FR","og_type":"article","og_title":"1\u00e8me \u00e9dition du Forum \u00c9conomique : Les organisateurs annoncent les couleurs. - UNIVERSNEWS224","og_description":"En pr\u00e9lude de la premi\u00e8re \u00e9dition du Forum \u00c9conomique de Guin\u00e9e qui se tiendra les","og_url":"https:\/\/universnews224.com\/index.php\/1eme-edition-du-forum-economique-les-organisateurs-annoncent-les-couleurs\/","og_site_name":"UNIVERSNEWS224","article_published_time":"2023-07-14T20:56:21+00:00","og_image":[{"width":1024,"height":576,"url":"https:\/\/universnews224.com\/wp-content\/uploads\/2023\/07\/3D2A3E2D-6AAA-40AD-B7A8-CDDC8038B107.jpeg","type":"image\/jpeg"}],"author":"La R\u00e9daction","twitter_misc":{"\u00c9crit par":"La R\u00e9daction","Dur\u00e9e de lecture estim\u00e9e":"5 minutes"},"schema":{"@context":"https:\/\/schema.org","@graph":[{"@type":"Article","@id":"https:\/\/universnews224.com\/index.php\/1eme-edition-du-forum-economique-les-organisateurs-annoncent-les-couleurs\/#article","isPartOf":{"@id":"https:\/\/universnews224.com\/index.php\/1eme-edition-du-forum-economique-les-organisateurs-annoncent-les-couleurs\/"},"author":{"name":"La R\u00e9daction","@id":"https:\/\/universnews224.com\/#\/schema\/person\/a4b7d4f94a4716df60456a491260485e"},"headline":"1\u00e8me \u00e9dition du Forum \u00c9conomique : Les organisateurs annoncent les couleurs.","datePublished":"2023-07-14T20:56:21+00:00","dateModified":"2023-07-14T20:56:21+00:00","mainEntityOfPage":{"@id":"https:\/\/universnews224.com\/index.php\/1eme-edition-du-forum-economique-les-organisateurs-annoncent-les-couleurs\/"},"wordCount":788,"publisher":{"@id":"https:\/\/universnews224.com\/#organization"},"keywords":["La une"],"articleSection":["ACTU","SOCI\u00c9T\u00c9"],"inLanguage":"fr-FR"},{"@type":"WebPage","@id":"https:\/\/universnews224.com\/index.php\/1eme-edition-du-forum-economique-les-organisateurs-annoncent-les-couleurs\/","url":"https:\/\/universnews224.com\/index.php\/1eme-edition-du-forum-economique-les-organisateurs-annoncent-les-couleurs\/","name":"1\u00e8me \u00e9dition du Forum \u00c9conomique : Les organisateurs annoncent les couleurs. - UNIVERSNEWS224","isPartOf":{"@id":"https:\/\/universnews224.com\/#website"},"datePublished":"2023-07-14T20:56:21+00:00","dateModified":"2023-07-14T20:56:21+00:00","inLanguage":"fr-FR","potentialAction":[{"@type":"ReadAction","target":["https:\/\/universnews224.com\/index.php\/1eme-edition-du-forum-economique-les-organisateurs-annoncent-les-couleurs\/"]}]},{"@type":"WebSite","@id":"https:\/\/universnews224.com\/#website","url":"https:\/\/universnews224.com\/","name":"UNIVERSNEWS224","description":"","publisher":{"@id":"https:\/\/universnews224.com\/#organization"},"potentialAction":[{"@type":"SearchAction","target":{"@type":"EntryPoint","urlTemplate":"https:\/\/universnews224.com\/?s={search_term_string}"},"query-input":"required name=search_term_string"}],"inLanguage":"fr-FR"},{"@type":"Organization","@id":"https:\/\/universnews224.com\/#organization","name":"UNIVERSNEWS224","url":"https:\/\/universnews224.com\/","logo":{"@type":"ImageObject","inLanguage":"fr-FR","@id":"https:\/\/universnews224.com\/#\/schema\/logo\/image\/","url":"https:\/\/universnews224.com\/wp-content\/uploads\/2022\/08\/cropped-cropped-logoban.jpg","contentUrl":"https:\/\/universnews224.com\/wp-content\/uploads\/2022\/08\/cropped-cropped-logoban.jpg","width":1080,"height":138,"caption":"UNIVERSNEWS224"},"image":{"@id":"https:\/\/universnews224.com\/#\/schema\/logo\/image\/"}},{"@type":"Person","@id":"https:\/\/universnews224.com\/#\/schema\/person\/a4b7d4f94a4716df60456a491260485e","name":"La R\u00e9daction","image":{"@type":"ImageObject","inLanguage":"fr-FR","@id":"https:\/\/universnews224.com\/#\/schema\/person\/image\/","url":"https:\/\/secure.gravatar.com\/avatar\/edb90acc7752b23e1b3307ad36c14f0d?s=96&d=mm&r=g","contentUrl":"https:\/\/secure.gravatar.com\/avatar\/edb90acc7752b23e1b3307ad36c14f0d?s=96&d=mm&r=g","caption":"La R\u00e9daction"},"sameAs":["https:\/\/universnews224.com"],"url":"https:\/\/universnews224.com\/index.php\/author\/m-camara\/"}]}},"_links":{"self":[{"href":"https:\/\/universnews224.com\/index.php\/wp-json\/wp\/v2\/posts\/3931"}],"collection":[{"href":"https:\/\/universnews224.com\/index.php\/wp-json\/wp\/v2\/posts"}],"about":[{"href":"https:\/\/universnews224.com\/index.php\/wp-json\/wp\/v2\/types\/post"}],"author":[{"embeddable":true,"href":"https:\/\/universnews224.com\/index.php\/wp-json\/wp\/v2\/users\/2"}],"replies":[{"embeddable":true,"href":"https:\/\/universnews224.com\/index.php\/wp-json\/wp\/v2\/comments?post=3931"}],"version-history":[{"count":1,"href":"https:\/\/universnews224.com\/index.php\/wp-json\/wp\/v2\/posts\/3931\/revisions"}],"predecessor-version":[{"id":3934,"href":"https:\/\/universnews224.com\/index.php\/wp-json\/wp\/v2\/posts\/3931\/revisions\/3934"}],"wp:featuredmedia":[{"embeddable":true,"href":"https:\/\/universnews224.com\/index.php\/wp-json\/wp\/v2\/media\/3932"}],"wp:attachment":[{"href":"https:\/\/universnews224.com\/index.php\/wp-json\/wp\/v2\/media?parent=3931"}],"wp:term":[{"taxonomy":"category","embeddable":true,"href":"https:\/\/universnews224.com\/index.php\/wp-json\/wp\/v2\/categories?post=3931"},{"taxonomy":"post_tag","embeddable":true,"href":"https:\/\/universnews224.com\/index.php\/wp-json\/wp\/v2\/tags?post=3931"}],"curies":[{"name":"wp","href":"https:\/\/api.w.org\/{rel}","templated":true}]}}