{"id":3935,"date":"2023-07-15T21:37:58","date_gmt":"2023-07-15T20:37:58","guid":{"rendered":"https:\/\/universnews224.com\/?p=3935"},"modified":"2023-07-15T21:37:58","modified_gmt":"2023-07-15T20:37:58","slug":"2eme-edition-des-campagnes-de-sensibilisation-contre-les-occupations-ferroviaires-les-initiateurs-devant-la-presse","status":"publish","type":"post","link":"https:\/\/universnews224.com\/index.php\/2eme-edition-des-campagnes-de-sensibilisation-contre-les-occupations-ferroviaires-les-initiateurs-devant-la-presse\/","title":{"rendered":"2\u00e8me \u00e9dition des campagnes de sensibilisation contre les occupations ferroviaires: les initiateurs devant la presse"},"content":{"rendered":"<p class=\"p1\">Pour lutter contre les accidents ferroviaires en R\u00e9publique de Guin\u00e9e, la structure SOLUTEC (solutions \u00e9lectriques ) en collaboration avec la soci\u00e9t\u00e9 Rusal Friguia s\u2019engage \u00e0 organiser des campagnes de sensibilisation contre les dangers qui sont alit\u00e9s, amput\u00e9s voire morts \u00e0 cause de leurs imprudences de ce fl\u00e9au grave.<\/p>\n<p class=\"p1\"><span class=\"s1\">L\u2019annonce a \u00e9t\u00e9 faite ce samedi 15 juillet \u00e0 la maison commune des journalistes sise \u00e0 la mini\u00e8re dans la commune de Dixinn, au cours d\u2019une conf\u00e9rence de presse anim\u00e9e par les responsables de ladite ONG. Plac\u00e9 sous le th\u00e8me : \u00a0\u00bb2\u00e8me \u00e9dition sur la sensibilisation des populations sur l&rsquo;occupation des voies f\u00e9rr\u00e9es Actions et perspectives\u00a0\u00bb.<\/span><\/p>\n<p class=\"p1\"><span class=\"s1\">Dans son intervention, Alice Dor\u00e9 coordinateur et responsable du projet de sensibilisation a affirm\u00e9 que les accidents au long des rails sont<span class=\"Apple-converted-space\">\u00a0 <\/span>fr\u00e9quents dans notre pays. <\/span><\/p>\n<p class=\"p1\"><span class=\"s1\">\u00ab Aujourd&rsquo;hui, ils sont nombreux parmi nos concitoyens qui courent des risques en vivant au long des rails. Donc cette sensibilisation qui va commencer \u00e0 partir du lundi 17 juillet va s&rsquo;\u00e9tendre pendant deux semaines tous les longs<span class=\"Apple-converted-space\">\u00a0 <\/span>de ces rails, de Dubreka jusqu&rsquo;au port autonome de Conakry enfin d&rsquo;interpeller la population riveraine, leur faire comprendre que un train peut entacher un autre et que le train n&rsquo;a pas la possibilit\u00e9 comme un engin roulant ou une moto \u00e0 pouvoir freiner \u00e0 tout moment. Donc il serait important de dire aux citoyens de faire attention en sauvegardant sa vie en prenant 25 mettre entre ces rails \u00bb, a d\u00e9clar\u00e9 la coordinateur.<\/span><\/p>\n<p class=\"p1\"><span class=\"s1\">Selon lui, la campagne de sensibilisation d\u00e9marrera le 17 juillet prochain pendant deux semaines commen\u00e7ant de la commune urbaine de Dubreka jusqu&rsquo;\u00e0 Conakry. Il vont passer de quartier en quartier , les march\u00e9s, les mosqu\u00e9es, les \u00e9glises, les ateliers de couture, les \u00e9l\u00e8ves, vendeuses et les espaces dont occupent ces riveraines sur les danger du train.<\/span><\/p>\n<p class=\"p1\"><span class=\"s1\">Sana Sylla.<\/span><\/p>\n","protected":false},"excerpt":{"rendered":"<p>Pour lutter contre les accidents ferroviaires en R\u00e9publique de Guin\u00e9e, la structure SOLUTEC (solutions \u00e9lectriques<\/p>\n","protected":false},"author":2,"featured_media":3936,"comment_status":"closed","ping_status":"open","sticky":false,"template":"","format":"standard","meta":[],"categories":[3,5],"tags":[229],"yoast_head":"<!-- This site is optimized with the Yoast SEO plugin v19.13 - https:\/\/yoast.com\/wordpress\/plugins\/seo\/ -->\n<title>2\u00e8me \u00e9dition des campagnes de sensibilisation contre les occupations ferroviaires: les initiateurs devant la presse - UNIVERSNEWS224<\/title>\n<meta name=\"robots\" content=\"index, follow, max-snippet:-1, max-image-preview:large, max-video-preview:-1\" \/>\n<link rel=\"canonical\" href=\"https:\/\/universnews224.com\/index.php\/2eme-edition-des-campagnes-de-sensibilisation-contre-les-occupations-ferroviaires-les-initiateurs-devant-la-presse\/\" \/>\n<meta property=\"og:locale\" content=\"fr_FR\" \/>\n<meta property=\"og:type\" content=\"article\" \/>\n<meta property=\"og:title\" content=\"2\u00e8me \u00e9dition des campagnes de sensibilisation contre les occupations ferroviaires: les initiateurs devant la presse - UNIVERSNEWS224\" \/>\n<meta property=\"og:description\" content=\"Pour lutter contre les accidents ferroviaires en R\u00e9publique de Guin\u00e9e, la structure SOLUTEC (solutions \u00e9lectriques\" \/>\n<meta property=\"og:url\" content=\"https:\/\/universnews224.com\/index.php\/2eme-edition-des-campagnes-de-sensibilisation-contre-les-occupations-ferroviaires-les-initiateurs-devant-la-presse\/\" \/>\n<meta property=\"og:site_name\" content=\"UNIVERSNEWS224\" \/>\n<meta property=\"article:published_time\" content=\"2023-07-15T20:37:58+00:00\" \/>\n<meta property=\"og:image\" content=\"https:\/\/universnews224.com\/wp-content\/uploads\/2023\/07\/345A78E8-0083-453A-B963-3295C1D41046.jpeg\" \/>\n\t<meta property=\"og:image:width\" content=\"1024\" \/>\n\t<meta property=\"og:image:height\" content=\"576\" \/>\n\t<meta property=\"og:image:type\" content=\"image\/jpeg\" \/>\n<meta name=\"author\" content=\"La R\u00e9daction\" \/>\n<meta name=\"twitter:label1\" content=\"\u00c9crit par\" \/>\n\t<meta name=\"twitter:data1\" content=\"La R\u00e9daction\" \/>\n\t<meta name=\"twitter:label2\" content=\"Dur\u00e9e de lecture estim\u00e9e\" \/>\n\t<meta name=\"twitter:data2\" content=\"2 minutes\" \/>\n<script type=\"application\/ld+json\" class=\"yoast-schema-graph\">{\"@context\":\"https:\/\/schema.org\",\"@graph\":[{\"@type\":\"Article\",\"@id\":\"https:\/\/universnews224.com\/index.php\/2eme-edition-des-campagnes-de-sensibilisation-contre-les-occupations-ferroviaires-les-initiateurs-devant-la-presse\/#article\",\"isPartOf\":{\"@id\":\"https:\/\/universnews224.com\/index.php\/2eme-edition-des-campagnes-de-sensibilisation-contre-les-occupations-ferroviaires-les-initiateurs-devant-la-presse\/\"},\"author\":{\"name\":\"La R\u00e9daction\",\"@id\":\"https:\/\/universnews224.com\/#\/schema\/person\/a4b7d4f94a4716df60456a491260485e\"},\"headline\":\"2\u00e8me \u00e9dition des campagnes de sensibilisation contre les occupations ferroviaires: les initiateurs devant la presse\",\"datePublished\":\"2023-07-15T20:37:58+00:00\",\"dateModified\":\"2023-07-15T20:37:58+00:00\",\"mainEntityOfPage\":{\"@id\":\"https:\/\/universnews224.com\/index.php\/2eme-edition-des-campagnes-de-sensibilisation-contre-les-occupations-ferroviaires-les-initiateurs-devant-la-presse\/\"},\"wordCount\":322,\"publisher\":{\"@id\":\"https:\/\/universnews224.com\/#organization\"},\"keywords\":[\"La une\"],\"articleSection\":[\"ACTU\",\"SOCI\u00c9T\u00c9\"],\"inLanguage\":\"fr-FR\"},{\"@type\":\"WebPage\",\"@id\":\"https:\/\/universnews224.com\/index.php\/2eme-edition-des-campagnes-de-sensibilisation-contre-les-occupations-ferroviaires-les-initiateurs-devant-la-presse\/\",\"url\":\"https:\/\/universnews224.com\/index.php\/2eme-edition-des-campagnes-de-sensibilisation-contre-les-occupations-ferroviaires-les-initiateurs-devant-la-presse\/\",\"name\":\"2\u00e8me \u00e9dition des campagnes de sensibilisation contre les occupations ferroviaires: les initiateurs devant la presse - UNIVERSNEWS224\",\"isPartOf\":{\"@id\":\"https:\/\/universnews224.com\/#website\"},\"datePublished\":\"2023-07-15T20:37:58+00:00\",\"dateModified\":\"2023-07-15T20:37:58+00:00\",\"inLanguage\":\"fr-FR\",\"potentialAction\":[{\"@type\":\"ReadAction\",\"target\":[\"https:\/\/universnews224.com\/index.php\/2eme-edition-des-campagnes-de-sensibilisation-contre-les-occupations-ferroviaires-les-initiateurs-devant-la-presse\/\"]}]},{\"@type\":\"WebSite\",\"@id\":\"https:\/\/universnews224.com\/#website\",\"url\":\"https:\/\/universnews224.com\/\",\"name\":\"UNIVERSNEWS224\",\"description\":\"\",\"publisher\":{\"@id\":\"https:\/\/universnews224.com\/#organization\"},\"potentialAction\":[{\"@type\":\"SearchAction\",\"target\":{\"@type\":\"EntryPoint\",\"urlTemplate\":\"https:\/\/universnews224.com\/?s={search_term_string}\"},\"query-input\":\"required name=search_term_string\"}],\"inLanguage\":\"fr-FR\"},{\"@type\":\"Organization\",\"@id\":\"https:\/\/universnews224.com\/#organization\",\"name\":\"UNIVERSNEWS224\",\"url\":\"https:\/\/universnews224.com\/\",\"logo\":{\"@type\":\"ImageObject\",\"inLanguage\":\"fr-FR\",\"@id\":\"https:\/\/universnews224.com\/#\/schema\/logo\/image\/\",\"url\":\"https:\/\/universnews224.com\/wp-content\/uploads\/2022\/08\/cropped-cropped-logoban.jpg\",\"contentUrl\":\"https:\/\/universnews224.com\/wp-content\/uploads\/2022\/08\/cropped-cropped-logoban.jpg\",\"width\":1080,\"height\":138,\"caption\":\"UNIVERSNEWS224\"},\"image\":{\"@id\":\"https:\/\/universnews224.com\/#\/schema\/logo\/image\/\"}},{\"@type\":\"Person\",\"@id\":\"https:\/\/universnews224.com\/#\/schema\/person\/a4b7d4f94a4716df60456a491260485e\",\"name\":\"La R\u00e9daction\",\"image\":{\"@type\":\"ImageObject\",\"inLanguage\":\"fr-FR\",\"@id\":\"https:\/\/universnews224.com\/#\/schema\/person\/image\/\",\"url\":\"https:\/\/secure.gravatar.com\/avatar\/edb90acc7752b23e1b3307ad36c14f0d?s=96&d=mm&r=g\",\"contentUrl\":\"https:\/\/secure.gravatar.com\/avatar\/edb90acc7752b23e1b3307ad36c14f0d?s=96&d=mm&r=g\",\"caption\":\"La R\u00e9daction\"},\"sameAs\":[\"https:\/\/universnews224.com\"],\"url\":\"https:\/\/universnews224.com\/index.php\/author\/m-camara\/\"}]}<\/script>\n<!-- \/ Yoast SEO plugin. -->","yoast_head_json":{"title":"2\u00e8me \u00e9dition des campagnes de sensibilisation contre les occupations ferroviaires: les initiateurs devant la presse - UNIVERSNEWS224","robots":{"index":"index","follow":"follow","max-snippet":"max-snippet:-1","max-image-preview":"max-image-preview:large","max-video-preview":"max-video-preview:-1"},"canonical":"https:\/\/universnews224.com\/index.php\/2eme-edition-des-campagnes-de-sensibilisation-contre-les-occupations-ferroviaires-les-initiateurs-devant-la-presse\/","og_locale":"fr_FR","og_type":"article","og_title":"2\u00e8me \u00e9dition des campagnes de sensibilisation contre les occupations ferroviaires: les initiateurs devant la presse - UNIVERSNEWS224","og_description":"Pour lutter contre les accidents ferroviaires en R\u00e9publique de Guin\u00e9e, la structure SOLUTEC (solutions \u00e9lectriques","og_url":"https:\/\/universnews224.com\/index.php\/2eme-edition-des-campagnes-de-sensibilisation-contre-les-occupations-ferroviaires-les-initiateurs-devant-la-presse\/","og_site_name":"UNIVERSNEWS224","article_published_time":"2023-07-15T20:37:58+00:00","og_image":[{"width":1024,"height":576,"url":"https:\/\/universnews224.com\/wp-content\/uploads\/2023\/07\/345A78E8-0083-453A-B963-3295C1D41046.jpeg","type":"image\/jpeg"}],"author":"La R\u00e9daction","twitter_misc":{"\u00c9crit par":"La R\u00e9daction","Dur\u00e9e de lecture estim\u00e9e":"2 minutes"},"schema":{"@context":"https:\/\/schema.org","@graph":[{"@type":"Article","@id":"https:\/\/universnews224.com\/index.php\/2eme-edition-des-campagnes-de-sensibilisation-contre-les-occupations-ferroviaires-les-initiateurs-devant-la-presse\/#article","isPartOf":{"@id":"https:\/\/universnews224.com\/index.php\/2eme-edition-des-campagnes-de-sensibilisation-contre-les-occupations-ferroviaires-les-initiateurs-devant-la-presse\/"},"author":{"name":"La R\u00e9daction","@id":"https:\/\/universnews224.com\/#\/schema\/person\/a4b7d4f94a4716df60456a491260485e"},"headline":"2\u00e8me \u00e9dition des campagnes de sensibilisation contre les occupations ferroviaires: les initiateurs devant la presse","datePublished":"2023-07-15T20:37:58+00:00","dateModified":"2023-07-15T20:37:58+00:00","mainEntityOfPage":{"@id":"https:\/\/universnews224.com\/index.php\/2eme-edition-des-campagnes-de-sensibilisation-contre-les-occupations-ferroviaires-les-initiateurs-devant-la-presse\/"},"wordCount":322,"publisher":{"@id":"https:\/\/universnews224.com\/#organization"},"keywords":["La une"],"articleSection":["ACTU","SOCI\u00c9T\u00c9"],"inLanguage":"fr-FR"},{"@type":"WebPage","@id":"https:\/\/universnews224.com\/index.php\/2eme-edition-des-campagnes-de-sensibilisation-contre-les-occupations-ferroviaires-les-initiateurs-devant-la-presse\/","url":"https:\/\/universnews224.com\/index.php\/2eme-edition-des-campagnes-de-sensibilisation-contre-les-occupations-ferroviaires-les-initiateurs-devant-la-presse\/","name":"2\u00e8me \u00e9dition des campagnes de sensibilisation contre les occupations ferroviaires: les initiateurs devant la presse - UNIVERSNEWS224","isPartOf":{"@id":"https:\/\/universnews224.com\/#website"},"datePublished":"2023-07-15T20:37:58+00:00","dateModified":"2023-07-15T20:37:58+00:00","inLanguage":"fr-FR","potentialAction":[{"@type":"ReadAction","target":["https:\/\/universnews224.com\/index.php\/2eme-edition-des-campagnes-de-sensibilisation-contre-les-occupations-ferroviaires-les-initiateurs-devant-la-presse\/"]}]},{"@type":"WebSite","@id":"https:\/\/universnews224.com\/#website","url":"https:\/\/universnews224.com\/","name":"UNIVERSNEWS224","description":"","publisher":{"@id":"https:\/\/universnews224.com\/#organization"},"potentialAction":[{"@type":"SearchAction","target":{"@type":"EntryPoint","urlTemplate":"https:\/\/universnews224.com\/?s={search_term_string}"},"query-input":"required name=search_term_string"}],"inLanguage":"fr-FR"},{"@type":"Organization","@id":"https:\/\/universnews224.com\/#organization","name":"UNIVERSNEWS224","url":"https:\/\/universnews224.com\/","logo":{"@type":"ImageObject","inLanguage":"fr-FR","@id":"https:\/\/universnews224.com\/#\/schema\/logo\/image\/","url":"https:\/\/universnews224.com\/wp-content\/uploads\/2022\/08\/cropped-cropped-logoban.jpg","contentUrl":"https:\/\/universnews224.com\/wp-content\/uploads\/2022\/08\/cropped-cropped-logoban.jpg","width":1080,"height":138,"caption":"UNIVERSNEWS224"},"image":{"@id":"https:\/\/universnews224.com\/#\/schema\/logo\/image\/"}},{"@type":"Person","@id":"https:\/\/universnews224.com\/#\/schema\/person\/a4b7d4f94a4716df60456a491260485e","name":"La R\u00e9daction","image":{"@type":"ImageObject","inLanguage":"fr-FR","@id":"https:\/\/universnews224.com\/#\/schema\/person\/image\/","url":"https:\/\/secure.gravatar.com\/avatar\/edb90acc7752b23e1b3307ad36c14f0d?s=96&d=mm&r=g","contentUrl":"https:\/\/secure.gravatar.com\/avatar\/edb90acc7752b23e1b3307ad36c14f0d?s=96&d=mm&r=g","caption":"La R\u00e9daction"},"sameAs":["https:\/\/universnews224.com"],"url":"https:\/\/universnews224.com\/index.php\/author\/m-camara\/"}]}},"_links":{"self":[{"href":"https:\/\/universnews224.com\/index.php\/wp-json\/wp\/v2\/posts\/3935"}],"collection":[{"href":"https:\/\/universnews224.com\/index.php\/wp-json\/wp\/v2\/posts"}],"about":[{"href":"https:\/\/universnews224.com\/index.php\/wp-json\/wp\/v2\/types\/post"}],"author":[{"embeddable":true,"href":"https:\/\/universnews224.com\/index.php\/wp-json\/wp\/v2\/users\/2"}],"replies":[{"embeddable":true,"href":"https:\/\/universnews224.com\/index.php\/wp-json\/wp\/v2\/comments?post=3935"}],"version-history":[{"count":1,"href":"https:\/\/universnews224.com\/index.php\/wp-json\/wp\/v2\/posts\/3935\/revisions"}],"predecessor-version":[{"id":3937,"href":"https:\/\/universnews224.com\/index.php\/wp-json\/wp\/v2\/posts\/3935\/revisions\/3937"}],"wp:featuredmedia":[{"embeddable":true,"href":"https:\/\/universnews224.com\/index.php\/wp-json\/wp\/v2\/media\/3936"}],"wp:attachment":[{"href":"https:\/\/universnews224.com\/index.php\/wp-json\/wp\/v2\/media?parent=3935"}],"wp:term":[{"taxonomy":"category","embeddable":true,"href":"https:\/\/universnews224.com\/index.php\/wp-json\/wp\/v2\/categories?post=3935"},{"taxonomy":"post_tag","embeddable":true,"href":"https:\/\/universnews224.com\/index.php\/wp-json\/wp\/v2\/tags?post=3935"}],"curies":[{"name":"wp","href":"https:\/\/api.w.org\/{rel}","templated":true}]}}