{"id":3941,"date":"2023-07-16T23:12:07","date_gmt":"2023-07-16T22:12:07","guid":{"rendered":"https:\/\/universnews224.com\/?p=3941"},"modified":"2023-07-16T23:12:07","modified_gmt":"2023-07-16T22:12:07","slug":"infrastructures-la-passerelle-de-sangoyah-inaugure-par-le-ministre-des-travaux-publics-gando-barry","status":"publish","type":"post","link":"https:\/\/universnews224.com\/index.php\/infrastructures-la-passerelle-de-sangoyah-inaugure-par-le-ministre-des-travaux-publics-gando-barry\/","title":{"rendered":"Infrastructures : la passerelle de Sangoyah inaugur\u00e9 par le Ministre des travaux publics Gando Barry"},"content":{"rendered":"<p class=\"p3\">Le Minist\u00e8re des Infrastructures et des Travaux Publics \u00e0 travers la direction AGEROUTE SA a proc\u00e9d\u00e9 ce samedi, 15 juillet \u00e0 Conakry, \u00e0 l\u2019inauguration de la nouvelle passerelle de Sangoyah deuxi\u00e8me porte. Cet ouvrage a \u00e9t\u00e9 r\u00e9alis\u00e9 par l\u2019entreprise M\u00e9tal. Cette c\u00e9r\u00e9monie de remise a mobilis\u00e9 les autorit\u00e9s locales, responsables de l\u2019AGEROUTE et des cadres du d\u00e9partement avec \u00e0 sa t\u00eate le ministre\u00a0 Gandho Barry.<\/p>\n<p class=\"p3\"><span class=\"s2\">Par ailleurs, la passerelle de Sangoyah par sa couleur de qualit\u00e9, mesure 25 m\u00e8tres de long et pr\u00e8s de six m\u00e8tres de haut. Sa mise en service va permettre, estime le Directeur g\u00e9n\u00e9ral de l\u2019AGEROUTE SA, Dr Moussa B\u00e9r\u00e9t\u00e9, de r\u00e9duire drastiquement les cas d\u2019accidents.<a href=\"https:\/\/universnews224.com\/wp-content\/uploads\/2023\/07\/63BF3DB0-9596-4D4C-B3E5-6519DCF633FF.jpeg\"><img loading=\"lazy\" class=\"alignnone size-medium wp-image-3942\" src=\"https:\/\/universnews224.com\/wp-content\/uploads\/2023\/07\/63BF3DB0-9596-4D4C-B3E5-6519DCF633FF-300x169.jpeg\" alt=\"\" width=\"300\" height=\"169\" srcset=\"https:\/\/universnews224.com\/wp-content\/uploads\/2023\/07\/63BF3DB0-9596-4D4C-B3E5-6519DCF633FF-300x169.jpeg 300w, https:\/\/universnews224.com\/wp-content\/uploads\/2023\/07\/63BF3DB0-9596-4D4C-B3E5-6519DCF633FF-768x432.jpeg 768w, https:\/\/universnews224.com\/wp-content\/uploads\/2023\/07\/63BF3DB0-9596-4D4C-B3E5-6519DCF633FF-800x450.jpeg 800w, https:\/\/universnews224.com\/wp-content\/uploads\/2023\/07\/63BF3DB0-9596-4D4C-B3E5-6519DCF633FF.jpeg 1024w\" sizes=\"(max-width: 300px) 100vw, 300px\" \/><\/a><\/span><\/p>\n<p class=\"p3\"><span class=\"s2\">\u00ab Nous n\u2019allons plus enregistrer d\u2019accident sur cette route. Je commence par remercier l\u2019entreprise M\u00e9tal Plus pour avoir assur\u00e9 la r\u00e9alisation de cet ouvrage dans le d\u00e9lai et avec les r\u00e8gles de l\u2019art. Nous confions cet ouvrage \u00e0 la commune de Matoto, au quartier Matoto march\u00e9, parce que l\u2019\u00c9tat a fait sa part, l\u2019entreprise a fait sa part, maintenant, \u00e7a revient \u00e0 la population de g\u00e9rer ce bijou qui vous a \u00e9t\u00e9 offert. Je vous confie ce bijou. Je vous demande \u00e0 ce que cette passerelle soit utilis\u00e9e pour traverser la route, que cette passerelle ne sera pas utilis\u00e9e pour abriter les sans abris, que cette passerelle ne soit pas utilis\u00e9e comme le march\u00e9, qu\u2019elle sera utilis\u00e9e pour traverser la route, pour assurer la fluidit\u00e9 de cette route et pour aussi am\u00e9liorer la s\u00e9curit\u00e9 routi\u00e8re. Et qu\u2019elle sera prot\u00e9g\u00e9e et entretenue \u00bb, a affirm\u00e9 M. B\u00e9r\u00e9t\u00e9.<\/span><\/p>\n<p class=\"p3\"><span class=\"s2\">De son c\u00f4t\u00e9, M. Cheick Ibrahima Youla, Chef de quartier de Matoto march\u00e9, satisfait des travaux r\u00e9alis\u00e9s par l&rsquo;entreprise, a rappel\u00e9 aux citoyens que la passerelle n\u2019est pas un lieu de commerce nous devons les pr\u00e9server comme notre bijou d\u2019or.<a href=\"https:\/\/universnews224.com\/wp-content\/uploads\/2023\/07\/D672E648-E89B-4343-9147-421A0167FFF5.jpeg\"><img loading=\"lazy\" class=\"alignnone size-medium wp-image-3943\" src=\"https:\/\/universnews224.com\/wp-content\/uploads\/2023\/07\/D672E648-E89B-4343-9147-421A0167FFF5-300x169.jpeg\" alt=\"\" width=\"300\" height=\"169\" srcset=\"https:\/\/universnews224.com\/wp-content\/uploads\/2023\/07\/D672E648-E89B-4343-9147-421A0167FFF5-300x169.jpeg 300w, https:\/\/universnews224.com\/wp-content\/uploads\/2023\/07\/D672E648-E89B-4343-9147-421A0167FFF5-768x432.jpeg 768w, https:\/\/universnews224.com\/wp-content\/uploads\/2023\/07\/D672E648-E89B-4343-9147-421A0167FFF5-800x450.jpeg 800w, https:\/\/universnews224.com\/wp-content\/uploads\/2023\/07\/D672E648-E89B-4343-9147-421A0167FFF5.jpeg 1024w\" sizes=\"(max-width: 300px) 100vw, 300px\" \/><\/a> <\/span><\/p>\n<p class=\"p3\"><span class=\"s2\">\u00ab Cette infrastructure a \u00e9t\u00e9 r\u00e9alis\u00e9e sur une dur\u00e9e de sept (7) mois. Cela d\u00e9note une promptitude, une rapidit\u00e9, une volont\u00e9 de satisfaire la population guin\u00e9enne, plus particuli\u00e8rement celle de Conakry. Quant \u00e0 nous autorit\u00e9s locales, nous allons nous d\u00e9ployer \u00e0 sensibiliser fortement les concitoyens \u00e0 utiliser cette passerelle, seulement pour la travers\u00e9e, pour la fluidit\u00e9 de la circulation, mais pas pour faire des commerces. C\u2019est pas un lieu de commerce, c\u2019est un lieu de passage. Donc, ensemble avec l\u2019AGEROUTE, nous prendrons des dispositions idoines, afin que cela ne soit pas r\u00e9alis\u00e9 dans notre quartier. En tout cas, notre participation ne fera d\u00e9faut, tout sera fait pour que ceux qui ont r\u00e9alis\u00e9 ne soient d\u00e9\u00e7us. A tous les citoyens, \u00e0 toutes les citoyennes de pr\u00e8s ou de loin, nous vous supplions de se servir de ce bijou comme notre habit, comme notre propre maison \u00bb,<span class=\"Apple-converted-space\">\u00a0 <\/span>a indiqu\u00e9<\/span><\/p>\n<p class=\"p3\"><span class=\"s2\">Pour sa part, le Ministre des infrastructures et des travaux publics Elhadj Gando, a aussi f\u00e9licit\u00e9 et remercier l&rsquo;entreprise pour sont travail gigantesque sur le terrain. <\/span><\/p>\n<p class=\"p3\"><span class=\"s2\">\u00ab Les remises vont continuer, les poses de la premi\u00e8re pierre vont continuer, parce que la refondation a mis au c\u0153ur de son programme, les routes, les infrastructures, les travaux publics. Donc, c\u2019est l\u2019occasion de remercier le Pr\u00e9sident de la R\u00e9publique, le Premier Ministre, Chef du gouvernement, pour leur appui et pour leur vision dans la concr\u00e9tisation de ce vaste programme de transformation de ce sous secteur de route et des travaux publics en R\u00e9publique de Guin\u00e9e. L\u2019AGEROUTE va continuer \u00e0 \u00eatre \u00e0 vos c\u00f4t\u00e9s pour la r\u00e9alisation des infrastructures, leur entretien et leur maintenance. Nos f\u00e9licitations \u00e0 l\u2019entreprise M\u00e9tal Plus qui a r\u00e9alis\u00e9 dans le d\u00e9lai et dans le standard pr\u00e9vu dans le contrat de cet ouvrage que nous vous invitons \u00e0 utiliser ce beau bijou \u00e0 bon escient car c\u2019est une infrastructure publique qui co\u00fbte cher, donc, nous devons l\u2019entretenir. R\u00e9aliser des infrastructures est une chose, les entretenir, les maintenir, c\u2019est ce qui est le plus important. La passerelle, ce n\u2019est pas le march\u00e9, ce n\u2019est pas un lieu pour dormir, la passerelle, ce n\u2019est pas un lieu pour organiser les r\u00e9unions, c\u2019est pour une question de s\u00e9curit\u00e9.\u00bb, a soulign\u00e9 le Ministre Gando.<\/span><\/p>\n<p class=\"p3\"><span class=\"s2\">Sana Sylla.<\/span><\/p>\n","protected":false},"excerpt":{"rendered":"<p>Le Minist\u00e8re des Infrastructures et des Travaux Publics \u00e0 travers la direction AGEROUTE SA a<\/p>\n","protected":false},"author":2,"featured_media":3944,"comment_status":"closed","ping_status":"open","sticky":false,"template":"","format":"standard","meta":[],"categories":[3,17,5],"tags":[229],"yoast_head":"<!-- This site is optimized with the Yoast SEO plugin v19.13 - https:\/\/yoast.com\/wordpress\/plugins\/seo\/ -->\n<title>Infrastructures : la passerelle de Sangoyah inaugur\u00e9 par le Ministre des travaux publics Gando Barry - UNIVERSNEWS224<\/title>\n<meta name=\"robots\" content=\"index, follow, max-snippet:-1, max-image-preview:large, max-video-preview:-1\" \/>\n<link rel=\"canonical\" href=\"https:\/\/universnews224.com\/index.php\/infrastructures-la-passerelle-de-sangoyah-inaugure-par-le-ministre-des-travaux-publics-gando-barry\/\" \/>\n<meta property=\"og:locale\" content=\"fr_FR\" \/>\n<meta property=\"og:type\" content=\"article\" \/>\n<meta property=\"og:title\" content=\"Infrastructures : la passerelle de Sangoyah inaugur\u00e9 par le Ministre des travaux publics Gando Barry - UNIVERSNEWS224\" \/>\n<meta property=\"og:description\" content=\"Le Minist\u00e8re des Infrastructures et des Travaux Publics \u00e0 travers la direction AGEROUTE SA a\" \/>\n<meta property=\"og:url\" content=\"https:\/\/universnews224.com\/index.php\/infrastructures-la-passerelle-de-sangoyah-inaugure-par-le-ministre-des-travaux-publics-gando-barry\/\" \/>\n<meta property=\"og:site_name\" content=\"UNIVERSNEWS224\" \/>\n<meta property=\"article:published_time\" content=\"2023-07-16T22:12:07+00:00\" \/>\n<meta property=\"og:image\" content=\"https:\/\/universnews224.com\/wp-content\/uploads\/2023\/07\/FA39A72A-EA81-42F7-9506-18EEED2C3AF3.jpeg\" \/>\n\t<meta property=\"og:image:width\" content=\"750\" \/>\n\t<meta property=\"og:image:height\" content=\"562\" \/>\n\t<meta property=\"og:image:type\" content=\"image\/jpeg\" \/>\n<meta name=\"author\" content=\"La R\u00e9daction\" \/>\n<meta name=\"twitter:label1\" content=\"\u00c9crit par\" \/>\n\t<meta name=\"twitter:data1\" content=\"La R\u00e9daction\" \/>\n\t<meta name=\"twitter:label2\" content=\"Dur\u00e9e de lecture estim\u00e9e\" \/>\n\t<meta name=\"twitter:data2\" content=\"4 minutes\" \/>\n<script type=\"application\/ld+json\" class=\"yoast-schema-graph\">{\"@context\":\"https:\/\/schema.org\",\"@graph\":[{\"@type\":\"Article\",\"@id\":\"https:\/\/universnews224.com\/index.php\/infrastructures-la-passerelle-de-sangoyah-inaugure-par-le-ministre-des-travaux-publics-gando-barry\/#article\",\"isPartOf\":{\"@id\":\"https:\/\/universnews224.com\/index.php\/infrastructures-la-passerelle-de-sangoyah-inaugure-par-le-ministre-des-travaux-publics-gando-barry\/\"},\"author\":{\"name\":\"La R\u00e9daction\",\"@id\":\"https:\/\/universnews224.com\/#\/schema\/person\/a4b7d4f94a4716df60456a491260485e\"},\"headline\":\"Infrastructures : la passerelle de Sangoyah inaugur\u00e9 par le Ministre des travaux publics Gando Barry\",\"datePublished\":\"2023-07-16T22:12:07+00:00\",\"dateModified\":\"2023-07-16T22:12:07+00:00\",\"mainEntityOfPage\":{\"@id\":\"https:\/\/universnews224.com\/index.php\/infrastructures-la-passerelle-de-sangoyah-inaugure-par-le-ministre-des-travaux-publics-gando-barry\/\"},\"wordCount\":757,\"publisher\":{\"@id\":\"https:\/\/universnews224.com\/#organization\"},\"keywords\":[\"La une\"],\"articleSection\":[\"ACTU\",\"GRANDS DOSSIERS\",\"SOCI\u00c9T\u00c9\"],\"inLanguage\":\"fr-FR\"},{\"@type\":\"WebPage\",\"@id\":\"https:\/\/universnews224.com\/index.php\/infrastructures-la-passerelle-de-sangoyah-inaugure-par-le-ministre-des-travaux-publics-gando-barry\/\",\"url\":\"https:\/\/universnews224.com\/index.php\/infrastructures-la-passerelle-de-sangoyah-inaugure-par-le-ministre-des-travaux-publics-gando-barry\/\",\"name\":\"Infrastructures : la passerelle de Sangoyah inaugur\u00e9 par le Ministre des travaux publics Gando Barry - UNIVERSNEWS224\",\"isPartOf\":{\"@id\":\"https:\/\/universnews224.com\/#website\"},\"datePublished\":\"2023-07-16T22:12:07+00:00\",\"dateModified\":\"2023-07-16T22:12:07+00:00\",\"inLanguage\":\"fr-FR\",\"potentialAction\":[{\"@type\":\"ReadAction\",\"target\":[\"https:\/\/universnews224.com\/index.php\/infrastructures-la-passerelle-de-sangoyah-inaugure-par-le-ministre-des-travaux-publics-gando-barry\/\"]}]},{\"@type\":\"WebSite\",\"@id\":\"https:\/\/universnews224.com\/#website\",\"url\":\"https:\/\/universnews224.com\/\",\"name\":\"UNIVERSNEWS224\",\"description\":\"\",\"publisher\":{\"@id\":\"https:\/\/universnews224.com\/#organization\"},\"potentialAction\":[{\"@type\":\"SearchAction\",\"target\":{\"@type\":\"EntryPoint\",\"urlTemplate\":\"https:\/\/universnews224.com\/?s={search_term_string}\"},\"query-input\":\"required name=search_term_string\"}],\"inLanguage\":\"fr-FR\"},{\"@type\":\"Organization\",\"@id\":\"https:\/\/universnews224.com\/#organization\",\"name\":\"UNIVERSNEWS224\",\"url\":\"https:\/\/universnews224.com\/\",\"logo\":{\"@type\":\"ImageObject\",\"inLanguage\":\"fr-FR\",\"@id\":\"https:\/\/universnews224.com\/#\/schema\/logo\/image\/\",\"url\":\"https:\/\/universnews224.com\/wp-content\/uploads\/2022\/08\/cropped-cropped-logoban.jpg\",\"contentUrl\":\"https:\/\/universnews224.com\/wp-content\/uploads\/2022\/08\/cropped-cropped-logoban.jpg\",\"width\":1080,\"height\":138,\"caption\":\"UNIVERSNEWS224\"},\"image\":{\"@id\":\"https:\/\/universnews224.com\/#\/schema\/logo\/image\/\"}},{\"@type\":\"Person\",\"@id\":\"https:\/\/universnews224.com\/#\/schema\/person\/a4b7d4f94a4716df60456a491260485e\",\"name\":\"La R\u00e9daction\",\"image\":{\"@type\":\"ImageObject\",\"inLanguage\":\"fr-FR\",\"@id\":\"https:\/\/universnews224.com\/#\/schema\/person\/image\/\",\"url\":\"https:\/\/secure.gravatar.com\/avatar\/edb90acc7752b23e1b3307ad36c14f0d?s=96&d=mm&r=g\",\"contentUrl\":\"https:\/\/secure.gravatar.com\/avatar\/edb90acc7752b23e1b3307ad36c14f0d?s=96&d=mm&r=g\",\"caption\":\"La R\u00e9daction\"},\"sameAs\":[\"https:\/\/universnews224.com\"],\"url\":\"https:\/\/universnews224.com\/index.php\/author\/m-camara\/\"}]}<\/script>\n<!-- \/ Yoast SEO plugin. -->","yoast_head_json":{"title":"Infrastructures : la passerelle de Sangoyah inaugur\u00e9 par le Ministre des travaux publics Gando Barry - UNIVERSNEWS224","robots":{"index":"index","follow":"follow","max-snippet":"max-snippet:-1","max-image-preview":"max-image-preview:large","max-video-preview":"max-video-preview:-1"},"canonical":"https:\/\/universnews224.com\/index.php\/infrastructures-la-passerelle-de-sangoyah-inaugure-par-le-ministre-des-travaux-publics-gando-barry\/","og_locale":"fr_FR","og_type":"article","og_title":"Infrastructures : la passerelle de Sangoyah inaugur\u00e9 par le Ministre des travaux publics Gando Barry - UNIVERSNEWS224","og_description":"Le Minist\u00e8re des Infrastructures et des Travaux Publics \u00e0 travers la direction AGEROUTE SA a","og_url":"https:\/\/universnews224.com\/index.php\/infrastructures-la-passerelle-de-sangoyah-inaugure-par-le-ministre-des-travaux-publics-gando-barry\/","og_site_name":"UNIVERSNEWS224","article_published_time":"2023-07-16T22:12:07+00:00","og_image":[{"width":750,"height":562,"url":"https:\/\/universnews224.com\/wp-content\/uploads\/2023\/07\/FA39A72A-EA81-42F7-9506-18EEED2C3AF3.jpeg","type":"image\/jpeg"}],"author":"La R\u00e9daction","twitter_misc":{"\u00c9crit par":"La R\u00e9daction","Dur\u00e9e de lecture estim\u00e9e":"4 minutes"},"schema":{"@context":"https:\/\/schema.org","@graph":[{"@type":"Article","@id":"https:\/\/universnews224.com\/index.php\/infrastructures-la-passerelle-de-sangoyah-inaugure-par-le-ministre-des-travaux-publics-gando-barry\/#article","isPartOf":{"@id":"https:\/\/universnews224.com\/index.php\/infrastructures-la-passerelle-de-sangoyah-inaugure-par-le-ministre-des-travaux-publics-gando-barry\/"},"author":{"name":"La R\u00e9daction","@id":"https:\/\/universnews224.com\/#\/schema\/person\/a4b7d4f94a4716df60456a491260485e"},"headline":"Infrastructures : la passerelle de Sangoyah inaugur\u00e9 par le Ministre des travaux publics Gando Barry","datePublished":"2023-07-16T22:12:07+00:00","dateModified":"2023-07-16T22:12:07+00:00","mainEntityOfPage":{"@id":"https:\/\/universnews224.com\/index.php\/infrastructures-la-passerelle-de-sangoyah-inaugure-par-le-ministre-des-travaux-publics-gando-barry\/"},"wordCount":757,"publisher":{"@id":"https:\/\/universnews224.com\/#organization"},"keywords":["La une"],"articleSection":["ACTU","GRANDS DOSSIERS","SOCI\u00c9T\u00c9"],"inLanguage":"fr-FR"},{"@type":"WebPage","@id":"https:\/\/universnews224.com\/index.php\/infrastructures-la-passerelle-de-sangoyah-inaugure-par-le-ministre-des-travaux-publics-gando-barry\/","url":"https:\/\/universnews224.com\/index.php\/infrastructures-la-passerelle-de-sangoyah-inaugure-par-le-ministre-des-travaux-publics-gando-barry\/","name":"Infrastructures : la passerelle de Sangoyah inaugur\u00e9 par le Ministre des travaux publics Gando Barry - UNIVERSNEWS224","isPartOf":{"@id":"https:\/\/universnews224.com\/#website"},"datePublished":"2023-07-16T22:12:07+00:00","dateModified":"2023-07-16T22:12:07+00:00","inLanguage":"fr-FR","potentialAction":[{"@type":"ReadAction","target":["https:\/\/universnews224.com\/index.php\/infrastructures-la-passerelle-de-sangoyah-inaugure-par-le-ministre-des-travaux-publics-gando-barry\/"]}]},{"@type":"WebSite","@id":"https:\/\/universnews224.com\/#website","url":"https:\/\/universnews224.com\/","name":"UNIVERSNEWS224","description":"","publisher":{"@id":"https:\/\/universnews224.com\/#organization"},"potentialAction":[{"@type":"SearchAction","target":{"@type":"EntryPoint","urlTemplate":"https:\/\/universnews224.com\/?s={search_term_string}"},"query-input":"required name=search_term_string"}],"inLanguage":"fr-FR"},{"@type":"Organization","@id":"https:\/\/universnews224.com\/#organization","name":"UNIVERSNEWS224","url":"https:\/\/universnews224.com\/","logo":{"@type":"ImageObject","inLanguage":"fr-FR","@id":"https:\/\/universnews224.com\/#\/schema\/logo\/image\/","url":"https:\/\/universnews224.com\/wp-content\/uploads\/2022\/08\/cropped-cropped-logoban.jpg","contentUrl":"https:\/\/universnews224.com\/wp-content\/uploads\/2022\/08\/cropped-cropped-logoban.jpg","width":1080,"height":138,"caption":"UNIVERSNEWS224"},"image":{"@id":"https:\/\/universnews224.com\/#\/schema\/logo\/image\/"}},{"@type":"Person","@id":"https:\/\/universnews224.com\/#\/schema\/person\/a4b7d4f94a4716df60456a491260485e","name":"La R\u00e9daction","image":{"@type":"ImageObject","inLanguage":"fr-FR","@id":"https:\/\/universnews224.com\/#\/schema\/person\/image\/","url":"https:\/\/secure.gravatar.com\/avatar\/edb90acc7752b23e1b3307ad36c14f0d?s=96&d=mm&r=g","contentUrl":"https:\/\/secure.gravatar.com\/avatar\/edb90acc7752b23e1b3307ad36c14f0d?s=96&d=mm&r=g","caption":"La R\u00e9daction"},"sameAs":["https:\/\/universnews224.com"],"url":"https:\/\/universnews224.com\/index.php\/author\/m-camara\/"}]}},"_links":{"self":[{"href":"https:\/\/universnews224.com\/index.php\/wp-json\/wp\/v2\/posts\/3941"}],"collection":[{"href":"https:\/\/universnews224.com\/index.php\/wp-json\/wp\/v2\/posts"}],"about":[{"href":"https:\/\/universnews224.com\/index.php\/wp-json\/wp\/v2\/types\/post"}],"author":[{"embeddable":true,"href":"https:\/\/universnews224.com\/index.php\/wp-json\/wp\/v2\/users\/2"}],"replies":[{"embeddable":true,"href":"https:\/\/universnews224.com\/index.php\/wp-json\/wp\/v2\/comments?post=3941"}],"version-history":[{"count":1,"href":"https:\/\/universnews224.com\/index.php\/wp-json\/wp\/v2\/posts\/3941\/revisions"}],"predecessor-version":[{"id":3945,"href":"https:\/\/universnews224.com\/index.php\/wp-json\/wp\/v2\/posts\/3941\/revisions\/3945"}],"wp:featuredmedia":[{"embeddable":true,"href":"https:\/\/universnews224.com\/index.php\/wp-json\/wp\/v2\/media\/3944"}],"wp:attachment":[{"href":"https:\/\/universnews224.com\/index.php\/wp-json\/wp\/v2\/media?parent=3941"}],"wp:term":[{"taxonomy":"category","embeddable":true,"href":"https:\/\/universnews224.com\/index.php\/wp-json\/wp\/v2\/categories?post=3941"},{"taxonomy":"post_tag","embeddable":true,"href":"https:\/\/universnews224.com\/index.php\/wp-json\/wp\/v2\/tags?post=3941"}],"curies":[{"name":"wp","href":"https:\/\/api.w.org\/{rel}","templated":true}]}}