{"id":3966,"date":"2023-07-21T11:57:41","date_gmt":"2023-07-21T10:57:41","guid":{"rendered":"https:\/\/universnews224.com\/?p=3966"},"modified":"2023-07-21T11:57:41","modified_gmt":"2023-07-21T10:57:41","slug":"les-grandes-lignes-du-conseil-des-ministres-du-20-juillet-2023","status":"publish","type":"post","link":"https:\/\/universnews224.com\/index.php\/les-grandes-lignes-du-conseil-des-ministres-du-20-juillet-2023\/","title":{"rendered":"Les grandes lignes du conseil des ministres du 20 juillet 2023"},"content":{"rendered":"<p>Ce \ud835\udc23\ud835\udc1e\ud835\udc2e\ud835\udc1d\ud835\udc22<b> 20 Juillet\u00a0<\/b>\ud835\udfd0\ud835\udfce\ud835\udfd0\ud835\udfd1<b>, s\u2019est tenu le conseil ordinaire des ministres, pr\u00e9sid\u00e9 par\u00a0<\/b>\ud835\udc25\ud835\udc1e<b>\u00a0<\/b>\ud835\udc0f\ud835\udc2b\ud835\udc1e\u0301\ud835\udc2c\ud835\udc22\ud835\udc1d\ud835\udc1e\ud835\udc27\ud835\udc2d<b>\u00a0<\/b>\ud835\udc1d\ud835\udc1e<b>\u00a0<\/b>\ud835\udc25\ud835\udc1a\ud835\udc13\ud835\udc2b\ud835\udc1a\ud835\udc27\ud835\udc2c\ud835\udc22\ud835\udc2d\ud835\udc22\ud835\udc28\ud835\udc27<b>,\u00a0<\/b>\ud835\udc25\ud835\udc1e<b>\u00a0C<\/b>\ud835\udc28\ud835\udc25\ud835\udc28\ud835\udc27\ud835\udc1e\ud835\udc25<b>\u00a0Mamadi Doumbouya, Chef de l\u2019Etat, Chef Supr\u00eame des Arm\u00e9es.\u00a0<\/b><\/p>\n<p><b>Dans les lignes qui suivent, le ministre porte-parole du Gouvernement, monsieur Ousmane Gaoual Diallo fait le point des grands sujets qui ont fait l\u2019objet de d\u00e9bat au cours de la rencontre.<\/b><\/p>\n<p><b>En voici un extrait :<\/b><\/p>\n<p><i>Le conseil des ministres de ce jour a port\u00e9 sur plusieurs points.<\/i><\/p>\n<p><i>\u00a0Le Pr\u00e9sident de la transition a d\u2019abord parl\u00e9 de deux sujets. Le principal \u00e9tant la suspension de la participation de la Guin\u00e9e \u00e0 l\u2019organisation sous r\u00e9gionale de l\u2019OMVS. Une d\u00e9cision qui est li\u00e9e d\u2019abord \u00e0 l\u2019absence de mobilisation s\u00e9rieuse des financements n\u00e9cessaires \u00e0 la r\u00e9alisation du barrage de Koukoutamba et puis au fait que nous estimons que notre pays n\u2019est pas suffisamment repr\u00e9sent\u00e9 aussi bien dans le personnel que dans les instances dirigeantes d\u2019une organisation dont le c\u0153ur d\u2019activit\u00e9 se trouve dans notre pays.\u00a0<\/i><\/p>\n<p><i>Le troisi\u00e8me point qui a amen\u00e9 cette d\u00e9cision c\u2019est aussi l\u2019absence et le refus\u00a0\u00a0 d\u2019ouvrir le capital des soci\u00e9t\u00e9s de l\u2019OMVS \u00e0 notre pays. On ne peut pas souscrire \u00e0 des actions et comme on n\u2019est pas actionnaire dans ces soci\u00e9t\u00e9s-l\u00e0, on ne peut pas agir sur les pays dans lesquels ils vont investir.<\/i><\/p>\n<p><i>Donc nous pensons que tous ceux-ci n&rsquo;est\u00a0pas \u00e9quitable et que l\u2019organisation ne r\u00e9pond pas \u00e0 nos besoins.<\/i><\/p>\n<p><i>La d\u00e9cision du Pr\u00e9sident de la R\u00e9publique a \u00e9t\u00e9 de dire ceux-ci :<\/i><\/p>\n<p><i>-il a instruit le Premier ministre et le ministre de l\u2019Energie, de r\u00e9fl\u00e9chir \u00e0 un redimensionnement du barrage conform\u00e9ment aux besoins de la Guin\u00e9e. Et le barrage est d\u00e9clar\u00e9 d\u2019utilit\u00e9 publique. Dans ce cas, il a instruit le Premier ministre et le ministre de l\u2019Energie de rechercher des sources de financement pour que l\u2019on puisse nous m\u00eame conduire le projet pour r\u00e9pondre aux attentes exclusives de la Guin\u00e9e.\u00a0 Cela veut dire simplement que les dimensionnements anciens pour le compte de l\u2019OMVS sont \u00e0 abandonner et le barrage va \u00eatre dimensionn\u00e9 pour le besoin de la Guin\u00e9e.\u00a0<\/i><\/p>\n<p><i>-Ensuite le Premier ministre a abord\u00e9 plusieurs points. Le premier c\u2019est autour des d\u00e9placements des ministres et puis l\u2019\u00e9valuation des membres du Gouvernement et l\u2019arriv\u00e9e dans notre pays du Vice-Pr\u00e9sident de la Banque Mondial\u2026\u00a0\u00bb.<\/i><\/p>\n","protected":false},"excerpt":{"rendered":"<p>Ce \ud835\udc23\ud835\udc1e\ud835\udc2e\ud835\udc1d\ud835\udc22 20 Juillet\u00a0\ud835\udfd0\ud835\udfce\ud835\udfd0\ud835\udfd1, s\u2019est tenu le conseil ordinaire des ministres, pr\u00e9sid\u00e9 par\u00a0\ud835\udc25\ud835\udc1e\u00a0\ud835\udc0f\ud835\udc2b\ud835\udc1e\u0301\ud835\udc2c\ud835\udc22\ud835\udc1d\ud835\udc1e\ud835\udc27\ud835\udc2d\u00a0\ud835\udc1d\ud835\udc1e\u00a0\ud835\udc25\ud835\udc1a\ud835\udc13\ud835\udc2b\ud835\udc1a\ud835\udc27\ud835\udc2c\ud835\udc22\ud835\udc2d\ud835\udc22\ud835\udc28\ud835\udc27,\u00a0\ud835\udc25\ud835\udc1e\u00a0C\ud835\udc28\ud835\udc25\ud835\udc28\ud835\udc27\ud835\udc1e\ud835\udc25\u00a0Mamadi Doumbouya, Chef<\/p>\n","protected":false},"author":2,"featured_media":0,"comment_status":"closed","ping_status":"open","sticky":false,"template":"","format":"standard","meta":[],"categories":[3,4],"tags":[229],"yoast_head":"<!-- This site is optimized with the Yoast SEO plugin v19.13 - https:\/\/yoast.com\/wordpress\/plugins\/seo\/ -->\n<title>Les grandes lignes du conseil des ministres du 20 juillet 2023 - UNIVERSNEWS224<\/title>\n<meta name=\"robots\" content=\"index, follow, max-snippet:-1, max-image-preview:large, max-video-preview:-1\" \/>\n<link rel=\"canonical\" href=\"https:\/\/universnews224.com\/index.php\/les-grandes-lignes-du-conseil-des-ministres-du-20-juillet-2023\/\" \/>\n<meta property=\"og:locale\" content=\"fr_FR\" \/>\n<meta property=\"og:type\" content=\"article\" \/>\n<meta property=\"og:title\" content=\"Les grandes lignes du conseil des ministres du 20 juillet 2023 - UNIVERSNEWS224\" \/>\n<meta property=\"og:description\" content=\"Ce \ud835\udc23\ud835\udc1e\ud835\udc2e\ud835\udc1d\ud835\udc22 20 Juillet\u00a0\ud835\udfd0\ud835\udfce\ud835\udfd0\ud835\udfd1, s\u2019est tenu le conseil ordinaire des ministres, pr\u00e9sid\u00e9 par\u00a0\ud835\udc25\ud835\udc1e\u00a0\ud835\udc0f\ud835\udc2b\ud835\udc1e\u0301\ud835\udc2c\ud835\udc22\ud835\udc1d\ud835\udc1e\ud835\udc27\ud835\udc2d\u00a0\ud835\udc1d\ud835\udc1e\u00a0\ud835\udc25\ud835\udc1a\ud835\udc13\ud835\udc2b\ud835\udc1a\ud835\udc27\ud835\udc2c\ud835\udc22\ud835\udc2d\ud835\udc22\ud835\udc28\ud835\udc27,\u00a0\ud835\udc25\ud835\udc1e\u00a0C\ud835\udc28\ud835\udc25\ud835\udc28\ud835\udc27\ud835\udc1e\ud835\udc25\u00a0Mamadi Doumbouya, Chef\" \/>\n<meta property=\"og:url\" content=\"https:\/\/universnews224.com\/index.php\/les-grandes-lignes-du-conseil-des-ministres-du-20-juillet-2023\/\" \/>\n<meta property=\"og:site_name\" content=\"UNIVERSNEWS224\" \/>\n<meta property=\"article:published_time\" content=\"2023-07-21T10:57:41+00:00\" \/>\n<meta name=\"author\" content=\"La R\u00e9daction\" \/>\n<meta name=\"twitter:label1\" content=\"\u00c9crit par\" \/>\n\t<meta name=\"twitter:data1\" content=\"La R\u00e9daction\" \/>\n\t<meta name=\"twitter:label2\" content=\"Dur\u00e9e de lecture estim\u00e9e\" \/>\n\t<meta name=\"twitter:data2\" content=\"2 minutes\" \/>\n<script type=\"application\/ld+json\" class=\"yoast-schema-graph\">{\"@context\":\"https:\/\/schema.org\",\"@graph\":[{\"@type\":\"Article\",\"@id\":\"https:\/\/universnews224.com\/index.php\/les-grandes-lignes-du-conseil-des-ministres-du-20-juillet-2023\/#article\",\"isPartOf\":{\"@id\":\"https:\/\/universnews224.com\/index.php\/les-grandes-lignes-du-conseil-des-ministres-du-20-juillet-2023\/\"},\"author\":{\"name\":\"La R\u00e9daction\",\"@id\":\"https:\/\/universnews224.com\/#\/schema\/person\/a4b7d4f94a4716df60456a491260485e\"},\"headline\":\"Les grandes lignes du conseil des ministres du 20 juillet 2023\",\"datePublished\":\"2023-07-21T10:57:41+00:00\",\"dateModified\":\"2023-07-21T10:57:41+00:00\",\"mainEntityOfPage\":{\"@id\":\"https:\/\/universnews224.com\/index.php\/les-grandes-lignes-du-conseil-des-ministres-du-20-juillet-2023\/\"},\"wordCount\":428,\"publisher\":{\"@id\":\"https:\/\/universnews224.com\/#organization\"},\"keywords\":[\"La une\"],\"articleSection\":[\"ACTU\",\"POLITIQUE\"],\"inLanguage\":\"fr-FR\"},{\"@type\":\"WebPage\",\"@id\":\"https:\/\/universnews224.com\/index.php\/les-grandes-lignes-du-conseil-des-ministres-du-20-juillet-2023\/\",\"url\":\"https:\/\/universnews224.com\/index.php\/les-grandes-lignes-du-conseil-des-ministres-du-20-juillet-2023\/\",\"name\":\"Les grandes lignes du conseil des ministres du 20 juillet 2023 - UNIVERSNEWS224\",\"isPartOf\":{\"@id\":\"https:\/\/universnews224.com\/#website\"},\"datePublished\":\"2023-07-21T10:57:41+00:00\",\"dateModified\":\"2023-07-21T10:57:41+00:00\",\"inLanguage\":\"fr-FR\",\"potentialAction\":[{\"@type\":\"ReadAction\",\"target\":[\"https:\/\/universnews224.com\/index.php\/les-grandes-lignes-du-conseil-des-ministres-du-20-juillet-2023\/\"]}]},{\"@type\":\"WebSite\",\"@id\":\"https:\/\/universnews224.com\/#website\",\"url\":\"https:\/\/universnews224.com\/\",\"name\":\"UNIVERSNEWS224\",\"description\":\"\",\"publisher\":{\"@id\":\"https:\/\/universnews224.com\/#organization\"},\"potentialAction\":[{\"@type\":\"SearchAction\",\"target\":{\"@type\":\"EntryPoint\",\"urlTemplate\":\"https:\/\/universnews224.com\/?s={search_term_string}\"},\"query-input\":\"required name=search_term_string\"}],\"inLanguage\":\"fr-FR\"},{\"@type\":\"Organization\",\"@id\":\"https:\/\/universnews224.com\/#organization\",\"name\":\"UNIVERSNEWS224\",\"url\":\"https:\/\/universnews224.com\/\",\"logo\":{\"@type\":\"ImageObject\",\"inLanguage\":\"fr-FR\",\"@id\":\"https:\/\/universnews224.com\/#\/schema\/logo\/image\/\",\"url\":\"https:\/\/universnews224.com\/wp-content\/uploads\/2022\/08\/cropped-cropped-logoban.jpg\",\"contentUrl\":\"https:\/\/universnews224.com\/wp-content\/uploads\/2022\/08\/cropped-cropped-logoban.jpg\",\"width\":1080,\"height\":138,\"caption\":\"UNIVERSNEWS224\"},\"image\":{\"@id\":\"https:\/\/universnews224.com\/#\/schema\/logo\/image\/\"}},{\"@type\":\"Person\",\"@id\":\"https:\/\/universnews224.com\/#\/schema\/person\/a4b7d4f94a4716df60456a491260485e\",\"name\":\"La R\u00e9daction\",\"image\":{\"@type\":\"ImageObject\",\"inLanguage\":\"fr-FR\",\"@id\":\"https:\/\/universnews224.com\/#\/schema\/person\/image\/\",\"url\":\"https:\/\/secure.gravatar.com\/avatar\/edb90acc7752b23e1b3307ad36c14f0d?s=96&d=mm&r=g\",\"contentUrl\":\"https:\/\/secure.gravatar.com\/avatar\/edb90acc7752b23e1b3307ad36c14f0d?s=96&d=mm&r=g\",\"caption\":\"La R\u00e9daction\"},\"sameAs\":[\"https:\/\/universnews224.com\"],\"url\":\"https:\/\/universnews224.com\/index.php\/author\/m-camara\/\"}]}<\/script>\n<!-- \/ Yoast SEO plugin. -->","yoast_head_json":{"title":"Les grandes lignes du conseil des ministres du 20 juillet 2023 - UNIVERSNEWS224","robots":{"index":"index","follow":"follow","max-snippet":"max-snippet:-1","max-image-preview":"max-image-preview:large","max-video-preview":"max-video-preview:-1"},"canonical":"https:\/\/universnews224.com\/index.php\/les-grandes-lignes-du-conseil-des-ministres-du-20-juillet-2023\/","og_locale":"fr_FR","og_type":"article","og_title":"Les grandes lignes du conseil des ministres du 20 juillet 2023 - UNIVERSNEWS224","og_description":"Ce \ud835\udc23\ud835\udc1e\ud835\udc2e\ud835\udc1d\ud835\udc22 20 Juillet\u00a0\ud835\udfd0\ud835\udfce\ud835\udfd0\ud835\udfd1, s\u2019est tenu le conseil ordinaire des ministres, pr\u00e9sid\u00e9 par\u00a0\ud835\udc25\ud835\udc1e\u00a0\ud835\udc0f\ud835\udc2b\ud835\udc1e\u0301\ud835\udc2c\ud835\udc22\ud835\udc1d\ud835\udc1e\ud835\udc27\ud835\udc2d\u00a0\ud835\udc1d\ud835\udc1e\u00a0\ud835\udc25\ud835\udc1a\ud835\udc13\ud835\udc2b\ud835\udc1a\ud835\udc27\ud835\udc2c\ud835\udc22\ud835\udc2d\ud835\udc22\ud835\udc28\ud835\udc27,\u00a0\ud835\udc25\ud835\udc1e\u00a0C\ud835\udc28\ud835\udc25\ud835\udc28\ud835\udc27\ud835\udc1e\ud835\udc25\u00a0Mamadi Doumbouya, Chef","og_url":"https:\/\/universnews224.com\/index.php\/les-grandes-lignes-du-conseil-des-ministres-du-20-juillet-2023\/","og_site_name":"UNIVERSNEWS224","article_published_time":"2023-07-21T10:57:41+00:00","author":"La R\u00e9daction","twitter_misc":{"\u00c9crit par":"La R\u00e9daction","Dur\u00e9e de lecture estim\u00e9e":"2 minutes"},"schema":{"@context":"https:\/\/schema.org","@graph":[{"@type":"Article","@id":"https:\/\/universnews224.com\/index.php\/les-grandes-lignes-du-conseil-des-ministres-du-20-juillet-2023\/#article","isPartOf":{"@id":"https:\/\/universnews224.com\/index.php\/les-grandes-lignes-du-conseil-des-ministres-du-20-juillet-2023\/"},"author":{"name":"La R\u00e9daction","@id":"https:\/\/universnews224.com\/#\/schema\/person\/a4b7d4f94a4716df60456a491260485e"},"headline":"Les grandes lignes du conseil des ministres du 20 juillet 2023","datePublished":"2023-07-21T10:57:41+00:00","dateModified":"2023-07-21T10:57:41+00:00","mainEntityOfPage":{"@id":"https:\/\/universnews224.com\/index.php\/les-grandes-lignes-du-conseil-des-ministres-du-20-juillet-2023\/"},"wordCount":428,"publisher":{"@id":"https:\/\/universnews224.com\/#organization"},"keywords":["La une"],"articleSection":["ACTU","POLITIQUE"],"inLanguage":"fr-FR"},{"@type":"WebPage","@id":"https:\/\/universnews224.com\/index.php\/les-grandes-lignes-du-conseil-des-ministres-du-20-juillet-2023\/","url":"https:\/\/universnews224.com\/index.php\/les-grandes-lignes-du-conseil-des-ministres-du-20-juillet-2023\/","name":"Les grandes lignes du conseil des ministres du 20 juillet 2023 - UNIVERSNEWS224","isPartOf":{"@id":"https:\/\/universnews224.com\/#website"},"datePublished":"2023-07-21T10:57:41+00:00","dateModified":"2023-07-21T10:57:41+00:00","inLanguage":"fr-FR","potentialAction":[{"@type":"ReadAction","target":["https:\/\/universnews224.com\/index.php\/les-grandes-lignes-du-conseil-des-ministres-du-20-juillet-2023\/"]}]},{"@type":"WebSite","@id":"https:\/\/universnews224.com\/#website","url":"https:\/\/universnews224.com\/","name":"UNIVERSNEWS224","description":"","publisher":{"@id":"https:\/\/universnews224.com\/#organization"},"potentialAction":[{"@type":"SearchAction","target":{"@type":"EntryPoint","urlTemplate":"https:\/\/universnews224.com\/?s={search_term_string}"},"query-input":"required name=search_term_string"}],"inLanguage":"fr-FR"},{"@type":"Organization","@id":"https:\/\/universnews224.com\/#organization","name":"UNIVERSNEWS224","url":"https:\/\/universnews224.com\/","logo":{"@type":"ImageObject","inLanguage":"fr-FR","@id":"https:\/\/universnews224.com\/#\/schema\/logo\/image\/","url":"https:\/\/universnews224.com\/wp-content\/uploads\/2022\/08\/cropped-cropped-logoban.jpg","contentUrl":"https:\/\/universnews224.com\/wp-content\/uploads\/2022\/08\/cropped-cropped-logoban.jpg","width":1080,"height":138,"caption":"UNIVERSNEWS224"},"image":{"@id":"https:\/\/universnews224.com\/#\/schema\/logo\/image\/"}},{"@type":"Person","@id":"https:\/\/universnews224.com\/#\/schema\/person\/a4b7d4f94a4716df60456a491260485e","name":"La R\u00e9daction","image":{"@type":"ImageObject","inLanguage":"fr-FR","@id":"https:\/\/universnews224.com\/#\/schema\/person\/image\/","url":"https:\/\/secure.gravatar.com\/avatar\/edb90acc7752b23e1b3307ad36c14f0d?s=96&d=mm&r=g","contentUrl":"https:\/\/secure.gravatar.com\/avatar\/edb90acc7752b23e1b3307ad36c14f0d?s=96&d=mm&r=g","caption":"La R\u00e9daction"},"sameAs":["https:\/\/universnews224.com"],"url":"https:\/\/universnews224.com\/index.php\/author\/m-camara\/"}]}},"_links":{"self":[{"href":"https:\/\/universnews224.com\/index.php\/wp-json\/wp\/v2\/posts\/3966"}],"collection":[{"href":"https:\/\/universnews224.com\/index.php\/wp-json\/wp\/v2\/posts"}],"about":[{"href":"https:\/\/universnews224.com\/index.php\/wp-json\/wp\/v2\/types\/post"}],"author":[{"embeddable":true,"href":"https:\/\/universnews224.com\/index.php\/wp-json\/wp\/v2\/users\/2"}],"replies":[{"embeddable":true,"href":"https:\/\/universnews224.com\/index.php\/wp-json\/wp\/v2\/comments?post=3966"}],"version-history":[{"count":1,"href":"https:\/\/universnews224.com\/index.php\/wp-json\/wp\/v2\/posts\/3966\/revisions"}],"predecessor-version":[{"id":3967,"href":"https:\/\/universnews224.com\/index.php\/wp-json\/wp\/v2\/posts\/3966\/revisions\/3967"}],"wp:attachment":[{"href":"https:\/\/universnews224.com\/index.php\/wp-json\/wp\/v2\/media?parent=3966"}],"wp:term":[{"taxonomy":"category","embeddable":true,"href":"https:\/\/universnews224.com\/index.php\/wp-json\/wp\/v2\/categories?post=3966"},{"taxonomy":"post_tag","embeddable":true,"href":"https:\/\/universnews224.com\/index.php\/wp-json\/wp\/v2\/tags?post=3966"}],"curies":[{"name":"wp","href":"https:\/\/api.w.org\/{rel}","templated":true}]}}