{"id":3968,"date":"2023-07-21T11:59:58","date_gmt":"2023-07-21T10:59:58","guid":{"rendered":"https:\/\/universnews224.com\/?p=3968"},"modified":"2023-07-21T11:59:58","modified_gmt":"2023-07-21T10:59:58","slug":"cas-detudiants-fictifs-a-kofi-annan-nous-avons-analyse-les-dossiers-nous-avons-trouve-quil-n-y-avait-pratiquement-aucune-charge-a-effet-de-poursuivre-luniversite","status":"publish","type":"post","link":"https:\/\/universnews224.com\/index.php\/cas-detudiants-fictifs-a-kofi-annan-nous-avons-analyse-les-dossiers-nous-avons-trouve-quil-n-y-avait-pratiquement-aucune-charge-a-effet-de-poursuivre-luniversite\/","title":{"rendered":"Cas d\u2019\u00e9tudiants fictifs \u00e0 Kofi Annan :\u201cNous avons analys\u00e9 les dossiers, nous avons trouv\u00e9 qu\u2019il n y avait pratiquement aucune charge, \u00e0 effet de poursuivre l\u2019universit\u00e9 Kofi Annan, Aly Tour\u00e9."},"content":{"rendered":"<p class=\"p1\"><span class=\"s1\">Invit\u00e9 de l\u2019\u00e9mission \u201cOn refait le monde\u201d de Djoma m\u00e9dia, ce mercredi, 19 juillet 2023, le procureur sp\u00e9cial pr\u00e8s de la CRIEF, Aly Tour\u00e9 s\u2019est prononc\u00e9 dans l\u2019affaire des \u00e9tudiants fictifs dont le fondateur de l\u2019universit\u00e9 Kofi Annan, Dr Ousmane est souvent cit\u00e9. <\/span><\/p>\n<p class=\"p1\"><span class=\"s1\">Alors que ces d\u00e9tracteurs continuent d\u2019utiliser cette affaire d\u2019\u00e9tudiants fictifs contre lui, Dr Ousmane Kaba a, dans sa r\u00e9cente sortie m\u00e9diatique, rejet\u00e9 d\u2019un revers de la main ces accusations, tout en pr\u00e9cisant que ce dossier a \u00e9t\u00e9 examin\u00e9 par la CRIEF et qu\u2019aucun indice n\u2019a \u00e9t\u00e9 trouv\u00e9 qui incrimine son universit\u00e9. <\/span><\/p>\n<p class=\"p1\"><span class=\"s1\">Interrog\u00e9 sur cette affaire, Aly Tour\u00e9 procureur sp\u00e9cial pr\u00e8s de la CRIEF,confirme cette th\u00e8se de Dr Ousmane Kaba. <\/span><\/p>\n<p class=\"p1\"><span class=\"s1\">\u201cLe cas de l\u2019universit\u00e9 Kofi Annan a fait l\u2019objet d\u2019une enqu\u00eate pr\u00e9liminaire par la Direction centrale des investigations judiciaires de la gendarmerie nationale, le proc\u00e8s verbal est venu avec toutes les pi\u00e8ces \u00e0 l\u2019appui. Nous avons analys\u00e9 les dossiers \u00e0 travers ce qui nous a \u00e9t\u00e9 transmis, nous avons trouv\u00e9 qu\u2019il n y avait pratiquement aucune charge, aucun d\u2019indice pour nous, \u00e0 effet de poursuivre l\u2019universit\u00e9 Kofi Annan . Pas Dr Ousmane Kaba, mais l\u2019universit\u00e9, on n\u2019avait pas trouv\u00e9 de charge, d\u2019indice en ce moment l\u00e0, pour poursuivre. On a proc\u00e9d\u00e9 \u00e0 ce qu\u2019on appelle, un classement sans suite, a t-il d\u00e9clar\u00e9 et de poursuivre: <\/span><\/p>\n<p class=\"p1\"><span class=\"s1\">\u201c\u00c7a ne veut pas dire que l\u2019affaire est close. Le jour o\u00f9 les indices seront relev\u00e9s et que ces indices se trouvent s\u00e9rieux, nous allons poursuivre. \u00c7a veut dire que, pour le moment, ce qui m\u2019a \u00e9t\u00e9 transmis, j\u2019ai analys\u00e9, je ne trouve pas d\u2019infraction. Mais, si d\u2019autres \u00e9l\u00e9ments arrivent dans le dossier et qui montrent effectivement qu\u2019il y a commission d\u2019une infraction, rien ne nous emp\u00eache d\u2019engager la poursuite contre l\u2019universit\u00e9. Mais \u00e0 date il n y a aucun indice<span class=\"Apple-converted-space\">\u00a0 <\/span>\u201d, a t-il martel\u00e9. <\/span><\/p>\n<p class=\"p1\"><span class=\"s1\">Camara Mamadouba <\/span><\/p>\n<p class=\"p1\"><span class=\"s1\">611 46 04 10 <\/span><\/p>\n","protected":false},"excerpt":{"rendered":"<p>Invit\u00e9 de l\u2019\u00e9mission \u201cOn refait le monde\u201d de Djoma m\u00e9dia, ce mercredi, 19 juillet 2023,<\/p>\n","protected":false},"author":2,"featured_media":3969,"comment_status":"closed","ping_status":"open","sticky":false,"template":"","format":"standard","meta":[],"categories":[3,4],"tags":[229],"yoast_head":"<!-- This site is optimized with the Yoast SEO plugin v19.13 - https:\/\/yoast.com\/wordpress\/plugins\/seo\/ -->\n<title>Cas d\u2019\u00e9tudiants fictifs \u00e0 Kofi Annan :\u201cNous avons analys\u00e9 les dossiers, nous avons trouv\u00e9 qu\u2019il n y avait pratiquement aucune charge, \u00e0 effet de poursuivre l\u2019universit\u00e9 Kofi Annan, Aly Tour\u00e9. - UNIVERSNEWS224<\/title>\n<meta name=\"robots\" content=\"index, follow, max-snippet:-1, max-image-preview:large, max-video-preview:-1\" \/>\n<link rel=\"canonical\" href=\"https:\/\/universnews224.com\/index.php\/cas-detudiants-fictifs-a-kofi-annan-nous-avons-analyse-les-dossiers-nous-avons-trouve-quil-n-y-avait-pratiquement-aucune-charge-a-effet-de-poursuivre-luniversite\/\" \/>\n<meta property=\"og:locale\" content=\"fr_FR\" \/>\n<meta property=\"og:type\" content=\"article\" \/>\n<meta property=\"og:title\" content=\"Cas d\u2019\u00e9tudiants fictifs \u00e0 Kofi Annan :\u201cNous avons analys\u00e9 les dossiers, nous avons trouv\u00e9 qu\u2019il n y avait pratiquement aucune charge, \u00e0 effet de poursuivre l\u2019universit\u00e9 Kofi Annan, Aly Tour\u00e9. - UNIVERSNEWS224\" \/>\n<meta property=\"og:description\" content=\"Invit\u00e9 de l\u2019\u00e9mission \u201cOn refait le monde\u201d de Djoma m\u00e9dia, ce mercredi, 19 juillet 2023,\" \/>\n<meta property=\"og:url\" content=\"https:\/\/universnews224.com\/index.php\/cas-detudiants-fictifs-a-kofi-annan-nous-avons-analyse-les-dossiers-nous-avons-trouve-quil-n-y-avait-pratiquement-aucune-charge-a-effet-de-poursuivre-luniversite\/\" \/>\n<meta property=\"og:site_name\" content=\"UNIVERSNEWS224\" \/>\n<meta property=\"article:published_time\" content=\"2023-07-21T10:59:58+00:00\" \/>\n<meta property=\"og:image\" content=\"https:\/\/universnews224.com\/wp-content\/uploads\/2023\/07\/944BD0C6-2696-4D7A-AAFF-F434F9A205CF.jpeg\" \/>\n\t<meta property=\"og:image:width\" content=\"750\" \/>\n\t<meta property=\"og:image:height\" content=\"430\" \/>\n\t<meta property=\"og:image:type\" content=\"image\/jpeg\" \/>\n<meta name=\"author\" content=\"La R\u00e9daction\" \/>\n<meta name=\"twitter:label1\" content=\"\u00c9crit par\" \/>\n\t<meta name=\"twitter:data1\" content=\"La R\u00e9daction\" \/>\n\t<meta name=\"twitter:label2\" content=\"Dur\u00e9e de lecture estim\u00e9e\" \/>\n\t<meta name=\"twitter:data2\" content=\"2 minutes\" \/>\n<script type=\"application\/ld+json\" class=\"yoast-schema-graph\">{\"@context\":\"https:\/\/schema.org\",\"@graph\":[{\"@type\":\"Article\",\"@id\":\"https:\/\/universnews224.com\/index.php\/cas-detudiants-fictifs-a-kofi-annan-nous-avons-analyse-les-dossiers-nous-avons-trouve-quil-n-y-avait-pratiquement-aucune-charge-a-effet-de-poursuivre-luniversite\/#article\",\"isPartOf\":{\"@id\":\"https:\/\/universnews224.com\/index.php\/cas-detudiants-fictifs-a-kofi-annan-nous-avons-analyse-les-dossiers-nous-avons-trouve-quil-n-y-avait-pratiquement-aucune-charge-a-effet-de-poursuivre-luniversite\/\"},\"author\":{\"name\":\"La R\u00e9daction\",\"@id\":\"https:\/\/universnews224.com\/#\/schema\/person\/a4b7d4f94a4716df60456a491260485e\"},\"headline\":\"Cas d\u2019\u00e9tudiants fictifs \u00e0 Kofi Annan :\u201cNous avons analys\u00e9 les dossiers, nous avons trouv\u00e9 qu\u2019il n y avait pratiquement aucune charge, \u00e0 effet de poursuivre l\u2019universit\u00e9 Kofi Annan, Aly Tour\u00e9.\",\"datePublished\":\"2023-07-21T10:59:58+00:00\",\"dateModified\":\"2023-07-21T10:59:58+00:00\",\"mainEntityOfPage\":{\"@id\":\"https:\/\/universnews224.com\/index.php\/cas-detudiants-fictifs-a-kofi-annan-nous-avons-analyse-les-dossiers-nous-avons-trouve-quil-n-y-avait-pratiquement-aucune-charge-a-effet-de-poursuivre-luniversite\/\"},\"wordCount\":376,\"publisher\":{\"@id\":\"https:\/\/universnews224.com\/#organization\"},\"keywords\":[\"La une\"],\"articleSection\":[\"ACTU\",\"POLITIQUE\"],\"inLanguage\":\"fr-FR\"},{\"@type\":\"WebPage\",\"@id\":\"https:\/\/universnews224.com\/index.php\/cas-detudiants-fictifs-a-kofi-annan-nous-avons-analyse-les-dossiers-nous-avons-trouve-quil-n-y-avait-pratiquement-aucune-charge-a-effet-de-poursuivre-luniversite\/\",\"url\":\"https:\/\/universnews224.com\/index.php\/cas-detudiants-fictifs-a-kofi-annan-nous-avons-analyse-les-dossiers-nous-avons-trouve-quil-n-y-avait-pratiquement-aucune-charge-a-effet-de-poursuivre-luniversite\/\",\"name\":\"Cas d\u2019\u00e9tudiants fictifs \u00e0 Kofi Annan :\u201cNous avons analys\u00e9 les dossiers, nous avons trouv\u00e9 qu\u2019il n y avait pratiquement aucune charge, \u00e0 effet de poursuivre l\u2019universit\u00e9 Kofi Annan, Aly Tour\u00e9. - UNIVERSNEWS224\",\"isPartOf\":{\"@id\":\"https:\/\/universnews224.com\/#website\"},\"datePublished\":\"2023-07-21T10:59:58+00:00\",\"dateModified\":\"2023-07-21T10:59:58+00:00\",\"inLanguage\":\"fr-FR\",\"potentialAction\":[{\"@type\":\"ReadAction\",\"target\":[\"https:\/\/universnews224.com\/index.php\/cas-detudiants-fictifs-a-kofi-annan-nous-avons-analyse-les-dossiers-nous-avons-trouve-quil-n-y-avait-pratiquement-aucune-charge-a-effet-de-poursuivre-luniversite\/\"]}]},{\"@type\":\"WebSite\",\"@id\":\"https:\/\/universnews224.com\/#website\",\"url\":\"https:\/\/universnews224.com\/\",\"name\":\"UNIVERSNEWS224\",\"description\":\"\",\"publisher\":{\"@id\":\"https:\/\/universnews224.com\/#organization\"},\"potentialAction\":[{\"@type\":\"SearchAction\",\"target\":{\"@type\":\"EntryPoint\",\"urlTemplate\":\"https:\/\/universnews224.com\/?s={search_term_string}\"},\"query-input\":\"required name=search_term_string\"}],\"inLanguage\":\"fr-FR\"},{\"@type\":\"Organization\",\"@id\":\"https:\/\/universnews224.com\/#organization\",\"name\":\"UNIVERSNEWS224\",\"url\":\"https:\/\/universnews224.com\/\",\"logo\":{\"@type\":\"ImageObject\",\"inLanguage\":\"fr-FR\",\"@id\":\"https:\/\/universnews224.com\/#\/schema\/logo\/image\/\",\"url\":\"https:\/\/universnews224.com\/wp-content\/uploads\/2022\/08\/cropped-cropped-logoban.jpg\",\"contentUrl\":\"https:\/\/universnews224.com\/wp-content\/uploads\/2022\/08\/cropped-cropped-logoban.jpg\",\"width\":1080,\"height\":138,\"caption\":\"UNIVERSNEWS224\"},\"image\":{\"@id\":\"https:\/\/universnews224.com\/#\/schema\/logo\/image\/\"}},{\"@type\":\"Person\",\"@id\":\"https:\/\/universnews224.com\/#\/schema\/person\/a4b7d4f94a4716df60456a491260485e\",\"name\":\"La R\u00e9daction\",\"image\":{\"@type\":\"ImageObject\",\"inLanguage\":\"fr-FR\",\"@id\":\"https:\/\/universnews224.com\/#\/schema\/person\/image\/\",\"url\":\"https:\/\/secure.gravatar.com\/avatar\/edb90acc7752b23e1b3307ad36c14f0d?s=96&d=mm&r=g\",\"contentUrl\":\"https:\/\/secure.gravatar.com\/avatar\/edb90acc7752b23e1b3307ad36c14f0d?s=96&d=mm&r=g\",\"caption\":\"La R\u00e9daction\"},\"sameAs\":[\"https:\/\/universnews224.com\"],\"url\":\"https:\/\/universnews224.com\/index.php\/author\/m-camara\/\"}]}<\/script>\n<!-- \/ Yoast SEO plugin. -->","yoast_head_json":{"title":"Cas d\u2019\u00e9tudiants fictifs \u00e0 Kofi Annan :\u201cNous avons analys\u00e9 les dossiers, nous avons trouv\u00e9 qu\u2019il n y avait pratiquement aucune charge, \u00e0 effet de poursuivre l\u2019universit\u00e9 Kofi Annan, Aly Tour\u00e9. - UNIVERSNEWS224","robots":{"index":"index","follow":"follow","max-snippet":"max-snippet:-1","max-image-preview":"max-image-preview:large","max-video-preview":"max-video-preview:-1"},"canonical":"https:\/\/universnews224.com\/index.php\/cas-detudiants-fictifs-a-kofi-annan-nous-avons-analyse-les-dossiers-nous-avons-trouve-quil-n-y-avait-pratiquement-aucune-charge-a-effet-de-poursuivre-luniversite\/","og_locale":"fr_FR","og_type":"article","og_title":"Cas d\u2019\u00e9tudiants fictifs \u00e0 Kofi Annan :\u201cNous avons analys\u00e9 les dossiers, nous avons trouv\u00e9 qu\u2019il n y avait pratiquement aucune charge, \u00e0 effet de poursuivre l\u2019universit\u00e9 Kofi Annan, Aly Tour\u00e9. - UNIVERSNEWS224","og_description":"Invit\u00e9 de l\u2019\u00e9mission \u201cOn refait le monde\u201d de Djoma m\u00e9dia, ce mercredi, 19 juillet 2023,","og_url":"https:\/\/universnews224.com\/index.php\/cas-detudiants-fictifs-a-kofi-annan-nous-avons-analyse-les-dossiers-nous-avons-trouve-quil-n-y-avait-pratiquement-aucune-charge-a-effet-de-poursuivre-luniversite\/","og_site_name":"UNIVERSNEWS224","article_published_time":"2023-07-21T10:59:58+00:00","og_image":[{"width":750,"height":430,"url":"https:\/\/universnews224.com\/wp-content\/uploads\/2023\/07\/944BD0C6-2696-4D7A-AAFF-F434F9A205CF.jpeg","type":"image\/jpeg"}],"author":"La R\u00e9daction","twitter_misc":{"\u00c9crit par":"La R\u00e9daction","Dur\u00e9e de lecture estim\u00e9e":"2 minutes"},"schema":{"@context":"https:\/\/schema.org","@graph":[{"@type":"Article","@id":"https:\/\/universnews224.com\/index.php\/cas-detudiants-fictifs-a-kofi-annan-nous-avons-analyse-les-dossiers-nous-avons-trouve-quil-n-y-avait-pratiquement-aucune-charge-a-effet-de-poursuivre-luniversite\/#article","isPartOf":{"@id":"https:\/\/universnews224.com\/index.php\/cas-detudiants-fictifs-a-kofi-annan-nous-avons-analyse-les-dossiers-nous-avons-trouve-quil-n-y-avait-pratiquement-aucune-charge-a-effet-de-poursuivre-luniversite\/"},"author":{"name":"La R\u00e9daction","@id":"https:\/\/universnews224.com\/#\/schema\/person\/a4b7d4f94a4716df60456a491260485e"},"headline":"Cas d\u2019\u00e9tudiants fictifs \u00e0 Kofi Annan :\u201cNous avons analys\u00e9 les dossiers, nous avons trouv\u00e9 qu\u2019il n y avait pratiquement aucune charge, \u00e0 effet de poursuivre l\u2019universit\u00e9 Kofi Annan, Aly Tour\u00e9.","datePublished":"2023-07-21T10:59:58+00:00","dateModified":"2023-07-21T10:59:58+00:00","mainEntityOfPage":{"@id":"https:\/\/universnews224.com\/index.php\/cas-detudiants-fictifs-a-kofi-annan-nous-avons-analyse-les-dossiers-nous-avons-trouve-quil-n-y-avait-pratiquement-aucune-charge-a-effet-de-poursuivre-luniversite\/"},"wordCount":376,"publisher":{"@id":"https:\/\/universnews224.com\/#organization"},"keywords":["La une"],"articleSection":["ACTU","POLITIQUE"],"inLanguage":"fr-FR"},{"@type":"WebPage","@id":"https:\/\/universnews224.com\/index.php\/cas-detudiants-fictifs-a-kofi-annan-nous-avons-analyse-les-dossiers-nous-avons-trouve-quil-n-y-avait-pratiquement-aucune-charge-a-effet-de-poursuivre-luniversite\/","url":"https:\/\/universnews224.com\/index.php\/cas-detudiants-fictifs-a-kofi-annan-nous-avons-analyse-les-dossiers-nous-avons-trouve-quil-n-y-avait-pratiquement-aucune-charge-a-effet-de-poursuivre-luniversite\/","name":"Cas d\u2019\u00e9tudiants fictifs \u00e0 Kofi Annan :\u201cNous avons analys\u00e9 les dossiers, nous avons trouv\u00e9 qu\u2019il n y avait pratiquement aucune charge, \u00e0 effet de poursuivre l\u2019universit\u00e9 Kofi Annan, Aly Tour\u00e9. - UNIVERSNEWS224","isPartOf":{"@id":"https:\/\/universnews224.com\/#website"},"datePublished":"2023-07-21T10:59:58+00:00","dateModified":"2023-07-21T10:59:58+00:00","inLanguage":"fr-FR","potentialAction":[{"@type":"ReadAction","target":["https:\/\/universnews224.com\/index.php\/cas-detudiants-fictifs-a-kofi-annan-nous-avons-analyse-les-dossiers-nous-avons-trouve-quil-n-y-avait-pratiquement-aucune-charge-a-effet-de-poursuivre-luniversite\/"]}]},{"@type":"WebSite","@id":"https:\/\/universnews224.com\/#website","url":"https:\/\/universnews224.com\/","name":"UNIVERSNEWS224","description":"","publisher":{"@id":"https:\/\/universnews224.com\/#organization"},"potentialAction":[{"@type":"SearchAction","target":{"@type":"EntryPoint","urlTemplate":"https:\/\/universnews224.com\/?s={search_term_string}"},"query-input":"required name=search_term_string"}],"inLanguage":"fr-FR"},{"@type":"Organization","@id":"https:\/\/universnews224.com\/#organization","name":"UNIVERSNEWS224","url":"https:\/\/universnews224.com\/","logo":{"@type":"ImageObject","inLanguage":"fr-FR","@id":"https:\/\/universnews224.com\/#\/schema\/logo\/image\/","url":"https:\/\/universnews224.com\/wp-content\/uploads\/2022\/08\/cropped-cropped-logoban.jpg","contentUrl":"https:\/\/universnews224.com\/wp-content\/uploads\/2022\/08\/cropped-cropped-logoban.jpg","width":1080,"height":138,"caption":"UNIVERSNEWS224"},"image":{"@id":"https:\/\/universnews224.com\/#\/schema\/logo\/image\/"}},{"@type":"Person","@id":"https:\/\/universnews224.com\/#\/schema\/person\/a4b7d4f94a4716df60456a491260485e","name":"La R\u00e9daction","image":{"@type":"ImageObject","inLanguage":"fr-FR","@id":"https:\/\/universnews224.com\/#\/schema\/person\/image\/","url":"https:\/\/secure.gravatar.com\/avatar\/edb90acc7752b23e1b3307ad36c14f0d?s=96&d=mm&r=g","contentUrl":"https:\/\/secure.gravatar.com\/avatar\/edb90acc7752b23e1b3307ad36c14f0d?s=96&d=mm&r=g","caption":"La R\u00e9daction"},"sameAs":["https:\/\/universnews224.com"],"url":"https:\/\/universnews224.com\/index.php\/author\/m-camara\/"}]}},"_links":{"self":[{"href":"https:\/\/universnews224.com\/index.php\/wp-json\/wp\/v2\/posts\/3968"}],"collection":[{"href":"https:\/\/universnews224.com\/index.php\/wp-json\/wp\/v2\/posts"}],"about":[{"href":"https:\/\/universnews224.com\/index.php\/wp-json\/wp\/v2\/types\/post"}],"author":[{"embeddable":true,"href":"https:\/\/universnews224.com\/index.php\/wp-json\/wp\/v2\/users\/2"}],"replies":[{"embeddable":true,"href":"https:\/\/universnews224.com\/index.php\/wp-json\/wp\/v2\/comments?post=3968"}],"version-history":[{"count":1,"href":"https:\/\/universnews224.com\/index.php\/wp-json\/wp\/v2\/posts\/3968\/revisions"}],"predecessor-version":[{"id":3970,"href":"https:\/\/universnews224.com\/index.php\/wp-json\/wp\/v2\/posts\/3968\/revisions\/3970"}],"wp:featuredmedia":[{"embeddable":true,"href":"https:\/\/universnews224.com\/index.php\/wp-json\/wp\/v2\/media\/3969"}],"wp:attachment":[{"href":"https:\/\/universnews224.com\/index.php\/wp-json\/wp\/v2\/media?parent=3968"}],"wp:term":[{"taxonomy":"category","embeddable":true,"href":"https:\/\/universnews224.com\/index.php\/wp-json\/wp\/v2\/categories?post=3968"},{"taxonomy":"post_tag","embeddable":true,"href":"https:\/\/universnews224.com\/index.php\/wp-json\/wp\/v2\/tags?post=3968"}],"curies":[{"name":"wp","href":"https:\/\/api.w.org\/{rel}","templated":true}]}}