{"id":3972,"date":"2023-07-22T09:50:34","date_gmt":"2023-07-22T08:50:34","guid":{"rendered":"https:\/\/universnews224.com\/?p=3972"},"modified":"2023-07-22T09:50:34","modified_gmt":"2023-07-22T08:50:34","slug":"cnt-le-conseillers-nationaux-du-cnt-adoptent-le-projet-de-loi-portant-statut-particulier-des-institutions-denseignement-superieur","status":"publish","type":"post","link":"https:\/\/universnews224.com\/index.php\/cnt-le-conseillers-nationaux-du-cnt-adoptent-le-projet-de-loi-portant-statut-particulier-des-institutions-denseignement-superieur\/","title":{"rendered":"CNT: le conseillers nationaux du CNT adoptent le projet de loi portant statut particulier des institutions d&rsquo;enseignement sup\u00e9rieur."},"content":{"rendered":"<p class=\"p1\">R\u00e9unis en pl\u00e9ni\u00e8re ce vendredi, 21 juillet 2023, \u00e0 l\u2019h\u00e9micycle du palais du peuple, les conseillers nationaux du CNT ont proc\u00e9d\u00e9 \u00e0 l\u2019examen et l\u2019adoption, du projet de loi portant cr\u00e9ation du statut particulier des institutions d&rsquo;enseignement sup\u00e9rieur, de la recherche scientifique, des centres de documentations\u00a0 et d\u2019informations (IES et IRS\/CDI).<\/p>\n<p class=\"p1\"><span class=\"s1\">Dans son discours de circonstance, Sekou Dor\u00e9, rapporteur de la Commission sant\u00e9, \u00e9ducation, affaire sociales et culturelles a d\u00e9clar\u00e9 que l\u2019adoption de ce pr\u00e9sent projet de loi permettra aux institutions d\u2019enseignement sup\u00e9rieur\u00a0: d\u2019harmoniser des approches et proc\u00e9dures avec celles des cadres globaux de la sous-r\u00e9gion, du continent africain et \u00e0 l\u2019international. <\/span><\/p>\n<p class=\"p1\"><span class=\"s1\">\u201cEn cette p\u00e9riode de refondation de l\u2019Etat, il est donc n\u00e9cessaire de doter ces institutions d\u2019enseignement sup\u00e9rieur, de recherche scientifique et des centres de documentation et d\u2019information d\u2019un statut particulier correspondant \u00e0 leurs sp\u00e9cificit\u00e9s et leur permettant d\u2019accomplir leurs missions avec efficacit\u00e9 et efficience. L\u2019adoption de ce pr\u00e9sent projet de loi permettra aux institutions d\u2019enseignement sup\u00e9rieur\u00a0: d\u2019harmoniser des approches et proc\u00e9dures avec celles des cadres globaux de la sous-r\u00e9gion, du continent africain et \u00e0 l\u2019international\u00a0; faciliter la r\u00e9alisation de l\u2019ensemble de leurs activit\u00e9s\u00a0; mettre en place tous les organes n\u00e9cessaires \u00e0 leur fonctionnement\u00a0et mobiliser les ressources n\u00e9cessaires\u201d, a t-indiqu\u00e9. <\/span><\/p>\n<p class=\"p1\"><span class=\"s1\">Poursuivant, l\u2019honorable Dor\u00e9 a laiss\u00e9 entendre que ce pr\u00e9sent projet de loi vise les objectifs suivants\u00a0:<\/span><\/p>\n<p class=\"p1\"><span class=\"s1\">\u201cpromouvoir et renforcer la coop\u00e9ration interinstitutionnelle dans l\u2019enseignement sup\u00e9rieur\u00a0; respecter, soutenir et prot\u00e9ger l\u2019autonomie et la diversit\u00e9 des institutions et des syst\u00e8mes d\u2019enseignement sup\u00e9rieur\u00a0; favoriser une utilisation optimale des ressources, afin de contribuer \u00e0 l\u2019\u00e9panouissement technologique, \u00e9conomique et culturel de nos institutions d\u2019enseignement sup\u00e9rieur et de recherche scientifique\u201d, a t-il soulign\u00e9. <\/span><\/p>\n<p class=\"p1\"><span class=\"s1\">Il faut rappeler que pr\u00e9sent projet de loi comprend 37 articles r\u00e9partis en six (6) titres subdivis\u00e9s en six (6) chapitres. <\/span><\/p>\n<p class=\"p1\"><span class=\"s1\">Camara Mamadouba <\/span><\/p>\n<p class=\"p1\"><span class=\"s1\">611 46 04 10 <\/span><\/p>\n","protected":false},"excerpt":{"rendered":"<p>R\u00e9unis en pl\u00e9ni\u00e8re ce vendredi, 21 juillet 2023, \u00e0 l\u2019h\u00e9micycle du palais du peuple, les<\/p>\n","protected":false},"author":2,"featured_media":3973,"comment_status":"closed","ping_status":"open","sticky":false,"template":"","format":"standard","meta":[],"categories":[3,4],"tags":[229],"yoast_head":"<!-- This site is optimized with the Yoast SEO plugin v19.13 - https:\/\/yoast.com\/wordpress\/plugins\/seo\/ -->\n<title>CNT: le conseillers nationaux du CNT adoptent le projet de loi portant statut particulier des institutions d&#039;enseignement sup\u00e9rieur. - UNIVERSNEWS224<\/title>\n<meta name=\"robots\" content=\"index, follow, max-snippet:-1, max-image-preview:large, max-video-preview:-1\" \/>\n<link rel=\"canonical\" href=\"https:\/\/universnews224.com\/index.php\/cnt-le-conseillers-nationaux-du-cnt-adoptent-le-projet-de-loi-portant-statut-particulier-des-institutions-denseignement-superieur\/\" \/>\n<meta property=\"og:locale\" content=\"fr_FR\" \/>\n<meta property=\"og:type\" content=\"article\" \/>\n<meta property=\"og:title\" content=\"CNT: le conseillers nationaux du CNT adoptent le projet de loi portant statut particulier des institutions d&#039;enseignement sup\u00e9rieur. - UNIVERSNEWS224\" \/>\n<meta property=\"og:description\" content=\"R\u00e9unis en pl\u00e9ni\u00e8re ce vendredi, 21 juillet 2023, \u00e0 l\u2019h\u00e9micycle du palais du peuple, les\" \/>\n<meta property=\"og:url\" content=\"https:\/\/universnews224.com\/index.php\/cnt-le-conseillers-nationaux-du-cnt-adoptent-le-projet-de-loi-portant-statut-particulier-des-institutions-denseignement-superieur\/\" \/>\n<meta property=\"og:site_name\" content=\"UNIVERSNEWS224\" \/>\n<meta property=\"article:published_time\" content=\"2023-07-22T08:50:34+00:00\" \/>\n<meta property=\"og:image\" content=\"https:\/\/universnews224.com\/wp-content\/uploads\/2023\/07\/305C2663-A336-4F17-8C6A-68E4F630465D.jpeg\" \/>\n\t<meta property=\"og:image:width\" content=\"843\" \/>\n\t<meta property=\"og:image:height\" content=\"562\" \/>\n\t<meta property=\"og:image:type\" content=\"image\/jpeg\" \/>\n<meta name=\"author\" content=\"La R\u00e9daction\" \/>\n<meta name=\"twitter:label1\" content=\"\u00c9crit par\" \/>\n\t<meta name=\"twitter:data1\" content=\"La R\u00e9daction\" \/>\n\t<meta name=\"twitter:label2\" content=\"Dur\u00e9e de lecture estim\u00e9e\" \/>\n\t<meta name=\"twitter:data2\" content=\"2 minutes\" \/>\n<script type=\"application\/ld+json\" class=\"yoast-schema-graph\">{\"@context\":\"https:\/\/schema.org\",\"@graph\":[{\"@type\":\"Article\",\"@id\":\"https:\/\/universnews224.com\/index.php\/cnt-le-conseillers-nationaux-du-cnt-adoptent-le-projet-de-loi-portant-statut-particulier-des-institutions-denseignement-superieur\/#article\",\"isPartOf\":{\"@id\":\"https:\/\/universnews224.com\/index.php\/cnt-le-conseillers-nationaux-du-cnt-adoptent-le-projet-de-loi-portant-statut-particulier-des-institutions-denseignement-superieur\/\"},\"author\":{\"name\":\"La R\u00e9daction\",\"@id\":\"https:\/\/universnews224.com\/#\/schema\/person\/a4b7d4f94a4716df60456a491260485e\"},\"headline\":\"CNT: le conseillers nationaux du CNT adoptent le projet de loi portant statut particulier des institutions d&rsquo;enseignement sup\u00e9rieur.\",\"datePublished\":\"2023-07-22T08:50:34+00:00\",\"dateModified\":\"2023-07-22T08:50:34+00:00\",\"mainEntityOfPage\":{\"@id\":\"https:\/\/universnews224.com\/index.php\/cnt-le-conseillers-nationaux-du-cnt-adoptent-le-projet-de-loi-portant-statut-particulier-des-institutions-denseignement-superieur\/\"},\"wordCount\":359,\"publisher\":{\"@id\":\"https:\/\/universnews224.com\/#organization\"},\"keywords\":[\"La une\"],\"articleSection\":[\"ACTU\",\"POLITIQUE\"],\"inLanguage\":\"fr-FR\"},{\"@type\":\"WebPage\",\"@id\":\"https:\/\/universnews224.com\/index.php\/cnt-le-conseillers-nationaux-du-cnt-adoptent-le-projet-de-loi-portant-statut-particulier-des-institutions-denseignement-superieur\/\",\"url\":\"https:\/\/universnews224.com\/index.php\/cnt-le-conseillers-nationaux-du-cnt-adoptent-le-projet-de-loi-portant-statut-particulier-des-institutions-denseignement-superieur\/\",\"name\":\"CNT: le conseillers nationaux du CNT adoptent le projet de loi portant statut particulier des institutions d'enseignement sup\u00e9rieur. - UNIVERSNEWS224\",\"isPartOf\":{\"@id\":\"https:\/\/universnews224.com\/#website\"},\"datePublished\":\"2023-07-22T08:50:34+00:00\",\"dateModified\":\"2023-07-22T08:50:34+00:00\",\"inLanguage\":\"fr-FR\",\"potentialAction\":[{\"@type\":\"ReadAction\",\"target\":[\"https:\/\/universnews224.com\/index.php\/cnt-le-conseillers-nationaux-du-cnt-adoptent-le-projet-de-loi-portant-statut-particulier-des-institutions-denseignement-superieur\/\"]}]},{\"@type\":\"WebSite\",\"@id\":\"https:\/\/universnews224.com\/#website\",\"url\":\"https:\/\/universnews224.com\/\",\"name\":\"UNIVERSNEWS224\",\"description\":\"\",\"publisher\":{\"@id\":\"https:\/\/universnews224.com\/#organization\"},\"potentialAction\":[{\"@type\":\"SearchAction\",\"target\":{\"@type\":\"EntryPoint\",\"urlTemplate\":\"https:\/\/universnews224.com\/?s={search_term_string}\"},\"query-input\":\"required name=search_term_string\"}],\"inLanguage\":\"fr-FR\"},{\"@type\":\"Organization\",\"@id\":\"https:\/\/universnews224.com\/#organization\",\"name\":\"UNIVERSNEWS224\",\"url\":\"https:\/\/universnews224.com\/\",\"logo\":{\"@type\":\"ImageObject\",\"inLanguage\":\"fr-FR\",\"@id\":\"https:\/\/universnews224.com\/#\/schema\/logo\/image\/\",\"url\":\"https:\/\/universnews224.com\/wp-content\/uploads\/2022\/08\/cropped-cropped-logoban.jpg\",\"contentUrl\":\"https:\/\/universnews224.com\/wp-content\/uploads\/2022\/08\/cropped-cropped-logoban.jpg\",\"width\":1080,\"height\":138,\"caption\":\"UNIVERSNEWS224\"},\"image\":{\"@id\":\"https:\/\/universnews224.com\/#\/schema\/logo\/image\/\"}},{\"@type\":\"Person\",\"@id\":\"https:\/\/universnews224.com\/#\/schema\/person\/a4b7d4f94a4716df60456a491260485e\",\"name\":\"La R\u00e9daction\",\"image\":{\"@type\":\"ImageObject\",\"inLanguage\":\"fr-FR\",\"@id\":\"https:\/\/universnews224.com\/#\/schema\/person\/image\/\",\"url\":\"https:\/\/secure.gravatar.com\/avatar\/edb90acc7752b23e1b3307ad36c14f0d?s=96&d=mm&r=g\",\"contentUrl\":\"https:\/\/secure.gravatar.com\/avatar\/edb90acc7752b23e1b3307ad36c14f0d?s=96&d=mm&r=g\",\"caption\":\"La R\u00e9daction\"},\"sameAs\":[\"https:\/\/universnews224.com\"],\"url\":\"https:\/\/universnews224.com\/index.php\/author\/m-camara\/\"}]}<\/script>\n<!-- \/ Yoast SEO plugin. -->","yoast_head_json":{"title":"CNT: le conseillers nationaux du CNT adoptent le projet de loi portant statut particulier des institutions d'enseignement sup\u00e9rieur. - UNIVERSNEWS224","robots":{"index":"index","follow":"follow","max-snippet":"max-snippet:-1","max-image-preview":"max-image-preview:large","max-video-preview":"max-video-preview:-1"},"canonical":"https:\/\/universnews224.com\/index.php\/cnt-le-conseillers-nationaux-du-cnt-adoptent-le-projet-de-loi-portant-statut-particulier-des-institutions-denseignement-superieur\/","og_locale":"fr_FR","og_type":"article","og_title":"CNT: le conseillers nationaux du CNT adoptent le projet de loi portant statut particulier des institutions d'enseignement sup\u00e9rieur. - UNIVERSNEWS224","og_description":"R\u00e9unis en pl\u00e9ni\u00e8re ce vendredi, 21 juillet 2023, \u00e0 l\u2019h\u00e9micycle du palais du peuple, les","og_url":"https:\/\/universnews224.com\/index.php\/cnt-le-conseillers-nationaux-du-cnt-adoptent-le-projet-de-loi-portant-statut-particulier-des-institutions-denseignement-superieur\/","og_site_name":"UNIVERSNEWS224","article_published_time":"2023-07-22T08:50:34+00:00","og_image":[{"width":843,"height":562,"url":"https:\/\/universnews224.com\/wp-content\/uploads\/2023\/07\/305C2663-A336-4F17-8C6A-68E4F630465D.jpeg","type":"image\/jpeg"}],"author":"La R\u00e9daction","twitter_misc":{"\u00c9crit par":"La R\u00e9daction","Dur\u00e9e de lecture estim\u00e9e":"2 minutes"},"schema":{"@context":"https:\/\/schema.org","@graph":[{"@type":"Article","@id":"https:\/\/universnews224.com\/index.php\/cnt-le-conseillers-nationaux-du-cnt-adoptent-le-projet-de-loi-portant-statut-particulier-des-institutions-denseignement-superieur\/#article","isPartOf":{"@id":"https:\/\/universnews224.com\/index.php\/cnt-le-conseillers-nationaux-du-cnt-adoptent-le-projet-de-loi-portant-statut-particulier-des-institutions-denseignement-superieur\/"},"author":{"name":"La R\u00e9daction","@id":"https:\/\/universnews224.com\/#\/schema\/person\/a4b7d4f94a4716df60456a491260485e"},"headline":"CNT: le conseillers nationaux du CNT adoptent le projet de loi portant statut particulier des institutions d&rsquo;enseignement sup\u00e9rieur.","datePublished":"2023-07-22T08:50:34+00:00","dateModified":"2023-07-22T08:50:34+00:00","mainEntityOfPage":{"@id":"https:\/\/universnews224.com\/index.php\/cnt-le-conseillers-nationaux-du-cnt-adoptent-le-projet-de-loi-portant-statut-particulier-des-institutions-denseignement-superieur\/"},"wordCount":359,"publisher":{"@id":"https:\/\/universnews224.com\/#organization"},"keywords":["La une"],"articleSection":["ACTU","POLITIQUE"],"inLanguage":"fr-FR"},{"@type":"WebPage","@id":"https:\/\/universnews224.com\/index.php\/cnt-le-conseillers-nationaux-du-cnt-adoptent-le-projet-de-loi-portant-statut-particulier-des-institutions-denseignement-superieur\/","url":"https:\/\/universnews224.com\/index.php\/cnt-le-conseillers-nationaux-du-cnt-adoptent-le-projet-de-loi-portant-statut-particulier-des-institutions-denseignement-superieur\/","name":"CNT: le conseillers nationaux du CNT adoptent le projet de loi portant statut particulier des institutions d'enseignement sup\u00e9rieur. - UNIVERSNEWS224","isPartOf":{"@id":"https:\/\/universnews224.com\/#website"},"datePublished":"2023-07-22T08:50:34+00:00","dateModified":"2023-07-22T08:50:34+00:00","inLanguage":"fr-FR","potentialAction":[{"@type":"ReadAction","target":["https:\/\/universnews224.com\/index.php\/cnt-le-conseillers-nationaux-du-cnt-adoptent-le-projet-de-loi-portant-statut-particulier-des-institutions-denseignement-superieur\/"]}]},{"@type":"WebSite","@id":"https:\/\/universnews224.com\/#website","url":"https:\/\/universnews224.com\/","name":"UNIVERSNEWS224","description":"","publisher":{"@id":"https:\/\/universnews224.com\/#organization"},"potentialAction":[{"@type":"SearchAction","target":{"@type":"EntryPoint","urlTemplate":"https:\/\/universnews224.com\/?s={search_term_string}"},"query-input":"required name=search_term_string"}],"inLanguage":"fr-FR"},{"@type":"Organization","@id":"https:\/\/universnews224.com\/#organization","name":"UNIVERSNEWS224","url":"https:\/\/universnews224.com\/","logo":{"@type":"ImageObject","inLanguage":"fr-FR","@id":"https:\/\/universnews224.com\/#\/schema\/logo\/image\/","url":"https:\/\/universnews224.com\/wp-content\/uploads\/2022\/08\/cropped-cropped-logoban.jpg","contentUrl":"https:\/\/universnews224.com\/wp-content\/uploads\/2022\/08\/cropped-cropped-logoban.jpg","width":1080,"height":138,"caption":"UNIVERSNEWS224"},"image":{"@id":"https:\/\/universnews224.com\/#\/schema\/logo\/image\/"}},{"@type":"Person","@id":"https:\/\/universnews224.com\/#\/schema\/person\/a4b7d4f94a4716df60456a491260485e","name":"La R\u00e9daction","image":{"@type":"ImageObject","inLanguage":"fr-FR","@id":"https:\/\/universnews224.com\/#\/schema\/person\/image\/","url":"https:\/\/secure.gravatar.com\/avatar\/edb90acc7752b23e1b3307ad36c14f0d?s=96&d=mm&r=g","contentUrl":"https:\/\/secure.gravatar.com\/avatar\/edb90acc7752b23e1b3307ad36c14f0d?s=96&d=mm&r=g","caption":"La R\u00e9daction"},"sameAs":["https:\/\/universnews224.com"],"url":"https:\/\/universnews224.com\/index.php\/author\/m-camara\/"}]}},"_links":{"self":[{"href":"https:\/\/universnews224.com\/index.php\/wp-json\/wp\/v2\/posts\/3972"}],"collection":[{"href":"https:\/\/universnews224.com\/index.php\/wp-json\/wp\/v2\/posts"}],"about":[{"href":"https:\/\/universnews224.com\/index.php\/wp-json\/wp\/v2\/types\/post"}],"author":[{"embeddable":true,"href":"https:\/\/universnews224.com\/index.php\/wp-json\/wp\/v2\/users\/2"}],"replies":[{"embeddable":true,"href":"https:\/\/universnews224.com\/index.php\/wp-json\/wp\/v2\/comments?post=3972"}],"version-history":[{"count":1,"href":"https:\/\/universnews224.com\/index.php\/wp-json\/wp\/v2\/posts\/3972\/revisions"}],"predecessor-version":[{"id":3974,"href":"https:\/\/universnews224.com\/index.php\/wp-json\/wp\/v2\/posts\/3972\/revisions\/3974"}],"wp:featuredmedia":[{"embeddable":true,"href":"https:\/\/universnews224.com\/index.php\/wp-json\/wp\/v2\/media\/3973"}],"wp:attachment":[{"href":"https:\/\/universnews224.com\/index.php\/wp-json\/wp\/v2\/media?parent=3972"}],"wp:term":[{"taxonomy":"category","embeddable":true,"href":"https:\/\/universnews224.com\/index.php\/wp-json\/wp\/v2\/categories?post=3972"},{"taxonomy":"post_tag","embeddable":true,"href":"https:\/\/universnews224.com\/index.php\/wp-json\/wp\/v2\/tags?post=3972"}],"curies":[{"name":"wp","href":"https:\/\/api.w.org\/{rel}","templated":true}]}}