{"id":3988,"date":"2023-07-26T13:38:43","date_gmt":"2023-07-26T12:38:43","guid":{"rendered":"https:\/\/universnews224.com\/?p=3988"},"modified":"2023-07-26T13:38:43","modified_gmt":"2023-07-26T12:38:43","slug":"la-presidente-du-conor-sur-le-limogeage-de-lentraineur-de-u23on-avait-defini-un-objectif-avec-lui-quil-amene-lequipe-directement-aux-jeux-olympiques-il-ne-l","status":"publish","type":"post","link":"https:\/\/universnews224.com\/index.php\/la-presidente-du-conor-sur-le-limogeage-de-lentraineur-de-u23on-avait-defini-un-objectif-avec-lui-quil-amene-lequipe-directement-aux-jeux-olympiques-il-ne-l\/","title":{"rendered":"La pr\u00e9sidente du CONOR sur le limogeage de l\u2019entra\u00eeneur de U23:\u201cOn avait d\u00e9fini un objectif avec lui, qu\u2019il am\u00e8ne l\u2019\u00e9quipe directement aux jeux Olympiques, il ne l\u2019a pas atteint\u201d"},"content":{"rendered":"<p class=\"p1\">La pr\u00e9sidente du Comit\u00e9 de la Normalisation du football Guin\u00e9en (CONOR), Madame Sy, Mariame Satina Diallo s\u2019est prononc\u00e9 ce mardi, 25 juillet 2023 sur le limogeage du s\u00e9lectionneur guin\u00e9en des moins de 23 ans, Morlaye Ciss\u00e9.<\/p>\n<p class=\"p1\"><span class=\"s1\">R\u00e9gissant sur cette actualit\u00e9 chez nos confr\u00e8res de Djoma m\u00e9dia, Madame Sy, Mariame Satina motive cette d\u00e9cision par le incapacit\u00e9 du coach \u00e0 qualifier l\u2019\u00e9quipe aux prochains jeux Olympiques \u00e0 Paris, comme stipulait son contrat. <\/span><\/p>\n<p class=\"p1\"><span class=\"s1\">\u201cLes raisons de limogeage de l\u2019entra\u00eeneur des U23 entra\u00eeneur. On avait d\u00e9fini un objectif avec lui, qu\u2019il am\u00e8ne l\u2019\u00e9quipe directement aux jeux Olympiques, il ne l\u2019a pas atteint. Un entra\u00eeneur a des objectifs qu\u2019il doit atteindre, il n\u2019a pu atteindre ses objectifs. Les enfants jouent tr\u00e8s bien, mais ils ne marquent pas de buts. Peut-\u00eatre des changements devraient \u00eatre faits plut\u00f4t, \u00e7a n\u2019a pas \u00e9t\u00e9 fait. On ne peut pas continuer \u00e0 travailler avec lui, sachant que nous avons un match de barrage d\u2019une haute importance en d\u00e9but de l\u2019ann\u00e9e prochaine\u201d, a t-elle indiqu\u00e9. <\/span><\/p>\n<p class=\"p1\"><span class=\"s1\">\u00c0 ce qui concerne du maintien de Kaba Diawara, malgr\u00e9 ces r\u00e9sultats jug\u00e9s catastrophiques \u00e0 la t\u00eate du Syli A pour certains observateurs du cure rond, la pr\u00e9sidente du CONOR indique que jusqu\u2019\u00e0 date, Kaba Diawara respecte les clauses de son contrat. <\/span><\/p>\n<p class=\"p1\"><span class=\"s1\">\u201cLe sur cas de<span class=\"Apple-converted-space\">\u00a0 <\/span>Kaba Diawara, quand on est parti \u00e0 la CAN au Cameroun, il n\u2019avait pas de contrat avec vous. C\u2019est au retour qu\u2019on a lanc\u00e9 un appel \u00e0 candidatures, l\u2019appel \u00e9tait ouvert, il a gagn\u00e9 l\u2019appel dans de bonnes conditions, on l\u2019a fait d\u2019une fa\u00e7on transparente. Et son objectif, on va juger Kaba Diawara apr\u00e8s la CAN de 2024 \u00e0 Abidjan. Kaba a sign\u00e9 un contrat avec nous, il a des objectifs et jusqu\u2019\u00e0 ces objectifs sont respect\u00e9s, pourquoi, on va l\u2019enlever? Le r\u00e9sultat qu\u2019il a obtenu, qu\u2019est-ce que vous voulez d\u2019autres? s\u2019est-elle interrog\u00e9e. <\/span><\/p>\n<p class=\"p1\"><span class=\"s1\">Camara Mamadouba <\/span><\/p>\n<p class=\"p1\"><span class=\"s1\">611 46 04 10 <\/span><\/p>\n","protected":false},"excerpt":{"rendered":"<p>La pr\u00e9sidente du Comit\u00e9 de la Normalisation du football Guin\u00e9en (CONOR), Madame Sy, Mariame Satina<\/p>\n","protected":false},"author":2,"featured_media":3989,"comment_status":"closed","ping_status":"open","sticky":false,"template":"","format":"standard","meta":[],"categories":[3,5],"tags":[229],"yoast_head":"<!-- This site is optimized with the Yoast SEO plugin v19.13 - https:\/\/yoast.com\/wordpress\/plugins\/seo\/ -->\n<title>La pr\u00e9sidente du CONOR sur le limogeage de l\u2019entra\u00eeneur de U23:\u201cOn avait d\u00e9fini un objectif avec lui, qu\u2019il am\u00e8ne l\u2019\u00e9quipe directement aux jeux Olympiques, il ne l\u2019a pas atteint\u201d - UNIVERSNEWS224<\/title>\n<meta name=\"robots\" content=\"index, follow, max-snippet:-1, max-image-preview:large, max-video-preview:-1\" \/>\n<link rel=\"canonical\" href=\"https:\/\/universnews224.com\/index.php\/la-presidente-du-conor-sur-le-limogeage-de-lentraineur-de-u23on-avait-defini-un-objectif-avec-lui-quil-amene-lequipe-directement-aux-jeux-olympiques-il-ne-l\/\" \/>\n<meta property=\"og:locale\" content=\"fr_FR\" \/>\n<meta property=\"og:type\" content=\"article\" \/>\n<meta property=\"og:title\" content=\"La pr\u00e9sidente du CONOR sur le limogeage de l\u2019entra\u00eeneur de U23:\u201cOn avait d\u00e9fini un objectif avec lui, qu\u2019il am\u00e8ne l\u2019\u00e9quipe directement aux jeux Olympiques, il ne l\u2019a pas atteint\u201d - UNIVERSNEWS224\" \/>\n<meta property=\"og:description\" content=\"La pr\u00e9sidente du Comit\u00e9 de la Normalisation du football Guin\u00e9en (CONOR), Madame Sy, Mariame Satina\" \/>\n<meta property=\"og:url\" content=\"https:\/\/universnews224.com\/index.php\/la-presidente-du-conor-sur-le-limogeage-de-lentraineur-de-u23on-avait-defini-un-objectif-avec-lui-quil-amene-lequipe-directement-aux-jeux-olympiques-il-ne-l\/\" \/>\n<meta property=\"og:site_name\" content=\"UNIVERSNEWS224\" \/>\n<meta property=\"article:published_time\" content=\"2023-07-26T12:38:43+00:00\" \/>\n<meta property=\"og:image\" content=\"https:\/\/universnews224.com\/wp-content\/uploads\/2023\/07\/858A2502-AE52-459E-A571-56FA9E7744A4.png\" \/>\n\t<meta property=\"og:image:width\" content=\"800\" \/>\n\t<meta property=\"og:image:height\" content=\"422\" \/>\n\t<meta property=\"og:image:type\" content=\"image\/png\" \/>\n<meta name=\"author\" content=\"La R\u00e9daction\" \/>\n<meta name=\"twitter:label1\" content=\"\u00c9crit par\" \/>\n\t<meta name=\"twitter:data1\" content=\"La R\u00e9daction\" \/>\n\t<meta name=\"twitter:label2\" content=\"Dur\u00e9e de lecture estim\u00e9e\" \/>\n\t<meta name=\"twitter:data2\" content=\"2 minutes\" \/>\n<script type=\"application\/ld+json\" class=\"yoast-schema-graph\">{\"@context\":\"https:\/\/schema.org\",\"@graph\":[{\"@type\":\"Article\",\"@id\":\"https:\/\/universnews224.com\/index.php\/la-presidente-du-conor-sur-le-limogeage-de-lentraineur-de-u23on-avait-defini-un-objectif-avec-lui-quil-amene-lequipe-directement-aux-jeux-olympiques-il-ne-l\/#article\",\"isPartOf\":{\"@id\":\"https:\/\/universnews224.com\/index.php\/la-presidente-du-conor-sur-le-limogeage-de-lentraineur-de-u23on-avait-defini-un-objectif-avec-lui-quil-amene-lequipe-directement-aux-jeux-olympiques-il-ne-l\/\"},\"author\":{\"name\":\"La R\u00e9daction\",\"@id\":\"https:\/\/universnews224.com\/#\/schema\/person\/a4b7d4f94a4716df60456a491260485e\"},\"headline\":\"La pr\u00e9sidente du CONOR sur le limogeage de l\u2019entra\u00eeneur de U23:\u201cOn avait d\u00e9fini un objectif avec lui, qu\u2019il am\u00e8ne l\u2019\u00e9quipe directement aux jeux Olympiques, il ne l\u2019a pas atteint\u201d\",\"datePublished\":\"2023-07-26T12:38:43+00:00\",\"dateModified\":\"2023-07-26T12:38:43+00:00\",\"mainEntityOfPage\":{\"@id\":\"https:\/\/universnews224.com\/index.php\/la-presidente-du-conor-sur-le-limogeage-de-lentraineur-de-u23on-avait-defini-un-objectif-avec-lui-quil-amene-lequipe-directement-aux-jeux-olympiques-il-ne-l\/\"},\"wordCount\":382,\"publisher\":{\"@id\":\"https:\/\/universnews224.com\/#organization\"},\"keywords\":[\"La une\"],\"articleSection\":[\"ACTU\",\"SOCI\u00c9T\u00c9\"],\"inLanguage\":\"fr-FR\"},{\"@type\":\"WebPage\",\"@id\":\"https:\/\/universnews224.com\/index.php\/la-presidente-du-conor-sur-le-limogeage-de-lentraineur-de-u23on-avait-defini-un-objectif-avec-lui-quil-amene-lequipe-directement-aux-jeux-olympiques-il-ne-l\/\",\"url\":\"https:\/\/universnews224.com\/index.php\/la-presidente-du-conor-sur-le-limogeage-de-lentraineur-de-u23on-avait-defini-un-objectif-avec-lui-quil-amene-lequipe-directement-aux-jeux-olympiques-il-ne-l\/\",\"name\":\"La pr\u00e9sidente du CONOR sur le limogeage de l\u2019entra\u00eeneur de U23:\u201cOn avait d\u00e9fini un objectif avec lui, qu\u2019il am\u00e8ne l\u2019\u00e9quipe directement aux jeux Olympiques, il ne l\u2019a pas atteint\u201d - UNIVERSNEWS224\",\"isPartOf\":{\"@id\":\"https:\/\/universnews224.com\/#website\"},\"datePublished\":\"2023-07-26T12:38:43+00:00\",\"dateModified\":\"2023-07-26T12:38:43+00:00\",\"inLanguage\":\"fr-FR\",\"potentialAction\":[{\"@type\":\"ReadAction\",\"target\":[\"https:\/\/universnews224.com\/index.php\/la-presidente-du-conor-sur-le-limogeage-de-lentraineur-de-u23on-avait-defini-un-objectif-avec-lui-quil-amene-lequipe-directement-aux-jeux-olympiques-il-ne-l\/\"]}]},{\"@type\":\"WebSite\",\"@id\":\"https:\/\/universnews224.com\/#website\",\"url\":\"https:\/\/universnews224.com\/\",\"name\":\"UNIVERSNEWS224\",\"description\":\"\",\"publisher\":{\"@id\":\"https:\/\/universnews224.com\/#organization\"},\"potentialAction\":[{\"@type\":\"SearchAction\",\"target\":{\"@type\":\"EntryPoint\",\"urlTemplate\":\"https:\/\/universnews224.com\/?s={search_term_string}\"},\"query-input\":\"required name=search_term_string\"}],\"inLanguage\":\"fr-FR\"},{\"@type\":\"Organization\",\"@id\":\"https:\/\/universnews224.com\/#organization\",\"name\":\"UNIVERSNEWS224\",\"url\":\"https:\/\/universnews224.com\/\",\"logo\":{\"@type\":\"ImageObject\",\"inLanguage\":\"fr-FR\",\"@id\":\"https:\/\/universnews224.com\/#\/schema\/logo\/image\/\",\"url\":\"https:\/\/universnews224.com\/wp-content\/uploads\/2022\/08\/cropped-cropped-logoban.jpg\",\"contentUrl\":\"https:\/\/universnews224.com\/wp-content\/uploads\/2022\/08\/cropped-cropped-logoban.jpg\",\"width\":1080,\"height\":138,\"caption\":\"UNIVERSNEWS224\"},\"image\":{\"@id\":\"https:\/\/universnews224.com\/#\/schema\/logo\/image\/\"}},{\"@type\":\"Person\",\"@id\":\"https:\/\/universnews224.com\/#\/schema\/person\/a4b7d4f94a4716df60456a491260485e\",\"name\":\"La R\u00e9daction\",\"image\":{\"@type\":\"ImageObject\",\"inLanguage\":\"fr-FR\",\"@id\":\"https:\/\/universnews224.com\/#\/schema\/person\/image\/\",\"url\":\"https:\/\/secure.gravatar.com\/avatar\/edb90acc7752b23e1b3307ad36c14f0d?s=96&d=mm&r=g\",\"contentUrl\":\"https:\/\/secure.gravatar.com\/avatar\/edb90acc7752b23e1b3307ad36c14f0d?s=96&d=mm&r=g\",\"caption\":\"La R\u00e9daction\"},\"sameAs\":[\"https:\/\/universnews224.com\"],\"url\":\"https:\/\/universnews224.com\/index.php\/author\/m-camara\/\"}]}<\/script>\n<!-- \/ Yoast SEO plugin. -->","yoast_head_json":{"title":"La pr\u00e9sidente du CONOR sur le limogeage de l\u2019entra\u00eeneur de U23:\u201cOn avait d\u00e9fini un objectif avec lui, qu\u2019il am\u00e8ne l\u2019\u00e9quipe directement aux jeux Olympiques, il ne l\u2019a pas atteint\u201d - UNIVERSNEWS224","robots":{"index":"index","follow":"follow","max-snippet":"max-snippet:-1","max-image-preview":"max-image-preview:large","max-video-preview":"max-video-preview:-1"},"canonical":"https:\/\/universnews224.com\/index.php\/la-presidente-du-conor-sur-le-limogeage-de-lentraineur-de-u23on-avait-defini-un-objectif-avec-lui-quil-amene-lequipe-directement-aux-jeux-olympiques-il-ne-l\/","og_locale":"fr_FR","og_type":"article","og_title":"La pr\u00e9sidente du CONOR sur le limogeage de l\u2019entra\u00eeneur de U23:\u201cOn avait d\u00e9fini un objectif avec lui, qu\u2019il am\u00e8ne l\u2019\u00e9quipe directement aux jeux Olympiques, il ne l\u2019a pas atteint\u201d - UNIVERSNEWS224","og_description":"La pr\u00e9sidente du Comit\u00e9 de la Normalisation du football Guin\u00e9en (CONOR), Madame Sy, Mariame Satina","og_url":"https:\/\/universnews224.com\/index.php\/la-presidente-du-conor-sur-le-limogeage-de-lentraineur-de-u23on-avait-defini-un-objectif-avec-lui-quil-amene-lequipe-directement-aux-jeux-olympiques-il-ne-l\/","og_site_name":"UNIVERSNEWS224","article_published_time":"2023-07-26T12:38:43+00:00","og_image":[{"width":800,"height":422,"url":"https:\/\/universnews224.com\/wp-content\/uploads\/2023\/07\/858A2502-AE52-459E-A571-56FA9E7744A4.png","type":"image\/png"}],"author":"La R\u00e9daction","twitter_misc":{"\u00c9crit par":"La R\u00e9daction","Dur\u00e9e de lecture estim\u00e9e":"2 minutes"},"schema":{"@context":"https:\/\/schema.org","@graph":[{"@type":"Article","@id":"https:\/\/universnews224.com\/index.php\/la-presidente-du-conor-sur-le-limogeage-de-lentraineur-de-u23on-avait-defini-un-objectif-avec-lui-quil-amene-lequipe-directement-aux-jeux-olympiques-il-ne-l\/#article","isPartOf":{"@id":"https:\/\/universnews224.com\/index.php\/la-presidente-du-conor-sur-le-limogeage-de-lentraineur-de-u23on-avait-defini-un-objectif-avec-lui-quil-amene-lequipe-directement-aux-jeux-olympiques-il-ne-l\/"},"author":{"name":"La R\u00e9daction","@id":"https:\/\/universnews224.com\/#\/schema\/person\/a4b7d4f94a4716df60456a491260485e"},"headline":"La pr\u00e9sidente du CONOR sur le limogeage de l\u2019entra\u00eeneur de U23:\u201cOn avait d\u00e9fini un objectif avec lui, qu\u2019il am\u00e8ne l\u2019\u00e9quipe directement aux jeux Olympiques, il ne l\u2019a pas atteint\u201d","datePublished":"2023-07-26T12:38:43+00:00","dateModified":"2023-07-26T12:38:43+00:00","mainEntityOfPage":{"@id":"https:\/\/universnews224.com\/index.php\/la-presidente-du-conor-sur-le-limogeage-de-lentraineur-de-u23on-avait-defini-un-objectif-avec-lui-quil-amene-lequipe-directement-aux-jeux-olympiques-il-ne-l\/"},"wordCount":382,"publisher":{"@id":"https:\/\/universnews224.com\/#organization"},"keywords":["La une"],"articleSection":["ACTU","SOCI\u00c9T\u00c9"],"inLanguage":"fr-FR"},{"@type":"WebPage","@id":"https:\/\/universnews224.com\/index.php\/la-presidente-du-conor-sur-le-limogeage-de-lentraineur-de-u23on-avait-defini-un-objectif-avec-lui-quil-amene-lequipe-directement-aux-jeux-olympiques-il-ne-l\/","url":"https:\/\/universnews224.com\/index.php\/la-presidente-du-conor-sur-le-limogeage-de-lentraineur-de-u23on-avait-defini-un-objectif-avec-lui-quil-amene-lequipe-directement-aux-jeux-olympiques-il-ne-l\/","name":"La pr\u00e9sidente du CONOR sur le limogeage de l\u2019entra\u00eeneur de U23:\u201cOn avait d\u00e9fini un objectif avec lui, qu\u2019il am\u00e8ne l\u2019\u00e9quipe directement aux jeux Olympiques, il ne l\u2019a pas atteint\u201d - UNIVERSNEWS224","isPartOf":{"@id":"https:\/\/universnews224.com\/#website"},"datePublished":"2023-07-26T12:38:43+00:00","dateModified":"2023-07-26T12:38:43+00:00","inLanguage":"fr-FR","potentialAction":[{"@type":"ReadAction","target":["https:\/\/universnews224.com\/index.php\/la-presidente-du-conor-sur-le-limogeage-de-lentraineur-de-u23on-avait-defini-un-objectif-avec-lui-quil-amene-lequipe-directement-aux-jeux-olympiques-il-ne-l\/"]}]},{"@type":"WebSite","@id":"https:\/\/universnews224.com\/#website","url":"https:\/\/universnews224.com\/","name":"UNIVERSNEWS224","description":"","publisher":{"@id":"https:\/\/universnews224.com\/#organization"},"potentialAction":[{"@type":"SearchAction","target":{"@type":"EntryPoint","urlTemplate":"https:\/\/universnews224.com\/?s={search_term_string}"},"query-input":"required name=search_term_string"}],"inLanguage":"fr-FR"},{"@type":"Organization","@id":"https:\/\/universnews224.com\/#organization","name":"UNIVERSNEWS224","url":"https:\/\/universnews224.com\/","logo":{"@type":"ImageObject","inLanguage":"fr-FR","@id":"https:\/\/universnews224.com\/#\/schema\/logo\/image\/","url":"https:\/\/universnews224.com\/wp-content\/uploads\/2022\/08\/cropped-cropped-logoban.jpg","contentUrl":"https:\/\/universnews224.com\/wp-content\/uploads\/2022\/08\/cropped-cropped-logoban.jpg","width":1080,"height":138,"caption":"UNIVERSNEWS224"},"image":{"@id":"https:\/\/universnews224.com\/#\/schema\/logo\/image\/"}},{"@type":"Person","@id":"https:\/\/universnews224.com\/#\/schema\/person\/a4b7d4f94a4716df60456a491260485e","name":"La R\u00e9daction","image":{"@type":"ImageObject","inLanguage":"fr-FR","@id":"https:\/\/universnews224.com\/#\/schema\/person\/image\/","url":"https:\/\/secure.gravatar.com\/avatar\/edb90acc7752b23e1b3307ad36c14f0d?s=96&d=mm&r=g","contentUrl":"https:\/\/secure.gravatar.com\/avatar\/edb90acc7752b23e1b3307ad36c14f0d?s=96&d=mm&r=g","caption":"La R\u00e9daction"},"sameAs":["https:\/\/universnews224.com"],"url":"https:\/\/universnews224.com\/index.php\/author\/m-camara\/"}]}},"_links":{"self":[{"href":"https:\/\/universnews224.com\/index.php\/wp-json\/wp\/v2\/posts\/3988"}],"collection":[{"href":"https:\/\/universnews224.com\/index.php\/wp-json\/wp\/v2\/posts"}],"about":[{"href":"https:\/\/universnews224.com\/index.php\/wp-json\/wp\/v2\/types\/post"}],"author":[{"embeddable":true,"href":"https:\/\/universnews224.com\/index.php\/wp-json\/wp\/v2\/users\/2"}],"replies":[{"embeddable":true,"href":"https:\/\/universnews224.com\/index.php\/wp-json\/wp\/v2\/comments?post=3988"}],"version-history":[{"count":1,"href":"https:\/\/universnews224.com\/index.php\/wp-json\/wp\/v2\/posts\/3988\/revisions"}],"predecessor-version":[{"id":3990,"href":"https:\/\/universnews224.com\/index.php\/wp-json\/wp\/v2\/posts\/3988\/revisions\/3990"}],"wp:featuredmedia":[{"embeddable":true,"href":"https:\/\/universnews224.com\/index.php\/wp-json\/wp\/v2\/media\/3989"}],"wp:attachment":[{"href":"https:\/\/universnews224.com\/index.php\/wp-json\/wp\/v2\/media?parent=3988"}],"wp:term":[{"taxonomy":"category","embeddable":true,"href":"https:\/\/universnews224.com\/index.php\/wp-json\/wp\/v2\/categories?post=3988"},{"taxonomy":"post_tag","embeddable":true,"href":"https:\/\/universnews224.com\/index.php\/wp-json\/wp\/v2\/tags?post=3988"}],"curies":[{"name":"wp","href":"https:\/\/api.w.org\/{rel}","templated":true}]}}